{"id":1676,"date":"2014-10-14T15:31:11","date_gmt":"2014-10-14T18:31:11","guid":{"rendered":"http:\/\/www.abesata.org\/?p=1676"},"modified":"2014-10-14T15:31:11","modified_gmt":"2014-10-14T18:31:11","slug":"agencia-de-aviacao-divulga-anuario-do-transporte-aereo","status":"publish","type":"post","link":"https:\/\/www.abesata.org\/br\/agencia-de-aviacao-divulga-anuario-do-transporte-aereo\/","title":{"rendered":"Ag\u00eancia de avia\u00e7\u00e3o divulga Anu\u00e1rio do Transporte A\u00e9reo"},"content":{"rendered":"<p>Nesta segunda-feira (13\/10), a Ag\u00eancia Nacional de Avia\u00e7\u00e3o Civil (Anac) divulgou o <a href=\"http:\/\/www2.anac.gov.br\/estatistica\/anuarios.asp\">Anu\u00e1rio Estat\u00edstico do Transporte A\u00e9reo de 2013<\/a>. Entre as principais informa\u00e7\u00f5es dispon\u00edveis no Anu\u00e1rio destaca-se a demanda dom\u00e9stica do transporte a\u00e9reo de passageiros.<\/p>\n<p>Entre 2004 e 2013, em termos de passageiros-quil\u00f4metros pagos transportados (RPK), a demanda apresentou alta de 203%, trata-se do maior n\u00edvel dos \u00faltimos dez anos, com \u00edndice m\u00e9dio de 13,1% ao ano. Neste mesmo per\u00edodo, o crescimento anual do transporte a\u00e9reo dom\u00e9stico representou mais de 3,7 vezes o crescimento do Produto Interno Bruto (PIB) brasileiro, e mais de 13 vezes o crescimento da popula\u00e7\u00e3o.<\/p>\n<p>A quantidade de passageiros pagos transportados em 2013 atingiu o maior n\u00famero da hist\u00f3ria da avia\u00e7\u00e3o brasileira. No total, mais de 109,2 milh\u00f5es de passageiros foram transportados em 2013, no qual foram quase 90 milh\u00f5es de passageiros em voos dom\u00e9sticos e 19,2 milh\u00f5es em voos internacionais. Somando os n\u00fameros dos \u00faltimos dez anos, o crescimento foi de 165%.<\/p>\n<p>O Anu\u00e1rio disponibiliza estat\u00edsticas por aeroporto, por companhia a\u00e9rea, por rotas (dom\u00e9sticas e internacionais) e informa\u00e7\u00f5es sobre movimento de passageiros e de carga, frota de aeronaves por companhia, quantidade de voos, n\u00famero de localidades atendidas, al\u00e9m de dados sobre participa\u00e7\u00e3o de mercado e informa\u00e7\u00f5es econ\u00f4mico-financeiras.<\/p>\n<p style=\"text-align: right;\">Fonte: Portal Brasil<br \/>\n13\/10\/2014<\/p>\n","protected":false},"excerpt":{"rendered":"<p>Nesta segunda-feira (13\/10), a Ag\u00eancia Nacional de Avia\u00e7\u00e3o Civil (Anac) divulgou o Anu\u00e1rio Estat\u00edstico do Transporte A\u00e9reo de 2013. Entre as principais informa\u00e7\u00f5es dispon\u00edveis no Anu\u00e1rio destaca-se a demanda dom\u00e9stica do transporte a\u00e9reo de passageiros. Entre 2004 e 2013, em termos de passageiros-quil\u00f4metros pagos transportados (RPK), a demanda apresentou alta de 203%, trata-se do maior [&hellip;]<\/p>\n","protected":false},"author":18,"featured_media":941,"comment_status":"closed","ping_status":"closed","sticky":false,"template":"","format":"standard","meta":{"footnotes":""},"categories":[],"tags":[],"class_list":["post-1676","post","type-post","status-publish","format-standard","has-post-thumbnail","hentry"],"yoast_head":"<!-- This site is optimized with the Yoast SEO plugin v26.5 - https:\/\/yoast.com\/wordpress\/plugins\/seo\/ -->\n<title>Ag\u00eancia de avia\u00e7\u00e3o divulga Anu\u00e1rio do Transporte A\u00e9reo - Abesata<\/title>\n<meta name=\"robots\" content=\"index, follow, max-snippet:-1, max-image-preview:large, max-video-preview:-1\" \/>\n<link rel=\"canonical\" href=\"https:\/\/www.abesata.org\/br\/agencia-de-aviacao-divulga-anuario-do-transporte-aereo\/\" \/>\n<meta property=\"og:locale\" content=\"pt_BR\" \/>\n<meta property=\"og:type\" content=\"article\" \/>\n<meta property=\"og:title\" content=\"Ag\u00eancia de avia\u00e7\u00e3o divulga Anu\u00e1rio do Transporte A\u00e9reo - Abesata\" \/>\n<meta property=\"og:description\" content=\"Nesta segunda-feira (13\/10), a Ag\u00eancia Nacional de Avia\u00e7\u00e3o Civil (Anac) divulgou o Anu\u00e1rio Estat\u00edstico do Transporte A\u00e9reo de 2013. Entre as principais informa\u00e7\u00f5es dispon\u00edveis no Anu\u00e1rio destaca-se a demanda dom\u00e9stica do transporte a\u00e9reo de passageiros. Entre 2004 e 2013, em termos de passageiros-quil\u00f4metros pagos transportados (RPK), a demanda apresentou alta de 203%, trata-se do maior [&hellip;]\" \/>\n<meta property=\"og:url\" content=\"https:\/\/www.abesata.org\/br\/agencia-de-aviacao-divulga-anuario-do-transporte-aereo\/\" \/>\n<meta property=\"og:site_name\" content=\"Abesata\" \/>\n<meta property=\"article:publisher\" content=\"https:\/\/www.facebook.com\/abesata.org\/\" \/>\n<meta property=\"article:published_time\" content=\"2014-10-14T18:31:11+00:00\" \/>\n<meta property=\"og:image\" content=\"https:\/\/www.abesata.org\/br\/wp-content\/uploads\/2014\/07\/9.png\" \/>\n\t<meta property=\"og:image:width\" content=\"1022\" \/>\n\t<meta property=\"og:image:height\" content=\"336\" \/>\n\t<meta property=\"og:image:type\" content=\"image\/png\" \/>\n<meta name=\"author\" content=\"Ricardo\" \/>\n<meta name=\"twitter:card\" content=\"summary_large_image\" \/>\n<meta name=\"twitter:label1\" content=\"Escrito por\" \/>\n\t<meta name=\"twitter:data1\" content=\"Ricardo\" \/>\n\t<meta name=\"twitter:label2\" content=\"Est. tempo de leitura\" \/>\n\t<meta name=\"twitter:data2\" content=\"1 minuto\" \/>\n<script type=\"application\/ld+json\" class=\"yoast-schema-graph\">{\"@context\":\"https:\/\/schema.org\",\"@graph\":[{\"@type\":\"Article\",\"@id\":\"https:\/\/www.abesata.org\/br\/agencia-de-aviacao-divulga-anuario-do-transporte-aereo\/#article\",\"isPartOf\":{\"@id\":\"https:\/\/www.abesata.org\/br\/agencia-de-aviacao-divulga-anuario-do-transporte-aereo\/\"},\"author\":{\"name\":\"Ricardo\",\"@id\":\"https:\/\/www.abesata.org\/br\/#\/schema\/person\/1f1295145bee68e42ffe39157320456b\"},\"headline\":\"Ag\u00eancia de avia\u00e7\u00e3o divulga Anu\u00e1rio do Transporte A\u00e9reo\",\"datePublished\":\"2014-10-14T18:31:11+00:00\",\"mainEntityOfPage\":{\"@id\":\"https:\/\/www.abesata.org\/br\/agencia-de-aviacao-divulga-anuario-do-transporte-aereo\/\"},\"wordCount\":238,\"publisher\":{\"@id\":\"https:\/\/www.abesata.org\/br\/#organization\"},\"image\":{\"@id\":\"https:\/\/www.abesata.org\/br\/agencia-de-aviacao-divulga-anuario-do-transporte-aereo\/#primaryimage\"},\"thumbnailUrl\":\"https:\/\/www.abesata.org\/br\/wp-content\/uploads\/2014\/07\/9.png\",\"inLanguage\":\"pt-BR\"},{\"@type\":\"WebPage\",\"@id\":\"https:\/\/www.abesata.org\/br\/agencia-de-aviacao-divulga-anuario-do-transporte-aereo\/\",\"url\":\"https:\/\/www.abesata.org\/br\/agencia-de-aviacao-divulga-anuario-do-transporte-aereo\/\",\"name\":\"Ag\u00eancia de avia\u00e7\u00e3o divulga Anu\u00e1rio do Transporte A\u00e9reo - Abesata\",\"isPartOf\":{\"@id\":\"https:\/\/www.abesata.org\/br\/#website\"},\"primaryImageOfPage\":{\"@id\":\"https:\/\/www.abesata.org\/br\/agencia-de-aviacao-divulga-anuario-do-transporte-aereo\/#primaryimage\"},\"image\":{\"@id\":\"https:\/\/www.abesata.org\/br\/agencia-de-aviacao-divulga-anuario-do-transporte-aereo\/#primaryimage\"},\"thumbnailUrl\":\"https:\/\/www.abesata.org\/br\/wp-content\/uploads\/2014\/07\/9.png\",\"datePublished\":\"2014-10-14T18:31:11+00:00\",\"breadcrumb\":{\"@id\":\"https:\/\/www.abesata.org\/br\/agencia-de-aviacao-divulga-anuario-do-transporte-aereo\/#breadcrumb\"},\"inLanguage\":\"pt-BR\",\"potentialAction\":[{\"@type\":\"ReadAction\",\"target\":[\"https:\/\/www.abesata.org\/br\/agencia-de-aviacao-divulga-anuario-do-transporte-aereo\/\"]}]},{\"@type\":\"ImageObject\",\"inLanguage\":\"pt-BR\",\"@id\":\"https:\/\/www.abesata.org\/br\/agencia-de-aviacao-divulga-anuario-do-transporte-aereo\/#primaryimage\",\"url\":\"https:\/\/www.abesata.org\/br\/wp-content\/uploads\/2014\/07\/9.png\",\"contentUrl\":\"https:\/\/www.abesata.org\/br\/wp-content\/uploads\/2014\/07\/9.png\",\"width\":1022,\"height\":336},{\"@type\":\"BreadcrumbList\",\"@id\":\"https:\/\/www.abesata.org\/br\/agencia-de-aviacao-divulga-anuario-do-transporte-aereo\/#breadcrumb\",\"itemListElement\":[{\"@type\":\"ListItem\",\"position\":1,\"name\":\"In\u00edcio\",\"item\":\"https:\/\/www.abesata.org\/br\/\"},{\"@type\":\"ListItem\",\"position\":2,\"name\":\"Ag\u00eancia de avia\u00e7\u00e3o divulga Anu\u00e1rio do Transporte A\u00e9reo\"}]},{\"@type\":\"WebSite\",\"@id\":\"https:\/\/www.abesata.org\/br\/#website\",\"url\":\"https:\/\/www.abesata.org\/br\/\",\"name\":\"Abesata\",\"description\":\"Associa\u00e7\u00e3o Brasileira das Empresas de Servi\u00e7os Auxiliares de Transporte A\u00e9reo\",\"publisher\":{\"@id\":\"https:\/\/www.abesata.org\/br\/#organization\"},\"potentialAction\":[{\"@type\":\"SearchAction\",\"target\":{\"@type\":\"EntryPoint\",\"urlTemplate\":\"https:\/\/www.abesata.org\/br\/?s={search_term_string}\"},\"query-input\":{\"@type\":\"PropertyValueSpecification\",\"valueRequired\":true,\"valueName\":\"search_term_string\"}}],\"inLanguage\":\"pt-BR\"},{\"@type\":\"Organization\",\"@id\":\"https:\/\/www.abesata.org\/br\/#organization\",\"name\":\"Associa\u00e7\u00e3o Brasileira das Empresas de Servi\u00e7os Auxiliares de Transporte A\u00e9reo\",\"alternateName\":\"Abesata\",\"url\":\"https:\/\/www.abesata.org\/br\/\",\"logo\":{\"@type\":\"ImageObject\",\"inLanguage\":\"pt-BR\",\"@id\":\"https:\/\/www.abesata.org\/br\/#\/schema\/logo\/image\/\",\"url\":\"https:\/\/www.abesata.org\/br\/wp-content\/uploads\/2023\/10\/Abesata.png\",\"contentUrl\":\"https:\/\/www.abesata.org\/br\/wp-content\/uploads\/2023\/10\/Abesata.png\",\"width\":1063,\"height\":591,\"caption\":\"Associa\u00e7\u00e3o Brasileira das Empresas de Servi\u00e7os Auxiliares de Transporte A\u00e9reo\"},\"image\":{\"@id\":\"https:\/\/www.abesata.org\/br\/#\/schema\/logo\/image\/\"},\"sameAs\":[\"https:\/\/www.facebook.com\/abesata.org\/\",\"https:\/\/www.instagram.com\/abesata_gh\/\",\"https:\/\/br.linkedin.com\/company\/abesata\"]},{\"@type\":\"Person\",\"@id\":\"https:\/\/www.abesata.org\/br\/#\/schema\/person\/1f1295145bee68e42ffe39157320456b\",\"name\":\"Ricardo\",\"image\":{\"@type\":\"ImageObject\",\"inLanguage\":\"pt-BR\",\"@id\":\"https:\/\/www.abesata.org\/br\/#\/schema\/person\/image\/\",\"url\":\"https:\/\/secure.gravatar.com\/avatar\/1d856797eb89513dee321f840c1a6bbcec15beb178c003e50adcf59323b3a8a9?s=96&d=mm&r=g\",\"contentUrl\":\"https:\/\/secure.gravatar.com\/avatar\/1d856797eb89513dee321f840c1a6bbcec15beb178c003e50adcf59323b3a8a9?s=96&d=mm&r=g\",\"caption\":\"Ricardo\"},\"url\":\"https:\/\/www.abesata.org\/br\/author\/ricardo-baroni\/\"}]}<\/script>\n<!-- \/ Yoast SEO plugin. -->","yoast_head_json":{"title":"Ag\u00eancia de avia\u00e7\u00e3o divulga Anu\u00e1rio do Transporte A\u00e9reo - Abesata","robots":{"index":"index","follow":"follow","max-snippet":"max-snippet:-1","max-image-preview":"max-image-preview:large","max-video-preview":"max-video-preview:-1"},"canonical":"https:\/\/www.abesata.org\/br\/agencia-de-aviacao-divulga-anuario-do-transporte-aereo\/","og_locale":"pt_BR","og_type":"article","og_title":"Ag\u00eancia de avia\u00e7\u00e3o divulga Anu\u00e1rio do Transporte A\u00e9reo - Abesata","og_description":"Nesta segunda-feira (13\/10), a Ag\u00eancia Nacional de Avia\u00e7\u00e3o Civil (Anac) divulgou o Anu\u00e1rio Estat\u00edstico do Transporte A\u00e9reo de 2013. Entre as principais informa\u00e7\u00f5es dispon\u00edveis no Anu\u00e1rio destaca-se a demanda dom\u00e9stica do transporte a\u00e9reo de passageiros. Entre 2004 e 2013, em termos de passageiros-quil\u00f4metros pagos transportados (RPK), a demanda apresentou alta de 203%, trata-se do maior [&hellip;]","og_url":"https:\/\/www.abesata.org\/br\/agencia-de-aviacao-divulga-anuario-do-transporte-aereo\/","og_site_name":"Abesata","article_publisher":"https:\/\/www.facebook.com\/abesata.org\/","article_published_time":"2014-10-14T18:31:11+00:00","og_image":[{"width":1022,"height":336,"url":"https:\/\/www.abesata.org\/br\/wp-content\/uploads\/2014\/07\/9.png","type":"image\/png"}],"author":"Ricardo","twitter_card":"summary_large_image","twitter_misc":{"Escrito por":"Ricardo","Est. tempo de leitura":"1 minuto"},"schema":{"@context":"https:\/\/schema.org","@graph":[{"@type":"Article","@id":"https:\/\/www.abesata.org\/br\/agencia-de-aviacao-divulga-anuario-do-transporte-aereo\/#article","isPartOf":{"@id":"https:\/\/www.abesata.org\/br\/agencia-de-aviacao-divulga-anuario-do-transporte-aereo\/"},"author":{"name":"Ricardo","@id":"https:\/\/www.abesata.org\/br\/#\/schema\/person\/1f1295145bee68e42ffe39157320456b"},"headline":"Ag\u00eancia de avia\u00e7\u00e3o divulga Anu\u00e1rio do Transporte A\u00e9reo","datePublished":"2014-10-14T18:31:11+00:00","mainEntityOfPage":{"@id":"https:\/\/www.abesata.org\/br\/agencia-de-aviacao-divulga-anuario-do-transporte-aereo\/"},"wordCount":238,"publisher":{"@id":"https:\/\/www.abesata.org\/br\/#organization"},"image":{"@id":"https:\/\/www.abesata.org\/br\/agencia-de-aviacao-divulga-anuario-do-transporte-aereo\/#primaryimage"},"thumbnailUrl":"https:\/\/www.abesata.org\/br\/wp-content\/uploads\/2014\/07\/9.png","inLanguage":"pt-BR"},{"@type":"WebPage","@id":"https:\/\/www.abesata.org\/br\/agencia-de-aviacao-divulga-anuario-do-transporte-aereo\/","url":"https:\/\/www.abesata.org\/br\/agencia-de-aviacao-divulga-anuario-do-transporte-aereo\/","name":"Ag\u00eancia de avia\u00e7\u00e3o divulga Anu\u00e1rio do Transporte A\u00e9reo - Abesata","isPartOf":{"@id":"https:\/\/www.abesata.org\/br\/#website"},"primaryImageOfPage":{"@id":"https:\/\/www.abesata.org\/br\/agencia-de-aviacao-divulga-anuario-do-transporte-aereo\/#primaryimage"},"image":{"@id":"https:\/\/www.abesata.org\/br\/agencia-de-aviacao-divulga-anuario-do-transporte-aereo\/#primaryimage"},"thumbnailUrl":"https:\/\/www.abesata.org\/br\/wp-content\/uploads\/2014\/07\/9.png","datePublished":"2014-10-14T18:31:11+00:00","breadcrumb":{"@id":"https:\/\/www.abesata.org\/br\/agencia-de-aviacao-divulga-anuario-do-transporte-aereo\/#breadcrumb"},"inLanguage":"pt-BR","potentialAction":[{"@type":"ReadAction","target":["https:\/\/www.abesata.org\/br\/agencia-de-aviacao-divulga-anuario-do-transporte-aereo\/"]}]},{"@type":"ImageObject","inLanguage":"pt-BR","@id":"https:\/\/www.abesata.org\/br\/agencia-de-aviacao-divulga-anuario-do-transporte-aereo\/#primaryimage","url":"https:\/\/www.abesata.org\/br\/wp-content\/uploads\/2014\/07\/9.png","contentUrl":"https:\/\/www.abesata.org\/br\/wp-content\/uploads\/2014\/07\/9.png","width":1022,"height":336},{"@type":"BreadcrumbList","@id":"https:\/\/www.abesata.org\/br\/agencia-de-aviacao-divulga-anuario-do-transporte-aereo\/#breadcrumb","itemListElement":[{"@type":"ListItem","position":1,"name":"In\u00edcio","item":"https:\/\/www.abesata.org\/br\/"},{"@type":"ListItem","position":2,"name":"Ag\u00eancia de avia\u00e7\u00e3o divulga Anu\u00e1rio do Transporte A\u00e9reo"}]},{"@type":"WebSite","@id":"https:\/\/www.abesata.org\/br\/#website","url":"https:\/\/www.abesata.org\/br\/","name":"Abesata","description":"Associa\u00e7\u00e3o Brasileira das Empresas de Servi\u00e7os Auxiliares de Transporte A\u00e9reo","publisher":{"@id":"https:\/\/www.abesata.org\/br\/#organization"},"potentialAction":[{"@type":"SearchAction","target":{"@type":"EntryPoint","urlTemplate":"https:\/\/www.abesata.org\/br\/?s={search_term_string}"},"query-input":{"@type":"PropertyValueSpecification","valueRequired":true,"valueName":"search_term_string"}}],"inLanguage":"pt-BR"},{"@type":"Organization","@id":"https:\/\/www.abesata.org\/br\/#organization","name":"Associa\u00e7\u00e3o Brasileira das Empresas de Servi\u00e7os Auxiliares de Transporte A\u00e9reo","alternateName":"Abesata","url":"https:\/\/www.abesata.org\/br\/","logo":{"@type":"ImageObject","inLanguage":"pt-BR","@id":"https:\/\/www.abesata.org\/br\/#\/schema\/logo\/image\/","url":"https:\/\/www.abesata.org\/br\/wp-content\/uploads\/2023\/10\/Abesata.png","contentUrl":"https:\/\/www.abesata.org\/br\/wp-content\/uploads\/2023\/10\/Abesata.png","width":1063,"height":591,"caption":"Associa\u00e7\u00e3o Brasileira das Empresas de Servi\u00e7os Auxiliares de Transporte A\u00e9reo"},"image":{"@id":"https:\/\/www.abesata.org\/br\/#\/schema\/logo\/image\/"},"sameAs":["https:\/\/www.facebook.com\/abesata.org\/","https:\/\/www.instagram.com\/abesata_gh\/","https:\/\/br.linkedin.com\/company\/abesata"]},{"@type":"Person","@id":"https:\/\/www.abesata.org\/br\/#\/schema\/person\/1f1295145bee68e42ffe39157320456b","name":"Ricardo","image":{"@type":"ImageObject","inLanguage":"pt-BR","@id":"https:\/\/www.abesata.org\/br\/#\/schema\/person\/image\/","url":"https:\/\/secure.gravatar.com\/avatar\/1d856797eb89513dee321f840c1a6bbcec15beb178c003e50adcf59323b3a8a9?s=96&d=mm&r=g","contentUrl":"https:\/\/secure.gravatar.com\/avatar\/1d856797eb89513dee321f840c1a6bbcec15beb178c003e50adcf59323b3a8a9?s=96&d=mm&r=g","caption":"Ricardo"},"url":"https:\/\/www.abesata.org\/br\/author\/ricardo-baroni\/"}]}},"_links":{"self":[{"href":"https:\/\/www.abesata.org\/br\/wp-json\/wp\/v2\/posts\/1676","targetHints":{"allow":["GET"]}}],"collection":[{"href":"https:\/\/www.abesata.org\/br\/wp-json\/wp\/v2\/posts"}],"about":[{"href":"https:\/\/www.abesata.org\/br\/wp-json\/wp\/v2\/types\/post"}],"author":[{"embeddable":true,"href":"https:\/\/www.abesata.org\/br\/wp-json\/wp\/v2\/users\/18"}],"replies":[{"embeddable":true,"href":"https:\/\/www.abesata.org\/br\/wp-json\/wp\/v2\/comments?post=1676"}],"version-history":[{"count":0,"href":"https:\/\/www.abesata.org\/br\/wp-json\/wp\/v2\/posts\/1676\/revisions"}],"wp:featuredmedia":[{"embeddable":true,"href":"https:\/\/www.abesata.org\/br\/wp-json\/wp\/v2\/media\/941"}],"wp:attachment":[{"href":"https:\/\/www.abesata.org\/br\/wp-json\/wp\/v2\/media?parent=1676"}],"wp:term":[{"taxonomy":"category","embeddable":true,"href":"https:\/\/www.abesata.org\/br\/wp-json\/wp\/v2\/categories?post=1676"},{"taxonomy":"post_tag","embeddable":true,"href":"https:\/\/www.abesata.org\/br\/wp-json\/wp\/v2\/tags?post=1676"}],"curies":[{"name":"wp","href":"https:\/\/api.w.org\/{rel}","templated":true}]}}