{"id":1691,"date":"2014-10-21T13:24:58","date_gmt":"2014-10-21T15:24:58","guid":{"rendered":"http:\/\/www.abesata.org\/?p=1691"},"modified":"2014-10-21T13:24:58","modified_gmt":"2014-10-21T15:24:58","slug":"novo-terminal-de-viracopos-inicia-operacao","status":"publish","type":"post","link":"https:\/\/www.abesata.org\/br\/novo-terminal-de-viracopos-inicia-operacao\/","title":{"rendered":"Novo Terminal de Viracopos inicia opera\u00e7\u00e3o"},"content":{"rendered":"<p>O Aeroporto Internacional de Viracopos, em Campinas (S\u00e3o Paulo), iniciou nesta semana a transfer\u00eancia operacional do atual para o Novo Terminal de Passageiros, com a opera\u00e7\u00e3o de cinco voos nacionais di\u00e1rios da Azul Linhas A\u00e9reas, sendo quatro de partida e um de chegada.<\/p>\n<p>Os quatro voos que partem de Viracopos t\u00eam como destinos os aeroportos Santos Dumont (RJ), Vit\u00f3ria (ES), Florian\u00f3polis (SC) e Gale\u00e3o (RJ). J\u00e1 o desembarque ocorre com a chegada de um voo de Cuiab\u00e1 (MT). Todos os passageiros acessam as aeronaves pelas pontes de embarque do P\u00eder A do novo terminal.<\/p>\n<p>Os cinco voos ter\u00e3o frequ\u00eancia de segunda-feira a s\u00e1bado. No dia 1\u00ba de dezembro, o P\u00eder A do Novo Viracopos come\u00e7ar\u00e1 a receber 38 voos internacionais semanais e opera\u00e7\u00f5es nacionais come\u00e7am a ser transferidas para o P\u00eder C (dom\u00e9stico).<\/p>\n<p>As transfer\u00eancias dos voos do atual terminal (T0) para o novo (T1) prosseguem at\u00e9 o final do m\u00eas de mar\u00e7o de 2015, quando est\u00e1 prevista a desativa\u00e7\u00e3o do atual terminal de passageiros.<\/p>\n<p>Neste in\u00edcio de opera\u00e7\u00e3o, Viracopos j\u00e1 conta com oito pontes de embarque e capacidade para movimentar 1.550 passageiros dom\u00e9sticos hora\/pico, o que representa, agora, quase 14 milh\u00f5es de passageiros\/ano, n\u00famero 40% superior ao que o atual terminal de passageiros deve movimentar neste ano (cerca de 10 milh\u00f5es passageiros). Depois que estiver totalmente em opera\u00e7\u00e3o com o P\u00eder C e o P\u00eder B e um total de 28 pontes de embarque e mais sete posi\u00e7\u00f5es remotas de aeronaves, o Novo Aeroporto de Viracopos ter\u00e1 capacidade para receber 25 milh\u00f5es de passageiros\/ano, podendo suportar o aumento de demanda at\u00e9 2026.<\/p>\n<p>\u201cFoi pensando nesse crescimento que a concession\u00e1ria Aeroportos Brasil Viracopos optou por ampliar o que estava previsto no edital de concess\u00e3o de 14 milh\u00f5es de passageiros\/ano para 25 milh\u00f5es de passageiros\/ano\u201d, explica o diretor-presidente de Viracopos, Luiz Alberto K\u00fcster.<\/p>\n<p>A expans\u00e3o de Viracopos foi concebida a partir do conceito de \u201caeroporto cidade\u201d e sua expans\u00e3o prev\u00ea ainda hot\u00e9is, shopping center e centro de conven\u00e7\u00f5es. Com investimento de R$ 9,5 bilh\u00f5es ao longo dos 30 anos de concess\u00e3o, Viracopos se prepara para receber mais de 100 milh\u00f5es de passageiros\/ano e deve se transformar no maior e mais moderno aeroporto da Am\u00e9rica Latina.<\/p>\n<p>Neste primeiro ciclo, a Aeroportos Brasil Viracopos, gestora do terminal, investe aproximadamente R$ 3 bilh\u00f5es na constru\u00e7\u00e3o de um novo terminal de passageiros com capacidade para receber 25 milh\u00f5es de passageiros\/ano, 28 pontes de embarque, sete novas posi\u00e7\u00f5es remotas de estacionamento de aeronaves (com um total de 72 posi\u00e7\u00f5es de avi\u00f5es), tr\u00eas novos p\u00e1tios de aeronaves, com total de 400 mil m\u00b2, e um edif\u00edcio-garagem com 4 mil vagas.<\/p>\n<p style=\"text-align: right;\">Fonte: Avia\u00e7\u00e3o Brasil<br \/>\n19\/10\/2014<br \/>\nFoto:\u00a0Divulga\u00e7\u00e3o\/Aeroportos Brasil Viracopos<\/p>\n","protected":false},"excerpt":{"rendered":"<p>O Aeroporto Internacional de Viracopos, em Campinas (S\u00e3o Paulo), iniciou nesta semana a transfer\u00eancia operacional do atual para o Novo Terminal de Passageiros, com a opera\u00e7\u00e3o de cinco voos nacionais di\u00e1rios da Azul Linhas A\u00e9reas, sendo quatro de partida e um de chegada. Os quatro voos que partem de Viracopos t\u00eam como destinos os aeroportos [&hellip;]<\/p>\n","protected":false},"author":18,"featured_media":1692,"comment_status":"closed","ping_status":"closed","sticky":false,"template":"","format":"standard","meta":{"footnotes":""},"categories":[],"tags":[],"class_list":["post-1691","post","type-post","status-publish","format-standard","has-post-thumbnail","hentry"],"yoast_head":"<!-- This site is optimized with the Yoast SEO plugin v26.5 - https:\/\/yoast.com\/wordpress\/plugins\/seo\/ -->\n<title>Novo Terminal de Viracopos inicia opera\u00e7\u00e3o - Abesata<\/title>\n<meta name=\"robots\" content=\"index, follow, max-snippet:-1, max-image-preview:large, max-video-preview:-1\" \/>\n<link rel=\"canonical\" href=\"https:\/\/www.abesata.org\/br\/novo-terminal-de-viracopos-inicia-operacao\/\" \/>\n<meta property=\"og:locale\" content=\"pt_BR\" \/>\n<meta property=\"og:type\" content=\"article\" \/>\n<meta property=\"og:title\" content=\"Novo Terminal de Viracopos inicia opera\u00e7\u00e3o - Abesata\" \/>\n<meta property=\"og:description\" content=\"O Aeroporto Internacional de Viracopos, em Campinas (S\u00e3o Paulo), iniciou nesta semana a transfer\u00eancia operacional do atual para o Novo Terminal de Passageiros, com a opera\u00e7\u00e3o de cinco voos nacionais di\u00e1rios da Azul Linhas A\u00e9reas, sendo quatro de partida e um de chegada. Os quatro voos que partem de Viracopos t\u00eam como destinos os aeroportos [&hellip;]\" \/>\n<meta property=\"og:url\" content=\"https:\/\/www.abesata.org\/br\/novo-terminal-de-viracopos-inicia-operacao\/\" \/>\n<meta property=\"og:site_name\" content=\"Abesata\" \/>\n<meta property=\"article:publisher\" content=\"https:\/\/www.facebook.com\/abesata.org\/\" \/>\n<meta property=\"article:published_time\" content=\"2014-10-21T15:24:58+00:00\" \/>\n<meta property=\"og:image\" content=\"https:\/\/www.abesata.org\/br\/wp-content\/uploads\/2014\/10\/28.png\" \/>\n\t<meta property=\"og:image:width\" content=\"1707\" \/>\n\t<meta property=\"og:image:height\" content=\"560\" \/>\n\t<meta property=\"og:image:type\" content=\"image\/png\" \/>\n<meta name=\"author\" content=\"Ricardo\" \/>\n<meta name=\"twitter:card\" content=\"summary_large_image\" \/>\n<meta name=\"twitter:label1\" content=\"Escrito por\" \/>\n\t<meta name=\"twitter:data1\" content=\"Ricardo\" \/>\n\t<meta name=\"twitter:label2\" content=\"Est. tempo de leitura\" \/>\n\t<meta name=\"twitter:data2\" content=\"2 minutos\" \/>\n<script type=\"application\/ld+json\" class=\"yoast-schema-graph\">{\"@context\":\"https:\/\/schema.org\",\"@graph\":[{\"@type\":\"Article\",\"@id\":\"https:\/\/www.abesata.org\/br\/novo-terminal-de-viracopos-inicia-operacao\/#article\",\"isPartOf\":{\"@id\":\"https:\/\/www.abesata.org\/br\/novo-terminal-de-viracopos-inicia-operacao\/\"},\"author\":{\"name\":\"Ricardo\",\"@id\":\"https:\/\/www.abesata.org\/br\/#\/schema\/person\/1f1295145bee68e42ffe39157320456b\"},\"headline\":\"Novo Terminal de Viracopos inicia opera\u00e7\u00e3o\",\"datePublished\":\"2014-10-21T15:24:58+00:00\",\"mainEntityOfPage\":{\"@id\":\"https:\/\/www.abesata.org\/br\/novo-terminal-de-viracopos-inicia-operacao\/\"},\"wordCount\":492,\"publisher\":{\"@id\":\"https:\/\/www.abesata.org\/br\/#organization\"},\"image\":{\"@id\":\"https:\/\/www.abesata.org\/br\/novo-terminal-de-viracopos-inicia-operacao\/#primaryimage\"},\"thumbnailUrl\":\"https:\/\/www.abesata.org\/br\/wp-content\/uploads\/2014\/10\/28.png\",\"inLanguage\":\"pt-BR\"},{\"@type\":\"WebPage\",\"@id\":\"https:\/\/www.abesata.org\/br\/novo-terminal-de-viracopos-inicia-operacao\/\",\"url\":\"https:\/\/www.abesata.org\/br\/novo-terminal-de-viracopos-inicia-operacao\/\",\"name\":\"Novo Terminal de Viracopos inicia opera\u00e7\u00e3o - Abesata\",\"isPartOf\":{\"@id\":\"https:\/\/www.abesata.org\/br\/#website\"},\"primaryImageOfPage\":{\"@id\":\"https:\/\/www.abesata.org\/br\/novo-terminal-de-viracopos-inicia-operacao\/#primaryimage\"},\"image\":{\"@id\":\"https:\/\/www.abesata.org\/br\/novo-terminal-de-viracopos-inicia-operacao\/#primaryimage\"},\"thumbnailUrl\":\"https:\/\/www.abesata.org\/br\/wp-content\/uploads\/2014\/10\/28.png\",\"datePublished\":\"2014-10-21T15:24:58+00:00\",\"breadcrumb\":{\"@id\":\"https:\/\/www.abesata.org\/br\/novo-terminal-de-viracopos-inicia-operacao\/#breadcrumb\"},\"inLanguage\":\"pt-BR\",\"potentialAction\":[{\"@type\":\"ReadAction\",\"target\":[\"https:\/\/www.abesata.org\/br\/novo-terminal-de-viracopos-inicia-operacao\/\"]}]},{\"@type\":\"ImageObject\",\"inLanguage\":\"pt-BR\",\"@id\":\"https:\/\/www.abesata.org\/br\/novo-terminal-de-viracopos-inicia-operacao\/#primaryimage\",\"url\":\"https:\/\/www.abesata.org\/br\/wp-content\/uploads\/2014\/10\/28.png\",\"contentUrl\":\"https:\/\/www.abesata.org\/br\/wp-content\/uploads\/2014\/10\/28.png\",\"width\":1707,\"height\":560},{\"@type\":\"BreadcrumbList\",\"@id\":\"https:\/\/www.abesata.org\/br\/novo-terminal-de-viracopos-inicia-operacao\/#breadcrumb\",\"itemListElement\":[{\"@type\":\"ListItem\",\"position\":1,\"name\":\"In\u00edcio\",\"item\":\"https:\/\/www.abesata.org\/br\/\"},{\"@type\":\"ListItem\",\"position\":2,\"name\":\"Novo Terminal de Viracopos inicia opera\u00e7\u00e3o\"}]},{\"@type\":\"WebSite\",\"@id\":\"https:\/\/www.abesata.org\/br\/#website\",\"url\":\"https:\/\/www.abesata.org\/br\/\",\"name\":\"Abesata\",\"description\":\"Associa\u00e7\u00e3o Brasileira das Empresas de Servi\u00e7os Auxiliares de Transporte A\u00e9reo\",\"publisher\":{\"@id\":\"https:\/\/www.abesata.org\/br\/#organization\"},\"potentialAction\":[{\"@type\":\"SearchAction\",\"target\":{\"@type\":\"EntryPoint\",\"urlTemplate\":\"https:\/\/www.abesata.org\/br\/?s={search_term_string}\"},\"query-input\":{\"@type\":\"PropertyValueSpecification\",\"valueRequired\":true,\"valueName\":\"search_term_string\"}}],\"inLanguage\":\"pt-BR\"},{\"@type\":\"Organization\",\"@id\":\"https:\/\/www.abesata.org\/br\/#organization\",\"name\":\"Associa\u00e7\u00e3o Brasileira das Empresas de Servi\u00e7os Auxiliares de Transporte A\u00e9reo\",\"alternateName\":\"Abesata\",\"url\":\"https:\/\/www.abesata.org\/br\/\",\"logo\":{\"@type\":\"ImageObject\",\"inLanguage\":\"pt-BR\",\"@id\":\"https:\/\/www.abesata.org\/br\/#\/schema\/logo\/image\/\",\"url\":\"https:\/\/www.abesata.org\/br\/wp-content\/uploads\/2023\/10\/Abesata.png\",\"contentUrl\":\"https:\/\/www.abesata.org\/br\/wp-content\/uploads\/2023\/10\/Abesata.png\",\"width\":1063,\"height\":591,\"caption\":\"Associa\u00e7\u00e3o Brasileira das Empresas de Servi\u00e7os Auxiliares de Transporte A\u00e9reo\"},\"image\":{\"@id\":\"https:\/\/www.abesata.org\/br\/#\/schema\/logo\/image\/\"},\"sameAs\":[\"https:\/\/www.facebook.com\/abesata.org\/\",\"https:\/\/www.instagram.com\/abesata_gh\/\",\"https:\/\/br.linkedin.com\/company\/abesata\"]},{\"@type\":\"Person\",\"@id\":\"https:\/\/www.abesata.org\/br\/#\/schema\/person\/1f1295145bee68e42ffe39157320456b\",\"name\":\"Ricardo\",\"image\":{\"@type\":\"ImageObject\",\"inLanguage\":\"pt-BR\",\"@id\":\"https:\/\/www.abesata.org\/br\/#\/schema\/person\/image\/\",\"url\":\"https:\/\/secure.gravatar.com\/avatar\/1d856797eb89513dee321f840c1a6bbcec15beb178c003e50adcf59323b3a8a9?s=96&d=mm&r=g\",\"contentUrl\":\"https:\/\/secure.gravatar.com\/avatar\/1d856797eb89513dee321f840c1a6bbcec15beb178c003e50adcf59323b3a8a9?s=96&d=mm&r=g\",\"caption\":\"Ricardo\"},\"url\":\"https:\/\/www.abesata.org\/br\/author\/ricardo-baroni\/\"}]}<\/script>\n<!-- \/ Yoast SEO plugin. -->","yoast_head_json":{"title":"Novo Terminal de Viracopos inicia opera\u00e7\u00e3o - Abesata","robots":{"index":"index","follow":"follow","max-snippet":"max-snippet:-1","max-image-preview":"max-image-preview:large","max-video-preview":"max-video-preview:-1"},"canonical":"https:\/\/www.abesata.org\/br\/novo-terminal-de-viracopos-inicia-operacao\/","og_locale":"pt_BR","og_type":"article","og_title":"Novo Terminal de Viracopos inicia opera\u00e7\u00e3o - Abesata","og_description":"O Aeroporto Internacional de Viracopos, em Campinas (S\u00e3o Paulo), iniciou nesta semana a transfer\u00eancia operacional do atual para o Novo Terminal de Passageiros, com a opera\u00e7\u00e3o de cinco voos nacionais di\u00e1rios da Azul Linhas A\u00e9reas, sendo quatro de partida e um de chegada. Os quatro voos que partem de Viracopos t\u00eam como destinos os aeroportos [&hellip;]","og_url":"https:\/\/www.abesata.org\/br\/novo-terminal-de-viracopos-inicia-operacao\/","og_site_name":"Abesata","article_publisher":"https:\/\/www.facebook.com\/abesata.org\/","article_published_time":"2014-10-21T15:24:58+00:00","og_image":[{"width":1707,"height":560,"url":"https:\/\/www.abesata.org\/br\/wp-content\/uploads\/2014\/10\/28.png","type":"image\/png"}],"author":"Ricardo","twitter_card":"summary_large_image","twitter_misc":{"Escrito por":"Ricardo","Est. tempo de leitura":"2 minutos"},"schema":{"@context":"https:\/\/schema.org","@graph":[{"@type":"Article","@id":"https:\/\/www.abesata.org\/br\/novo-terminal-de-viracopos-inicia-operacao\/#article","isPartOf":{"@id":"https:\/\/www.abesata.org\/br\/novo-terminal-de-viracopos-inicia-operacao\/"},"author":{"name":"Ricardo","@id":"https:\/\/www.abesata.org\/br\/#\/schema\/person\/1f1295145bee68e42ffe39157320456b"},"headline":"Novo Terminal de Viracopos inicia opera\u00e7\u00e3o","datePublished":"2014-10-21T15:24:58+00:00","mainEntityOfPage":{"@id":"https:\/\/www.abesata.org\/br\/novo-terminal-de-viracopos-inicia-operacao\/"},"wordCount":492,"publisher":{"@id":"https:\/\/www.abesata.org\/br\/#organization"},"image":{"@id":"https:\/\/www.abesata.org\/br\/novo-terminal-de-viracopos-inicia-operacao\/#primaryimage"},"thumbnailUrl":"https:\/\/www.abesata.org\/br\/wp-content\/uploads\/2014\/10\/28.png","inLanguage":"pt-BR"},{"@type":"WebPage","@id":"https:\/\/www.abesata.org\/br\/novo-terminal-de-viracopos-inicia-operacao\/","url":"https:\/\/www.abesata.org\/br\/novo-terminal-de-viracopos-inicia-operacao\/","name":"Novo Terminal de Viracopos inicia opera\u00e7\u00e3o - Abesata","isPartOf":{"@id":"https:\/\/www.abesata.org\/br\/#website"},"primaryImageOfPage":{"@id":"https:\/\/www.abesata.org\/br\/novo-terminal-de-viracopos-inicia-operacao\/#primaryimage"},"image":{"@id":"https:\/\/www.abesata.org\/br\/novo-terminal-de-viracopos-inicia-operacao\/#primaryimage"},"thumbnailUrl":"https:\/\/www.abesata.org\/br\/wp-content\/uploads\/2014\/10\/28.png","datePublished":"2014-10-21T15:24:58+00:00","breadcrumb":{"@id":"https:\/\/www.abesata.org\/br\/novo-terminal-de-viracopos-inicia-operacao\/#breadcrumb"},"inLanguage":"pt-BR","potentialAction":[{"@type":"ReadAction","target":["https:\/\/www.abesata.org\/br\/novo-terminal-de-viracopos-inicia-operacao\/"]}]},{"@type":"ImageObject","inLanguage":"pt-BR","@id":"https:\/\/www.abesata.org\/br\/novo-terminal-de-viracopos-inicia-operacao\/#primaryimage","url":"https:\/\/www.abesata.org\/br\/wp-content\/uploads\/2014\/10\/28.png","contentUrl":"https:\/\/www.abesata.org\/br\/wp-content\/uploads\/2014\/10\/28.png","width":1707,"height":560},{"@type":"BreadcrumbList","@id":"https:\/\/www.abesata.org\/br\/novo-terminal-de-viracopos-inicia-operacao\/#breadcrumb","itemListElement":[{"@type":"ListItem","position":1,"name":"In\u00edcio","item":"https:\/\/www.abesata.org\/br\/"},{"@type":"ListItem","position":2,"name":"Novo Terminal de Viracopos inicia opera\u00e7\u00e3o"}]},{"@type":"WebSite","@id":"https:\/\/www.abesata.org\/br\/#website","url":"https:\/\/www.abesata.org\/br\/","name":"Abesata","description":"Associa\u00e7\u00e3o Brasileira das Empresas de Servi\u00e7os Auxiliares de Transporte A\u00e9reo","publisher":{"@id":"https:\/\/www.abesata.org\/br\/#organization"},"potentialAction":[{"@type":"SearchAction","target":{"@type":"EntryPoint","urlTemplate":"https:\/\/www.abesata.org\/br\/?s={search_term_string}"},"query-input":{"@type":"PropertyValueSpecification","valueRequired":true,"valueName":"search_term_string"}}],"inLanguage":"pt-BR"},{"@type":"Organization","@id":"https:\/\/www.abesata.org\/br\/#organization","name":"Associa\u00e7\u00e3o Brasileira das Empresas de Servi\u00e7os Auxiliares de Transporte A\u00e9reo","alternateName":"Abesata","url":"https:\/\/www.abesata.org\/br\/","logo":{"@type":"ImageObject","inLanguage":"pt-BR","@id":"https:\/\/www.abesata.org\/br\/#\/schema\/logo\/image\/","url":"https:\/\/www.abesata.org\/br\/wp-content\/uploads\/2023\/10\/Abesata.png","contentUrl":"https:\/\/www.abesata.org\/br\/wp-content\/uploads\/2023\/10\/Abesata.png","width":1063,"height":591,"caption":"Associa\u00e7\u00e3o Brasileira das Empresas de Servi\u00e7os Auxiliares de Transporte A\u00e9reo"},"image":{"@id":"https:\/\/www.abesata.org\/br\/#\/schema\/logo\/image\/"},"sameAs":["https:\/\/www.facebook.com\/abesata.org\/","https:\/\/www.instagram.com\/abesata_gh\/","https:\/\/br.linkedin.com\/company\/abesata"]},{"@type":"Person","@id":"https:\/\/www.abesata.org\/br\/#\/schema\/person\/1f1295145bee68e42ffe39157320456b","name":"Ricardo","image":{"@type":"ImageObject","inLanguage":"pt-BR","@id":"https:\/\/www.abesata.org\/br\/#\/schema\/person\/image\/","url":"https:\/\/secure.gravatar.com\/avatar\/1d856797eb89513dee321f840c1a6bbcec15beb178c003e50adcf59323b3a8a9?s=96&d=mm&r=g","contentUrl":"https:\/\/secure.gravatar.com\/avatar\/1d856797eb89513dee321f840c1a6bbcec15beb178c003e50adcf59323b3a8a9?s=96&d=mm&r=g","caption":"Ricardo"},"url":"https:\/\/www.abesata.org\/br\/author\/ricardo-baroni\/"}]}},"_links":{"self":[{"href":"https:\/\/www.abesata.org\/br\/wp-json\/wp\/v2\/posts\/1691","targetHints":{"allow":["GET"]}}],"collection":[{"href":"https:\/\/www.abesata.org\/br\/wp-json\/wp\/v2\/posts"}],"about":[{"href":"https:\/\/www.abesata.org\/br\/wp-json\/wp\/v2\/types\/post"}],"author":[{"embeddable":true,"href":"https:\/\/www.abesata.org\/br\/wp-json\/wp\/v2\/users\/18"}],"replies":[{"embeddable":true,"href":"https:\/\/www.abesata.org\/br\/wp-json\/wp\/v2\/comments?post=1691"}],"version-history":[{"count":0,"href":"https:\/\/www.abesata.org\/br\/wp-json\/wp\/v2\/posts\/1691\/revisions"}],"wp:featuredmedia":[{"embeddable":true,"href":"https:\/\/www.abesata.org\/br\/wp-json\/wp\/v2\/media\/1692"}],"wp:attachment":[{"href":"https:\/\/www.abesata.org\/br\/wp-json\/wp\/v2\/media?parent=1691"}],"wp:term":[{"taxonomy":"category","embeddable":true,"href":"https:\/\/www.abesata.org\/br\/wp-json\/wp\/v2\/categories?post=1691"},{"taxonomy":"post_tag","embeddable":true,"href":"https:\/\/www.abesata.org\/br\/wp-json\/wp\/v2\/tags?post=1691"}],"curies":[{"name":"wp","href":"https:\/\/api.w.org\/{rel}","templated":true}]}}