{"id":1694,"date":"2014-10-21T13:24:36","date_gmt":"2014-10-21T15:24:36","guid":{"rendered":"http:\/\/www.abesata.org\/?p=1694"},"modified":"2014-10-21T13:24:36","modified_gmt":"2014-10-21T15:24:36","slug":"cabo-verde-vai-investir-488-milhoes-nos-quatro-aeroportos-internacionais","status":"publish","type":"post","link":"https:\/\/www.abesata.org\/br\/cabo-verde-vai-investir-488-milhoes-nos-quatro-aeroportos-internacionais\/","title":{"rendered":"Cabo Verde vai investir 48,8 milh\u00f5es nos quatro aeroportos internacionais"},"content":{"rendered":"<p>O an\u00fancio foi feito hoje pelo ministro D\u00e9mis Lobo Almeida, para dar conta das decis\u00f5es tomadas a este respeito no Conselho de Ministros de quinta-feira, indicando que a maior fatia do bolo (32 milh\u00f5es de euros) vai para a amplia\u00e7\u00e3o do Aeroporto Internacional Nelson Mandela, na Cidade da Praia.<\/p>\n<p>Segue-se a moderniza\u00e7\u00e3o do Aeroporto Internacional Am\u00edlcar Cabral, na ilha do Sal, que custar\u00e1 6,5 milh\u00f5es de euros, a amplia\u00e7\u00e3o do Aeroporto Internacional Aristides Pereira, na Boavista, em 5,2 milh\u00f5es de euros, e investimentos diversos no Aeroporto Internacional Ces\u00e1ria \u00c9vora, em S\u00e3o Vicente, no valor de 4,1 milh\u00f5es de euros.<\/p>\n<p>&#8220;S\u00e3o importantes investimentos que ser\u00e3o feitos a partir do in\u00edcio do pr\u00f3ximo ano e v\u00e3o at\u00e9 2017, sem preju\u00edzo de v\u00e1rios outros investimentos at\u00e9 o ano de 2030 e nos intervalos de cinco em cinco anos&#8221;, sublinhou o ministro dos Assuntos Parlamentares e da Presid\u00eancia do Conselho de Ministros.<\/p>\n<p>Para o governante, o objetivo \u00e9 dar &#8220;mais vida \u00fatil&#8221; aos Planos Diretores dos quatro aeroportos internacionais aprovados quinta-feira em Conselho de Ministros para o horizonte de 2030.<\/p>\n<p>&#8220;Os Planos de Desenvolvimento Aeroportu\u00e1rio (PDA) s\u00e3o ferramentas de planeamento aeroportu\u00e1rio que permitem o estabelecimento das diretrizes do desenvolvimento futuro. S\u00e3o requisitos de garantia de seguran\u00e7a, operacionalidade e funcionalidade das infraestruturas aeroportu\u00e1rias&#8221;, mostrou.<\/p>\n<p>Segundo o ministro, os planos estabelecem ainda o limite do desenvolvimento proposto a longo prazo, mas poder\u00e3o ser revistos de cinco em cinco anos e sempre que se revelar necess\u00e1rios.<\/p>\n<p>Numa primeira fase, D\u00e9mis Almeida avan\u00e7ou que os investimentos ser\u00e3o assegurados pela empresa Aeroportos e Seguran\u00e7a A\u00e9rea (ASA), que gere os aeroportos e aer\u00f3dromos do pa\u00eds, mas dado aos montantes avultados, o governo cabo-verdiano ir\u00e1 procurar outras parcerias.<\/p>\n<p>Al\u00e9m dos quatro aeroportos internacionais, homologados pela Associa\u00e7\u00e3o Internacional da Avia\u00e7\u00e3o Civil (IATA), Cabo Verde conta com aer\u00f3dromos nas ilhas de S\u00e3o Nicolau, Maio e Fogo (S\u00e3o Filipe), que recebem voos dom\u00e9sticos.<\/p>\n<p>O aer\u00f3dromo de Santo Ant\u00e3o est\u00e1 encerrado ao tr\u00e1fego desde um acidente a\u00e9reo de 1998, constituindo, com a Brava, as \u00fanicas das nove ilhas habitadas do arquip\u00e9lago que n\u00e3o disp\u00f5e de infraestruturas aeroportu\u00e1rias.<\/p>\n<p>Mas ambas s\u00e3o servidas por liga\u00e7\u00f5es mar\u00edtimas via S\u00e3o Vicente, no caso de Santo Ant\u00e3o, e da Cidade da Praia e de S\u00e3o Filipe, no caso da Brava.<\/p>\n<p style=\"text-align: right;\">Fonte: Not\u00edcias ao Minuto<br \/>\n17\/10\/2014<\/p>\n","protected":false},"excerpt":{"rendered":"<p>O an\u00fancio foi feito hoje pelo ministro D\u00e9mis Lobo Almeida, para dar conta das decis\u00f5es tomadas a este respeito no Conselho de Ministros de quinta-feira, indicando que a maior fatia do bolo (32 milh\u00f5es de euros) vai para a amplia\u00e7\u00e3o do Aeroporto Internacional Nelson Mandela, na Cidade da Praia. Segue-se a moderniza\u00e7\u00e3o do Aeroporto Internacional [&hellip;]<\/p>\n","protected":false},"author":18,"featured_media":941,"comment_status":"closed","ping_status":"closed","sticky":false,"template":"","format":"standard","meta":{"footnotes":""},"categories":[],"tags":[],"class_list":["post-1694","post","type-post","status-publish","format-standard","has-post-thumbnail","hentry"],"yoast_head":"<!-- This site is optimized with the Yoast SEO plugin v26.5 - https:\/\/yoast.com\/wordpress\/plugins\/seo\/ -->\n<title>Cabo Verde vai investir 48,8 milh\u00f5es nos quatro aeroportos internacionais - Abesata<\/title>\n<meta name=\"robots\" content=\"index, follow, max-snippet:-1, max-image-preview:large, max-video-preview:-1\" \/>\n<link rel=\"canonical\" href=\"https:\/\/www.abesata.org\/br\/cabo-verde-vai-investir-488-milhoes-nos-quatro-aeroportos-internacionais\/\" \/>\n<meta property=\"og:locale\" content=\"pt_BR\" \/>\n<meta property=\"og:type\" content=\"article\" \/>\n<meta property=\"og:title\" content=\"Cabo Verde vai investir 48,8 milh\u00f5es nos quatro aeroportos internacionais - Abesata\" \/>\n<meta property=\"og:description\" content=\"O an\u00fancio foi feito hoje pelo ministro D\u00e9mis Lobo Almeida, para dar conta das decis\u00f5es tomadas a este respeito no Conselho de Ministros de quinta-feira, indicando que a maior fatia do bolo (32 milh\u00f5es de euros) vai para a amplia\u00e7\u00e3o do Aeroporto Internacional Nelson Mandela, na Cidade da Praia. Segue-se a moderniza\u00e7\u00e3o do Aeroporto Internacional [&hellip;]\" \/>\n<meta property=\"og:url\" content=\"https:\/\/www.abesata.org\/br\/cabo-verde-vai-investir-488-milhoes-nos-quatro-aeroportos-internacionais\/\" \/>\n<meta property=\"og:site_name\" content=\"Abesata\" \/>\n<meta property=\"article:publisher\" content=\"https:\/\/www.facebook.com\/abesata.org\/\" \/>\n<meta property=\"article:published_time\" content=\"2014-10-21T15:24:36+00:00\" \/>\n<meta property=\"og:image\" content=\"https:\/\/www.abesata.org\/br\/wp-content\/uploads\/2014\/07\/9.png\" \/>\n\t<meta property=\"og:image:width\" content=\"1022\" \/>\n\t<meta property=\"og:image:height\" content=\"336\" \/>\n\t<meta property=\"og:image:type\" content=\"image\/png\" \/>\n<meta name=\"author\" content=\"Ricardo\" \/>\n<meta name=\"twitter:card\" content=\"summary_large_image\" \/>\n<meta name=\"twitter:label1\" content=\"Escrito por\" \/>\n\t<meta name=\"twitter:data1\" content=\"Ricardo\" \/>\n\t<meta name=\"twitter:label2\" content=\"Est. tempo de leitura\" \/>\n\t<meta name=\"twitter:data2\" content=\"2 minutos\" \/>\n<script type=\"application\/ld+json\" class=\"yoast-schema-graph\">{\"@context\":\"https:\/\/schema.org\",\"@graph\":[{\"@type\":\"Article\",\"@id\":\"https:\/\/www.abesata.org\/br\/cabo-verde-vai-investir-488-milhoes-nos-quatro-aeroportos-internacionais\/#article\",\"isPartOf\":{\"@id\":\"https:\/\/www.abesata.org\/br\/cabo-verde-vai-investir-488-milhoes-nos-quatro-aeroportos-internacionais\/\"},\"author\":{\"name\":\"Ricardo\",\"@id\":\"https:\/\/www.abesata.org\/br\/#\/schema\/person\/1f1295145bee68e42ffe39157320456b\"},\"headline\":\"Cabo Verde vai investir 48,8 milh\u00f5es nos quatro aeroportos internacionais\",\"datePublished\":\"2014-10-21T15:24:36+00:00\",\"mainEntityOfPage\":{\"@id\":\"https:\/\/www.abesata.org\/br\/cabo-verde-vai-investir-488-milhoes-nos-quatro-aeroportos-internacionais\/\"},\"wordCount\":433,\"publisher\":{\"@id\":\"https:\/\/www.abesata.org\/br\/#organization\"},\"image\":{\"@id\":\"https:\/\/www.abesata.org\/br\/cabo-verde-vai-investir-488-milhoes-nos-quatro-aeroportos-internacionais\/#primaryimage\"},\"thumbnailUrl\":\"https:\/\/www.abesata.org\/br\/wp-content\/uploads\/2014\/07\/9.png\",\"inLanguage\":\"pt-BR\"},{\"@type\":\"WebPage\",\"@id\":\"https:\/\/www.abesata.org\/br\/cabo-verde-vai-investir-488-milhoes-nos-quatro-aeroportos-internacionais\/\",\"url\":\"https:\/\/www.abesata.org\/br\/cabo-verde-vai-investir-488-milhoes-nos-quatro-aeroportos-internacionais\/\",\"name\":\"Cabo Verde vai investir 48,8 milh\u00f5es nos quatro aeroportos internacionais - Abesata\",\"isPartOf\":{\"@id\":\"https:\/\/www.abesata.org\/br\/#website\"},\"primaryImageOfPage\":{\"@id\":\"https:\/\/www.abesata.org\/br\/cabo-verde-vai-investir-488-milhoes-nos-quatro-aeroportos-internacionais\/#primaryimage\"},\"image\":{\"@id\":\"https:\/\/www.abesata.org\/br\/cabo-verde-vai-investir-488-milhoes-nos-quatro-aeroportos-internacionais\/#primaryimage\"},\"thumbnailUrl\":\"https:\/\/www.abesata.org\/br\/wp-content\/uploads\/2014\/07\/9.png\",\"datePublished\":\"2014-10-21T15:24:36+00:00\",\"breadcrumb\":{\"@id\":\"https:\/\/www.abesata.org\/br\/cabo-verde-vai-investir-488-milhoes-nos-quatro-aeroportos-internacionais\/#breadcrumb\"},\"inLanguage\":\"pt-BR\",\"potentialAction\":[{\"@type\":\"ReadAction\",\"target\":[\"https:\/\/www.abesata.org\/br\/cabo-verde-vai-investir-488-milhoes-nos-quatro-aeroportos-internacionais\/\"]}]},{\"@type\":\"ImageObject\",\"inLanguage\":\"pt-BR\",\"@id\":\"https:\/\/www.abesata.org\/br\/cabo-verde-vai-investir-488-milhoes-nos-quatro-aeroportos-internacionais\/#primaryimage\",\"url\":\"https:\/\/www.abesata.org\/br\/wp-content\/uploads\/2014\/07\/9.png\",\"contentUrl\":\"https:\/\/www.abesata.org\/br\/wp-content\/uploads\/2014\/07\/9.png\",\"width\":1022,\"height\":336},{\"@type\":\"BreadcrumbList\",\"@id\":\"https:\/\/www.abesata.org\/br\/cabo-verde-vai-investir-488-milhoes-nos-quatro-aeroportos-internacionais\/#breadcrumb\",\"itemListElement\":[{\"@type\":\"ListItem\",\"position\":1,\"name\":\"In\u00edcio\",\"item\":\"https:\/\/www.abesata.org\/br\/\"},{\"@type\":\"ListItem\",\"position\":2,\"name\":\"Cabo Verde vai investir 48,8 milh\u00f5es nos quatro aeroportos internacionais\"}]},{\"@type\":\"WebSite\",\"@id\":\"https:\/\/www.abesata.org\/br\/#website\",\"url\":\"https:\/\/www.abesata.org\/br\/\",\"name\":\"Abesata\",\"description\":\"Associa\u00e7\u00e3o Brasileira das Empresas de Servi\u00e7os Auxiliares de Transporte A\u00e9reo\",\"publisher\":{\"@id\":\"https:\/\/www.abesata.org\/br\/#organization\"},\"potentialAction\":[{\"@type\":\"SearchAction\",\"target\":{\"@type\":\"EntryPoint\",\"urlTemplate\":\"https:\/\/www.abesata.org\/br\/?s={search_term_string}\"},\"query-input\":{\"@type\":\"PropertyValueSpecification\",\"valueRequired\":true,\"valueName\":\"search_term_string\"}}],\"inLanguage\":\"pt-BR\"},{\"@type\":\"Organization\",\"@id\":\"https:\/\/www.abesata.org\/br\/#organization\",\"name\":\"Associa\u00e7\u00e3o Brasileira das Empresas de Servi\u00e7os Auxiliares de Transporte A\u00e9reo\",\"alternateName\":\"Abesata\",\"url\":\"https:\/\/www.abesata.org\/br\/\",\"logo\":{\"@type\":\"ImageObject\",\"inLanguage\":\"pt-BR\",\"@id\":\"https:\/\/www.abesata.org\/br\/#\/schema\/logo\/image\/\",\"url\":\"https:\/\/www.abesata.org\/br\/wp-content\/uploads\/2023\/10\/Abesata.png\",\"contentUrl\":\"https:\/\/www.abesata.org\/br\/wp-content\/uploads\/2023\/10\/Abesata.png\",\"width\":1063,\"height\":591,\"caption\":\"Associa\u00e7\u00e3o Brasileira das Empresas de Servi\u00e7os Auxiliares de Transporte A\u00e9reo\"},\"image\":{\"@id\":\"https:\/\/www.abesata.org\/br\/#\/schema\/logo\/image\/\"},\"sameAs\":[\"https:\/\/www.facebook.com\/abesata.org\/\",\"https:\/\/www.instagram.com\/abesata_gh\/\",\"https:\/\/br.linkedin.com\/company\/abesata\"]},{\"@type\":\"Person\",\"@id\":\"https:\/\/www.abesata.org\/br\/#\/schema\/person\/1f1295145bee68e42ffe39157320456b\",\"name\":\"Ricardo\",\"image\":{\"@type\":\"ImageObject\",\"inLanguage\":\"pt-BR\",\"@id\":\"https:\/\/www.abesata.org\/br\/#\/schema\/person\/image\/\",\"url\":\"https:\/\/secure.gravatar.com\/avatar\/1d856797eb89513dee321f840c1a6bbcec15beb178c003e50adcf59323b3a8a9?s=96&d=mm&r=g\",\"contentUrl\":\"https:\/\/secure.gravatar.com\/avatar\/1d856797eb89513dee321f840c1a6bbcec15beb178c003e50adcf59323b3a8a9?s=96&d=mm&r=g\",\"caption\":\"Ricardo\"},\"url\":\"https:\/\/www.abesata.org\/br\/author\/ricardo-baroni\/\"}]}<\/script>\n<!-- \/ Yoast SEO plugin. -->","yoast_head_json":{"title":"Cabo Verde vai investir 48,8 milh\u00f5es nos quatro aeroportos internacionais - Abesata","robots":{"index":"index","follow":"follow","max-snippet":"max-snippet:-1","max-image-preview":"max-image-preview:large","max-video-preview":"max-video-preview:-1"},"canonical":"https:\/\/www.abesata.org\/br\/cabo-verde-vai-investir-488-milhoes-nos-quatro-aeroportos-internacionais\/","og_locale":"pt_BR","og_type":"article","og_title":"Cabo Verde vai investir 48,8 milh\u00f5es nos quatro aeroportos internacionais - Abesata","og_description":"O an\u00fancio foi feito hoje pelo ministro D\u00e9mis Lobo Almeida, para dar conta das decis\u00f5es tomadas a este respeito no Conselho de Ministros de quinta-feira, indicando que a maior fatia do bolo (32 milh\u00f5es de euros) vai para a amplia\u00e7\u00e3o do Aeroporto Internacional Nelson Mandela, na Cidade da Praia. Segue-se a moderniza\u00e7\u00e3o do Aeroporto Internacional [&hellip;]","og_url":"https:\/\/www.abesata.org\/br\/cabo-verde-vai-investir-488-milhoes-nos-quatro-aeroportos-internacionais\/","og_site_name":"Abesata","article_publisher":"https:\/\/www.facebook.com\/abesata.org\/","article_published_time":"2014-10-21T15:24:36+00:00","og_image":[{"width":1022,"height":336,"url":"https:\/\/www.abesata.org\/br\/wp-content\/uploads\/2014\/07\/9.png","type":"image\/png"}],"author":"Ricardo","twitter_card":"summary_large_image","twitter_misc":{"Escrito por":"Ricardo","Est. tempo de leitura":"2 minutos"},"schema":{"@context":"https:\/\/schema.org","@graph":[{"@type":"Article","@id":"https:\/\/www.abesata.org\/br\/cabo-verde-vai-investir-488-milhoes-nos-quatro-aeroportos-internacionais\/#article","isPartOf":{"@id":"https:\/\/www.abesata.org\/br\/cabo-verde-vai-investir-488-milhoes-nos-quatro-aeroportos-internacionais\/"},"author":{"name":"Ricardo","@id":"https:\/\/www.abesata.org\/br\/#\/schema\/person\/1f1295145bee68e42ffe39157320456b"},"headline":"Cabo Verde vai investir 48,8 milh\u00f5es nos quatro aeroportos internacionais","datePublished":"2014-10-21T15:24:36+00:00","mainEntityOfPage":{"@id":"https:\/\/www.abesata.org\/br\/cabo-verde-vai-investir-488-milhoes-nos-quatro-aeroportos-internacionais\/"},"wordCount":433,"publisher":{"@id":"https:\/\/www.abesata.org\/br\/#organization"},"image":{"@id":"https:\/\/www.abesata.org\/br\/cabo-verde-vai-investir-488-milhoes-nos-quatro-aeroportos-internacionais\/#primaryimage"},"thumbnailUrl":"https:\/\/www.abesata.org\/br\/wp-content\/uploads\/2014\/07\/9.png","inLanguage":"pt-BR"},{"@type":"WebPage","@id":"https:\/\/www.abesata.org\/br\/cabo-verde-vai-investir-488-milhoes-nos-quatro-aeroportos-internacionais\/","url":"https:\/\/www.abesata.org\/br\/cabo-verde-vai-investir-488-milhoes-nos-quatro-aeroportos-internacionais\/","name":"Cabo Verde vai investir 48,8 milh\u00f5es nos quatro aeroportos internacionais - Abesata","isPartOf":{"@id":"https:\/\/www.abesata.org\/br\/#website"},"primaryImageOfPage":{"@id":"https:\/\/www.abesata.org\/br\/cabo-verde-vai-investir-488-milhoes-nos-quatro-aeroportos-internacionais\/#primaryimage"},"image":{"@id":"https:\/\/www.abesata.org\/br\/cabo-verde-vai-investir-488-milhoes-nos-quatro-aeroportos-internacionais\/#primaryimage"},"thumbnailUrl":"https:\/\/www.abesata.org\/br\/wp-content\/uploads\/2014\/07\/9.png","datePublished":"2014-10-21T15:24:36+00:00","breadcrumb":{"@id":"https:\/\/www.abesata.org\/br\/cabo-verde-vai-investir-488-milhoes-nos-quatro-aeroportos-internacionais\/#breadcrumb"},"inLanguage":"pt-BR","potentialAction":[{"@type":"ReadAction","target":["https:\/\/www.abesata.org\/br\/cabo-verde-vai-investir-488-milhoes-nos-quatro-aeroportos-internacionais\/"]}]},{"@type":"ImageObject","inLanguage":"pt-BR","@id":"https:\/\/www.abesata.org\/br\/cabo-verde-vai-investir-488-milhoes-nos-quatro-aeroportos-internacionais\/#primaryimage","url":"https:\/\/www.abesata.org\/br\/wp-content\/uploads\/2014\/07\/9.png","contentUrl":"https:\/\/www.abesata.org\/br\/wp-content\/uploads\/2014\/07\/9.png","width":1022,"height":336},{"@type":"BreadcrumbList","@id":"https:\/\/www.abesata.org\/br\/cabo-verde-vai-investir-488-milhoes-nos-quatro-aeroportos-internacionais\/#breadcrumb","itemListElement":[{"@type":"ListItem","position":1,"name":"In\u00edcio","item":"https:\/\/www.abesata.org\/br\/"},{"@type":"ListItem","position":2,"name":"Cabo Verde vai investir 48,8 milh\u00f5es nos quatro aeroportos internacionais"}]},{"@type":"WebSite","@id":"https:\/\/www.abesata.org\/br\/#website","url":"https:\/\/www.abesata.org\/br\/","name":"Abesata","description":"Associa\u00e7\u00e3o Brasileira das Empresas de Servi\u00e7os Auxiliares de Transporte A\u00e9reo","publisher":{"@id":"https:\/\/www.abesata.org\/br\/#organization"},"potentialAction":[{"@type":"SearchAction","target":{"@type":"EntryPoint","urlTemplate":"https:\/\/www.abesata.org\/br\/?s={search_term_string}"},"query-input":{"@type":"PropertyValueSpecification","valueRequired":true,"valueName":"search_term_string"}}],"inLanguage":"pt-BR"},{"@type":"Organization","@id":"https:\/\/www.abesata.org\/br\/#organization","name":"Associa\u00e7\u00e3o Brasileira das Empresas de Servi\u00e7os Auxiliares de Transporte A\u00e9reo","alternateName":"Abesata","url":"https:\/\/www.abesata.org\/br\/","logo":{"@type":"ImageObject","inLanguage":"pt-BR","@id":"https:\/\/www.abesata.org\/br\/#\/schema\/logo\/image\/","url":"https:\/\/www.abesata.org\/br\/wp-content\/uploads\/2023\/10\/Abesata.png","contentUrl":"https:\/\/www.abesata.org\/br\/wp-content\/uploads\/2023\/10\/Abesata.png","width":1063,"height":591,"caption":"Associa\u00e7\u00e3o Brasileira das Empresas de Servi\u00e7os Auxiliares de Transporte A\u00e9reo"},"image":{"@id":"https:\/\/www.abesata.org\/br\/#\/schema\/logo\/image\/"},"sameAs":["https:\/\/www.facebook.com\/abesata.org\/","https:\/\/www.instagram.com\/abesata_gh\/","https:\/\/br.linkedin.com\/company\/abesata"]},{"@type":"Person","@id":"https:\/\/www.abesata.org\/br\/#\/schema\/person\/1f1295145bee68e42ffe39157320456b","name":"Ricardo","image":{"@type":"ImageObject","inLanguage":"pt-BR","@id":"https:\/\/www.abesata.org\/br\/#\/schema\/person\/image\/","url":"https:\/\/secure.gravatar.com\/avatar\/1d856797eb89513dee321f840c1a6bbcec15beb178c003e50adcf59323b3a8a9?s=96&d=mm&r=g","contentUrl":"https:\/\/secure.gravatar.com\/avatar\/1d856797eb89513dee321f840c1a6bbcec15beb178c003e50adcf59323b3a8a9?s=96&d=mm&r=g","caption":"Ricardo"},"url":"https:\/\/www.abesata.org\/br\/author\/ricardo-baroni\/"}]}},"_links":{"self":[{"href":"https:\/\/www.abesata.org\/br\/wp-json\/wp\/v2\/posts\/1694","targetHints":{"allow":["GET"]}}],"collection":[{"href":"https:\/\/www.abesata.org\/br\/wp-json\/wp\/v2\/posts"}],"about":[{"href":"https:\/\/www.abesata.org\/br\/wp-json\/wp\/v2\/types\/post"}],"author":[{"embeddable":true,"href":"https:\/\/www.abesata.org\/br\/wp-json\/wp\/v2\/users\/18"}],"replies":[{"embeddable":true,"href":"https:\/\/www.abesata.org\/br\/wp-json\/wp\/v2\/comments?post=1694"}],"version-history":[{"count":0,"href":"https:\/\/www.abesata.org\/br\/wp-json\/wp\/v2\/posts\/1694\/revisions"}],"wp:featuredmedia":[{"embeddable":true,"href":"https:\/\/www.abesata.org\/br\/wp-json\/wp\/v2\/media\/941"}],"wp:attachment":[{"href":"https:\/\/www.abesata.org\/br\/wp-json\/wp\/v2\/media?parent=1694"}],"wp:term":[{"taxonomy":"category","embeddable":true,"href":"https:\/\/www.abesata.org\/br\/wp-json\/wp\/v2\/categories?post=1694"},{"taxonomy":"post_tag","embeddable":true,"href":"https:\/\/www.abesata.org\/br\/wp-json\/wp\/v2\/tags?post=1694"}],"curies":[{"name":"wp","href":"https:\/\/api.w.org\/{rel}","templated":true}]}}