{"id":1700,"date":"2014-10-22T16:06:49","date_gmt":"2014-10-22T18:06:49","guid":{"rendered":"http:\/\/www.abesata.org\/?p=1700"},"modified":"2014-10-22T16:06:49","modified_gmt":"2014-10-22T18:06:49","slug":"demanda-por-voos-domesticos-cresce-3-em-setembro","status":"publish","type":"post","link":"https:\/\/www.abesata.org\/br\/demanda-por-voos-domesticos-cresce-3-em-setembro\/","title":{"rendered":"Demanda por voos dom\u00e9sticos cresce 3% em setembro"},"content":{"rendered":"<p>A demanda por voos dom\u00e9sticos entre as integrantes da Associa\u00e7\u00e3o Brasileira das Empresas A\u00e9reas (ABEAR) cresceu 3% em setembro, em rela\u00e7\u00e3o ao mesmo m\u00eas do ano passado. A oferta de assentos, considerando-se AVIANCA, AZUL, GOL e TAM, teve aumento de 1,3% na mesma base de compara\u00e7\u00e3o.<\/p>\n<p>A taxa m\u00e9dia de ocupa\u00e7\u00e3o dos avi\u00f5es, indicador que mostra a efici\u00eancia das companhias a\u00e9reas na busca pelo melhor equil\u00edbrio entre demanda e oferta, ficou em 78,67%, um crescimento de 1,3 ponto percentual na compara\u00e7\u00e3o com setembro de 2013. No acumulado dos nove primeiros meses do ano, o fluxo de passageiros-quil\u00f4metros transportados (da sigla em ingl\u00eas RPK) apresenta alta de 5,4%.<\/p>\n<p>\u201cTemos um cen\u00e1rio de taxa de ocupa\u00e7\u00e3o melhor com rentabilidade menor, porque o tr\u00e1fego corporativo n\u00e3o est\u00e1 como esper\u00e1vamos\u201d, afirmou o presidente da ABEAR, Eduardo Sanovicz. \u201cO segmento corporativo est\u00e1 refletindo o cen\u00e1rio geral da economia, que \u00e9 um reflexo do cen\u00e1rio pol\u00edtico. Como conectamos o pa\u00eds inteiro, h\u00e1 um conjunto de \u00e1reas muito grande no pa\u00eds onde as decis\u00f5es corporativas de investimento s\u00e3o tomadas depois das decis\u00f5es federais\u201d, acrescentou o executivo.<\/p>\n<p>Apenas em setembro, foram 6,7 milh\u00f5es de passageiros embarcados pelas integrantes da ABEAR, que respondem por 99% da demanda dom\u00e9stica. Esse volume foi 3,8% superior ao verificado no mesmo per\u00edodo de 2013. No ano, j\u00e1 s\u00e3o 59,1 milh\u00f5es de usu\u00e1rios do transporte a\u00e9reo, ou 3,7% a mais do que o total registrado de janeiro a setembro do ano passado.<\/p>\n<p><strong>Internacional<\/strong><\/p>\n<p>A demanda por voos ao exterior teve alta de 8,7% em setembro, ante igual m\u00eas de 2013, com expans\u00e3o de 1,8% na oferta, na mesma base de compara\u00e7\u00e3o. O aproveitamento m\u00e9dio dos avi\u00f5es foi de 86,7%, um aumento de 5,5 pontos percentuais em rela\u00e7\u00e3o ao mesmo m\u00eas do ano passado.<\/p>\n<p style=\"text-align: right;\">Fonte: ABEAR<br \/>\n21\/10\/2014<\/p>\n","protected":false},"excerpt":{"rendered":"<p>A demanda por voos dom\u00e9sticos entre as integrantes da Associa\u00e7\u00e3o Brasileira das Empresas A\u00e9reas (ABEAR) cresceu 3% em setembro, em rela\u00e7\u00e3o ao mesmo m\u00eas do ano passado. A oferta de assentos, considerando-se AVIANCA, AZUL, GOL e TAM, teve aumento de 1,3% na mesma base de compara\u00e7\u00e3o. A taxa m\u00e9dia de ocupa\u00e7\u00e3o dos avi\u00f5es, indicador que [&hellip;]<\/p>\n","protected":false},"author":18,"featured_media":1701,"comment_status":"closed","ping_status":"closed","sticky":false,"template":"","format":"standard","meta":{"footnotes":""},"categories":[],"tags":[],"class_list":["post-1700","post","type-post","status-publish","format-standard","has-post-thumbnail","hentry"],"yoast_head":"<!-- This site is optimized with the Yoast SEO plugin v26.5 - https:\/\/yoast.com\/wordpress\/plugins\/seo\/ -->\n<title>Demanda por voos dom\u00e9sticos cresce 3% em setembro - Abesata<\/title>\n<meta name=\"robots\" content=\"index, follow, max-snippet:-1, max-image-preview:large, max-video-preview:-1\" \/>\n<link rel=\"canonical\" href=\"https:\/\/www.abesata.org\/br\/demanda-por-voos-domesticos-cresce-3-em-setembro\/\" \/>\n<meta property=\"og:locale\" content=\"pt_BR\" \/>\n<meta property=\"og:type\" content=\"article\" \/>\n<meta property=\"og:title\" content=\"Demanda por voos dom\u00e9sticos cresce 3% em setembro - Abesata\" \/>\n<meta property=\"og:description\" content=\"A demanda por voos dom\u00e9sticos entre as integrantes da Associa\u00e7\u00e3o Brasileira das Empresas A\u00e9reas (ABEAR) cresceu 3% em setembro, em rela\u00e7\u00e3o ao mesmo m\u00eas do ano passado. A oferta de assentos, considerando-se AVIANCA, AZUL, GOL e TAM, teve aumento de 1,3% na mesma base de compara\u00e7\u00e3o. A taxa m\u00e9dia de ocupa\u00e7\u00e3o dos avi\u00f5es, indicador que [&hellip;]\" \/>\n<meta property=\"og:url\" content=\"https:\/\/www.abesata.org\/br\/demanda-por-voos-domesticos-cresce-3-em-setembro\/\" \/>\n<meta property=\"og:site_name\" content=\"Abesata\" \/>\n<meta property=\"article:publisher\" content=\"https:\/\/www.facebook.com\/abesata.org\/\" \/>\n<meta property=\"article:published_time\" content=\"2014-10-22T18:06:49+00:00\" \/>\n<meta property=\"og:image\" content=\"https:\/\/www.abesata.org\/br\/wp-content\/uploads\/2014\/10\/29.png\" \/>\n\t<meta property=\"og:image:width\" content=\"1707\" \/>\n\t<meta property=\"og:image:height\" content=\"560\" \/>\n\t<meta property=\"og:image:type\" content=\"image\/png\" \/>\n<meta name=\"author\" content=\"Ricardo\" \/>\n<meta name=\"twitter:card\" content=\"summary_large_image\" \/>\n<meta name=\"twitter:label1\" content=\"Escrito por\" \/>\n\t<meta name=\"twitter:data1\" content=\"Ricardo\" \/>\n\t<meta name=\"twitter:label2\" content=\"Est. tempo de leitura\" \/>\n\t<meta name=\"twitter:data2\" content=\"2 minutos\" \/>\n<script type=\"application\/ld+json\" class=\"yoast-schema-graph\">{\"@context\":\"https:\/\/schema.org\",\"@graph\":[{\"@type\":\"Article\",\"@id\":\"https:\/\/www.abesata.org\/br\/demanda-por-voos-domesticos-cresce-3-em-setembro\/#article\",\"isPartOf\":{\"@id\":\"https:\/\/www.abesata.org\/br\/demanda-por-voos-domesticos-cresce-3-em-setembro\/\"},\"author\":{\"name\":\"Ricardo\",\"@id\":\"https:\/\/www.abesata.org\/br\/#\/schema\/person\/1f1295145bee68e42ffe39157320456b\"},\"headline\":\"Demanda por voos dom\u00e9sticos cresce 3% em setembro\",\"datePublished\":\"2014-10-22T18:06:49+00:00\",\"mainEntityOfPage\":{\"@id\":\"https:\/\/www.abesata.org\/br\/demanda-por-voos-domesticos-cresce-3-em-setembro\/\"},\"wordCount\":323,\"publisher\":{\"@id\":\"https:\/\/www.abesata.org\/br\/#organization\"},\"image\":{\"@id\":\"https:\/\/www.abesata.org\/br\/demanda-por-voos-domesticos-cresce-3-em-setembro\/#primaryimage\"},\"thumbnailUrl\":\"https:\/\/www.abesata.org\/br\/wp-content\/uploads\/2014\/10\/29.png\",\"inLanguage\":\"pt-BR\"},{\"@type\":\"WebPage\",\"@id\":\"https:\/\/www.abesata.org\/br\/demanda-por-voos-domesticos-cresce-3-em-setembro\/\",\"url\":\"https:\/\/www.abesata.org\/br\/demanda-por-voos-domesticos-cresce-3-em-setembro\/\",\"name\":\"Demanda por voos dom\u00e9sticos cresce 3% em setembro - Abesata\",\"isPartOf\":{\"@id\":\"https:\/\/www.abesata.org\/br\/#website\"},\"primaryImageOfPage\":{\"@id\":\"https:\/\/www.abesata.org\/br\/demanda-por-voos-domesticos-cresce-3-em-setembro\/#primaryimage\"},\"image\":{\"@id\":\"https:\/\/www.abesata.org\/br\/demanda-por-voos-domesticos-cresce-3-em-setembro\/#primaryimage\"},\"thumbnailUrl\":\"https:\/\/www.abesata.org\/br\/wp-content\/uploads\/2014\/10\/29.png\",\"datePublished\":\"2014-10-22T18:06:49+00:00\",\"breadcrumb\":{\"@id\":\"https:\/\/www.abesata.org\/br\/demanda-por-voos-domesticos-cresce-3-em-setembro\/#breadcrumb\"},\"inLanguage\":\"pt-BR\",\"potentialAction\":[{\"@type\":\"ReadAction\",\"target\":[\"https:\/\/www.abesata.org\/br\/demanda-por-voos-domesticos-cresce-3-em-setembro\/\"]}]},{\"@type\":\"ImageObject\",\"inLanguage\":\"pt-BR\",\"@id\":\"https:\/\/www.abesata.org\/br\/demanda-por-voos-domesticos-cresce-3-em-setembro\/#primaryimage\",\"url\":\"https:\/\/www.abesata.org\/br\/wp-content\/uploads\/2014\/10\/29.png\",\"contentUrl\":\"https:\/\/www.abesata.org\/br\/wp-content\/uploads\/2014\/10\/29.png\",\"width\":1707,\"height\":560},{\"@type\":\"BreadcrumbList\",\"@id\":\"https:\/\/www.abesata.org\/br\/demanda-por-voos-domesticos-cresce-3-em-setembro\/#breadcrumb\",\"itemListElement\":[{\"@type\":\"ListItem\",\"position\":1,\"name\":\"In\u00edcio\",\"item\":\"https:\/\/www.abesata.org\/br\/\"},{\"@type\":\"ListItem\",\"position\":2,\"name\":\"Demanda por voos dom\u00e9sticos cresce 3% em setembro\"}]},{\"@type\":\"WebSite\",\"@id\":\"https:\/\/www.abesata.org\/br\/#website\",\"url\":\"https:\/\/www.abesata.org\/br\/\",\"name\":\"Abesata\",\"description\":\"Associa\u00e7\u00e3o Brasileira das Empresas de Servi\u00e7os Auxiliares de Transporte A\u00e9reo\",\"publisher\":{\"@id\":\"https:\/\/www.abesata.org\/br\/#organization\"},\"potentialAction\":[{\"@type\":\"SearchAction\",\"target\":{\"@type\":\"EntryPoint\",\"urlTemplate\":\"https:\/\/www.abesata.org\/br\/?s={search_term_string}\"},\"query-input\":{\"@type\":\"PropertyValueSpecification\",\"valueRequired\":true,\"valueName\":\"search_term_string\"}}],\"inLanguage\":\"pt-BR\"},{\"@type\":\"Organization\",\"@id\":\"https:\/\/www.abesata.org\/br\/#organization\",\"name\":\"Associa\u00e7\u00e3o Brasileira das Empresas de Servi\u00e7os Auxiliares de Transporte A\u00e9reo\",\"alternateName\":\"Abesata\",\"url\":\"https:\/\/www.abesata.org\/br\/\",\"logo\":{\"@type\":\"ImageObject\",\"inLanguage\":\"pt-BR\",\"@id\":\"https:\/\/www.abesata.org\/br\/#\/schema\/logo\/image\/\",\"url\":\"https:\/\/www.abesata.org\/br\/wp-content\/uploads\/2023\/10\/Abesata.png\",\"contentUrl\":\"https:\/\/www.abesata.org\/br\/wp-content\/uploads\/2023\/10\/Abesata.png\",\"width\":1063,\"height\":591,\"caption\":\"Associa\u00e7\u00e3o Brasileira das Empresas de Servi\u00e7os Auxiliares de Transporte A\u00e9reo\"},\"image\":{\"@id\":\"https:\/\/www.abesata.org\/br\/#\/schema\/logo\/image\/\"},\"sameAs\":[\"https:\/\/www.facebook.com\/abesata.org\/\",\"https:\/\/www.instagram.com\/abesata_gh\/\",\"https:\/\/br.linkedin.com\/company\/abesata\"]},{\"@type\":\"Person\",\"@id\":\"https:\/\/www.abesata.org\/br\/#\/schema\/person\/1f1295145bee68e42ffe39157320456b\",\"name\":\"Ricardo\",\"image\":{\"@type\":\"ImageObject\",\"inLanguage\":\"pt-BR\",\"@id\":\"https:\/\/www.abesata.org\/br\/#\/schema\/person\/image\/\",\"url\":\"https:\/\/secure.gravatar.com\/avatar\/1d856797eb89513dee321f840c1a6bbcec15beb178c003e50adcf59323b3a8a9?s=96&d=mm&r=g\",\"contentUrl\":\"https:\/\/secure.gravatar.com\/avatar\/1d856797eb89513dee321f840c1a6bbcec15beb178c003e50adcf59323b3a8a9?s=96&d=mm&r=g\",\"caption\":\"Ricardo\"},\"url\":\"https:\/\/www.abesata.org\/br\/author\/ricardo-baroni\/\"}]}<\/script>\n<!-- \/ Yoast SEO plugin. -->","yoast_head_json":{"title":"Demanda por voos dom\u00e9sticos cresce 3% em setembro - Abesata","robots":{"index":"index","follow":"follow","max-snippet":"max-snippet:-1","max-image-preview":"max-image-preview:large","max-video-preview":"max-video-preview:-1"},"canonical":"https:\/\/www.abesata.org\/br\/demanda-por-voos-domesticos-cresce-3-em-setembro\/","og_locale":"pt_BR","og_type":"article","og_title":"Demanda por voos dom\u00e9sticos cresce 3% em setembro - Abesata","og_description":"A demanda por voos dom\u00e9sticos entre as integrantes da Associa\u00e7\u00e3o Brasileira das Empresas A\u00e9reas (ABEAR) cresceu 3% em setembro, em rela\u00e7\u00e3o ao mesmo m\u00eas do ano passado. A oferta de assentos, considerando-se AVIANCA, AZUL, GOL e TAM, teve aumento de 1,3% na mesma base de compara\u00e7\u00e3o. A taxa m\u00e9dia de ocupa\u00e7\u00e3o dos avi\u00f5es, indicador que [&hellip;]","og_url":"https:\/\/www.abesata.org\/br\/demanda-por-voos-domesticos-cresce-3-em-setembro\/","og_site_name":"Abesata","article_publisher":"https:\/\/www.facebook.com\/abesata.org\/","article_published_time":"2014-10-22T18:06:49+00:00","og_image":[{"width":1707,"height":560,"url":"https:\/\/www.abesata.org\/br\/wp-content\/uploads\/2014\/10\/29.png","type":"image\/png"}],"author":"Ricardo","twitter_card":"summary_large_image","twitter_misc":{"Escrito por":"Ricardo","Est. tempo de leitura":"2 minutos"},"schema":{"@context":"https:\/\/schema.org","@graph":[{"@type":"Article","@id":"https:\/\/www.abesata.org\/br\/demanda-por-voos-domesticos-cresce-3-em-setembro\/#article","isPartOf":{"@id":"https:\/\/www.abesata.org\/br\/demanda-por-voos-domesticos-cresce-3-em-setembro\/"},"author":{"name":"Ricardo","@id":"https:\/\/www.abesata.org\/br\/#\/schema\/person\/1f1295145bee68e42ffe39157320456b"},"headline":"Demanda por voos dom\u00e9sticos cresce 3% em setembro","datePublished":"2014-10-22T18:06:49+00:00","mainEntityOfPage":{"@id":"https:\/\/www.abesata.org\/br\/demanda-por-voos-domesticos-cresce-3-em-setembro\/"},"wordCount":323,"publisher":{"@id":"https:\/\/www.abesata.org\/br\/#organization"},"image":{"@id":"https:\/\/www.abesata.org\/br\/demanda-por-voos-domesticos-cresce-3-em-setembro\/#primaryimage"},"thumbnailUrl":"https:\/\/www.abesata.org\/br\/wp-content\/uploads\/2014\/10\/29.png","inLanguage":"pt-BR"},{"@type":"WebPage","@id":"https:\/\/www.abesata.org\/br\/demanda-por-voos-domesticos-cresce-3-em-setembro\/","url":"https:\/\/www.abesata.org\/br\/demanda-por-voos-domesticos-cresce-3-em-setembro\/","name":"Demanda por voos dom\u00e9sticos cresce 3% em setembro - Abesata","isPartOf":{"@id":"https:\/\/www.abesata.org\/br\/#website"},"primaryImageOfPage":{"@id":"https:\/\/www.abesata.org\/br\/demanda-por-voos-domesticos-cresce-3-em-setembro\/#primaryimage"},"image":{"@id":"https:\/\/www.abesata.org\/br\/demanda-por-voos-domesticos-cresce-3-em-setembro\/#primaryimage"},"thumbnailUrl":"https:\/\/www.abesata.org\/br\/wp-content\/uploads\/2014\/10\/29.png","datePublished":"2014-10-22T18:06:49+00:00","breadcrumb":{"@id":"https:\/\/www.abesata.org\/br\/demanda-por-voos-domesticos-cresce-3-em-setembro\/#breadcrumb"},"inLanguage":"pt-BR","potentialAction":[{"@type":"ReadAction","target":["https:\/\/www.abesata.org\/br\/demanda-por-voos-domesticos-cresce-3-em-setembro\/"]}]},{"@type":"ImageObject","inLanguage":"pt-BR","@id":"https:\/\/www.abesata.org\/br\/demanda-por-voos-domesticos-cresce-3-em-setembro\/#primaryimage","url":"https:\/\/www.abesata.org\/br\/wp-content\/uploads\/2014\/10\/29.png","contentUrl":"https:\/\/www.abesata.org\/br\/wp-content\/uploads\/2014\/10\/29.png","width":1707,"height":560},{"@type":"BreadcrumbList","@id":"https:\/\/www.abesata.org\/br\/demanda-por-voos-domesticos-cresce-3-em-setembro\/#breadcrumb","itemListElement":[{"@type":"ListItem","position":1,"name":"In\u00edcio","item":"https:\/\/www.abesata.org\/br\/"},{"@type":"ListItem","position":2,"name":"Demanda por voos dom\u00e9sticos cresce 3% em setembro"}]},{"@type":"WebSite","@id":"https:\/\/www.abesata.org\/br\/#website","url":"https:\/\/www.abesata.org\/br\/","name":"Abesata","description":"Associa\u00e7\u00e3o Brasileira das Empresas de Servi\u00e7os Auxiliares de Transporte A\u00e9reo","publisher":{"@id":"https:\/\/www.abesata.org\/br\/#organization"},"potentialAction":[{"@type":"SearchAction","target":{"@type":"EntryPoint","urlTemplate":"https:\/\/www.abesata.org\/br\/?s={search_term_string}"},"query-input":{"@type":"PropertyValueSpecification","valueRequired":true,"valueName":"search_term_string"}}],"inLanguage":"pt-BR"},{"@type":"Organization","@id":"https:\/\/www.abesata.org\/br\/#organization","name":"Associa\u00e7\u00e3o Brasileira das Empresas de Servi\u00e7os Auxiliares de Transporte A\u00e9reo","alternateName":"Abesata","url":"https:\/\/www.abesata.org\/br\/","logo":{"@type":"ImageObject","inLanguage":"pt-BR","@id":"https:\/\/www.abesata.org\/br\/#\/schema\/logo\/image\/","url":"https:\/\/www.abesata.org\/br\/wp-content\/uploads\/2023\/10\/Abesata.png","contentUrl":"https:\/\/www.abesata.org\/br\/wp-content\/uploads\/2023\/10\/Abesata.png","width":1063,"height":591,"caption":"Associa\u00e7\u00e3o Brasileira das Empresas de Servi\u00e7os Auxiliares de Transporte A\u00e9reo"},"image":{"@id":"https:\/\/www.abesata.org\/br\/#\/schema\/logo\/image\/"},"sameAs":["https:\/\/www.facebook.com\/abesata.org\/","https:\/\/www.instagram.com\/abesata_gh\/","https:\/\/br.linkedin.com\/company\/abesata"]},{"@type":"Person","@id":"https:\/\/www.abesata.org\/br\/#\/schema\/person\/1f1295145bee68e42ffe39157320456b","name":"Ricardo","image":{"@type":"ImageObject","inLanguage":"pt-BR","@id":"https:\/\/www.abesata.org\/br\/#\/schema\/person\/image\/","url":"https:\/\/secure.gravatar.com\/avatar\/1d856797eb89513dee321f840c1a6bbcec15beb178c003e50adcf59323b3a8a9?s=96&d=mm&r=g","contentUrl":"https:\/\/secure.gravatar.com\/avatar\/1d856797eb89513dee321f840c1a6bbcec15beb178c003e50adcf59323b3a8a9?s=96&d=mm&r=g","caption":"Ricardo"},"url":"https:\/\/www.abesata.org\/br\/author\/ricardo-baroni\/"}]}},"_links":{"self":[{"href":"https:\/\/www.abesata.org\/br\/wp-json\/wp\/v2\/posts\/1700","targetHints":{"allow":["GET"]}}],"collection":[{"href":"https:\/\/www.abesata.org\/br\/wp-json\/wp\/v2\/posts"}],"about":[{"href":"https:\/\/www.abesata.org\/br\/wp-json\/wp\/v2\/types\/post"}],"author":[{"embeddable":true,"href":"https:\/\/www.abesata.org\/br\/wp-json\/wp\/v2\/users\/18"}],"replies":[{"embeddable":true,"href":"https:\/\/www.abesata.org\/br\/wp-json\/wp\/v2\/comments?post=1700"}],"version-history":[{"count":0,"href":"https:\/\/www.abesata.org\/br\/wp-json\/wp\/v2\/posts\/1700\/revisions"}],"wp:featuredmedia":[{"embeddable":true,"href":"https:\/\/www.abesata.org\/br\/wp-json\/wp\/v2\/media\/1701"}],"wp:attachment":[{"href":"https:\/\/www.abesata.org\/br\/wp-json\/wp\/v2\/media?parent=1700"}],"wp:term":[{"taxonomy":"category","embeddable":true,"href":"https:\/\/www.abesata.org\/br\/wp-json\/wp\/v2\/categories?post=1700"},{"taxonomy":"post_tag","embeddable":true,"href":"https:\/\/www.abesata.org\/br\/wp-json\/wp\/v2\/tags?post=1700"}],"curies":[{"name":"wp","href":"https:\/\/api.w.org\/{rel}","templated":true}]}}