{"id":17003,"date":"2023-11-21T17:22:51","date_gmt":"2023-11-21T20:22:51","guid":{"rendered":"https:\/\/www.abesata.org\/br\/?p=17003"},"modified":"2024-06-19T15:58:53","modified_gmt":"2024-06-19T18:58:53","slug":"certificacao-cres-chama-atencao-do-mercado-internacional","status":"publish","type":"post","link":"https:\/\/www.abesata.org\/br\/certificacao-cres-chama-atencao-do-mercado-internacional\/","title":{"rendered":"Certifica\u00e7\u00e3o CRES chama aten\u00e7\u00e3o do mercado internacional"},"content":{"rendered":"\n<p class=\"has-small-font-size wp-block-paragraph\">(Reprodu\u00e7\u00e3o\/Aviaci\u00f3n Online)<\/p>\n\n\n\n<p class=\"wp-block-paragraph\">No fim de outubro, durante o f\u00f3rum da ALTA (Associa\u00e7\u00e3o Latino-Americana e do Caribe de Transporte A\u00e9reo), sediado em Canc\u00fan, no M\u00e9xico, o programa de certifica\u00e7\u00e3o CRES (Certificado de Regularidade em Servi\u00e7os Auxiliares ao Transporte A\u00e9reo) chamou a aten\u00e7\u00e3o de players internacionais, como companhias a\u00e9reas e provedores de servi\u00e7os em solo.<\/p>\n\n\n\n<p class=\"wp-block-paragraph\">Na ocasi\u00e3o, Elber Biondi, Diretor Jur\u00eddico da dnata para Am\u00e9rica Latina, representou a ABESATA ao apresentar o programa. Segundo ele, a conex\u00e3o da sa\u00fade financeira da empresa com a seguran\u00e7a operacional foi o grande destaque da certifica\u00e7\u00e3o independente. Das entidades presentes, as associa\u00e7\u00f5es de empresas a\u00e9reas do Equador e do M\u00e9xico foram as que mais demonstraram interesse na certifica\u00e7\u00e3o brasileira.<\/p>\n\n\n\n<p class=\"wp-block-paragraph\">Criado h\u00e1 um ano, o CRES j\u00e1 conta com 11 empresas certificadas e est\u00e1 presente em mais de 60% dos aeroportos brasileiros. Al\u00e9m disso, j\u00e1 s\u00e3o 18 aeroportos com acordos assinados para dar prefer\u00eancia \u00e0 contrata\u00e7\u00e3o de empresas que possuem a certifica\u00e7\u00e3o.<\/p>\n\n\n\n<p class=\"wp-block-paragraph\">Confira a mat\u00e9ria na \u00edntegra em <a href=\"https:\/\/aeroin.net\/certificacao-de-empresas-de-ground-handling-no-brasil-chama-atencao-do-mercado-internacional\/\">AeroIn<\/a><\/p>\n","protected":false},"excerpt":{"rendered":"<p>(Reprodu\u00e7\u00e3o\/Aviaci\u00f3n Online) No fim de outubro, durante o f\u00f3rum da ALTA (Associa\u00e7\u00e3o Latino-Americana e do Caribe de Transporte A\u00e9reo), sediado em Canc\u00fan, no M\u00e9xico, o programa de certifica\u00e7\u00e3o CRES (Certificado de Regularidade em Servi\u00e7os Auxiliares ao Transporte A\u00e9reo) chamou a aten\u00e7\u00e3o de players internacionais, como companhias a\u00e9reas e provedores de servi\u00e7os em solo. Na ocasi\u00e3o, [&hellip;]<\/p>\n","protected":false},"author":135,"featured_media":17004,"comment_status":"closed","ping_status":"closed","sticky":false,"template":"","format":"standard","meta":{"footnotes":""},"categories":[294],"tags":[12,156,58,140,59],"class_list":["post-17003","post","type-post","status-publish","format-standard","has-post-thumbnail","hentry","category-noticias","tag-abesata","tag-alta","tag-cres","tag-dnata","tag-ground-handling"],"yoast_head":"<!-- This site is optimized with the Yoast SEO plugin v28.1 - https:\/\/yoast.com\/product\/yoast-seo-wordpress\/ -->\n<title>Certifica\u00e7\u00e3o CRES chama aten\u00e7\u00e3o do mercado internacional - Abesata<\/title>\n<meta name=\"description\" content=\"o programa de certifica\u00e7\u00e3o CRES (Certificado de Regularidade em Servi\u00e7os Auxiliares ao Transporte A\u00e9reo) chamou a aten\u00e7\u00e3o de players internacionais, como companhias a\u00e9reas e provedores de servi\u00e7os em solo.\" \/>\n<meta name=\"robots\" content=\"index, follow, max-snippet:-1, max-image-preview:large, max-video-preview:-1\" \/>\n<link rel=\"canonical\" href=\"https:\/\/www.abesata.org\/br\/certificacao-cres-chama-atencao-do-mercado-internacional\/\" \/>\n<meta property=\"og:locale\" content=\"pt_BR\" \/>\n<meta property=\"og:type\" content=\"article\" \/>\n<meta property=\"og:title\" content=\"Certifica\u00e7\u00e3o CRES chama aten\u00e7\u00e3o do mercado internacional - Abesata\" \/>\n<meta property=\"og:description\" content=\"o programa de certifica\u00e7\u00e3o CRES (Certificado de Regularidade em Servi\u00e7os Auxiliares ao Transporte A\u00e9reo) chamou a aten\u00e7\u00e3o de players internacionais, como companhias a\u00e9reas e provedores de servi\u00e7os em solo.\" \/>\n<meta property=\"og:url\" content=\"https:\/\/www.abesata.org\/br\/certificacao-cres-chama-atencao-do-mercado-internacional\/\" \/>\n<meta property=\"og:site_name\" content=\"Abesata\" \/>\n<meta property=\"article:publisher\" content=\"https:\/\/www.facebook.com\/abesata.org\/\" \/>\n<meta property=\"article:published_time\" content=\"2023-11-21T20:22:51+00:00\" \/>\n<meta property=\"article:modified_time\" content=\"2024-06-19T18:58:53+00:00\" \/>\n<meta property=\"og:image\" content=\"https:\/\/www.abesata.org\/br\/wp-content\/uploads\/2023\/11\/ALTA-AGM.jpg\" \/>\n\t<meta property=\"og:image:width\" content=\"1305\" \/>\n\t<meta property=\"og:image:height\" content=\"979\" \/>\n\t<meta property=\"og:image:type\" content=\"image\/jpeg\" \/>\n<meta name=\"author\" content=\"Henrique Santana\" \/>\n<meta name=\"twitter:card\" content=\"summary_large_image\" \/>\n<meta name=\"twitter:label1\" content=\"Escrito por\" \/>\n\t<meta name=\"twitter:data1\" content=\"Henrique Santana\" \/>\n\t<meta name=\"twitter:label2\" content=\"Est. tempo de leitura\" \/>\n\t<meta name=\"twitter:data2\" content=\"1 minuto\" \/>\n<script type=\"application\/ld+json\" class=\"yoast-schema-graph\">{\"@context\":\"https:\\\/\\\/schema.org\",\"@graph\":[{\"@type\":\"Article\",\"@id\":\"https:\\\/\\\/www.abesata.org\\\/br\\\/certificacao-cres-chama-atencao-do-mercado-internacional\\\/#article\",\"isPartOf\":{\"@id\":\"https:\\\/\\\/www.abesata.org\\\/br\\\/certificacao-cres-chama-atencao-do-mercado-internacional\\\/\"},\"author\":{\"name\":\"Henrique Santana\",\"@id\":\"https:\\\/\\\/www.abesata.org\\\/br\\\/#\\\/schema\\\/person\\\/9ea6d4cad1253eb9fd0f7cc28c4306da\"},\"headline\":\"Certifica\u00e7\u00e3o CRES chama aten\u00e7\u00e3o do mercado internacional\",\"datePublished\":\"2023-11-21T20:22:51+00:00\",\"dateModified\":\"2024-06-19T18:58:53+00:00\",\"mainEntityOfPage\":{\"@id\":\"https:\\\/\\\/www.abesata.org\\\/br\\\/certificacao-cres-chama-atencao-do-mercado-internacional\\\/\"},\"wordCount\":198,\"publisher\":{\"@id\":\"https:\\\/\\\/www.abesata.org\\\/br\\\/#organization\"},\"image\":{\"@id\":\"https:\\\/\\\/www.abesata.org\\\/br\\\/certificacao-cres-chama-atencao-do-mercado-internacional\\\/#primaryimage\"},\"thumbnailUrl\":\"https:\\\/\\\/www.abesata.org\\\/br\\\/wp-content\\\/uploads\\\/2023\\\/11\\\/ALTA-AGM.jpg\",\"keywords\":[\"abesata\",\"Alta\",\"Cres\",\"dnata\",\"Ground Handling\"],\"articleSection\":[\"Not\u00edcias\"],\"inLanguage\":\"pt-BR\"},{\"@type\":\"WebPage\",\"@id\":\"https:\\\/\\\/www.abesata.org\\\/br\\\/certificacao-cres-chama-atencao-do-mercado-internacional\\\/\",\"url\":\"https:\\\/\\\/www.abesata.org\\\/br\\\/certificacao-cres-chama-atencao-do-mercado-internacional\\\/\",\"name\":\"Certifica\u00e7\u00e3o CRES chama aten\u00e7\u00e3o do mercado internacional - Abesata\",\"isPartOf\":{\"@id\":\"https:\\\/\\\/www.abesata.org\\\/br\\\/#website\"},\"primaryImageOfPage\":{\"@id\":\"https:\\\/\\\/www.abesata.org\\\/br\\\/certificacao-cres-chama-atencao-do-mercado-internacional\\\/#primaryimage\"},\"image\":{\"@id\":\"https:\\\/\\\/www.abesata.org\\\/br\\\/certificacao-cres-chama-atencao-do-mercado-internacional\\\/#primaryimage\"},\"thumbnailUrl\":\"https:\\\/\\\/www.abesata.org\\\/br\\\/wp-content\\\/uploads\\\/2023\\\/11\\\/ALTA-AGM.jpg\",\"datePublished\":\"2023-11-21T20:22:51+00:00\",\"dateModified\":\"2024-06-19T18:58:53+00:00\",\"description\":\"o programa de certifica\u00e7\u00e3o CRES (Certificado de Regularidade em Servi\u00e7os Auxiliares ao Transporte A\u00e9reo) chamou a aten\u00e7\u00e3o de players internacionais, como companhias a\u00e9reas e provedores de servi\u00e7os em solo.\",\"breadcrumb\":{\"@id\":\"https:\\\/\\\/www.abesata.org\\\/br\\\/certificacao-cres-chama-atencao-do-mercado-internacional\\\/#breadcrumb\"},\"inLanguage\":\"pt-BR\",\"potentialAction\":[{\"@type\":\"ReadAction\",\"target\":[\"https:\\\/\\\/www.abesata.org\\\/br\\\/certificacao-cres-chama-atencao-do-mercado-internacional\\\/\"]}]},{\"@type\":\"ImageObject\",\"inLanguage\":\"pt-BR\",\"@id\":\"https:\\\/\\\/www.abesata.org\\\/br\\\/certificacao-cres-chama-atencao-do-mercado-internacional\\\/#primaryimage\",\"url\":\"https:\\\/\\\/www.abesata.org\\\/br\\\/wp-content\\\/uploads\\\/2023\\\/11\\\/ALTA-AGM.jpg\",\"contentUrl\":\"https:\\\/\\\/www.abesata.org\\\/br\\\/wp-content\\\/uploads\\\/2023\\\/11\\\/ALTA-AGM.jpg\",\"width\":1305,\"height\":979},{\"@type\":\"BreadcrumbList\",\"@id\":\"https:\\\/\\\/www.abesata.org\\\/br\\\/certificacao-cres-chama-atencao-do-mercado-internacional\\\/#breadcrumb\",\"itemListElement\":[{\"@type\":\"ListItem\",\"position\":1,\"name\":\"In\u00edcio\",\"item\":\"https:\\\/\\\/www.abesata.org\\\/br\\\/\"},{\"@type\":\"ListItem\",\"position\":2,\"name\":\"Certifica\u00e7\u00e3o CRES chama aten\u00e7\u00e3o do mercado internacional\"}]},{\"@type\":\"WebSite\",\"@id\":\"https:\\\/\\\/www.abesata.org\\\/br\\\/#website\",\"url\":\"https:\\\/\\\/www.abesata.org\\\/br\\\/\",\"name\":\"Abesata\",\"description\":\"Associa\u00e7\u00e3o Brasileira das Empresas de Servi\u00e7os Auxiliares de Transporte A\u00e9reo\",\"publisher\":{\"@id\":\"https:\\\/\\\/www.abesata.org\\\/br\\\/#organization\"},\"potentialAction\":[{\"@type\":\"SearchAction\",\"target\":{\"@type\":\"EntryPoint\",\"urlTemplate\":\"https:\\\/\\\/www.abesata.org\\\/br\\\/?s={search_term_string}\"},\"query-input\":{\"@type\":\"PropertyValueSpecification\",\"valueRequired\":true,\"valueName\":\"search_term_string\"}}],\"inLanguage\":\"pt-BR\"},{\"@type\":\"Organization\",\"@id\":\"https:\\\/\\\/www.abesata.org\\\/br\\\/#organization\",\"name\":\"Associa\u00e7\u00e3o Brasileira das Empresas de Servi\u00e7os Auxiliares de Transporte A\u00e9reo\",\"alternateName\":\"Abesata\",\"url\":\"https:\\\/\\\/www.abesata.org\\\/br\\\/\",\"logo\":{\"@type\":\"ImageObject\",\"inLanguage\":\"pt-BR\",\"@id\":\"https:\\\/\\\/www.abesata.org\\\/br\\\/#\\\/schema\\\/logo\\\/image\\\/\",\"url\":\"https:\\\/\\\/www.abesata.org\\\/br\\\/wp-content\\\/uploads\\\/2023\\\/10\\\/Abesata.png\",\"contentUrl\":\"https:\\\/\\\/www.abesata.org\\\/br\\\/wp-content\\\/uploads\\\/2023\\\/10\\\/Abesata.png\",\"width\":1063,\"height\":591,\"caption\":\"Associa\u00e7\u00e3o Brasileira das Empresas de Servi\u00e7os Auxiliares de Transporte A\u00e9reo\"},\"image\":{\"@id\":\"https:\\\/\\\/www.abesata.org\\\/br\\\/#\\\/schema\\\/logo\\\/image\\\/\"},\"sameAs\":[\"https:\\\/\\\/www.facebook.com\\\/abesata.org\\\/\",\"https:\\\/\\\/www.instagram.com\\\/abesata_gh\\\/\",\"https:\\\/\\\/br.linkedin.com\\\/company\\\/abesata\"]},{\"@type\":\"Person\",\"@id\":\"https:\\\/\\\/www.abesata.org\\\/br\\\/#\\\/schema\\\/person\\\/9ea6d4cad1253eb9fd0f7cc28c4306da\",\"name\":\"Henrique Santana\",\"image\":{\"@type\":\"ImageObject\",\"inLanguage\":\"pt-BR\",\"@id\":\"https:\\\/\\\/secure.gravatar.com\\\/avatar\\\/d38ee0ca5c04b216d163c4ecd115e6174ba1c9174252c48fc8d30cf2dc7f0b25?s=96&d=mm&r=g\",\"url\":\"https:\\\/\\\/secure.gravatar.com\\\/avatar\\\/d38ee0ca5c04b216d163c4ecd115e6174ba1c9174252c48fc8d30cf2dc7f0b25?s=96&d=mm&r=g\",\"contentUrl\":\"https:\\\/\\\/secure.gravatar.com\\\/avatar\\\/d38ee0ca5c04b216d163c4ecd115e6174ba1c9174252c48fc8d30cf2dc7f0b25?s=96&d=mm&r=g\",\"caption\":\"Henrique Santana\"},\"url\":\"https:\\\/\\\/www.abesata.org\\\/br\\\/author\\\/henrique-santana\\\/\"}]}<\/script>\n<!-- \/ Yoast SEO plugin. -->","yoast_head_json":{"title":"Certifica\u00e7\u00e3o CRES chama aten\u00e7\u00e3o do mercado internacional - Abesata","description":"o programa de certifica\u00e7\u00e3o CRES (Certificado de Regularidade em Servi\u00e7os Auxiliares ao Transporte A\u00e9reo) chamou a aten\u00e7\u00e3o de players internacionais, como companhias a\u00e9reas e provedores de servi\u00e7os em solo.","robots":{"index":"index","follow":"follow","max-snippet":"max-snippet:-1","max-image-preview":"max-image-preview:large","max-video-preview":"max-video-preview:-1"},"canonical":"https:\/\/www.abesata.org\/br\/certificacao-cres-chama-atencao-do-mercado-internacional\/","og_locale":"pt_BR","og_type":"article","og_title":"Certifica\u00e7\u00e3o CRES chama aten\u00e7\u00e3o do mercado internacional - Abesata","og_description":"o programa de certifica\u00e7\u00e3o CRES (Certificado de Regularidade em Servi\u00e7os Auxiliares ao Transporte A\u00e9reo) chamou a aten\u00e7\u00e3o de players internacionais, como companhias a\u00e9reas e provedores de servi\u00e7os em solo.","og_url":"https:\/\/www.abesata.org\/br\/certificacao-cres-chama-atencao-do-mercado-internacional\/","og_site_name":"Abesata","article_publisher":"https:\/\/www.facebook.com\/abesata.org\/","article_published_time":"2023-11-21T20:22:51+00:00","article_modified_time":"2024-06-19T18:58:53+00:00","og_image":[{"width":1305,"height":979,"url":"https:\/\/www.abesata.org\/br\/wp-content\/uploads\/2023\/11\/ALTA-AGM.jpg","type":"image\/jpeg"}],"author":"Henrique Santana","twitter_card":"summary_large_image","twitter_misc":{"Escrito por":"Henrique Santana","Est. tempo de leitura":"1 minuto"},"schema":{"@context":"https:\/\/schema.org","@graph":[{"@type":"Article","@id":"https:\/\/www.abesata.org\/br\/certificacao-cres-chama-atencao-do-mercado-internacional\/#article","isPartOf":{"@id":"https:\/\/www.abesata.org\/br\/certificacao-cres-chama-atencao-do-mercado-internacional\/"},"author":{"name":"Henrique Santana","@id":"https:\/\/www.abesata.org\/br\/#\/schema\/person\/9ea6d4cad1253eb9fd0f7cc28c4306da"},"headline":"Certifica\u00e7\u00e3o CRES chama aten\u00e7\u00e3o do mercado internacional","datePublished":"2023-11-21T20:22:51+00:00","dateModified":"2024-06-19T18:58:53+00:00","mainEntityOfPage":{"@id":"https:\/\/www.abesata.org\/br\/certificacao-cres-chama-atencao-do-mercado-internacional\/"},"wordCount":198,"publisher":{"@id":"https:\/\/www.abesata.org\/br\/#organization"},"image":{"@id":"https:\/\/www.abesata.org\/br\/certificacao-cres-chama-atencao-do-mercado-internacional\/#primaryimage"},"thumbnailUrl":"https:\/\/www.abesata.org\/br\/wp-content\/uploads\/2023\/11\/ALTA-AGM.jpg","keywords":["abesata","Alta","Cres","dnata","Ground Handling"],"articleSection":["Not\u00edcias"],"inLanguage":"pt-BR"},{"@type":"WebPage","@id":"https:\/\/www.abesata.org\/br\/certificacao-cres-chama-atencao-do-mercado-internacional\/","url":"https:\/\/www.abesata.org\/br\/certificacao-cres-chama-atencao-do-mercado-internacional\/","name":"Certifica\u00e7\u00e3o CRES chama aten\u00e7\u00e3o do mercado internacional - Abesata","isPartOf":{"@id":"https:\/\/www.abesata.org\/br\/#website"},"primaryImageOfPage":{"@id":"https:\/\/www.abesata.org\/br\/certificacao-cres-chama-atencao-do-mercado-internacional\/#primaryimage"},"image":{"@id":"https:\/\/www.abesata.org\/br\/certificacao-cres-chama-atencao-do-mercado-internacional\/#primaryimage"},"thumbnailUrl":"https:\/\/www.abesata.org\/br\/wp-content\/uploads\/2023\/11\/ALTA-AGM.jpg","datePublished":"2023-11-21T20:22:51+00:00","dateModified":"2024-06-19T18:58:53+00:00","description":"o programa de certifica\u00e7\u00e3o CRES (Certificado de Regularidade em Servi\u00e7os Auxiliares ao Transporte A\u00e9reo) chamou a aten\u00e7\u00e3o de players internacionais, como companhias a\u00e9reas e provedores de servi\u00e7os em solo.","breadcrumb":{"@id":"https:\/\/www.abesata.org\/br\/certificacao-cres-chama-atencao-do-mercado-internacional\/#breadcrumb"},"inLanguage":"pt-BR","potentialAction":[{"@type":"ReadAction","target":["https:\/\/www.abesata.org\/br\/certificacao-cres-chama-atencao-do-mercado-internacional\/"]}]},{"@type":"ImageObject","inLanguage":"pt-BR","@id":"https:\/\/www.abesata.org\/br\/certificacao-cres-chama-atencao-do-mercado-internacional\/#primaryimage","url":"https:\/\/www.abesata.org\/br\/wp-content\/uploads\/2023\/11\/ALTA-AGM.jpg","contentUrl":"https:\/\/www.abesata.org\/br\/wp-content\/uploads\/2023\/11\/ALTA-AGM.jpg","width":1305,"height":979},{"@type":"BreadcrumbList","@id":"https:\/\/www.abesata.org\/br\/certificacao-cres-chama-atencao-do-mercado-internacional\/#breadcrumb","itemListElement":[{"@type":"ListItem","position":1,"name":"In\u00edcio","item":"https:\/\/www.abesata.org\/br\/"},{"@type":"ListItem","position":2,"name":"Certifica\u00e7\u00e3o CRES chama aten\u00e7\u00e3o do mercado internacional"}]},{"@type":"WebSite","@id":"https:\/\/www.abesata.org\/br\/#website","url":"https:\/\/www.abesata.org\/br\/","name":"Abesata","description":"Associa\u00e7\u00e3o Brasileira das Empresas de Servi\u00e7os Auxiliares de Transporte A\u00e9reo","publisher":{"@id":"https:\/\/www.abesata.org\/br\/#organization"},"potentialAction":[{"@type":"SearchAction","target":{"@type":"EntryPoint","urlTemplate":"https:\/\/www.abesata.org\/br\/?s={search_term_string}"},"query-input":{"@type":"PropertyValueSpecification","valueRequired":true,"valueName":"search_term_string"}}],"inLanguage":"pt-BR"},{"@type":"Organization","@id":"https:\/\/www.abesata.org\/br\/#organization","name":"Associa\u00e7\u00e3o Brasileira das Empresas de Servi\u00e7os Auxiliares de Transporte A\u00e9reo","alternateName":"Abesata","url":"https:\/\/www.abesata.org\/br\/","logo":{"@type":"ImageObject","inLanguage":"pt-BR","@id":"https:\/\/www.abesata.org\/br\/#\/schema\/logo\/image\/","url":"https:\/\/www.abesata.org\/br\/wp-content\/uploads\/2023\/10\/Abesata.png","contentUrl":"https:\/\/www.abesata.org\/br\/wp-content\/uploads\/2023\/10\/Abesata.png","width":1063,"height":591,"caption":"Associa\u00e7\u00e3o Brasileira das Empresas de Servi\u00e7os Auxiliares de Transporte A\u00e9reo"},"image":{"@id":"https:\/\/www.abesata.org\/br\/#\/schema\/logo\/image\/"},"sameAs":["https:\/\/www.facebook.com\/abesata.org\/","https:\/\/www.instagram.com\/abesata_gh\/","https:\/\/br.linkedin.com\/company\/abesata"]},{"@type":"Person","@id":"https:\/\/www.abesata.org\/br\/#\/schema\/person\/9ea6d4cad1253eb9fd0f7cc28c4306da","name":"Henrique Santana","image":{"@type":"ImageObject","inLanguage":"pt-BR","@id":"https:\/\/secure.gravatar.com\/avatar\/d38ee0ca5c04b216d163c4ecd115e6174ba1c9174252c48fc8d30cf2dc7f0b25?s=96&d=mm&r=g","url":"https:\/\/secure.gravatar.com\/avatar\/d38ee0ca5c04b216d163c4ecd115e6174ba1c9174252c48fc8d30cf2dc7f0b25?s=96&d=mm&r=g","contentUrl":"https:\/\/secure.gravatar.com\/avatar\/d38ee0ca5c04b216d163c4ecd115e6174ba1c9174252c48fc8d30cf2dc7f0b25?s=96&d=mm&r=g","caption":"Henrique Santana"},"url":"https:\/\/www.abesata.org\/br\/author\/henrique-santana\/"}]}},"_links":{"self":[{"href":"https:\/\/www.abesata.org\/br\/wp-json\/wp\/v2\/posts\/17003","targetHints":{"allow":["GET"]}}],"collection":[{"href":"https:\/\/www.abesata.org\/br\/wp-json\/wp\/v2\/posts"}],"about":[{"href":"https:\/\/www.abesata.org\/br\/wp-json\/wp\/v2\/types\/post"}],"author":[{"embeddable":true,"href":"https:\/\/www.abesata.org\/br\/wp-json\/wp\/v2\/users\/135"}],"replies":[{"embeddable":true,"href":"https:\/\/www.abesata.org\/br\/wp-json\/wp\/v2\/comments?post=17003"}],"version-history":[{"count":1,"href":"https:\/\/www.abesata.org\/br\/wp-json\/wp\/v2\/posts\/17003\/revisions"}],"predecessor-version":[{"id":17005,"href":"https:\/\/www.abesata.org\/br\/wp-json\/wp\/v2\/posts\/17003\/revisions\/17005"}],"wp:featuredmedia":[{"embeddable":true,"href":"https:\/\/www.abesata.org\/br\/wp-json\/wp\/v2\/media\/17004"}],"wp:attachment":[{"href":"https:\/\/www.abesata.org\/br\/wp-json\/wp\/v2\/media?parent=17003"}],"wp:term":[{"taxonomy":"category","embeddable":true,"href":"https:\/\/www.abesata.org\/br\/wp-json\/wp\/v2\/categories?post=17003"},{"taxonomy":"post_tag","embeddable":true,"href":"https:\/\/www.abesata.org\/br\/wp-json\/wp\/v2\/tags?post=17003"}],"curies":[{"name":"wp","href":"https:\/\/api.w.org\/{rel}","templated":true}]}}