{"id":17089,"date":"2024-02-06T13:57:36","date_gmt":"2024-02-06T16:57:36","guid":{"rendered":"https:\/\/www.abesata.org\/br\/?p=17089"},"modified":"2024-06-19T15:58:02","modified_gmt":"2024-06-19T18:58:02","slug":"abesata-participa-da-reuniao-do-decea-no-rio-de-janeiro","status":"publish","type":"post","link":"https:\/\/www.abesata.org\/br\/abesata-participa-da-reuniao-do-decea-no-rio-de-janeiro\/","title":{"rendered":"ABESATA participa da reuni\u00e3o do DECEA, no Rio de Janeiro"},"content":{"rendered":"\n<p>Nesta ter\u00e7a, 6, a ABESATA comp\u00f4s a reuni\u00e3o do Departamento de Controle do Espa\u00e7o A\u00e9reo (DECEA), sediada no Clube da Aeron\u00e1utica do Centro, no Rio de Janeiro (RJ). O evento promoveu uma discuss\u00e3o sobre os desafios e as oportunidades provenientes das novas demandas do setor de avia\u00e7\u00e3o.<\/p>\n\n\n\n<p>O presidente da ABESATA, Ricardo Miguel, esteve presente no evento, que real\u00e7ou os planos futuros do DECEA quanto aos desafios emergentes no controle do espa\u00e7o a\u00e9reo. Entre outros, estiveram presentes o Comandante da Aeron\u00e1utica, o Diretor-Geral do DECEA, os presidentes das companhias a\u00e9reas Azul, LATAM e GOL, bem como executivos da ABR, ABEAR e ABAG.<\/p>\n\n\n\n<p>Um assunto extrapauta que surgiu foi a necessidade de uni\u00e3o de esfor\u00e7os para a defesa do setor perante a opini\u00e3o p\u00fablica.<\/p>\n\n\n\n<p>Confira as fotos do evento <a href=\"https:\/\/www.abesata.org\/br\/reuniao-do-decea-rio-de-janeiro-rj-06-fev-2024\/\">nesta galeria<\/a>.<\/p>\n","protected":false},"excerpt":{"rendered":"<p>Nesta ter\u00e7a, 6, a ABESATA comp\u00f4s a reuni\u00e3o do Departamento de Controle do Espa\u00e7o A\u00e9reo (DECEA), sediada no Clube da Aeron\u00e1utica do Centro, no Rio de Janeiro (RJ). O evento promoveu uma discuss\u00e3o sobre os desafios e as oportunidades provenientes das novas demandas do setor de avia\u00e7\u00e3o. O presidente da ABESATA, Ricardo Miguel, esteve presente [&hellip;]<\/p>\n","protected":false},"author":135,"featured_media":17080,"comment_status":"closed","ping_status":"closed","sticky":false,"template":"","format":"standard","meta":{"footnotes":""},"categories":[294],"tags":[],"class_list":["post-17089","post","type-post","status-publish","format-standard","has-post-thumbnail","hentry","category-noticias"],"yoast_head":"<!-- This site is optimized with the Yoast SEO plugin v26.5 - https:\/\/yoast.com\/wordpress\/plugins\/seo\/ -->\n<title>ABESATA participa da reuni\u00e3o do DECEA, no Rio de Janeiro - Abesata<\/title>\n<meta name=\"robots\" content=\"index, follow, max-snippet:-1, max-image-preview:large, max-video-preview:-1\" \/>\n<link rel=\"canonical\" href=\"https:\/\/www.abesata.org\/br\/abesata-participa-da-reuniao-do-decea-no-rio-de-janeiro\/\" \/>\n<meta property=\"og:locale\" content=\"pt_BR\" \/>\n<meta property=\"og:type\" content=\"article\" \/>\n<meta property=\"og:title\" content=\"ABESATA participa da reuni\u00e3o do DECEA, no Rio de Janeiro - Abesata\" \/>\n<meta property=\"og:description\" content=\"Nesta ter\u00e7a, 6, a ABESATA comp\u00f4s a reuni\u00e3o do Departamento de Controle do Espa\u00e7o A\u00e9reo (DECEA), sediada no Clube da Aeron\u00e1utica do Centro, no Rio de Janeiro (RJ). O evento promoveu uma discuss\u00e3o sobre os desafios e as oportunidades provenientes das novas demandas do setor de avia\u00e7\u00e3o. O presidente da ABESATA, Ricardo Miguel, esteve presente [&hellip;]\" \/>\n<meta property=\"og:url\" content=\"https:\/\/www.abesata.org\/br\/abesata-participa-da-reuniao-do-decea-no-rio-de-janeiro\/\" \/>\n<meta property=\"og:site_name\" content=\"Abesata\" \/>\n<meta property=\"article:publisher\" content=\"https:\/\/www.facebook.com\/abesata.org\/\" \/>\n<meta property=\"article:published_time\" content=\"2024-02-06T16:57:36+00:00\" \/>\n<meta property=\"article:modified_time\" content=\"2024-06-19T18:58:02+00:00\" \/>\n<meta property=\"og:image\" content=\"https:\/\/www.abesata.org\/br\/wp-content\/uploads\/2024\/02\/WhatsApp-Image-2024-02-06-at-11.58.14-4.jpeg\" \/>\n\t<meta property=\"og:image:width\" content=\"1280\" \/>\n\t<meta property=\"og:image:height\" content=\"888\" \/>\n\t<meta property=\"og:image:type\" content=\"image\/jpeg\" \/>\n<meta name=\"author\" content=\"Henrique Santana\" \/>\n<meta name=\"twitter:card\" content=\"summary_large_image\" \/>\n<meta name=\"twitter:label1\" content=\"Escrito por\" \/>\n\t<meta name=\"twitter:data1\" content=\"Henrique Santana\" \/>\n\t<meta name=\"twitter:label2\" content=\"Est. tempo de leitura\" \/>\n\t<meta name=\"twitter:data2\" content=\"1 minuto\" \/>\n<script type=\"application\/ld+json\" class=\"yoast-schema-graph\">{\"@context\":\"https:\/\/schema.org\",\"@graph\":[{\"@type\":\"Article\",\"@id\":\"https:\/\/www.abesata.org\/br\/abesata-participa-da-reuniao-do-decea-no-rio-de-janeiro\/#article\",\"isPartOf\":{\"@id\":\"https:\/\/www.abesata.org\/br\/abesata-participa-da-reuniao-do-decea-no-rio-de-janeiro\/\"},\"author\":{\"name\":\"Henrique Santana\",\"@id\":\"https:\/\/www.abesata.org\/br\/#\/schema\/person\/9ea6d4cad1253eb9fd0f7cc28c4306da\"},\"headline\":\"ABESATA participa da reuni\u00e3o do DECEA, no Rio de Janeiro\",\"datePublished\":\"2024-02-06T16:57:36+00:00\",\"dateModified\":\"2024-06-19T18:58:02+00:00\",\"mainEntityOfPage\":{\"@id\":\"https:\/\/www.abesata.org\/br\/abesata-participa-da-reuniao-do-decea-no-rio-de-janeiro\/\"},\"wordCount\":157,\"publisher\":{\"@id\":\"https:\/\/www.abesata.org\/br\/#organization\"},\"image\":{\"@id\":\"https:\/\/www.abesata.org\/br\/abesata-participa-da-reuniao-do-decea-no-rio-de-janeiro\/#primaryimage\"},\"thumbnailUrl\":\"https:\/\/www.abesata.org\/br\/wp-content\/uploads\/2024\/02\/WhatsApp-Image-2024-02-06-at-11.58.14-4.jpeg\",\"articleSection\":[\"Not\u00edcias\"],\"inLanguage\":\"pt-BR\"},{\"@type\":\"WebPage\",\"@id\":\"https:\/\/www.abesata.org\/br\/abesata-participa-da-reuniao-do-decea-no-rio-de-janeiro\/\",\"url\":\"https:\/\/www.abesata.org\/br\/abesata-participa-da-reuniao-do-decea-no-rio-de-janeiro\/\",\"name\":\"ABESATA participa da reuni\u00e3o do DECEA, no Rio de Janeiro - Abesata\",\"isPartOf\":{\"@id\":\"https:\/\/www.abesata.org\/br\/#website\"},\"primaryImageOfPage\":{\"@id\":\"https:\/\/www.abesata.org\/br\/abesata-participa-da-reuniao-do-decea-no-rio-de-janeiro\/#primaryimage\"},\"image\":{\"@id\":\"https:\/\/www.abesata.org\/br\/abesata-participa-da-reuniao-do-decea-no-rio-de-janeiro\/#primaryimage\"},\"thumbnailUrl\":\"https:\/\/www.abesata.org\/br\/wp-content\/uploads\/2024\/02\/WhatsApp-Image-2024-02-06-at-11.58.14-4.jpeg\",\"datePublished\":\"2024-02-06T16:57:36+00:00\",\"dateModified\":\"2024-06-19T18:58:02+00:00\",\"breadcrumb\":{\"@id\":\"https:\/\/www.abesata.org\/br\/abesata-participa-da-reuniao-do-decea-no-rio-de-janeiro\/#breadcrumb\"},\"inLanguage\":\"pt-BR\",\"potentialAction\":[{\"@type\":\"ReadAction\",\"target\":[\"https:\/\/www.abesata.org\/br\/abesata-participa-da-reuniao-do-decea-no-rio-de-janeiro\/\"]}]},{\"@type\":\"ImageObject\",\"inLanguage\":\"pt-BR\",\"@id\":\"https:\/\/www.abesata.org\/br\/abesata-participa-da-reuniao-do-decea-no-rio-de-janeiro\/#primaryimage\",\"url\":\"https:\/\/www.abesata.org\/br\/wp-content\/uploads\/2024\/02\/WhatsApp-Image-2024-02-06-at-11.58.14-4.jpeg\",\"contentUrl\":\"https:\/\/www.abesata.org\/br\/wp-content\/uploads\/2024\/02\/WhatsApp-Image-2024-02-06-at-11.58.14-4.jpeg\",\"width\":1280,\"height\":888,\"caption\":\"Reuni\u00e3o DECEA\"},{\"@type\":\"BreadcrumbList\",\"@id\":\"https:\/\/www.abesata.org\/br\/abesata-participa-da-reuniao-do-decea-no-rio-de-janeiro\/#breadcrumb\",\"itemListElement\":[{\"@type\":\"ListItem\",\"position\":1,\"name\":\"In\u00edcio\",\"item\":\"https:\/\/www.abesata.org\/br\/\"},{\"@type\":\"ListItem\",\"position\":2,\"name\":\"ABESATA participa da reuni\u00e3o do DECEA, no Rio de Janeiro\"}]},{\"@type\":\"WebSite\",\"@id\":\"https:\/\/www.abesata.org\/br\/#website\",\"url\":\"https:\/\/www.abesata.org\/br\/\",\"name\":\"Abesata\",\"description\":\"Associa\u00e7\u00e3o Brasileira das Empresas de Servi\u00e7os Auxiliares de Transporte A\u00e9reo\",\"publisher\":{\"@id\":\"https:\/\/www.abesata.org\/br\/#organization\"},\"potentialAction\":[{\"@type\":\"SearchAction\",\"target\":{\"@type\":\"EntryPoint\",\"urlTemplate\":\"https:\/\/www.abesata.org\/br\/?s={search_term_string}\"},\"query-input\":{\"@type\":\"PropertyValueSpecification\",\"valueRequired\":true,\"valueName\":\"search_term_string\"}}],\"inLanguage\":\"pt-BR\"},{\"@type\":\"Organization\",\"@id\":\"https:\/\/www.abesata.org\/br\/#organization\",\"name\":\"Associa\u00e7\u00e3o Brasileira das Empresas de Servi\u00e7os Auxiliares de Transporte A\u00e9reo\",\"alternateName\":\"Abesata\",\"url\":\"https:\/\/www.abesata.org\/br\/\",\"logo\":{\"@type\":\"ImageObject\",\"inLanguage\":\"pt-BR\",\"@id\":\"https:\/\/www.abesata.org\/br\/#\/schema\/logo\/image\/\",\"url\":\"https:\/\/www.abesata.org\/br\/wp-content\/uploads\/2023\/10\/Abesata.png\",\"contentUrl\":\"https:\/\/www.abesata.org\/br\/wp-content\/uploads\/2023\/10\/Abesata.png\",\"width\":1063,\"height\":591,\"caption\":\"Associa\u00e7\u00e3o Brasileira das Empresas de Servi\u00e7os Auxiliares de Transporte A\u00e9reo\"},\"image\":{\"@id\":\"https:\/\/www.abesata.org\/br\/#\/schema\/logo\/image\/\"},\"sameAs\":[\"https:\/\/www.facebook.com\/abesata.org\/\",\"https:\/\/www.instagram.com\/abesata_gh\/\",\"https:\/\/br.linkedin.com\/company\/abesata\"]},{\"@type\":\"Person\",\"@id\":\"https:\/\/www.abesata.org\/br\/#\/schema\/person\/9ea6d4cad1253eb9fd0f7cc28c4306da\",\"name\":\"Henrique Santana\",\"image\":{\"@type\":\"ImageObject\",\"inLanguage\":\"pt-BR\",\"@id\":\"https:\/\/www.abesata.org\/br\/#\/schema\/person\/image\/\",\"url\":\"https:\/\/secure.gravatar.com\/avatar\/d38ee0ca5c04b216d163c4ecd115e6174ba1c9174252c48fc8d30cf2dc7f0b25?s=96&d=mm&r=g\",\"contentUrl\":\"https:\/\/secure.gravatar.com\/avatar\/d38ee0ca5c04b216d163c4ecd115e6174ba1c9174252c48fc8d30cf2dc7f0b25?s=96&d=mm&r=g\",\"caption\":\"Henrique Santana\"},\"url\":\"https:\/\/www.abesata.org\/br\/author\/henrique-santana\/\"}]}<\/script>\n<!-- \/ Yoast SEO plugin. -->","yoast_head_json":{"title":"ABESATA participa da reuni\u00e3o do DECEA, no Rio de Janeiro - Abesata","robots":{"index":"index","follow":"follow","max-snippet":"max-snippet:-1","max-image-preview":"max-image-preview:large","max-video-preview":"max-video-preview:-1"},"canonical":"https:\/\/www.abesata.org\/br\/abesata-participa-da-reuniao-do-decea-no-rio-de-janeiro\/","og_locale":"pt_BR","og_type":"article","og_title":"ABESATA participa da reuni\u00e3o do DECEA, no Rio de Janeiro - Abesata","og_description":"Nesta ter\u00e7a, 6, a ABESATA comp\u00f4s a reuni\u00e3o do Departamento de Controle do Espa\u00e7o A\u00e9reo (DECEA), sediada no Clube da Aeron\u00e1utica do Centro, no Rio de Janeiro (RJ). O evento promoveu uma discuss\u00e3o sobre os desafios e as oportunidades provenientes das novas demandas do setor de avia\u00e7\u00e3o. O presidente da ABESATA, Ricardo Miguel, esteve presente [&hellip;]","og_url":"https:\/\/www.abesata.org\/br\/abesata-participa-da-reuniao-do-decea-no-rio-de-janeiro\/","og_site_name":"Abesata","article_publisher":"https:\/\/www.facebook.com\/abesata.org\/","article_published_time":"2024-02-06T16:57:36+00:00","article_modified_time":"2024-06-19T18:58:02+00:00","og_image":[{"width":1280,"height":888,"url":"https:\/\/www.abesata.org\/br\/wp-content\/uploads\/2024\/02\/WhatsApp-Image-2024-02-06-at-11.58.14-4.jpeg","type":"image\/jpeg"}],"author":"Henrique Santana","twitter_card":"summary_large_image","twitter_misc":{"Escrito por":"Henrique Santana","Est. tempo de leitura":"1 minuto"},"schema":{"@context":"https:\/\/schema.org","@graph":[{"@type":"Article","@id":"https:\/\/www.abesata.org\/br\/abesata-participa-da-reuniao-do-decea-no-rio-de-janeiro\/#article","isPartOf":{"@id":"https:\/\/www.abesata.org\/br\/abesata-participa-da-reuniao-do-decea-no-rio-de-janeiro\/"},"author":{"name":"Henrique Santana","@id":"https:\/\/www.abesata.org\/br\/#\/schema\/person\/9ea6d4cad1253eb9fd0f7cc28c4306da"},"headline":"ABESATA participa da reuni\u00e3o do DECEA, no Rio de Janeiro","datePublished":"2024-02-06T16:57:36+00:00","dateModified":"2024-06-19T18:58:02+00:00","mainEntityOfPage":{"@id":"https:\/\/www.abesata.org\/br\/abesata-participa-da-reuniao-do-decea-no-rio-de-janeiro\/"},"wordCount":157,"publisher":{"@id":"https:\/\/www.abesata.org\/br\/#organization"},"image":{"@id":"https:\/\/www.abesata.org\/br\/abesata-participa-da-reuniao-do-decea-no-rio-de-janeiro\/#primaryimage"},"thumbnailUrl":"https:\/\/www.abesata.org\/br\/wp-content\/uploads\/2024\/02\/WhatsApp-Image-2024-02-06-at-11.58.14-4.jpeg","articleSection":["Not\u00edcias"],"inLanguage":"pt-BR"},{"@type":"WebPage","@id":"https:\/\/www.abesata.org\/br\/abesata-participa-da-reuniao-do-decea-no-rio-de-janeiro\/","url":"https:\/\/www.abesata.org\/br\/abesata-participa-da-reuniao-do-decea-no-rio-de-janeiro\/","name":"ABESATA participa da reuni\u00e3o do DECEA, no Rio de Janeiro - Abesata","isPartOf":{"@id":"https:\/\/www.abesata.org\/br\/#website"},"primaryImageOfPage":{"@id":"https:\/\/www.abesata.org\/br\/abesata-participa-da-reuniao-do-decea-no-rio-de-janeiro\/#primaryimage"},"image":{"@id":"https:\/\/www.abesata.org\/br\/abesata-participa-da-reuniao-do-decea-no-rio-de-janeiro\/#primaryimage"},"thumbnailUrl":"https:\/\/www.abesata.org\/br\/wp-content\/uploads\/2024\/02\/WhatsApp-Image-2024-02-06-at-11.58.14-4.jpeg","datePublished":"2024-02-06T16:57:36+00:00","dateModified":"2024-06-19T18:58:02+00:00","breadcrumb":{"@id":"https:\/\/www.abesata.org\/br\/abesata-participa-da-reuniao-do-decea-no-rio-de-janeiro\/#breadcrumb"},"inLanguage":"pt-BR","potentialAction":[{"@type":"ReadAction","target":["https:\/\/www.abesata.org\/br\/abesata-participa-da-reuniao-do-decea-no-rio-de-janeiro\/"]}]},{"@type":"ImageObject","inLanguage":"pt-BR","@id":"https:\/\/www.abesata.org\/br\/abesata-participa-da-reuniao-do-decea-no-rio-de-janeiro\/#primaryimage","url":"https:\/\/www.abesata.org\/br\/wp-content\/uploads\/2024\/02\/WhatsApp-Image-2024-02-06-at-11.58.14-4.jpeg","contentUrl":"https:\/\/www.abesata.org\/br\/wp-content\/uploads\/2024\/02\/WhatsApp-Image-2024-02-06-at-11.58.14-4.jpeg","width":1280,"height":888,"caption":"Reuni\u00e3o DECEA"},{"@type":"BreadcrumbList","@id":"https:\/\/www.abesata.org\/br\/abesata-participa-da-reuniao-do-decea-no-rio-de-janeiro\/#breadcrumb","itemListElement":[{"@type":"ListItem","position":1,"name":"In\u00edcio","item":"https:\/\/www.abesata.org\/br\/"},{"@type":"ListItem","position":2,"name":"ABESATA participa da reuni\u00e3o do DECEA, no Rio de Janeiro"}]},{"@type":"WebSite","@id":"https:\/\/www.abesata.org\/br\/#website","url":"https:\/\/www.abesata.org\/br\/","name":"Abesata","description":"Associa\u00e7\u00e3o Brasileira das Empresas de Servi\u00e7os Auxiliares de Transporte A\u00e9reo","publisher":{"@id":"https:\/\/www.abesata.org\/br\/#organization"},"potentialAction":[{"@type":"SearchAction","target":{"@type":"EntryPoint","urlTemplate":"https:\/\/www.abesata.org\/br\/?s={search_term_string}"},"query-input":{"@type":"PropertyValueSpecification","valueRequired":true,"valueName":"search_term_string"}}],"inLanguage":"pt-BR"},{"@type":"Organization","@id":"https:\/\/www.abesata.org\/br\/#organization","name":"Associa\u00e7\u00e3o Brasileira das Empresas de Servi\u00e7os Auxiliares de Transporte A\u00e9reo","alternateName":"Abesata","url":"https:\/\/www.abesata.org\/br\/","logo":{"@type":"ImageObject","inLanguage":"pt-BR","@id":"https:\/\/www.abesata.org\/br\/#\/schema\/logo\/image\/","url":"https:\/\/www.abesata.org\/br\/wp-content\/uploads\/2023\/10\/Abesata.png","contentUrl":"https:\/\/www.abesata.org\/br\/wp-content\/uploads\/2023\/10\/Abesata.png","width":1063,"height":591,"caption":"Associa\u00e7\u00e3o Brasileira das Empresas de Servi\u00e7os Auxiliares de Transporte A\u00e9reo"},"image":{"@id":"https:\/\/www.abesata.org\/br\/#\/schema\/logo\/image\/"},"sameAs":["https:\/\/www.facebook.com\/abesata.org\/","https:\/\/www.instagram.com\/abesata_gh\/","https:\/\/br.linkedin.com\/company\/abesata"]},{"@type":"Person","@id":"https:\/\/www.abesata.org\/br\/#\/schema\/person\/9ea6d4cad1253eb9fd0f7cc28c4306da","name":"Henrique Santana","image":{"@type":"ImageObject","inLanguage":"pt-BR","@id":"https:\/\/www.abesata.org\/br\/#\/schema\/person\/image\/","url":"https:\/\/secure.gravatar.com\/avatar\/d38ee0ca5c04b216d163c4ecd115e6174ba1c9174252c48fc8d30cf2dc7f0b25?s=96&d=mm&r=g","contentUrl":"https:\/\/secure.gravatar.com\/avatar\/d38ee0ca5c04b216d163c4ecd115e6174ba1c9174252c48fc8d30cf2dc7f0b25?s=96&d=mm&r=g","caption":"Henrique Santana"},"url":"https:\/\/www.abesata.org\/br\/author\/henrique-santana\/"}]}},"_links":{"self":[{"href":"https:\/\/www.abesata.org\/br\/wp-json\/wp\/v2\/posts\/17089","targetHints":{"allow":["GET"]}}],"collection":[{"href":"https:\/\/www.abesata.org\/br\/wp-json\/wp\/v2\/posts"}],"about":[{"href":"https:\/\/www.abesata.org\/br\/wp-json\/wp\/v2\/types\/post"}],"author":[{"embeddable":true,"href":"https:\/\/www.abesata.org\/br\/wp-json\/wp\/v2\/users\/135"}],"replies":[{"embeddable":true,"href":"https:\/\/www.abesata.org\/br\/wp-json\/wp\/v2\/comments?post=17089"}],"version-history":[{"count":1,"href":"https:\/\/www.abesata.org\/br\/wp-json\/wp\/v2\/posts\/17089\/revisions"}],"predecessor-version":[{"id":17090,"href":"https:\/\/www.abesata.org\/br\/wp-json\/wp\/v2\/posts\/17089\/revisions\/17090"}],"wp:featuredmedia":[{"embeddable":true,"href":"https:\/\/www.abesata.org\/br\/wp-json\/wp\/v2\/media\/17080"}],"wp:attachment":[{"href":"https:\/\/www.abesata.org\/br\/wp-json\/wp\/v2\/media?parent=17089"}],"wp:term":[{"taxonomy":"category","embeddable":true,"href":"https:\/\/www.abesata.org\/br\/wp-json\/wp\/v2\/categories?post=17089"},{"taxonomy":"post_tag","embeddable":true,"href":"https:\/\/www.abesata.org\/br\/wp-json\/wp\/v2\/tags?post=17089"}],"curies":[{"name":"wp","href":"https:\/\/api.w.org\/{rel}","templated":true}]}}