{"id":1709,"date":"2014-10-23T14:49:57","date_gmt":"2014-10-23T16:49:57","guid":{"rendered":"http:\/\/www.abesata.org\/?p=1709"},"modified":"2014-10-23T14:49:57","modified_gmt":"2014-10-23T16:49:57","slug":"trabalhador-do-setor-aereo-pede-11-de-reajuste-salarial","status":"publish","type":"post","link":"https:\/\/www.abesata.org\/br\/trabalhador-do-setor-aereo-pede-11-de-reajuste-salarial\/","title":{"rendered":"Trabalhador do setor a\u00e9reo pede 11% de reajuste salarial"},"content":{"rendered":"<p>Os dirigentes da Federa\u00e7\u00e3o Nacional dos Trabalhadores em Avia\u00e7\u00e3o Civil filiada \u00e0 Central \u00danica dos Trabalhadores (Fentac\/CUT) e dos sindicatos filiados nessa categoria, participam nesta quarta-feira da primeira rodada de negocia\u00e7\u00e3o da campanha salarial com os representantes do Sindicato Nacional das Empresas Aerovi\u00e1rias (Snea), em encontro na sede da Associa\u00e7\u00e3o Brasileira das Empresas A\u00e9reas (Abear), em S\u00e3o Paulo.<\/p>\n<p>A Federa\u00e7\u00e3o reivindica reajuste salarial de 11% para os aerovi\u00e1rios e aeronautas e a aplica\u00e7\u00e3o do mesmo \u00edndice nos itens econ\u00f4micos. Os trabalhadores pedem ainda cria\u00e7\u00e3o de um piso para agente de check-in, plano de previd\u00eancia privada para os aeronautas, fim da limita\u00e7\u00e3o de tripulantes para o uso do passe livre na hora do embarque, entre outros direitos.<\/p>\n<p>A data-base das categorias, que somam cerca de 70 mil trabalhadores, \u00e9 1\u00ba de dezembro. Os sindicatos dos trabalhadores entregaram a pauta de reivindica\u00e7\u00f5es no dia 30 de setembro.<\/p>\n<p>Os pr\u00f3ximos encontros de negocia\u00e7\u00e3o est\u00e3o marcados para os dias 5, 12, 19 e 26 de novembro.<\/p>\n<p style=\"text-align: right;\">Fonte: (Jo\u00e3o Jos\u00e9 Oliveira | Valor)<br \/>\n22\/10\/2014<\/p>\n","protected":false},"excerpt":{"rendered":"<p>Os dirigentes da Federa\u00e7\u00e3o Nacional dos Trabalhadores em Avia\u00e7\u00e3o Civil filiada \u00e0 Central \u00danica dos Trabalhadores (Fentac\/CUT) e dos sindicatos filiados nessa categoria, participam nesta quarta-feira da primeira rodada de negocia\u00e7\u00e3o da campanha salarial com os representantes do Sindicato Nacional das Empresas Aerovi\u00e1rias (Snea), em encontro na sede da Associa\u00e7\u00e3o Brasileira das Empresas A\u00e9reas (Abear), [&hellip;]<\/p>\n","protected":false},"author":18,"featured_media":922,"comment_status":"closed","ping_status":"closed","sticky":false,"template":"","format":"standard","meta":{"footnotes":""},"categories":[],"tags":[],"class_list":["post-1709","post","type-post","status-publish","format-standard","has-post-thumbnail","hentry"],"yoast_head":"<!-- This site is optimized with the Yoast SEO plugin v26.5 - https:\/\/yoast.com\/wordpress\/plugins\/seo\/ -->\n<title>Trabalhador do setor a\u00e9reo pede 11% de reajuste salarial - Abesata<\/title>\n<meta name=\"robots\" content=\"index, follow, max-snippet:-1, max-image-preview:large, max-video-preview:-1\" \/>\n<link rel=\"canonical\" href=\"https:\/\/www.abesata.org\/br\/trabalhador-do-setor-aereo-pede-11-de-reajuste-salarial\/\" \/>\n<meta property=\"og:locale\" content=\"pt_BR\" \/>\n<meta property=\"og:type\" content=\"article\" \/>\n<meta property=\"og:title\" content=\"Trabalhador do setor a\u00e9reo pede 11% de reajuste salarial - Abesata\" \/>\n<meta property=\"og:description\" content=\"Os dirigentes da Federa\u00e7\u00e3o Nacional dos Trabalhadores em Avia\u00e7\u00e3o Civil filiada \u00e0 Central \u00danica dos Trabalhadores (Fentac\/CUT) e dos sindicatos filiados nessa categoria, participam nesta quarta-feira da primeira rodada de negocia\u00e7\u00e3o da campanha salarial com os representantes do Sindicato Nacional das Empresas Aerovi\u00e1rias (Snea), em encontro na sede da Associa\u00e7\u00e3o Brasileira das Empresas A\u00e9reas (Abear), [&hellip;]\" \/>\n<meta property=\"og:url\" content=\"https:\/\/www.abesata.org\/br\/trabalhador-do-setor-aereo-pede-11-de-reajuste-salarial\/\" \/>\n<meta property=\"og:site_name\" content=\"Abesata\" \/>\n<meta property=\"article:publisher\" content=\"https:\/\/www.facebook.com\/abesata.org\/\" \/>\n<meta property=\"article:published_time\" content=\"2014-10-23T16:49:57+00:00\" \/>\n<meta property=\"og:image\" content=\"https:\/\/www.abesata.org\/br\/wp-content\/uploads\/2014\/06\/8.png\" \/>\n\t<meta property=\"og:image:width\" content=\"1024\" \/>\n\t<meta property=\"og:image:height\" content=\"336\" \/>\n\t<meta property=\"og:image:type\" content=\"image\/png\" \/>\n<meta name=\"author\" content=\"Ricardo\" \/>\n<meta name=\"twitter:card\" content=\"summary_large_image\" \/>\n<meta name=\"twitter:label1\" content=\"Escrito por\" \/>\n\t<meta name=\"twitter:data1\" content=\"Ricardo\" \/>\n\t<meta name=\"twitter:label2\" content=\"Est. tempo de leitura\" \/>\n\t<meta name=\"twitter:data2\" content=\"1 minuto\" \/>\n<script type=\"application\/ld+json\" class=\"yoast-schema-graph\">{\"@context\":\"https:\/\/schema.org\",\"@graph\":[{\"@type\":\"Article\",\"@id\":\"https:\/\/www.abesata.org\/br\/trabalhador-do-setor-aereo-pede-11-de-reajuste-salarial\/#article\",\"isPartOf\":{\"@id\":\"https:\/\/www.abesata.org\/br\/trabalhador-do-setor-aereo-pede-11-de-reajuste-salarial\/\"},\"author\":{\"name\":\"Ricardo\",\"@id\":\"https:\/\/www.abesata.org\/br\/#\/schema\/person\/1f1295145bee68e42ffe39157320456b\"},\"headline\":\"Trabalhador do setor a\u00e9reo pede 11% de reajuste salarial\",\"datePublished\":\"2014-10-23T16:49:57+00:00\",\"mainEntityOfPage\":{\"@id\":\"https:\/\/www.abesata.org\/br\/trabalhador-do-setor-aereo-pede-11-de-reajuste-salarial\/\"},\"wordCount\":186,\"publisher\":{\"@id\":\"https:\/\/www.abesata.org\/br\/#organization\"},\"image\":{\"@id\":\"https:\/\/www.abesata.org\/br\/trabalhador-do-setor-aereo-pede-11-de-reajuste-salarial\/#primaryimage\"},\"thumbnailUrl\":\"https:\/\/www.abesata.org\/br\/wp-content\/uploads\/2014\/06\/8.png\",\"inLanguage\":\"pt-BR\"},{\"@type\":\"WebPage\",\"@id\":\"https:\/\/www.abesata.org\/br\/trabalhador-do-setor-aereo-pede-11-de-reajuste-salarial\/\",\"url\":\"https:\/\/www.abesata.org\/br\/trabalhador-do-setor-aereo-pede-11-de-reajuste-salarial\/\",\"name\":\"Trabalhador do setor a\u00e9reo pede 11% de reajuste salarial - Abesata\",\"isPartOf\":{\"@id\":\"https:\/\/www.abesata.org\/br\/#website\"},\"primaryImageOfPage\":{\"@id\":\"https:\/\/www.abesata.org\/br\/trabalhador-do-setor-aereo-pede-11-de-reajuste-salarial\/#primaryimage\"},\"image\":{\"@id\":\"https:\/\/www.abesata.org\/br\/trabalhador-do-setor-aereo-pede-11-de-reajuste-salarial\/#primaryimage\"},\"thumbnailUrl\":\"https:\/\/www.abesata.org\/br\/wp-content\/uploads\/2014\/06\/8.png\",\"datePublished\":\"2014-10-23T16:49:57+00:00\",\"breadcrumb\":{\"@id\":\"https:\/\/www.abesata.org\/br\/trabalhador-do-setor-aereo-pede-11-de-reajuste-salarial\/#breadcrumb\"},\"inLanguage\":\"pt-BR\",\"potentialAction\":[{\"@type\":\"ReadAction\",\"target\":[\"https:\/\/www.abesata.org\/br\/trabalhador-do-setor-aereo-pede-11-de-reajuste-salarial\/\"]}]},{\"@type\":\"ImageObject\",\"inLanguage\":\"pt-BR\",\"@id\":\"https:\/\/www.abesata.org\/br\/trabalhador-do-setor-aereo-pede-11-de-reajuste-salarial\/#primaryimage\",\"url\":\"https:\/\/www.abesata.org\/br\/wp-content\/uploads\/2014\/06\/8.png\",\"contentUrl\":\"https:\/\/www.abesata.org\/br\/wp-content\/uploads\/2014\/06\/8.png\",\"width\":1024,\"height\":336},{\"@type\":\"BreadcrumbList\",\"@id\":\"https:\/\/www.abesata.org\/br\/trabalhador-do-setor-aereo-pede-11-de-reajuste-salarial\/#breadcrumb\",\"itemListElement\":[{\"@type\":\"ListItem\",\"position\":1,\"name\":\"In\u00edcio\",\"item\":\"https:\/\/www.abesata.org\/br\/\"},{\"@type\":\"ListItem\",\"position\":2,\"name\":\"Trabalhador do setor a\u00e9reo pede 11% de reajuste salarial\"}]},{\"@type\":\"WebSite\",\"@id\":\"https:\/\/www.abesata.org\/br\/#website\",\"url\":\"https:\/\/www.abesata.org\/br\/\",\"name\":\"Abesata\",\"description\":\"Associa\u00e7\u00e3o Brasileira das Empresas de Servi\u00e7os Auxiliares de Transporte A\u00e9reo\",\"publisher\":{\"@id\":\"https:\/\/www.abesata.org\/br\/#organization\"},\"potentialAction\":[{\"@type\":\"SearchAction\",\"target\":{\"@type\":\"EntryPoint\",\"urlTemplate\":\"https:\/\/www.abesata.org\/br\/?s={search_term_string}\"},\"query-input\":{\"@type\":\"PropertyValueSpecification\",\"valueRequired\":true,\"valueName\":\"search_term_string\"}}],\"inLanguage\":\"pt-BR\"},{\"@type\":\"Organization\",\"@id\":\"https:\/\/www.abesata.org\/br\/#organization\",\"name\":\"Associa\u00e7\u00e3o Brasileira das Empresas de Servi\u00e7os Auxiliares de Transporte A\u00e9reo\",\"alternateName\":\"Abesata\",\"url\":\"https:\/\/www.abesata.org\/br\/\",\"logo\":{\"@type\":\"ImageObject\",\"inLanguage\":\"pt-BR\",\"@id\":\"https:\/\/www.abesata.org\/br\/#\/schema\/logo\/image\/\",\"url\":\"https:\/\/www.abesata.org\/br\/wp-content\/uploads\/2023\/10\/Abesata.png\",\"contentUrl\":\"https:\/\/www.abesata.org\/br\/wp-content\/uploads\/2023\/10\/Abesata.png\",\"width\":1063,\"height\":591,\"caption\":\"Associa\u00e7\u00e3o Brasileira das Empresas de Servi\u00e7os Auxiliares de Transporte A\u00e9reo\"},\"image\":{\"@id\":\"https:\/\/www.abesata.org\/br\/#\/schema\/logo\/image\/\"},\"sameAs\":[\"https:\/\/www.facebook.com\/abesata.org\/\",\"https:\/\/www.instagram.com\/abesata_gh\/\",\"https:\/\/br.linkedin.com\/company\/abesata\"]},{\"@type\":\"Person\",\"@id\":\"https:\/\/www.abesata.org\/br\/#\/schema\/person\/1f1295145bee68e42ffe39157320456b\",\"name\":\"Ricardo\",\"image\":{\"@type\":\"ImageObject\",\"inLanguage\":\"pt-BR\",\"@id\":\"https:\/\/www.abesata.org\/br\/#\/schema\/person\/image\/\",\"url\":\"https:\/\/secure.gravatar.com\/avatar\/1d856797eb89513dee321f840c1a6bbcec15beb178c003e50adcf59323b3a8a9?s=96&d=mm&r=g\",\"contentUrl\":\"https:\/\/secure.gravatar.com\/avatar\/1d856797eb89513dee321f840c1a6bbcec15beb178c003e50adcf59323b3a8a9?s=96&d=mm&r=g\",\"caption\":\"Ricardo\"},\"url\":\"https:\/\/www.abesata.org\/br\/author\/ricardo-baroni\/\"}]}<\/script>\n<!-- \/ Yoast SEO plugin. -->","yoast_head_json":{"title":"Trabalhador do setor a\u00e9reo pede 11% de reajuste salarial - Abesata","robots":{"index":"index","follow":"follow","max-snippet":"max-snippet:-1","max-image-preview":"max-image-preview:large","max-video-preview":"max-video-preview:-1"},"canonical":"https:\/\/www.abesata.org\/br\/trabalhador-do-setor-aereo-pede-11-de-reajuste-salarial\/","og_locale":"pt_BR","og_type":"article","og_title":"Trabalhador do setor a\u00e9reo pede 11% de reajuste salarial - Abesata","og_description":"Os dirigentes da Federa\u00e7\u00e3o Nacional dos Trabalhadores em Avia\u00e7\u00e3o Civil filiada \u00e0 Central \u00danica dos Trabalhadores (Fentac\/CUT) e dos sindicatos filiados nessa categoria, participam nesta quarta-feira da primeira rodada de negocia\u00e7\u00e3o da campanha salarial com os representantes do Sindicato Nacional das Empresas Aerovi\u00e1rias (Snea), em encontro na sede da Associa\u00e7\u00e3o Brasileira das Empresas A\u00e9reas (Abear), [&hellip;]","og_url":"https:\/\/www.abesata.org\/br\/trabalhador-do-setor-aereo-pede-11-de-reajuste-salarial\/","og_site_name":"Abesata","article_publisher":"https:\/\/www.facebook.com\/abesata.org\/","article_published_time":"2014-10-23T16:49:57+00:00","og_image":[{"width":1024,"height":336,"url":"https:\/\/www.abesata.org\/br\/wp-content\/uploads\/2014\/06\/8.png","type":"image\/png"}],"author":"Ricardo","twitter_card":"summary_large_image","twitter_misc":{"Escrito por":"Ricardo","Est. tempo de leitura":"1 minuto"},"schema":{"@context":"https:\/\/schema.org","@graph":[{"@type":"Article","@id":"https:\/\/www.abesata.org\/br\/trabalhador-do-setor-aereo-pede-11-de-reajuste-salarial\/#article","isPartOf":{"@id":"https:\/\/www.abesata.org\/br\/trabalhador-do-setor-aereo-pede-11-de-reajuste-salarial\/"},"author":{"name":"Ricardo","@id":"https:\/\/www.abesata.org\/br\/#\/schema\/person\/1f1295145bee68e42ffe39157320456b"},"headline":"Trabalhador do setor a\u00e9reo pede 11% de reajuste salarial","datePublished":"2014-10-23T16:49:57+00:00","mainEntityOfPage":{"@id":"https:\/\/www.abesata.org\/br\/trabalhador-do-setor-aereo-pede-11-de-reajuste-salarial\/"},"wordCount":186,"publisher":{"@id":"https:\/\/www.abesata.org\/br\/#organization"},"image":{"@id":"https:\/\/www.abesata.org\/br\/trabalhador-do-setor-aereo-pede-11-de-reajuste-salarial\/#primaryimage"},"thumbnailUrl":"https:\/\/www.abesata.org\/br\/wp-content\/uploads\/2014\/06\/8.png","inLanguage":"pt-BR"},{"@type":"WebPage","@id":"https:\/\/www.abesata.org\/br\/trabalhador-do-setor-aereo-pede-11-de-reajuste-salarial\/","url":"https:\/\/www.abesata.org\/br\/trabalhador-do-setor-aereo-pede-11-de-reajuste-salarial\/","name":"Trabalhador do setor a\u00e9reo pede 11% de reajuste salarial - Abesata","isPartOf":{"@id":"https:\/\/www.abesata.org\/br\/#website"},"primaryImageOfPage":{"@id":"https:\/\/www.abesata.org\/br\/trabalhador-do-setor-aereo-pede-11-de-reajuste-salarial\/#primaryimage"},"image":{"@id":"https:\/\/www.abesata.org\/br\/trabalhador-do-setor-aereo-pede-11-de-reajuste-salarial\/#primaryimage"},"thumbnailUrl":"https:\/\/www.abesata.org\/br\/wp-content\/uploads\/2014\/06\/8.png","datePublished":"2014-10-23T16:49:57+00:00","breadcrumb":{"@id":"https:\/\/www.abesata.org\/br\/trabalhador-do-setor-aereo-pede-11-de-reajuste-salarial\/#breadcrumb"},"inLanguage":"pt-BR","potentialAction":[{"@type":"ReadAction","target":["https:\/\/www.abesata.org\/br\/trabalhador-do-setor-aereo-pede-11-de-reajuste-salarial\/"]}]},{"@type":"ImageObject","inLanguage":"pt-BR","@id":"https:\/\/www.abesata.org\/br\/trabalhador-do-setor-aereo-pede-11-de-reajuste-salarial\/#primaryimage","url":"https:\/\/www.abesata.org\/br\/wp-content\/uploads\/2014\/06\/8.png","contentUrl":"https:\/\/www.abesata.org\/br\/wp-content\/uploads\/2014\/06\/8.png","width":1024,"height":336},{"@type":"BreadcrumbList","@id":"https:\/\/www.abesata.org\/br\/trabalhador-do-setor-aereo-pede-11-de-reajuste-salarial\/#breadcrumb","itemListElement":[{"@type":"ListItem","position":1,"name":"In\u00edcio","item":"https:\/\/www.abesata.org\/br\/"},{"@type":"ListItem","position":2,"name":"Trabalhador do setor a\u00e9reo pede 11% de reajuste salarial"}]},{"@type":"WebSite","@id":"https:\/\/www.abesata.org\/br\/#website","url":"https:\/\/www.abesata.org\/br\/","name":"Abesata","description":"Associa\u00e7\u00e3o Brasileira das Empresas de Servi\u00e7os Auxiliares de Transporte A\u00e9reo","publisher":{"@id":"https:\/\/www.abesata.org\/br\/#organization"},"potentialAction":[{"@type":"SearchAction","target":{"@type":"EntryPoint","urlTemplate":"https:\/\/www.abesata.org\/br\/?s={search_term_string}"},"query-input":{"@type":"PropertyValueSpecification","valueRequired":true,"valueName":"search_term_string"}}],"inLanguage":"pt-BR"},{"@type":"Organization","@id":"https:\/\/www.abesata.org\/br\/#organization","name":"Associa\u00e7\u00e3o Brasileira das Empresas de Servi\u00e7os Auxiliares de Transporte A\u00e9reo","alternateName":"Abesata","url":"https:\/\/www.abesata.org\/br\/","logo":{"@type":"ImageObject","inLanguage":"pt-BR","@id":"https:\/\/www.abesata.org\/br\/#\/schema\/logo\/image\/","url":"https:\/\/www.abesata.org\/br\/wp-content\/uploads\/2023\/10\/Abesata.png","contentUrl":"https:\/\/www.abesata.org\/br\/wp-content\/uploads\/2023\/10\/Abesata.png","width":1063,"height":591,"caption":"Associa\u00e7\u00e3o Brasileira das Empresas de Servi\u00e7os Auxiliares de Transporte A\u00e9reo"},"image":{"@id":"https:\/\/www.abesata.org\/br\/#\/schema\/logo\/image\/"},"sameAs":["https:\/\/www.facebook.com\/abesata.org\/","https:\/\/www.instagram.com\/abesata_gh\/","https:\/\/br.linkedin.com\/company\/abesata"]},{"@type":"Person","@id":"https:\/\/www.abesata.org\/br\/#\/schema\/person\/1f1295145bee68e42ffe39157320456b","name":"Ricardo","image":{"@type":"ImageObject","inLanguage":"pt-BR","@id":"https:\/\/www.abesata.org\/br\/#\/schema\/person\/image\/","url":"https:\/\/secure.gravatar.com\/avatar\/1d856797eb89513dee321f840c1a6bbcec15beb178c003e50adcf59323b3a8a9?s=96&d=mm&r=g","contentUrl":"https:\/\/secure.gravatar.com\/avatar\/1d856797eb89513dee321f840c1a6bbcec15beb178c003e50adcf59323b3a8a9?s=96&d=mm&r=g","caption":"Ricardo"},"url":"https:\/\/www.abesata.org\/br\/author\/ricardo-baroni\/"}]}},"_links":{"self":[{"href":"https:\/\/www.abesata.org\/br\/wp-json\/wp\/v2\/posts\/1709","targetHints":{"allow":["GET"]}}],"collection":[{"href":"https:\/\/www.abesata.org\/br\/wp-json\/wp\/v2\/posts"}],"about":[{"href":"https:\/\/www.abesata.org\/br\/wp-json\/wp\/v2\/types\/post"}],"author":[{"embeddable":true,"href":"https:\/\/www.abesata.org\/br\/wp-json\/wp\/v2\/users\/18"}],"replies":[{"embeddable":true,"href":"https:\/\/www.abesata.org\/br\/wp-json\/wp\/v2\/comments?post=1709"}],"version-history":[{"count":0,"href":"https:\/\/www.abesata.org\/br\/wp-json\/wp\/v2\/posts\/1709\/revisions"}],"wp:featuredmedia":[{"embeddable":true,"href":"https:\/\/www.abesata.org\/br\/wp-json\/wp\/v2\/media\/922"}],"wp:attachment":[{"href":"https:\/\/www.abesata.org\/br\/wp-json\/wp\/v2\/media?parent=1709"}],"wp:term":[{"taxonomy":"category","embeddable":true,"href":"https:\/\/www.abesata.org\/br\/wp-json\/wp\/v2\/categories?post=1709"},{"taxonomy":"post_tag","embeddable":true,"href":"https:\/\/www.abesata.org\/br\/wp-json\/wp\/v2\/tags?post=1709"}],"curies":[{"name":"wp","href":"https:\/\/api.w.org\/{rel}","templated":true}]}}