{"id":17103,"date":"2024-02-27T12:38:45","date_gmt":"2024-02-27T15:38:45","guid":{"rendered":"https:\/\/www.abesata.org\/br\/?p=17103"},"modified":"2024-06-19T15:57:19","modified_gmt":"2024-06-19T18:57:19","slug":"anhembi-morumbi-celebra-parceria-com-abesata-e-orbital-em-aula-inaugural-do-curso-de-aviacao-civil-na-mooca","status":"publish","type":"post","link":"https:\/\/www.abesata.org\/br\/anhembi-morumbi-celebra-parceria-com-abesata-e-orbital-em-aula-inaugural-do-curso-de-aviacao-civil-na-mooca\/","title":{"rendered":"Anhembi-Morumbi celebra parceria com ABESATA e Orbital em aula inaugural do curso de Avia\u00e7\u00e3o Civil, na Mooca"},"content":{"rendered":"\n<p class=\"wp-block-paragraph\">Na \u00faltima quinta-feira, 22, a ABESATA e a empresa associada Orbital, representada pelo CEO Rubens Pereira Leit\u00e3o Filho, prestigiaram a aula inaugural do curso de Avia\u00e7\u00e3o Civil da Universidade Anhembi Morumbi, na unidade Mooca, a convite do coordenador Alexandre Faro Kaperaviczus.<\/p>\n\n\n\n<p class=\"wp-block-paragraph\">O diretor da ANAC, Luiz Ricardo de Souza Nascimento, apresentou aos alunos e demais presentes a perspectiva de um especialista e grande autoridade no setor de avia\u00e7\u00e3o civil sobre o cen\u00e1rio prospectivo do mercado. O evento tamb\u00e9m agraciou formalmente os representantes da ABESATA e da Orbital, devido \u00e0 doa\u00e7\u00e3o de duas esta\u00e7\u00f5es meteorol\u00f3gicas para o curso.<\/p>\n\n\n\n<p class=\"wp-block-paragraph\">\u201cA implanta\u00e7\u00e3o de esta\u00e7\u00f5es meteorol\u00f3gicas nos campi de uma Universidade, de forma especial em um curso de avia\u00e7\u00e3o civil, constitui algo totalmente inovador, pois dar\u00e1 ao aluno o protagonismo na sua forma\u00e7\u00e3o. Ou seja, ter\u00e1 a possibilidade de vivenciar na universidade experi\u00eancias que, via de regra, somente s\u00e3o obtidas quando se ingressa no mercado de trabalho\u201d, destaca o coordenador do curso, Alexandre Faro.<\/p>\n\n\n\n<p class=\"wp-block-paragraph\">Os equipamentos ser\u00e3o implantados no Campus Mooca e no Campus Vila Ol\u00edmpia, onde os alunos executar\u00e3o, de forma pr\u00e1tica, as leituras dos instrumentos e as previs\u00f5es meteorol\u00f3gicas locais. A parceria se estende, ainda, \u00e0 unidade curricular dual em ground handling, que busca promover aos alunos a integra\u00e7\u00e3o da teoria \u00e0 pr\u00e1tica de mercado.<\/p>\n","protected":false},"excerpt":{"rendered":"<p>Na \u00faltima quinta-feira, 22, a ABESATA e a empresa associada Orbital, representada pelo CEO Rubens Pereira Leit\u00e3o Filho, prestigiaram a aula inaugural do curso de Avia\u00e7\u00e3o Civil da Universidade Anhembi Morumbi, na unidade Mooca, a convite do coordenador Alexandre Faro Kaperaviczus. O diretor da ANAC, Luiz Ricardo de Souza Nascimento, apresentou aos alunos e demais [&hellip;]<\/p>\n","protected":false},"author":135,"featured_media":17104,"comment_status":"closed","ping_status":"closed","sticky":false,"template":"","format":"standard","meta":{"footnotes":""},"categories":[294],"tags":[12,16,284,18,285,261,59,141],"class_list":["post-17103","post","type-post","status-publish","format-standard","has-post-thumbnail","hentry","category-noticias","tag-abesata","tag-anac","tag-anhembi-morumbi-2","tag-aviacao","tag-curso","tag-evento","tag-ground-handling","tag-orbital"],"yoast_head":"<!-- This site is optimized with the Yoast SEO plugin v28.1 - https:\/\/yoast.com\/product\/yoast-seo-wordpress\/ -->\n<title>Anhembi-Morumbi celebra parceria com ABESATA e Orbital em aula inaugural do curso de Avia\u00e7\u00e3o Civil, na Mooca - Abesata<\/title>\n<meta name=\"robots\" content=\"index, follow, max-snippet:-1, max-image-preview:large, max-video-preview:-1\" \/>\n<link rel=\"canonical\" href=\"https:\/\/www.abesata.org\/br\/anhembi-morumbi-celebra-parceria-com-abesata-e-orbital-em-aula-inaugural-do-curso-de-aviacao-civil-na-mooca\/\" \/>\n<meta property=\"og:locale\" content=\"pt_BR\" \/>\n<meta property=\"og:type\" content=\"article\" \/>\n<meta property=\"og:title\" content=\"Anhembi-Morumbi celebra parceria com ABESATA e Orbital em aula inaugural do curso de Avia\u00e7\u00e3o Civil, na Mooca - Abesata\" \/>\n<meta property=\"og:description\" content=\"Na \u00faltima quinta-feira, 22, a ABESATA e a empresa associada Orbital, representada pelo CEO Rubens Pereira Leit\u00e3o Filho, prestigiaram a aula inaugural do curso de Avia\u00e7\u00e3o Civil da Universidade Anhembi Morumbi, na unidade Mooca, a convite do coordenador Alexandre Faro Kaperaviczus. O diretor da ANAC, Luiz Ricardo de Souza Nascimento, apresentou aos alunos e demais [&hellip;]\" \/>\n<meta property=\"og:url\" content=\"https:\/\/www.abesata.org\/br\/anhembi-morumbi-celebra-parceria-com-abesata-e-orbital-em-aula-inaugural-do-curso-de-aviacao-civil-na-mooca\/\" \/>\n<meta property=\"og:site_name\" content=\"Abesata\" \/>\n<meta property=\"article:publisher\" content=\"https:\/\/www.facebook.com\/abesata.org\/\" \/>\n<meta property=\"article:published_time\" content=\"2024-02-27T15:38:45+00:00\" \/>\n<meta property=\"article:modified_time\" content=\"2024-06-19T18:57:19+00:00\" \/>\n<meta property=\"og:image\" content=\"https:\/\/www.abesata.org\/br\/wp-content\/uploads\/2024\/02\/IMPRENSA.jpg\" \/>\n\t<meta property=\"og:image:width\" content=\"1600\" \/>\n\t<meta property=\"og:image:height\" content=\"1200\" \/>\n\t<meta property=\"og:image:type\" content=\"image\/jpeg\" \/>\n<meta name=\"author\" content=\"Henrique Santana\" \/>\n<meta name=\"twitter:card\" content=\"summary_large_image\" \/>\n<meta name=\"twitter:label1\" content=\"Escrito por\" \/>\n\t<meta name=\"twitter:data1\" content=\"Henrique Santana\" \/>\n\t<meta name=\"twitter:label2\" content=\"Est. tempo de leitura\" \/>\n\t<meta name=\"twitter:data2\" content=\"2 minutos\" \/>\n<script type=\"application\/ld+json\" class=\"yoast-schema-graph\">{\"@context\":\"https:\\\/\\\/schema.org\",\"@graph\":[{\"@type\":\"Article\",\"@id\":\"https:\\\/\\\/www.abesata.org\\\/br\\\/anhembi-morumbi-celebra-parceria-com-abesata-e-orbital-em-aula-inaugural-do-curso-de-aviacao-civil-na-mooca\\\/#article\",\"isPartOf\":{\"@id\":\"https:\\\/\\\/www.abesata.org\\\/br\\\/anhembi-morumbi-celebra-parceria-com-abesata-e-orbital-em-aula-inaugural-do-curso-de-aviacao-civil-na-mooca\\\/\"},\"author\":{\"name\":\"Henrique Santana\",\"@id\":\"https:\\\/\\\/www.abesata.org\\\/br\\\/#\\\/schema\\\/person\\\/9ea6d4cad1253eb9fd0f7cc28c4306da\"},\"headline\":\"Anhembi-Morumbi celebra parceria com ABESATA e Orbital em aula inaugural do curso de Avia\u00e7\u00e3o Civil, na Mooca\",\"datePublished\":\"2024-02-27T15:38:45+00:00\",\"dateModified\":\"2024-06-19T18:57:19+00:00\",\"mainEntityOfPage\":{\"@id\":\"https:\\\/\\\/www.abesata.org\\\/br\\\/anhembi-morumbi-celebra-parceria-com-abesata-e-orbital-em-aula-inaugural-do-curso-de-aviacao-civil-na-mooca\\\/\"},\"wordCount\":250,\"publisher\":{\"@id\":\"https:\\\/\\\/www.abesata.org\\\/br\\\/#organization\"},\"image\":{\"@id\":\"https:\\\/\\\/www.abesata.org\\\/br\\\/anhembi-morumbi-celebra-parceria-com-abesata-e-orbital-em-aula-inaugural-do-curso-de-aviacao-civil-na-mooca\\\/#primaryimage\"},\"thumbnailUrl\":\"https:\\\/\\\/www.abesata.org\\\/br\\\/wp-content\\\/uploads\\\/2024\\\/02\\\/IMPRENSA.jpg\",\"keywords\":[\"abesata\",\"Anac\",\"anhembi-morumbi\",\"Avia\u00e7\u00e3o\",\"curso\",\"evento\",\"Ground Handling\",\"orbital\"],\"articleSection\":[\"Not\u00edcias\"],\"inLanguage\":\"pt-BR\"},{\"@type\":\"WebPage\",\"@id\":\"https:\\\/\\\/www.abesata.org\\\/br\\\/anhembi-morumbi-celebra-parceria-com-abesata-e-orbital-em-aula-inaugural-do-curso-de-aviacao-civil-na-mooca\\\/\",\"url\":\"https:\\\/\\\/www.abesata.org\\\/br\\\/anhembi-morumbi-celebra-parceria-com-abesata-e-orbital-em-aula-inaugural-do-curso-de-aviacao-civil-na-mooca\\\/\",\"name\":\"Anhembi-Morumbi celebra parceria com ABESATA e Orbital em aula inaugural do curso de Avia\u00e7\u00e3o Civil, na Mooca - Abesata\",\"isPartOf\":{\"@id\":\"https:\\\/\\\/www.abesata.org\\\/br\\\/#website\"},\"primaryImageOfPage\":{\"@id\":\"https:\\\/\\\/www.abesata.org\\\/br\\\/anhembi-morumbi-celebra-parceria-com-abesata-e-orbital-em-aula-inaugural-do-curso-de-aviacao-civil-na-mooca\\\/#primaryimage\"},\"image\":{\"@id\":\"https:\\\/\\\/www.abesata.org\\\/br\\\/anhembi-morumbi-celebra-parceria-com-abesata-e-orbital-em-aula-inaugural-do-curso-de-aviacao-civil-na-mooca\\\/#primaryimage\"},\"thumbnailUrl\":\"https:\\\/\\\/www.abesata.org\\\/br\\\/wp-content\\\/uploads\\\/2024\\\/02\\\/IMPRENSA.jpg\",\"datePublished\":\"2024-02-27T15:38:45+00:00\",\"dateModified\":\"2024-06-19T18:57:19+00:00\",\"breadcrumb\":{\"@id\":\"https:\\\/\\\/www.abesata.org\\\/br\\\/anhembi-morumbi-celebra-parceria-com-abesata-e-orbital-em-aula-inaugural-do-curso-de-aviacao-civil-na-mooca\\\/#breadcrumb\"},\"inLanguage\":\"pt-BR\",\"potentialAction\":[{\"@type\":\"ReadAction\",\"target\":[\"https:\\\/\\\/www.abesata.org\\\/br\\\/anhembi-morumbi-celebra-parceria-com-abesata-e-orbital-em-aula-inaugural-do-curso-de-aviacao-civil-na-mooca\\\/\"]}]},{\"@type\":\"ImageObject\",\"inLanguage\":\"pt-BR\",\"@id\":\"https:\\\/\\\/www.abesata.org\\\/br\\\/anhembi-morumbi-celebra-parceria-com-abesata-e-orbital-em-aula-inaugural-do-curso-de-aviacao-civil-na-mooca\\\/#primaryimage\",\"url\":\"https:\\\/\\\/www.abesata.org\\\/br\\\/wp-content\\\/uploads\\\/2024\\\/02\\\/IMPRENSA.jpg\",\"contentUrl\":\"https:\\\/\\\/www.abesata.org\\\/br\\\/wp-content\\\/uploads\\\/2024\\\/02\\\/IMPRENSA.jpg\",\"width\":1600,\"height\":1200},{\"@type\":\"BreadcrumbList\",\"@id\":\"https:\\\/\\\/www.abesata.org\\\/br\\\/anhembi-morumbi-celebra-parceria-com-abesata-e-orbital-em-aula-inaugural-do-curso-de-aviacao-civil-na-mooca\\\/#breadcrumb\",\"itemListElement\":[{\"@type\":\"ListItem\",\"position\":1,\"name\":\"In\u00edcio\",\"item\":\"https:\\\/\\\/www.abesata.org\\\/br\\\/\"},{\"@type\":\"ListItem\",\"position\":2,\"name\":\"Anhembi-Morumbi celebra parceria com ABESATA e Orbital em aula inaugural do curso de Avia\u00e7\u00e3o Civil, na Mooca\"}]},{\"@type\":\"WebSite\",\"@id\":\"https:\\\/\\\/www.abesata.org\\\/br\\\/#website\",\"url\":\"https:\\\/\\\/www.abesata.org\\\/br\\\/\",\"name\":\"Abesata\",\"description\":\"Associa\u00e7\u00e3o Brasileira das Empresas de Servi\u00e7os Auxiliares de Transporte A\u00e9reo\",\"publisher\":{\"@id\":\"https:\\\/\\\/www.abesata.org\\\/br\\\/#organization\"},\"potentialAction\":[{\"@type\":\"SearchAction\",\"target\":{\"@type\":\"EntryPoint\",\"urlTemplate\":\"https:\\\/\\\/www.abesata.org\\\/br\\\/?s={search_term_string}\"},\"query-input\":{\"@type\":\"PropertyValueSpecification\",\"valueRequired\":true,\"valueName\":\"search_term_string\"}}],\"inLanguage\":\"pt-BR\"},{\"@type\":\"Organization\",\"@id\":\"https:\\\/\\\/www.abesata.org\\\/br\\\/#organization\",\"name\":\"Associa\u00e7\u00e3o Brasileira das Empresas de Servi\u00e7os Auxiliares de Transporte A\u00e9reo\",\"alternateName\":\"Abesata\",\"url\":\"https:\\\/\\\/www.abesata.org\\\/br\\\/\",\"logo\":{\"@type\":\"ImageObject\",\"inLanguage\":\"pt-BR\",\"@id\":\"https:\\\/\\\/www.abesata.org\\\/br\\\/#\\\/schema\\\/logo\\\/image\\\/\",\"url\":\"https:\\\/\\\/www.abesata.org\\\/br\\\/wp-content\\\/uploads\\\/2023\\\/10\\\/Abesata.png\",\"contentUrl\":\"https:\\\/\\\/www.abesata.org\\\/br\\\/wp-content\\\/uploads\\\/2023\\\/10\\\/Abesata.png\",\"width\":1063,\"height\":591,\"caption\":\"Associa\u00e7\u00e3o Brasileira das Empresas de Servi\u00e7os Auxiliares de Transporte A\u00e9reo\"},\"image\":{\"@id\":\"https:\\\/\\\/www.abesata.org\\\/br\\\/#\\\/schema\\\/logo\\\/image\\\/\"},\"sameAs\":[\"https:\\\/\\\/www.facebook.com\\\/abesata.org\\\/\",\"https:\\\/\\\/www.instagram.com\\\/abesata_gh\\\/\",\"https:\\\/\\\/br.linkedin.com\\\/company\\\/abesata\"]},{\"@type\":\"Person\",\"@id\":\"https:\\\/\\\/www.abesata.org\\\/br\\\/#\\\/schema\\\/person\\\/9ea6d4cad1253eb9fd0f7cc28c4306da\",\"name\":\"Henrique Santana\",\"image\":{\"@type\":\"ImageObject\",\"inLanguage\":\"pt-BR\",\"@id\":\"https:\\\/\\\/secure.gravatar.com\\\/avatar\\\/d38ee0ca5c04b216d163c4ecd115e6174ba1c9174252c48fc8d30cf2dc7f0b25?s=96&d=mm&r=g\",\"url\":\"https:\\\/\\\/secure.gravatar.com\\\/avatar\\\/d38ee0ca5c04b216d163c4ecd115e6174ba1c9174252c48fc8d30cf2dc7f0b25?s=96&d=mm&r=g\",\"contentUrl\":\"https:\\\/\\\/secure.gravatar.com\\\/avatar\\\/d38ee0ca5c04b216d163c4ecd115e6174ba1c9174252c48fc8d30cf2dc7f0b25?s=96&d=mm&r=g\",\"caption\":\"Henrique Santana\"},\"url\":\"https:\\\/\\\/www.abesata.org\\\/br\\\/author\\\/henrique-santana\\\/\"}]}<\/script>\n<!-- \/ Yoast SEO plugin. -->","yoast_head_json":{"title":"Anhembi-Morumbi celebra parceria com ABESATA e Orbital em aula inaugural do curso de Avia\u00e7\u00e3o Civil, na Mooca - Abesata","robots":{"index":"index","follow":"follow","max-snippet":"max-snippet:-1","max-image-preview":"max-image-preview:large","max-video-preview":"max-video-preview:-1"},"canonical":"https:\/\/www.abesata.org\/br\/anhembi-morumbi-celebra-parceria-com-abesata-e-orbital-em-aula-inaugural-do-curso-de-aviacao-civil-na-mooca\/","og_locale":"pt_BR","og_type":"article","og_title":"Anhembi-Morumbi celebra parceria com ABESATA e Orbital em aula inaugural do curso de Avia\u00e7\u00e3o Civil, na Mooca - Abesata","og_description":"Na \u00faltima quinta-feira, 22, a ABESATA e a empresa associada Orbital, representada pelo CEO Rubens Pereira Leit\u00e3o Filho, prestigiaram a aula inaugural do curso de Avia\u00e7\u00e3o Civil da Universidade Anhembi Morumbi, na unidade Mooca, a convite do coordenador Alexandre Faro Kaperaviczus. O diretor da ANAC, Luiz Ricardo de Souza Nascimento, apresentou aos alunos e demais [&hellip;]","og_url":"https:\/\/www.abesata.org\/br\/anhembi-morumbi-celebra-parceria-com-abesata-e-orbital-em-aula-inaugural-do-curso-de-aviacao-civil-na-mooca\/","og_site_name":"Abesata","article_publisher":"https:\/\/www.facebook.com\/abesata.org\/","article_published_time":"2024-02-27T15:38:45+00:00","article_modified_time":"2024-06-19T18:57:19+00:00","og_image":[{"width":1600,"height":1200,"url":"https:\/\/www.abesata.org\/br\/wp-content\/uploads\/2024\/02\/IMPRENSA.jpg","type":"image\/jpeg"}],"author":"Henrique Santana","twitter_card":"summary_large_image","twitter_misc":{"Escrito por":"Henrique Santana","Est. tempo de leitura":"2 minutos"},"schema":{"@context":"https:\/\/schema.org","@graph":[{"@type":"Article","@id":"https:\/\/www.abesata.org\/br\/anhembi-morumbi-celebra-parceria-com-abesata-e-orbital-em-aula-inaugural-do-curso-de-aviacao-civil-na-mooca\/#article","isPartOf":{"@id":"https:\/\/www.abesata.org\/br\/anhembi-morumbi-celebra-parceria-com-abesata-e-orbital-em-aula-inaugural-do-curso-de-aviacao-civil-na-mooca\/"},"author":{"name":"Henrique Santana","@id":"https:\/\/www.abesata.org\/br\/#\/schema\/person\/9ea6d4cad1253eb9fd0f7cc28c4306da"},"headline":"Anhembi-Morumbi celebra parceria com ABESATA e Orbital em aula inaugural do curso de Avia\u00e7\u00e3o Civil, na Mooca","datePublished":"2024-02-27T15:38:45+00:00","dateModified":"2024-06-19T18:57:19+00:00","mainEntityOfPage":{"@id":"https:\/\/www.abesata.org\/br\/anhembi-morumbi-celebra-parceria-com-abesata-e-orbital-em-aula-inaugural-do-curso-de-aviacao-civil-na-mooca\/"},"wordCount":250,"publisher":{"@id":"https:\/\/www.abesata.org\/br\/#organization"},"image":{"@id":"https:\/\/www.abesata.org\/br\/anhembi-morumbi-celebra-parceria-com-abesata-e-orbital-em-aula-inaugural-do-curso-de-aviacao-civil-na-mooca\/#primaryimage"},"thumbnailUrl":"https:\/\/www.abesata.org\/br\/wp-content\/uploads\/2024\/02\/IMPRENSA.jpg","keywords":["abesata","Anac","anhembi-morumbi","Avia\u00e7\u00e3o","curso","evento","Ground Handling","orbital"],"articleSection":["Not\u00edcias"],"inLanguage":"pt-BR"},{"@type":"WebPage","@id":"https:\/\/www.abesata.org\/br\/anhembi-morumbi-celebra-parceria-com-abesata-e-orbital-em-aula-inaugural-do-curso-de-aviacao-civil-na-mooca\/","url":"https:\/\/www.abesata.org\/br\/anhembi-morumbi-celebra-parceria-com-abesata-e-orbital-em-aula-inaugural-do-curso-de-aviacao-civil-na-mooca\/","name":"Anhembi-Morumbi celebra parceria com ABESATA e Orbital em aula inaugural do curso de Avia\u00e7\u00e3o Civil, na Mooca - Abesata","isPartOf":{"@id":"https:\/\/www.abesata.org\/br\/#website"},"primaryImageOfPage":{"@id":"https:\/\/www.abesata.org\/br\/anhembi-morumbi-celebra-parceria-com-abesata-e-orbital-em-aula-inaugural-do-curso-de-aviacao-civil-na-mooca\/#primaryimage"},"image":{"@id":"https:\/\/www.abesata.org\/br\/anhembi-morumbi-celebra-parceria-com-abesata-e-orbital-em-aula-inaugural-do-curso-de-aviacao-civil-na-mooca\/#primaryimage"},"thumbnailUrl":"https:\/\/www.abesata.org\/br\/wp-content\/uploads\/2024\/02\/IMPRENSA.jpg","datePublished":"2024-02-27T15:38:45+00:00","dateModified":"2024-06-19T18:57:19+00:00","breadcrumb":{"@id":"https:\/\/www.abesata.org\/br\/anhembi-morumbi-celebra-parceria-com-abesata-e-orbital-em-aula-inaugural-do-curso-de-aviacao-civil-na-mooca\/#breadcrumb"},"inLanguage":"pt-BR","potentialAction":[{"@type":"ReadAction","target":["https:\/\/www.abesata.org\/br\/anhembi-morumbi-celebra-parceria-com-abesata-e-orbital-em-aula-inaugural-do-curso-de-aviacao-civil-na-mooca\/"]}]},{"@type":"ImageObject","inLanguage":"pt-BR","@id":"https:\/\/www.abesata.org\/br\/anhembi-morumbi-celebra-parceria-com-abesata-e-orbital-em-aula-inaugural-do-curso-de-aviacao-civil-na-mooca\/#primaryimage","url":"https:\/\/www.abesata.org\/br\/wp-content\/uploads\/2024\/02\/IMPRENSA.jpg","contentUrl":"https:\/\/www.abesata.org\/br\/wp-content\/uploads\/2024\/02\/IMPRENSA.jpg","width":1600,"height":1200},{"@type":"BreadcrumbList","@id":"https:\/\/www.abesata.org\/br\/anhembi-morumbi-celebra-parceria-com-abesata-e-orbital-em-aula-inaugural-do-curso-de-aviacao-civil-na-mooca\/#breadcrumb","itemListElement":[{"@type":"ListItem","position":1,"name":"In\u00edcio","item":"https:\/\/www.abesata.org\/br\/"},{"@type":"ListItem","position":2,"name":"Anhembi-Morumbi celebra parceria com ABESATA e Orbital em aula inaugural do curso de Avia\u00e7\u00e3o Civil, na Mooca"}]},{"@type":"WebSite","@id":"https:\/\/www.abesata.org\/br\/#website","url":"https:\/\/www.abesata.org\/br\/","name":"Abesata","description":"Associa\u00e7\u00e3o Brasileira das Empresas de Servi\u00e7os Auxiliares de Transporte A\u00e9reo","publisher":{"@id":"https:\/\/www.abesata.org\/br\/#organization"},"potentialAction":[{"@type":"SearchAction","target":{"@type":"EntryPoint","urlTemplate":"https:\/\/www.abesata.org\/br\/?s={search_term_string}"},"query-input":{"@type":"PropertyValueSpecification","valueRequired":true,"valueName":"search_term_string"}}],"inLanguage":"pt-BR"},{"@type":"Organization","@id":"https:\/\/www.abesata.org\/br\/#organization","name":"Associa\u00e7\u00e3o Brasileira das Empresas de Servi\u00e7os Auxiliares de Transporte A\u00e9reo","alternateName":"Abesata","url":"https:\/\/www.abesata.org\/br\/","logo":{"@type":"ImageObject","inLanguage":"pt-BR","@id":"https:\/\/www.abesata.org\/br\/#\/schema\/logo\/image\/","url":"https:\/\/www.abesata.org\/br\/wp-content\/uploads\/2023\/10\/Abesata.png","contentUrl":"https:\/\/www.abesata.org\/br\/wp-content\/uploads\/2023\/10\/Abesata.png","width":1063,"height":591,"caption":"Associa\u00e7\u00e3o Brasileira das Empresas de Servi\u00e7os Auxiliares de Transporte A\u00e9reo"},"image":{"@id":"https:\/\/www.abesata.org\/br\/#\/schema\/logo\/image\/"},"sameAs":["https:\/\/www.facebook.com\/abesata.org\/","https:\/\/www.instagram.com\/abesata_gh\/","https:\/\/br.linkedin.com\/company\/abesata"]},{"@type":"Person","@id":"https:\/\/www.abesata.org\/br\/#\/schema\/person\/9ea6d4cad1253eb9fd0f7cc28c4306da","name":"Henrique Santana","image":{"@type":"ImageObject","inLanguage":"pt-BR","@id":"https:\/\/secure.gravatar.com\/avatar\/d38ee0ca5c04b216d163c4ecd115e6174ba1c9174252c48fc8d30cf2dc7f0b25?s=96&d=mm&r=g","url":"https:\/\/secure.gravatar.com\/avatar\/d38ee0ca5c04b216d163c4ecd115e6174ba1c9174252c48fc8d30cf2dc7f0b25?s=96&d=mm&r=g","contentUrl":"https:\/\/secure.gravatar.com\/avatar\/d38ee0ca5c04b216d163c4ecd115e6174ba1c9174252c48fc8d30cf2dc7f0b25?s=96&d=mm&r=g","caption":"Henrique Santana"},"url":"https:\/\/www.abesata.org\/br\/author\/henrique-santana\/"}]}},"_links":{"self":[{"href":"https:\/\/www.abesata.org\/br\/wp-json\/wp\/v2\/posts\/17103","targetHints":{"allow":["GET"]}}],"collection":[{"href":"https:\/\/www.abesata.org\/br\/wp-json\/wp\/v2\/posts"}],"about":[{"href":"https:\/\/www.abesata.org\/br\/wp-json\/wp\/v2\/types\/post"}],"author":[{"embeddable":true,"href":"https:\/\/www.abesata.org\/br\/wp-json\/wp\/v2\/users\/135"}],"replies":[{"embeddable":true,"href":"https:\/\/www.abesata.org\/br\/wp-json\/wp\/v2\/comments?post=17103"}],"version-history":[{"count":1,"href":"https:\/\/www.abesata.org\/br\/wp-json\/wp\/v2\/posts\/17103\/revisions"}],"predecessor-version":[{"id":17105,"href":"https:\/\/www.abesata.org\/br\/wp-json\/wp\/v2\/posts\/17103\/revisions\/17105"}],"wp:featuredmedia":[{"embeddable":true,"href":"https:\/\/www.abesata.org\/br\/wp-json\/wp\/v2\/media\/17104"}],"wp:attachment":[{"href":"https:\/\/www.abesata.org\/br\/wp-json\/wp\/v2\/media?parent=17103"}],"wp:term":[{"taxonomy":"category","embeddable":true,"href":"https:\/\/www.abesata.org\/br\/wp-json\/wp\/v2\/categories?post=17103"},{"taxonomy":"post_tag","embeddable":true,"href":"https:\/\/www.abesata.org\/br\/wp-json\/wp\/v2\/tags?post=17103"}],"curies":[{"name":"wp","href":"https:\/\/api.w.org\/{rel}","templated":true}]}}