{"id":1713,"date":"2014-10-23T14:54:20","date_gmt":"2014-10-23T16:54:20","guid":{"rendered":"http:\/\/www.abesata.org\/?p=1713"},"modified":"2014-10-23T18:24:00","modified_gmt":"2014-10-23T20:24:00","slug":"aereas-brasileiras-ja-transportaram-842-milhoes-de-passageiros","status":"publish","type":"post","link":"https:\/\/www.abesata.org\/br\/aereas-brasileiras-ja-transportaram-842-milhoes-de-passageiros\/","title":{"rendered":"A\u00e9reas brasileiras j\u00e1 transportaram 84,2 milh\u00f5es de passageiros"},"content":{"rendered":"<p>Cerca de 84,2 milh\u00f5es de passageiros j\u00e1 embarcaram pelas principais companhias a\u00e9reas brasileiras este ano, em voos nacionais e internacionais, de acordo com a Associa\u00e7\u00e3o Brasileira das Empresas A\u00e9reas (Abear). As empresas associadas \u00e0 entidade (Avianca, Azul, Tam e Gol) registraram um aumento de 3% na procura por transporte a\u00e9reo dom\u00e9stico, em compara\u00e7\u00e3o a setembro de 2013. Segundo o Minist\u00e9rio do Turismo, no ano passado foram realizados cerca de 89 milh\u00f5es de desembarques dom\u00e9sticos e 9,4 milh\u00f5es de desembarques internacionais no pa\u00eds.<\/p>\n<p>\u201cOs n\u00fameros s\u00e3o reflexo dos investimentos realizados nos aeroportos, a amplia\u00e7\u00e3o da malha a\u00e9rea ao longo dos anos e o maior acesso da classe m\u00e9dia \u00e0s viagens de avi\u00e3o\u201d, disse o ministro do Turismo, Vinicius Lages. O estudo de &#8211; Sondagem do Consumidor, do Minist\u00e9rio do Turismo, que \u00e9 realizado todos os meses sem sete capitais, mostra que a inten\u00e7\u00e3o dos brasileiros em viajar de avi\u00e3o aumentou cerca de 57% em sete anos: 37,1% dos entrevistados demonstraram desejo de viajar de avi\u00e3o em setembro de 2007, enquanto que no mesmo per\u00edodo de 2014 o registro \u00e9 de 58,3%.<\/p>\n<p>Somente em setembro deste ano, os passageiros embarcados pelas empresas associadas \u00e0 Abear, em voos dom\u00e9sticos, j\u00e1 somam 6,7 milh\u00f5es, sendo 3,8% a mais que em 2013. Segundo a entidade, o crescimento nos primeiros meses de 2014 e a relativa estabilidade durante a temporada de realiza\u00e7\u00e3o da Copa do Mundo resultam em uma expans\u00e3o acumulada da demanda de 5,4% at\u00e9 agora. A estat\u00edstica \u00e9 medida em RPKs (passageiros-quil\u00f4metros transportados). A oferta dom\u00e9stica, medida em ASKs (assentos-quil\u00f4metros oferecidos), que tem sido gerenciada atentamente pelas transportadoras com vistas ao aumento da efici\u00eancia dos servi\u00e7os oferecidos.<\/p>\n<p>O resultado de setembro \u00e9 positivo para um m\u00eas de atividade mais fraca no setor devido a sazonalidade. A exist\u00eancia de um dia \u00fatil a mais nos dados de setembro de 2014 em rela\u00e7\u00e3o a setembro de 2013, al\u00e9m de um amplo trabalho das companhias a\u00e9reas para promoverem seus produtos e servi\u00e7os, mantendo em alta a procura por viagens a\u00e9reas de lazer no pa\u00eds, em um momento de baixa no mercado corporativo, s\u00e3o fatores que contribu\u00edram para este desempenho.<\/p>\n<p style=\"text-align: right;\">Fonte: Mercado &amp; Eventos<br \/>\n22\/10\/2014<\/p>\n","protected":false},"excerpt":{"rendered":"<p>Cerca de 84,2 milh\u00f5es de passageiros j\u00e1 embarcaram pelas principais companhias a\u00e9reas brasileiras este ano, em voos nacionais e internacionais, de acordo com a Associa\u00e7\u00e3o Brasileira das Empresas A\u00e9reas (Abear). As empresas associadas \u00e0 entidade (Avianca, Azul, Tam e Gol) registraram um aumento de 3% na procura por transporte a\u00e9reo dom\u00e9stico, em compara\u00e7\u00e3o a setembro [&hellip;]<\/p>\n","protected":false},"author":18,"featured_media":1412,"comment_status":"closed","ping_status":"closed","sticky":false,"template":"","format":"standard","meta":{"footnotes":""},"categories":[],"tags":[],"class_list":["post-1713","post","type-post","status-publish","format-standard","has-post-thumbnail","hentry"],"yoast_head":"<!-- This site is optimized with the Yoast SEO plugin v26.5 - https:\/\/yoast.com\/wordpress\/plugins\/seo\/ -->\n<title>A\u00e9reas brasileiras j\u00e1 transportaram 84,2 milh\u00f5es de passageiros - Abesata<\/title>\n<meta name=\"robots\" content=\"index, follow, max-snippet:-1, max-image-preview:large, max-video-preview:-1\" \/>\n<link rel=\"canonical\" href=\"https:\/\/www.abesata.org\/br\/aereas-brasileiras-ja-transportaram-842-milhoes-de-passageiros\/\" \/>\n<meta property=\"og:locale\" content=\"pt_BR\" \/>\n<meta property=\"og:type\" content=\"article\" \/>\n<meta property=\"og:title\" content=\"A\u00e9reas brasileiras j\u00e1 transportaram 84,2 milh\u00f5es de passageiros - Abesata\" \/>\n<meta property=\"og:description\" content=\"Cerca de 84,2 milh\u00f5es de passageiros j\u00e1 embarcaram pelas principais companhias a\u00e9reas brasileiras este ano, em voos nacionais e internacionais, de acordo com a Associa\u00e7\u00e3o Brasileira das Empresas A\u00e9reas (Abear). As empresas associadas \u00e0 entidade (Avianca, Azul, Tam e Gol) registraram um aumento de 3% na procura por transporte a\u00e9reo dom\u00e9stico, em compara\u00e7\u00e3o a setembro [&hellip;]\" \/>\n<meta property=\"og:url\" content=\"https:\/\/www.abesata.org\/br\/aereas-brasileiras-ja-transportaram-842-milhoes-de-passageiros\/\" \/>\n<meta property=\"og:site_name\" content=\"Abesata\" \/>\n<meta property=\"article:publisher\" content=\"https:\/\/www.facebook.com\/abesata.org\/\" \/>\n<meta property=\"article:published_time\" content=\"2014-10-23T16:54:20+00:00\" \/>\n<meta property=\"article:modified_time\" content=\"2014-10-23T20:24:00+00:00\" \/>\n<meta property=\"og:image\" content=\"https:\/\/www.abesata.org\/br\/wp-content\/uploads\/2014\/08\/7.png\" \/>\n\t<meta property=\"og:image:width\" content=\"1026\" \/>\n\t<meta property=\"og:image:height\" content=\"336\" \/>\n\t<meta property=\"og:image:type\" content=\"image\/png\" \/>\n<meta name=\"author\" content=\"Ricardo\" \/>\n<meta name=\"twitter:card\" content=\"summary_large_image\" \/>\n<meta name=\"twitter:label1\" content=\"Escrito por\" \/>\n\t<meta name=\"twitter:data1\" content=\"Ricardo\" \/>\n\t<meta name=\"twitter:label2\" content=\"Est. tempo de leitura\" \/>\n\t<meta name=\"twitter:data2\" content=\"2 minutos\" \/>\n<script type=\"application\/ld+json\" class=\"yoast-schema-graph\">{\"@context\":\"https:\/\/schema.org\",\"@graph\":[{\"@type\":\"Article\",\"@id\":\"https:\/\/www.abesata.org\/br\/aereas-brasileiras-ja-transportaram-842-milhoes-de-passageiros\/#article\",\"isPartOf\":{\"@id\":\"https:\/\/www.abesata.org\/br\/aereas-brasileiras-ja-transportaram-842-milhoes-de-passageiros\/\"},\"author\":{\"name\":\"Ricardo\",\"@id\":\"https:\/\/www.abesata.org\/br\/#\/schema\/person\/1f1295145bee68e42ffe39157320456b\"},\"headline\":\"A\u00e9reas brasileiras j\u00e1 transportaram 84,2 milh\u00f5es de passageiros\",\"datePublished\":\"2014-10-23T16:54:20+00:00\",\"dateModified\":\"2014-10-23T20:24:00+00:00\",\"mainEntityOfPage\":{\"@id\":\"https:\/\/www.abesata.org\/br\/aereas-brasileiras-ja-transportaram-842-milhoes-de-passageiros\/\"},\"wordCount\":385,\"publisher\":{\"@id\":\"https:\/\/www.abesata.org\/br\/#organization\"},\"image\":{\"@id\":\"https:\/\/www.abesata.org\/br\/aereas-brasileiras-ja-transportaram-842-milhoes-de-passageiros\/#primaryimage\"},\"thumbnailUrl\":\"https:\/\/www.abesata.org\/br\/wp-content\/uploads\/2014\/08\/7.png\",\"inLanguage\":\"pt-BR\"},{\"@type\":\"WebPage\",\"@id\":\"https:\/\/www.abesata.org\/br\/aereas-brasileiras-ja-transportaram-842-milhoes-de-passageiros\/\",\"url\":\"https:\/\/www.abesata.org\/br\/aereas-brasileiras-ja-transportaram-842-milhoes-de-passageiros\/\",\"name\":\"A\u00e9reas brasileiras j\u00e1 transportaram 84,2 milh\u00f5es de passageiros - Abesata\",\"isPartOf\":{\"@id\":\"https:\/\/www.abesata.org\/br\/#website\"},\"primaryImageOfPage\":{\"@id\":\"https:\/\/www.abesata.org\/br\/aereas-brasileiras-ja-transportaram-842-milhoes-de-passageiros\/#primaryimage\"},\"image\":{\"@id\":\"https:\/\/www.abesata.org\/br\/aereas-brasileiras-ja-transportaram-842-milhoes-de-passageiros\/#primaryimage\"},\"thumbnailUrl\":\"https:\/\/www.abesata.org\/br\/wp-content\/uploads\/2014\/08\/7.png\",\"datePublished\":\"2014-10-23T16:54:20+00:00\",\"dateModified\":\"2014-10-23T20:24:00+00:00\",\"breadcrumb\":{\"@id\":\"https:\/\/www.abesata.org\/br\/aereas-brasileiras-ja-transportaram-842-milhoes-de-passageiros\/#breadcrumb\"},\"inLanguage\":\"pt-BR\",\"potentialAction\":[{\"@type\":\"ReadAction\",\"target\":[\"https:\/\/www.abesata.org\/br\/aereas-brasileiras-ja-transportaram-842-milhoes-de-passageiros\/\"]}]},{\"@type\":\"ImageObject\",\"inLanguage\":\"pt-BR\",\"@id\":\"https:\/\/www.abesata.org\/br\/aereas-brasileiras-ja-transportaram-842-milhoes-de-passageiros\/#primaryimage\",\"url\":\"https:\/\/www.abesata.org\/br\/wp-content\/uploads\/2014\/08\/7.png\",\"contentUrl\":\"https:\/\/www.abesata.org\/br\/wp-content\/uploads\/2014\/08\/7.png\",\"width\":1026,\"height\":336},{\"@type\":\"BreadcrumbList\",\"@id\":\"https:\/\/www.abesata.org\/br\/aereas-brasileiras-ja-transportaram-842-milhoes-de-passageiros\/#breadcrumb\",\"itemListElement\":[{\"@type\":\"ListItem\",\"position\":1,\"name\":\"In\u00edcio\",\"item\":\"https:\/\/www.abesata.org\/br\/\"},{\"@type\":\"ListItem\",\"position\":2,\"name\":\"A\u00e9reas brasileiras j\u00e1 transportaram 84,2 milh\u00f5es de passageiros\"}]},{\"@type\":\"WebSite\",\"@id\":\"https:\/\/www.abesata.org\/br\/#website\",\"url\":\"https:\/\/www.abesata.org\/br\/\",\"name\":\"Abesata\",\"description\":\"Associa\u00e7\u00e3o Brasileira das Empresas de Servi\u00e7os Auxiliares de Transporte A\u00e9reo\",\"publisher\":{\"@id\":\"https:\/\/www.abesata.org\/br\/#organization\"},\"potentialAction\":[{\"@type\":\"SearchAction\",\"target\":{\"@type\":\"EntryPoint\",\"urlTemplate\":\"https:\/\/www.abesata.org\/br\/?s={search_term_string}\"},\"query-input\":{\"@type\":\"PropertyValueSpecification\",\"valueRequired\":true,\"valueName\":\"search_term_string\"}}],\"inLanguage\":\"pt-BR\"},{\"@type\":\"Organization\",\"@id\":\"https:\/\/www.abesata.org\/br\/#organization\",\"name\":\"Associa\u00e7\u00e3o Brasileira das Empresas de Servi\u00e7os Auxiliares de Transporte A\u00e9reo\",\"alternateName\":\"Abesata\",\"url\":\"https:\/\/www.abesata.org\/br\/\",\"logo\":{\"@type\":\"ImageObject\",\"inLanguage\":\"pt-BR\",\"@id\":\"https:\/\/www.abesata.org\/br\/#\/schema\/logo\/image\/\",\"url\":\"https:\/\/www.abesata.org\/br\/wp-content\/uploads\/2023\/10\/Abesata.png\",\"contentUrl\":\"https:\/\/www.abesata.org\/br\/wp-content\/uploads\/2023\/10\/Abesata.png\",\"width\":1063,\"height\":591,\"caption\":\"Associa\u00e7\u00e3o Brasileira das Empresas de Servi\u00e7os Auxiliares de Transporte A\u00e9reo\"},\"image\":{\"@id\":\"https:\/\/www.abesata.org\/br\/#\/schema\/logo\/image\/\"},\"sameAs\":[\"https:\/\/www.facebook.com\/abesata.org\/\",\"https:\/\/www.instagram.com\/abesata_gh\/\",\"https:\/\/br.linkedin.com\/company\/abesata\"]},{\"@type\":\"Person\",\"@id\":\"https:\/\/www.abesata.org\/br\/#\/schema\/person\/1f1295145bee68e42ffe39157320456b\",\"name\":\"Ricardo\",\"image\":{\"@type\":\"ImageObject\",\"inLanguage\":\"pt-BR\",\"@id\":\"https:\/\/www.abesata.org\/br\/#\/schema\/person\/image\/\",\"url\":\"https:\/\/secure.gravatar.com\/avatar\/1d856797eb89513dee321f840c1a6bbcec15beb178c003e50adcf59323b3a8a9?s=96&d=mm&r=g\",\"contentUrl\":\"https:\/\/secure.gravatar.com\/avatar\/1d856797eb89513dee321f840c1a6bbcec15beb178c003e50adcf59323b3a8a9?s=96&d=mm&r=g\",\"caption\":\"Ricardo\"},\"url\":\"https:\/\/www.abesata.org\/br\/author\/ricardo-baroni\/\"}]}<\/script>\n<!-- \/ Yoast SEO plugin. -->","yoast_head_json":{"title":"A\u00e9reas brasileiras j\u00e1 transportaram 84,2 milh\u00f5es de passageiros - Abesata","robots":{"index":"index","follow":"follow","max-snippet":"max-snippet:-1","max-image-preview":"max-image-preview:large","max-video-preview":"max-video-preview:-1"},"canonical":"https:\/\/www.abesata.org\/br\/aereas-brasileiras-ja-transportaram-842-milhoes-de-passageiros\/","og_locale":"pt_BR","og_type":"article","og_title":"A\u00e9reas brasileiras j\u00e1 transportaram 84,2 milh\u00f5es de passageiros - Abesata","og_description":"Cerca de 84,2 milh\u00f5es de passageiros j\u00e1 embarcaram pelas principais companhias a\u00e9reas brasileiras este ano, em voos nacionais e internacionais, de acordo com a Associa\u00e7\u00e3o Brasileira das Empresas A\u00e9reas (Abear). As empresas associadas \u00e0 entidade (Avianca, Azul, Tam e Gol) registraram um aumento de 3% na procura por transporte a\u00e9reo dom\u00e9stico, em compara\u00e7\u00e3o a setembro [&hellip;]","og_url":"https:\/\/www.abesata.org\/br\/aereas-brasileiras-ja-transportaram-842-milhoes-de-passageiros\/","og_site_name":"Abesata","article_publisher":"https:\/\/www.facebook.com\/abesata.org\/","article_published_time":"2014-10-23T16:54:20+00:00","article_modified_time":"2014-10-23T20:24:00+00:00","og_image":[{"width":1026,"height":336,"url":"https:\/\/www.abesata.org\/br\/wp-content\/uploads\/2014\/08\/7.png","type":"image\/png"}],"author":"Ricardo","twitter_card":"summary_large_image","twitter_misc":{"Escrito por":"Ricardo","Est. tempo de leitura":"2 minutos"},"schema":{"@context":"https:\/\/schema.org","@graph":[{"@type":"Article","@id":"https:\/\/www.abesata.org\/br\/aereas-brasileiras-ja-transportaram-842-milhoes-de-passageiros\/#article","isPartOf":{"@id":"https:\/\/www.abesata.org\/br\/aereas-brasileiras-ja-transportaram-842-milhoes-de-passageiros\/"},"author":{"name":"Ricardo","@id":"https:\/\/www.abesata.org\/br\/#\/schema\/person\/1f1295145bee68e42ffe39157320456b"},"headline":"A\u00e9reas brasileiras j\u00e1 transportaram 84,2 milh\u00f5es de passageiros","datePublished":"2014-10-23T16:54:20+00:00","dateModified":"2014-10-23T20:24:00+00:00","mainEntityOfPage":{"@id":"https:\/\/www.abesata.org\/br\/aereas-brasileiras-ja-transportaram-842-milhoes-de-passageiros\/"},"wordCount":385,"publisher":{"@id":"https:\/\/www.abesata.org\/br\/#organization"},"image":{"@id":"https:\/\/www.abesata.org\/br\/aereas-brasileiras-ja-transportaram-842-milhoes-de-passageiros\/#primaryimage"},"thumbnailUrl":"https:\/\/www.abesata.org\/br\/wp-content\/uploads\/2014\/08\/7.png","inLanguage":"pt-BR"},{"@type":"WebPage","@id":"https:\/\/www.abesata.org\/br\/aereas-brasileiras-ja-transportaram-842-milhoes-de-passageiros\/","url":"https:\/\/www.abesata.org\/br\/aereas-brasileiras-ja-transportaram-842-milhoes-de-passageiros\/","name":"A\u00e9reas brasileiras j\u00e1 transportaram 84,2 milh\u00f5es de passageiros - Abesata","isPartOf":{"@id":"https:\/\/www.abesata.org\/br\/#website"},"primaryImageOfPage":{"@id":"https:\/\/www.abesata.org\/br\/aereas-brasileiras-ja-transportaram-842-milhoes-de-passageiros\/#primaryimage"},"image":{"@id":"https:\/\/www.abesata.org\/br\/aereas-brasileiras-ja-transportaram-842-milhoes-de-passageiros\/#primaryimage"},"thumbnailUrl":"https:\/\/www.abesata.org\/br\/wp-content\/uploads\/2014\/08\/7.png","datePublished":"2014-10-23T16:54:20+00:00","dateModified":"2014-10-23T20:24:00+00:00","breadcrumb":{"@id":"https:\/\/www.abesata.org\/br\/aereas-brasileiras-ja-transportaram-842-milhoes-de-passageiros\/#breadcrumb"},"inLanguage":"pt-BR","potentialAction":[{"@type":"ReadAction","target":["https:\/\/www.abesata.org\/br\/aereas-brasileiras-ja-transportaram-842-milhoes-de-passageiros\/"]}]},{"@type":"ImageObject","inLanguage":"pt-BR","@id":"https:\/\/www.abesata.org\/br\/aereas-brasileiras-ja-transportaram-842-milhoes-de-passageiros\/#primaryimage","url":"https:\/\/www.abesata.org\/br\/wp-content\/uploads\/2014\/08\/7.png","contentUrl":"https:\/\/www.abesata.org\/br\/wp-content\/uploads\/2014\/08\/7.png","width":1026,"height":336},{"@type":"BreadcrumbList","@id":"https:\/\/www.abesata.org\/br\/aereas-brasileiras-ja-transportaram-842-milhoes-de-passageiros\/#breadcrumb","itemListElement":[{"@type":"ListItem","position":1,"name":"In\u00edcio","item":"https:\/\/www.abesata.org\/br\/"},{"@type":"ListItem","position":2,"name":"A\u00e9reas brasileiras j\u00e1 transportaram 84,2 milh\u00f5es de passageiros"}]},{"@type":"WebSite","@id":"https:\/\/www.abesata.org\/br\/#website","url":"https:\/\/www.abesata.org\/br\/","name":"Abesata","description":"Associa\u00e7\u00e3o Brasileira das Empresas de Servi\u00e7os Auxiliares de Transporte A\u00e9reo","publisher":{"@id":"https:\/\/www.abesata.org\/br\/#organization"},"potentialAction":[{"@type":"SearchAction","target":{"@type":"EntryPoint","urlTemplate":"https:\/\/www.abesata.org\/br\/?s={search_term_string}"},"query-input":{"@type":"PropertyValueSpecification","valueRequired":true,"valueName":"search_term_string"}}],"inLanguage":"pt-BR"},{"@type":"Organization","@id":"https:\/\/www.abesata.org\/br\/#organization","name":"Associa\u00e7\u00e3o Brasileira das Empresas de Servi\u00e7os Auxiliares de Transporte A\u00e9reo","alternateName":"Abesata","url":"https:\/\/www.abesata.org\/br\/","logo":{"@type":"ImageObject","inLanguage":"pt-BR","@id":"https:\/\/www.abesata.org\/br\/#\/schema\/logo\/image\/","url":"https:\/\/www.abesata.org\/br\/wp-content\/uploads\/2023\/10\/Abesata.png","contentUrl":"https:\/\/www.abesata.org\/br\/wp-content\/uploads\/2023\/10\/Abesata.png","width":1063,"height":591,"caption":"Associa\u00e7\u00e3o Brasileira das Empresas de Servi\u00e7os Auxiliares de Transporte A\u00e9reo"},"image":{"@id":"https:\/\/www.abesata.org\/br\/#\/schema\/logo\/image\/"},"sameAs":["https:\/\/www.facebook.com\/abesata.org\/","https:\/\/www.instagram.com\/abesata_gh\/","https:\/\/br.linkedin.com\/company\/abesata"]},{"@type":"Person","@id":"https:\/\/www.abesata.org\/br\/#\/schema\/person\/1f1295145bee68e42ffe39157320456b","name":"Ricardo","image":{"@type":"ImageObject","inLanguage":"pt-BR","@id":"https:\/\/www.abesata.org\/br\/#\/schema\/person\/image\/","url":"https:\/\/secure.gravatar.com\/avatar\/1d856797eb89513dee321f840c1a6bbcec15beb178c003e50adcf59323b3a8a9?s=96&d=mm&r=g","contentUrl":"https:\/\/secure.gravatar.com\/avatar\/1d856797eb89513dee321f840c1a6bbcec15beb178c003e50adcf59323b3a8a9?s=96&d=mm&r=g","caption":"Ricardo"},"url":"https:\/\/www.abesata.org\/br\/author\/ricardo-baroni\/"}]}},"_links":{"self":[{"href":"https:\/\/www.abesata.org\/br\/wp-json\/wp\/v2\/posts\/1713","targetHints":{"allow":["GET"]}}],"collection":[{"href":"https:\/\/www.abesata.org\/br\/wp-json\/wp\/v2\/posts"}],"about":[{"href":"https:\/\/www.abesata.org\/br\/wp-json\/wp\/v2\/types\/post"}],"author":[{"embeddable":true,"href":"https:\/\/www.abesata.org\/br\/wp-json\/wp\/v2\/users\/18"}],"replies":[{"embeddable":true,"href":"https:\/\/www.abesata.org\/br\/wp-json\/wp\/v2\/comments?post=1713"}],"version-history":[{"count":0,"href":"https:\/\/www.abesata.org\/br\/wp-json\/wp\/v2\/posts\/1713\/revisions"}],"wp:featuredmedia":[{"embeddable":true,"href":"https:\/\/www.abesata.org\/br\/wp-json\/wp\/v2\/media\/1412"}],"wp:attachment":[{"href":"https:\/\/www.abesata.org\/br\/wp-json\/wp\/v2\/media?parent=1713"}],"wp:term":[{"taxonomy":"category","embeddable":true,"href":"https:\/\/www.abesata.org\/br\/wp-json\/wp\/v2\/categories?post=1713"},{"taxonomy":"post_tag","embeddable":true,"href":"https:\/\/www.abesata.org\/br\/wp-json\/wp\/v2\/tags?post=1713"}],"curies":[{"name":"wp","href":"https:\/\/api.w.org\/{rel}","templated":true}]}}