{"id":1716,"date":"2014-10-23T15:02:11","date_gmt":"2014-10-23T17:02:11","guid":{"rendered":"http:\/\/www.abesata.org\/?p=1716"},"modified":"2014-10-23T18:10:57","modified_gmt":"2014-10-23T20:10:57","slug":"abesata-homenageia-o-dia-do-aviador","status":"publish","type":"post","link":"https:\/\/www.abesata.org\/br\/abesata-homenageia-o-dia-do-aviador\/","title":{"rendered":"ABESATA homenageia o Dia do Aviador"},"content":{"rendered":"<p>H\u00e1 exatamente cento e oito anos atr\u00e1s, no dia 23 de outubro de 1906, Santos Dumont surpreendeu o mundo ao lan\u00e7ar-se aos c\u00e9us de Paris pilotando o 14-Bis, o primeiro objeto mais pesado que o ar a pairar pelos ares por impulsos pr\u00f3prios. Mal sabia ele que naquela tarde ensolarada havia dado o pontap\u00e9 inicial para o r\u00e1pido desenvolvimento da era dos voos tripulados. A partir de ent\u00e3o, com a evolu\u00e7\u00e3o dos motores, modelos de avi\u00f5es mais aerodin\u00e2micos foram surgindo e dando novas possibilidades de explora\u00e7\u00e3o dos c\u00e9us. Com uso comercial, surgem os avi\u00f5es de passageiros, e junto com eles os aeroportos e os servi\u00e7os auxiliares ao transporte a\u00e9reo.<\/p>\n<p><a href=\"http:\/\/www.abesata.org\/wp-content\/uploads\/2014\/10\/noticiaabesata23.10.jpg\"><img fetchpriority=\"high\" decoding=\"async\" class=\"wp-image-1718 alignleft\" alt=\"noticiaabesata23.10\" src=\"https:\/\/www.abesata.org\/br\/wp-content\/uploads\/2014\/10\/noticiaabesata23.10.jpg\" width=\"410\" height=\"228\" srcset=\"https:\/\/www.abesata.org\/br\/wp-content\/uploads\/2014\/10\/noticiaabesata23.10.jpg 640w, https:\/\/www.abesata.org\/br\/wp-content\/uploads\/2014\/10\/noticiaabesata23.10-300x166.jpg 300w, https:\/\/www.abesata.org\/br\/wp-content\/uploads\/2014\/10\/noticiaabesata23.10-250x139.jpg 250w, https:\/\/www.abesata.org\/br\/wp-content\/uploads\/2014\/10\/noticiaabesata23.10-150x83.jpg 150w\" sizes=\"(max-width: 410px) 100vw, 410px\" \/><\/a><\/p>\n<p>Pelo seu valor e representatividade, o dia 23 de outubro foi escolhido como o Dia do Aviador para homenagear aqueles que aprenderam a dominar a arte de voar e souberam transform\u00e1-la em uma profiss\u00e3o que aproxima pessoas e encurta dist\u00e2ncias.<\/p>\n<p>A ABESATA &#8211; Associa\u00e7\u00e3o Brasileira das Empresas de Servi\u00e7os Auxiliares ao Transporte A\u00e9reo &#8211; aproveita esta data para parabenizar n\u00e3o s\u00f3 os pilotos, mas tamb\u00e9m todas as pessoas que fazem parte do conjunto de \u00f3rg\u00e3os, instala\u00e7\u00f5es e estruturas terrestres que promovem a seguran\u00e7a, a regularidade e a efici\u00eancia da atividade a\u00e9rea. Os integrantes da Abesata desejam que a inspira\u00e7\u00e3o de Alberto Santos-Dumont continue balizando a avia\u00e7\u00e3o brasileira rumo a voos mais altos.<\/p>\n<p style=\"text-align: right;\">Fonte: Ricardo Baroni \u2013 Jornalista &#8211; Colaborador<br \/>\n23\/10\/2014<\/p>\n","protected":false},"excerpt":{"rendered":"<p>H\u00e1 exatamente cento e oito anos atr\u00e1s, no dia 23 de outubro de 1906, Santos Dumont surpreendeu o mundo ao lan\u00e7ar-se aos c\u00e9us de Paris pilotando o 14-Bis, o primeiro objeto mais pesado que o ar a pairar pelos ares por impulsos pr\u00f3prios. Mal sabia ele que naquela tarde ensolarada havia dado o pontap\u00e9 inicial [&hellip;]<\/p>\n","protected":false},"author":18,"featured_media":1717,"comment_status":"closed","ping_status":"closed","sticky":false,"template":"","format":"standard","meta":{"footnotes":""},"categories":[],"tags":[],"class_list":["post-1716","post","type-post","status-publish","format-standard","has-post-thumbnail","hentry"],"yoast_head":"<!-- This site is optimized with the Yoast SEO plugin v26.5 - https:\/\/yoast.com\/wordpress\/plugins\/seo\/ -->\n<title>ABESATA homenageia o Dia do Aviador - Abesata<\/title>\n<meta name=\"robots\" content=\"index, follow, max-snippet:-1, max-image-preview:large, max-video-preview:-1\" \/>\n<link rel=\"canonical\" href=\"https:\/\/www.abesata.org\/br\/abesata-homenageia-o-dia-do-aviador\/\" \/>\n<meta property=\"og:locale\" content=\"pt_BR\" \/>\n<meta property=\"og:type\" content=\"article\" \/>\n<meta property=\"og:title\" content=\"ABESATA homenageia o Dia do Aviador - Abesata\" \/>\n<meta property=\"og:description\" content=\"H\u00e1 exatamente cento e oito anos atr\u00e1s, no dia 23 de outubro de 1906, Santos Dumont surpreendeu o mundo ao lan\u00e7ar-se aos c\u00e9us de Paris pilotando o 14-Bis, o primeiro objeto mais pesado que o ar a pairar pelos ares por impulsos pr\u00f3prios. Mal sabia ele que naquela tarde ensolarada havia dado o pontap\u00e9 inicial [&hellip;]\" \/>\n<meta property=\"og:url\" content=\"https:\/\/www.abesata.org\/br\/abesata-homenageia-o-dia-do-aviador\/\" \/>\n<meta property=\"og:site_name\" content=\"Abesata\" \/>\n<meta property=\"article:publisher\" content=\"https:\/\/www.facebook.com\/abesata.org\/\" \/>\n<meta property=\"article:published_time\" content=\"2014-10-23T17:02:11+00:00\" \/>\n<meta property=\"article:modified_time\" content=\"2014-10-23T20:10:57+00:00\" \/>\n<meta property=\"og:image\" content=\"https:\/\/www.abesata.org\/br\/wp-content\/uploads\/2014\/10\/30.png\" \/>\n\t<meta property=\"og:image:width\" content=\"1707\" \/>\n\t<meta property=\"og:image:height\" content=\"560\" \/>\n\t<meta property=\"og:image:type\" content=\"image\/png\" \/>\n<meta name=\"author\" content=\"Ricardo\" \/>\n<meta name=\"twitter:card\" content=\"summary_large_image\" \/>\n<meta name=\"twitter:label1\" content=\"Escrito por\" \/>\n\t<meta name=\"twitter:data1\" content=\"Ricardo\" \/>\n\t<meta name=\"twitter:label2\" content=\"Est. tempo de leitura\" \/>\n\t<meta name=\"twitter:data2\" content=\"1 minuto\" \/>\n<script type=\"application\/ld+json\" class=\"yoast-schema-graph\">{\"@context\":\"https:\/\/schema.org\",\"@graph\":[{\"@type\":\"Article\",\"@id\":\"https:\/\/www.abesata.org\/br\/abesata-homenageia-o-dia-do-aviador\/#article\",\"isPartOf\":{\"@id\":\"https:\/\/www.abesata.org\/br\/abesata-homenageia-o-dia-do-aviador\/\"},\"author\":{\"name\":\"Ricardo\",\"@id\":\"https:\/\/www.abesata.org\/br\/#\/schema\/person\/1f1295145bee68e42ffe39157320456b\"},\"headline\":\"ABESATA homenageia o Dia do Aviador\",\"datePublished\":\"2014-10-23T17:02:11+00:00\",\"dateModified\":\"2014-10-23T20:10:57+00:00\",\"mainEntityOfPage\":{\"@id\":\"https:\/\/www.abesata.org\/br\/abesata-homenageia-o-dia-do-aviador\/\"},\"wordCount\":259,\"publisher\":{\"@id\":\"https:\/\/www.abesata.org\/br\/#organization\"},\"image\":{\"@id\":\"https:\/\/www.abesata.org\/br\/abesata-homenageia-o-dia-do-aviador\/#primaryimage\"},\"thumbnailUrl\":\"https:\/\/www.abesata.org\/br\/wp-content\/uploads\/2014\/10\/30.png\",\"inLanguage\":\"pt-BR\"},{\"@type\":\"WebPage\",\"@id\":\"https:\/\/www.abesata.org\/br\/abesata-homenageia-o-dia-do-aviador\/\",\"url\":\"https:\/\/www.abesata.org\/br\/abesata-homenageia-o-dia-do-aviador\/\",\"name\":\"ABESATA homenageia o Dia do Aviador - Abesata\",\"isPartOf\":{\"@id\":\"https:\/\/www.abesata.org\/br\/#website\"},\"primaryImageOfPage\":{\"@id\":\"https:\/\/www.abesata.org\/br\/abesata-homenageia-o-dia-do-aviador\/#primaryimage\"},\"image\":{\"@id\":\"https:\/\/www.abesata.org\/br\/abesata-homenageia-o-dia-do-aviador\/#primaryimage\"},\"thumbnailUrl\":\"https:\/\/www.abesata.org\/br\/wp-content\/uploads\/2014\/10\/30.png\",\"datePublished\":\"2014-10-23T17:02:11+00:00\",\"dateModified\":\"2014-10-23T20:10:57+00:00\",\"breadcrumb\":{\"@id\":\"https:\/\/www.abesata.org\/br\/abesata-homenageia-o-dia-do-aviador\/#breadcrumb\"},\"inLanguage\":\"pt-BR\",\"potentialAction\":[{\"@type\":\"ReadAction\",\"target\":[\"https:\/\/www.abesata.org\/br\/abesata-homenageia-o-dia-do-aviador\/\"]}]},{\"@type\":\"ImageObject\",\"inLanguage\":\"pt-BR\",\"@id\":\"https:\/\/www.abesata.org\/br\/abesata-homenageia-o-dia-do-aviador\/#primaryimage\",\"url\":\"https:\/\/www.abesata.org\/br\/wp-content\/uploads\/2014\/10\/30.png\",\"contentUrl\":\"https:\/\/www.abesata.org\/br\/wp-content\/uploads\/2014\/10\/30.png\",\"width\":1707,\"height\":560},{\"@type\":\"BreadcrumbList\",\"@id\":\"https:\/\/www.abesata.org\/br\/abesata-homenageia-o-dia-do-aviador\/#breadcrumb\",\"itemListElement\":[{\"@type\":\"ListItem\",\"position\":1,\"name\":\"In\u00edcio\",\"item\":\"https:\/\/www.abesata.org\/br\/\"},{\"@type\":\"ListItem\",\"position\":2,\"name\":\"ABESATA homenageia o Dia do Aviador\"}]},{\"@type\":\"WebSite\",\"@id\":\"https:\/\/www.abesata.org\/br\/#website\",\"url\":\"https:\/\/www.abesata.org\/br\/\",\"name\":\"Abesata\",\"description\":\"Associa\u00e7\u00e3o Brasileira das Empresas de Servi\u00e7os Auxiliares de Transporte A\u00e9reo\",\"publisher\":{\"@id\":\"https:\/\/www.abesata.org\/br\/#organization\"},\"potentialAction\":[{\"@type\":\"SearchAction\",\"target\":{\"@type\":\"EntryPoint\",\"urlTemplate\":\"https:\/\/www.abesata.org\/br\/?s={search_term_string}\"},\"query-input\":{\"@type\":\"PropertyValueSpecification\",\"valueRequired\":true,\"valueName\":\"search_term_string\"}}],\"inLanguage\":\"pt-BR\"},{\"@type\":\"Organization\",\"@id\":\"https:\/\/www.abesata.org\/br\/#organization\",\"name\":\"Associa\u00e7\u00e3o Brasileira das Empresas de Servi\u00e7os Auxiliares de Transporte A\u00e9reo\",\"alternateName\":\"Abesata\",\"url\":\"https:\/\/www.abesata.org\/br\/\",\"logo\":{\"@type\":\"ImageObject\",\"inLanguage\":\"pt-BR\",\"@id\":\"https:\/\/www.abesata.org\/br\/#\/schema\/logo\/image\/\",\"url\":\"https:\/\/www.abesata.org\/br\/wp-content\/uploads\/2023\/10\/Abesata.png\",\"contentUrl\":\"https:\/\/www.abesata.org\/br\/wp-content\/uploads\/2023\/10\/Abesata.png\",\"width\":1063,\"height\":591,\"caption\":\"Associa\u00e7\u00e3o Brasileira das Empresas de Servi\u00e7os Auxiliares de Transporte A\u00e9reo\"},\"image\":{\"@id\":\"https:\/\/www.abesata.org\/br\/#\/schema\/logo\/image\/\"},\"sameAs\":[\"https:\/\/www.facebook.com\/abesata.org\/\",\"https:\/\/www.instagram.com\/abesata_gh\/\",\"https:\/\/br.linkedin.com\/company\/abesata\"]},{\"@type\":\"Person\",\"@id\":\"https:\/\/www.abesata.org\/br\/#\/schema\/person\/1f1295145bee68e42ffe39157320456b\",\"name\":\"Ricardo\",\"image\":{\"@type\":\"ImageObject\",\"inLanguage\":\"pt-BR\",\"@id\":\"https:\/\/www.abesata.org\/br\/#\/schema\/person\/image\/\",\"url\":\"https:\/\/secure.gravatar.com\/avatar\/1d856797eb89513dee321f840c1a6bbcec15beb178c003e50adcf59323b3a8a9?s=96&d=mm&r=g\",\"contentUrl\":\"https:\/\/secure.gravatar.com\/avatar\/1d856797eb89513dee321f840c1a6bbcec15beb178c003e50adcf59323b3a8a9?s=96&d=mm&r=g\",\"caption\":\"Ricardo\"},\"url\":\"https:\/\/www.abesata.org\/br\/author\/ricardo-baroni\/\"}]}<\/script>\n<!-- \/ Yoast SEO plugin. -->","yoast_head_json":{"title":"ABESATA homenageia o Dia do Aviador - Abesata","robots":{"index":"index","follow":"follow","max-snippet":"max-snippet:-1","max-image-preview":"max-image-preview:large","max-video-preview":"max-video-preview:-1"},"canonical":"https:\/\/www.abesata.org\/br\/abesata-homenageia-o-dia-do-aviador\/","og_locale":"pt_BR","og_type":"article","og_title":"ABESATA homenageia o Dia do Aviador - Abesata","og_description":"H\u00e1 exatamente cento e oito anos atr\u00e1s, no dia 23 de outubro de 1906, Santos Dumont surpreendeu o mundo ao lan\u00e7ar-se aos c\u00e9us de Paris pilotando o 14-Bis, o primeiro objeto mais pesado que o ar a pairar pelos ares por impulsos pr\u00f3prios. Mal sabia ele que naquela tarde ensolarada havia dado o pontap\u00e9 inicial [&hellip;]","og_url":"https:\/\/www.abesata.org\/br\/abesata-homenageia-o-dia-do-aviador\/","og_site_name":"Abesata","article_publisher":"https:\/\/www.facebook.com\/abesata.org\/","article_published_time":"2014-10-23T17:02:11+00:00","article_modified_time":"2014-10-23T20:10:57+00:00","og_image":[{"width":1707,"height":560,"url":"https:\/\/www.abesata.org\/br\/wp-content\/uploads\/2014\/10\/30.png","type":"image\/png"}],"author":"Ricardo","twitter_card":"summary_large_image","twitter_misc":{"Escrito por":"Ricardo","Est. tempo de leitura":"1 minuto"},"schema":{"@context":"https:\/\/schema.org","@graph":[{"@type":"Article","@id":"https:\/\/www.abesata.org\/br\/abesata-homenageia-o-dia-do-aviador\/#article","isPartOf":{"@id":"https:\/\/www.abesata.org\/br\/abesata-homenageia-o-dia-do-aviador\/"},"author":{"name":"Ricardo","@id":"https:\/\/www.abesata.org\/br\/#\/schema\/person\/1f1295145bee68e42ffe39157320456b"},"headline":"ABESATA homenageia o Dia do Aviador","datePublished":"2014-10-23T17:02:11+00:00","dateModified":"2014-10-23T20:10:57+00:00","mainEntityOfPage":{"@id":"https:\/\/www.abesata.org\/br\/abesata-homenageia-o-dia-do-aviador\/"},"wordCount":259,"publisher":{"@id":"https:\/\/www.abesata.org\/br\/#organization"},"image":{"@id":"https:\/\/www.abesata.org\/br\/abesata-homenageia-o-dia-do-aviador\/#primaryimage"},"thumbnailUrl":"https:\/\/www.abesata.org\/br\/wp-content\/uploads\/2014\/10\/30.png","inLanguage":"pt-BR"},{"@type":"WebPage","@id":"https:\/\/www.abesata.org\/br\/abesata-homenageia-o-dia-do-aviador\/","url":"https:\/\/www.abesata.org\/br\/abesata-homenageia-o-dia-do-aviador\/","name":"ABESATA homenageia o Dia do Aviador - Abesata","isPartOf":{"@id":"https:\/\/www.abesata.org\/br\/#website"},"primaryImageOfPage":{"@id":"https:\/\/www.abesata.org\/br\/abesata-homenageia-o-dia-do-aviador\/#primaryimage"},"image":{"@id":"https:\/\/www.abesata.org\/br\/abesata-homenageia-o-dia-do-aviador\/#primaryimage"},"thumbnailUrl":"https:\/\/www.abesata.org\/br\/wp-content\/uploads\/2014\/10\/30.png","datePublished":"2014-10-23T17:02:11+00:00","dateModified":"2014-10-23T20:10:57+00:00","breadcrumb":{"@id":"https:\/\/www.abesata.org\/br\/abesata-homenageia-o-dia-do-aviador\/#breadcrumb"},"inLanguage":"pt-BR","potentialAction":[{"@type":"ReadAction","target":["https:\/\/www.abesata.org\/br\/abesata-homenageia-o-dia-do-aviador\/"]}]},{"@type":"ImageObject","inLanguage":"pt-BR","@id":"https:\/\/www.abesata.org\/br\/abesata-homenageia-o-dia-do-aviador\/#primaryimage","url":"https:\/\/www.abesata.org\/br\/wp-content\/uploads\/2014\/10\/30.png","contentUrl":"https:\/\/www.abesata.org\/br\/wp-content\/uploads\/2014\/10\/30.png","width":1707,"height":560},{"@type":"BreadcrumbList","@id":"https:\/\/www.abesata.org\/br\/abesata-homenageia-o-dia-do-aviador\/#breadcrumb","itemListElement":[{"@type":"ListItem","position":1,"name":"In\u00edcio","item":"https:\/\/www.abesata.org\/br\/"},{"@type":"ListItem","position":2,"name":"ABESATA homenageia o Dia do Aviador"}]},{"@type":"WebSite","@id":"https:\/\/www.abesata.org\/br\/#website","url":"https:\/\/www.abesata.org\/br\/","name":"Abesata","description":"Associa\u00e7\u00e3o Brasileira das Empresas de Servi\u00e7os Auxiliares de Transporte A\u00e9reo","publisher":{"@id":"https:\/\/www.abesata.org\/br\/#organization"},"potentialAction":[{"@type":"SearchAction","target":{"@type":"EntryPoint","urlTemplate":"https:\/\/www.abesata.org\/br\/?s={search_term_string}"},"query-input":{"@type":"PropertyValueSpecification","valueRequired":true,"valueName":"search_term_string"}}],"inLanguage":"pt-BR"},{"@type":"Organization","@id":"https:\/\/www.abesata.org\/br\/#organization","name":"Associa\u00e7\u00e3o Brasileira das Empresas de Servi\u00e7os Auxiliares de Transporte A\u00e9reo","alternateName":"Abesata","url":"https:\/\/www.abesata.org\/br\/","logo":{"@type":"ImageObject","inLanguage":"pt-BR","@id":"https:\/\/www.abesata.org\/br\/#\/schema\/logo\/image\/","url":"https:\/\/www.abesata.org\/br\/wp-content\/uploads\/2023\/10\/Abesata.png","contentUrl":"https:\/\/www.abesata.org\/br\/wp-content\/uploads\/2023\/10\/Abesata.png","width":1063,"height":591,"caption":"Associa\u00e7\u00e3o Brasileira das Empresas de Servi\u00e7os Auxiliares de Transporte A\u00e9reo"},"image":{"@id":"https:\/\/www.abesata.org\/br\/#\/schema\/logo\/image\/"},"sameAs":["https:\/\/www.facebook.com\/abesata.org\/","https:\/\/www.instagram.com\/abesata_gh\/","https:\/\/br.linkedin.com\/company\/abesata"]},{"@type":"Person","@id":"https:\/\/www.abesata.org\/br\/#\/schema\/person\/1f1295145bee68e42ffe39157320456b","name":"Ricardo","image":{"@type":"ImageObject","inLanguage":"pt-BR","@id":"https:\/\/www.abesata.org\/br\/#\/schema\/person\/image\/","url":"https:\/\/secure.gravatar.com\/avatar\/1d856797eb89513dee321f840c1a6bbcec15beb178c003e50adcf59323b3a8a9?s=96&d=mm&r=g","contentUrl":"https:\/\/secure.gravatar.com\/avatar\/1d856797eb89513dee321f840c1a6bbcec15beb178c003e50adcf59323b3a8a9?s=96&d=mm&r=g","caption":"Ricardo"},"url":"https:\/\/www.abesata.org\/br\/author\/ricardo-baroni\/"}]}},"_links":{"self":[{"href":"https:\/\/www.abesata.org\/br\/wp-json\/wp\/v2\/posts\/1716","targetHints":{"allow":["GET"]}}],"collection":[{"href":"https:\/\/www.abesata.org\/br\/wp-json\/wp\/v2\/posts"}],"about":[{"href":"https:\/\/www.abesata.org\/br\/wp-json\/wp\/v2\/types\/post"}],"author":[{"embeddable":true,"href":"https:\/\/www.abesata.org\/br\/wp-json\/wp\/v2\/users\/18"}],"replies":[{"embeddable":true,"href":"https:\/\/www.abesata.org\/br\/wp-json\/wp\/v2\/comments?post=1716"}],"version-history":[{"count":0,"href":"https:\/\/www.abesata.org\/br\/wp-json\/wp\/v2\/posts\/1716\/revisions"}],"wp:featuredmedia":[{"embeddable":true,"href":"https:\/\/www.abesata.org\/br\/wp-json\/wp\/v2\/media\/1717"}],"wp:attachment":[{"href":"https:\/\/www.abesata.org\/br\/wp-json\/wp\/v2\/media?parent=1716"}],"wp:term":[{"taxonomy":"category","embeddable":true,"href":"https:\/\/www.abesata.org\/br\/wp-json\/wp\/v2\/categories?post=1716"},{"taxonomy":"post_tag","embeddable":true,"href":"https:\/\/www.abesata.org\/br\/wp-json\/wp\/v2\/tags?post=1716"}],"curies":[{"name":"wp","href":"https:\/\/api.w.org\/{rel}","templated":true}]}}