{"id":17168,"date":"2024-04-24T14:32:52","date_gmt":"2024-04-24T17:32:52","guid":{"rendered":"https:\/\/www.abesata.org\/br\/?p=17168"},"modified":"2024-06-19T15:57:00","modified_gmt":"2024-06-19T18:57:00","slug":"9a-brasil-log-vai-oferecer-palestras-gratuitas-para-o-setor-logistico-no-final-de-maio","status":"publish","type":"post","link":"https:\/\/www.abesata.org\/br\/9a-brasil-log-vai-oferecer-palestras-gratuitas-para-o-setor-logistico-no-final-de-maio\/","title":{"rendered":"9\u00aa Brasil LOG vai oferecer palestras gratuitas para o setor log\u00edstico no final de maio"},"content":{"rendered":"\n<p class=\"wp-block-paragraph\">A nona edi\u00e7\u00e3o da Feira Internacional de Log\u00edstica, a Brasil LOG, ser\u00e1 realizada dos dias 22 a 24 de maio, no Parque da Uva, em Jundia\u00ed (SP). Ao todo, o evento oferece 18 palestras, abertas ao p\u00fablico, com temas pertinentes ao setor de log\u00edstica. Embora sejam gratuitas, as vagas s\u00e3o limitadas.<\/p>\n\n\n\n<p class=\"wp-block-paragraph\">\u201c\u00c9 de suma import\u00e2ncia a integra\u00e7\u00e3o dos setores industrial e agr\u00edcola do interior de S\u00e3o Paulo com o Porto de Santos para tornar ainda mais relevante a corrente comercial do Brasil\u201d, declara o presidente da Autoridade Portu\u00e1ria de Santos (APS), Anderson Pomini, um dos palestrantes confirmados.<\/p>\n\n\n\n<p class=\"wp-block-paragraph\">O quadro tem\u00e1tico inclui pautas como a gest\u00e3o de estoque e armazenagem, estrat\u00e9gias ESG para uma log\u00edstica sustent\u00e1vel, a automa\u00e7\u00e3o de portarias e pesagem de cargas, conex\u00f5es estrat\u00e9gicas nas redes sociais, uso de Intelig\u00eancia Artificial (IA), redu\u00e7\u00e3o de acidentes, dentre outras discuss\u00f5es de grande relev\u00e2ncia ao setor.<\/p>\n\n\n\n<p class=\"wp-block-paragraph\">A Brasil LOG ocupar\u00e1 uma \u00e1rea de 53 mil m\u00b2 em tr\u00eas pavilh\u00f5es com mais de 60 expositores. O acesso \u00e0 feira \u00e9 gratuito, mas requer credenciamento. A expectativa dos organizadores \u00e9 atrair investimentos estrangeiros e refor\u00e7ar os modais log\u00edsticos brasileiros no cen\u00e1rio internacional, com a poss\u00edvel presen\u00e7a de representantes estrangeiros.<\/p>\n","protected":false},"excerpt":{"rendered":"<p>A nona edi\u00e7\u00e3o da Feira Internacional de Log\u00edstica, a Brasil LOG, ser\u00e1 realizada dos dias 22 a 24 de maio, no Parque da Uva, em Jundia\u00ed (SP). Ao todo, o evento oferece 18 palestras, abertas ao p\u00fablico, com temas pertinentes ao setor de log\u00edstica. Embora sejam gratuitas, as vagas s\u00e3o limitadas. \u201c\u00c9 de suma import\u00e2ncia [&hellip;]<\/p>\n","protected":false},"author":135,"featured_media":17169,"comment_status":"closed","ping_status":"closed","sticky":false,"template":"","format":"standard","meta":{"footnotes":""},"categories":[294],"tags":[261,288,62],"class_list":["post-17168","post","type-post","status-publish","format-standard","has-post-thumbnail","hentry","category-noticias","tag-evento","tag-jundiai","tag-logistica"],"yoast_head":"<!-- This site is optimized with the Yoast SEO plugin v28.1 - https:\/\/yoast.com\/product\/yoast-seo-wordpress\/ -->\n<title>9\u00aa Brasil LOG vai oferecer palestras gratuitas para o setor log\u00edstico no final de maio - Abesata<\/title>\n<meta name=\"description\" content=\"Brasil LOG no final de maio\" \/>\n<meta name=\"robots\" content=\"index, follow, max-snippet:-1, max-image-preview:large, max-video-preview:-1\" \/>\n<link rel=\"canonical\" href=\"https:\/\/www.abesata.org\/br\/9a-brasil-log-vai-oferecer-palestras-gratuitas-para-o-setor-logistico-no-final-de-maio\/\" \/>\n<meta property=\"og:locale\" content=\"pt_BR\" \/>\n<meta property=\"og:type\" content=\"article\" \/>\n<meta property=\"og:title\" content=\"9\u00aa Brasil LOG vai oferecer palestras gratuitas para o setor log\u00edstico no final de maio - Abesata\" \/>\n<meta property=\"og:description\" content=\"Brasil LOG no final de maio\" \/>\n<meta property=\"og:url\" content=\"https:\/\/www.abesata.org\/br\/9a-brasil-log-vai-oferecer-palestras-gratuitas-para-o-setor-logistico-no-final-de-maio\/\" \/>\n<meta property=\"og:site_name\" content=\"Abesata\" \/>\n<meta property=\"article:publisher\" content=\"https:\/\/www.facebook.com\/abesata.org\/\" \/>\n<meta property=\"article:published_time\" content=\"2024-04-24T17:32:52+00:00\" \/>\n<meta property=\"article:modified_time\" content=\"2024-06-19T18:57:00+00:00\" \/>\n<meta property=\"og:image\" content=\"https:\/\/www.abesata.org\/br\/wp-content\/uploads\/2024\/04\/BrasilLOG-divulgacao.jpg\" \/>\n\t<meta property=\"og:image:width\" content=\"1181\" \/>\n\t<meta property=\"og:image:height\" content=\"754\" \/>\n\t<meta property=\"og:image:type\" content=\"image\/jpeg\" \/>\n<meta name=\"author\" content=\"Henrique Santana\" \/>\n<meta name=\"twitter:card\" content=\"summary_large_image\" \/>\n<meta name=\"twitter:label1\" content=\"Escrito por\" \/>\n\t<meta name=\"twitter:data1\" content=\"Henrique Santana\" \/>\n\t<meta name=\"twitter:label2\" content=\"Est. tempo de leitura\" \/>\n\t<meta name=\"twitter:data2\" content=\"2 minutos\" \/>\n<script type=\"application\/ld+json\" class=\"yoast-schema-graph\">{\"@context\":\"https:\\\/\\\/schema.org\",\"@graph\":[{\"@type\":\"Article\",\"@id\":\"https:\\\/\\\/www.abesata.org\\\/br\\\/9a-brasil-log-vai-oferecer-palestras-gratuitas-para-o-setor-logistico-no-final-de-maio\\\/#article\",\"isPartOf\":{\"@id\":\"https:\\\/\\\/www.abesata.org\\\/br\\\/9a-brasil-log-vai-oferecer-palestras-gratuitas-para-o-setor-logistico-no-final-de-maio\\\/\"},\"author\":{\"name\":\"Henrique Santana\",\"@id\":\"https:\\\/\\\/www.abesata.org\\\/br\\\/#\\\/schema\\\/person\\\/9ea6d4cad1253eb9fd0f7cc28c4306da\"},\"headline\":\"9\u00aa Brasil LOG vai oferecer palestras gratuitas para o setor log\u00edstico no final de maio\",\"datePublished\":\"2024-04-24T17:32:52+00:00\",\"dateModified\":\"2024-06-19T18:57:00+00:00\",\"mainEntityOfPage\":{\"@id\":\"https:\\\/\\\/www.abesata.org\\\/br\\\/9a-brasil-log-vai-oferecer-palestras-gratuitas-para-o-setor-logistico-no-final-de-maio\\\/\"},\"wordCount\":230,\"publisher\":{\"@id\":\"https:\\\/\\\/www.abesata.org\\\/br\\\/#organization\"},\"image\":{\"@id\":\"https:\\\/\\\/www.abesata.org\\\/br\\\/9a-brasil-log-vai-oferecer-palestras-gratuitas-para-o-setor-logistico-no-final-de-maio\\\/#primaryimage\"},\"thumbnailUrl\":\"https:\\\/\\\/www.abesata.org\\\/br\\\/wp-content\\\/uploads\\\/2024\\\/04\\\/BrasilLOG-divulgacao.jpg\",\"keywords\":[\"evento\",\"Jundia\u00ed\",\"Logistica\"],\"articleSection\":[\"Not\u00edcias\"],\"inLanguage\":\"pt-BR\"},{\"@type\":\"WebPage\",\"@id\":\"https:\\\/\\\/www.abesata.org\\\/br\\\/9a-brasil-log-vai-oferecer-palestras-gratuitas-para-o-setor-logistico-no-final-de-maio\\\/\",\"url\":\"https:\\\/\\\/www.abesata.org\\\/br\\\/9a-brasil-log-vai-oferecer-palestras-gratuitas-para-o-setor-logistico-no-final-de-maio\\\/\",\"name\":\"9\u00aa Brasil LOG vai oferecer palestras gratuitas para o setor log\u00edstico no final de maio - Abesata\",\"isPartOf\":{\"@id\":\"https:\\\/\\\/www.abesata.org\\\/br\\\/#website\"},\"primaryImageOfPage\":{\"@id\":\"https:\\\/\\\/www.abesata.org\\\/br\\\/9a-brasil-log-vai-oferecer-palestras-gratuitas-para-o-setor-logistico-no-final-de-maio\\\/#primaryimage\"},\"image\":{\"@id\":\"https:\\\/\\\/www.abesata.org\\\/br\\\/9a-brasil-log-vai-oferecer-palestras-gratuitas-para-o-setor-logistico-no-final-de-maio\\\/#primaryimage\"},\"thumbnailUrl\":\"https:\\\/\\\/www.abesata.org\\\/br\\\/wp-content\\\/uploads\\\/2024\\\/04\\\/BrasilLOG-divulgacao.jpg\",\"datePublished\":\"2024-04-24T17:32:52+00:00\",\"dateModified\":\"2024-06-19T18:57:00+00:00\",\"description\":\"Brasil LOG no final de maio\",\"breadcrumb\":{\"@id\":\"https:\\\/\\\/www.abesata.org\\\/br\\\/9a-brasil-log-vai-oferecer-palestras-gratuitas-para-o-setor-logistico-no-final-de-maio\\\/#breadcrumb\"},\"inLanguage\":\"pt-BR\",\"potentialAction\":[{\"@type\":\"ReadAction\",\"target\":[\"https:\\\/\\\/www.abesata.org\\\/br\\\/9a-brasil-log-vai-oferecer-palestras-gratuitas-para-o-setor-logistico-no-final-de-maio\\\/\"]}]},{\"@type\":\"ImageObject\",\"inLanguage\":\"pt-BR\",\"@id\":\"https:\\\/\\\/www.abesata.org\\\/br\\\/9a-brasil-log-vai-oferecer-palestras-gratuitas-para-o-setor-logistico-no-final-de-maio\\\/#primaryimage\",\"url\":\"https:\\\/\\\/www.abesata.org\\\/br\\\/wp-content\\\/uploads\\\/2024\\\/04\\\/BrasilLOG-divulgacao.jpg\",\"contentUrl\":\"https:\\\/\\\/www.abesata.org\\\/br\\\/wp-content\\\/uploads\\\/2024\\\/04\\\/BrasilLOG-divulgacao.jpg\",\"width\":1181,\"height\":754},{\"@type\":\"BreadcrumbList\",\"@id\":\"https:\\\/\\\/www.abesata.org\\\/br\\\/9a-brasil-log-vai-oferecer-palestras-gratuitas-para-o-setor-logistico-no-final-de-maio\\\/#breadcrumb\",\"itemListElement\":[{\"@type\":\"ListItem\",\"position\":1,\"name\":\"In\u00edcio\",\"item\":\"https:\\\/\\\/www.abesata.org\\\/br\\\/\"},{\"@type\":\"ListItem\",\"position\":2,\"name\":\"9\u00aa Brasil LOG vai oferecer palestras gratuitas para o setor log\u00edstico no final de maio\"}]},{\"@type\":\"WebSite\",\"@id\":\"https:\\\/\\\/www.abesata.org\\\/br\\\/#website\",\"url\":\"https:\\\/\\\/www.abesata.org\\\/br\\\/\",\"name\":\"Abesata\",\"description\":\"Associa\u00e7\u00e3o Brasileira das Empresas de Servi\u00e7os Auxiliares de Transporte A\u00e9reo\",\"publisher\":{\"@id\":\"https:\\\/\\\/www.abesata.org\\\/br\\\/#organization\"},\"potentialAction\":[{\"@type\":\"SearchAction\",\"target\":{\"@type\":\"EntryPoint\",\"urlTemplate\":\"https:\\\/\\\/www.abesata.org\\\/br\\\/?s={search_term_string}\"},\"query-input\":{\"@type\":\"PropertyValueSpecification\",\"valueRequired\":true,\"valueName\":\"search_term_string\"}}],\"inLanguage\":\"pt-BR\"},{\"@type\":\"Organization\",\"@id\":\"https:\\\/\\\/www.abesata.org\\\/br\\\/#organization\",\"name\":\"Associa\u00e7\u00e3o Brasileira das Empresas de Servi\u00e7os Auxiliares de Transporte A\u00e9reo\",\"alternateName\":\"Abesata\",\"url\":\"https:\\\/\\\/www.abesata.org\\\/br\\\/\",\"logo\":{\"@type\":\"ImageObject\",\"inLanguage\":\"pt-BR\",\"@id\":\"https:\\\/\\\/www.abesata.org\\\/br\\\/#\\\/schema\\\/logo\\\/image\\\/\",\"url\":\"https:\\\/\\\/www.abesata.org\\\/br\\\/wp-content\\\/uploads\\\/2023\\\/10\\\/Abesata.png\",\"contentUrl\":\"https:\\\/\\\/www.abesata.org\\\/br\\\/wp-content\\\/uploads\\\/2023\\\/10\\\/Abesata.png\",\"width\":1063,\"height\":591,\"caption\":\"Associa\u00e7\u00e3o Brasileira das Empresas de Servi\u00e7os Auxiliares de Transporte A\u00e9reo\"},\"image\":{\"@id\":\"https:\\\/\\\/www.abesata.org\\\/br\\\/#\\\/schema\\\/logo\\\/image\\\/\"},\"sameAs\":[\"https:\\\/\\\/www.facebook.com\\\/abesata.org\\\/\",\"https:\\\/\\\/www.instagram.com\\\/abesata_gh\\\/\",\"https:\\\/\\\/br.linkedin.com\\\/company\\\/abesata\"]},{\"@type\":\"Person\",\"@id\":\"https:\\\/\\\/www.abesata.org\\\/br\\\/#\\\/schema\\\/person\\\/9ea6d4cad1253eb9fd0f7cc28c4306da\",\"name\":\"Henrique Santana\",\"image\":{\"@type\":\"ImageObject\",\"inLanguage\":\"pt-BR\",\"@id\":\"https:\\\/\\\/secure.gravatar.com\\\/avatar\\\/d38ee0ca5c04b216d163c4ecd115e6174ba1c9174252c48fc8d30cf2dc7f0b25?s=96&d=mm&r=g\",\"url\":\"https:\\\/\\\/secure.gravatar.com\\\/avatar\\\/d38ee0ca5c04b216d163c4ecd115e6174ba1c9174252c48fc8d30cf2dc7f0b25?s=96&d=mm&r=g\",\"contentUrl\":\"https:\\\/\\\/secure.gravatar.com\\\/avatar\\\/d38ee0ca5c04b216d163c4ecd115e6174ba1c9174252c48fc8d30cf2dc7f0b25?s=96&d=mm&r=g\",\"caption\":\"Henrique Santana\"},\"url\":\"https:\\\/\\\/www.abesata.org\\\/br\\\/author\\\/henrique-santana\\\/\"}]}<\/script>\n<!-- \/ Yoast SEO plugin. -->","yoast_head_json":{"title":"9\u00aa Brasil LOG vai oferecer palestras gratuitas para o setor log\u00edstico no final de maio - Abesata","description":"Brasil LOG no final de maio","robots":{"index":"index","follow":"follow","max-snippet":"max-snippet:-1","max-image-preview":"max-image-preview:large","max-video-preview":"max-video-preview:-1"},"canonical":"https:\/\/www.abesata.org\/br\/9a-brasil-log-vai-oferecer-palestras-gratuitas-para-o-setor-logistico-no-final-de-maio\/","og_locale":"pt_BR","og_type":"article","og_title":"9\u00aa Brasil LOG vai oferecer palestras gratuitas para o setor log\u00edstico no final de maio - Abesata","og_description":"Brasil LOG no final de maio","og_url":"https:\/\/www.abesata.org\/br\/9a-brasil-log-vai-oferecer-palestras-gratuitas-para-o-setor-logistico-no-final-de-maio\/","og_site_name":"Abesata","article_publisher":"https:\/\/www.facebook.com\/abesata.org\/","article_published_time":"2024-04-24T17:32:52+00:00","article_modified_time":"2024-06-19T18:57:00+00:00","og_image":[{"width":1181,"height":754,"url":"https:\/\/www.abesata.org\/br\/wp-content\/uploads\/2024\/04\/BrasilLOG-divulgacao.jpg","type":"image\/jpeg"}],"author":"Henrique Santana","twitter_card":"summary_large_image","twitter_misc":{"Escrito por":"Henrique Santana","Est. tempo de leitura":"2 minutos"},"schema":{"@context":"https:\/\/schema.org","@graph":[{"@type":"Article","@id":"https:\/\/www.abesata.org\/br\/9a-brasil-log-vai-oferecer-palestras-gratuitas-para-o-setor-logistico-no-final-de-maio\/#article","isPartOf":{"@id":"https:\/\/www.abesata.org\/br\/9a-brasil-log-vai-oferecer-palestras-gratuitas-para-o-setor-logistico-no-final-de-maio\/"},"author":{"name":"Henrique Santana","@id":"https:\/\/www.abesata.org\/br\/#\/schema\/person\/9ea6d4cad1253eb9fd0f7cc28c4306da"},"headline":"9\u00aa Brasil LOG vai oferecer palestras gratuitas para o setor log\u00edstico no final de maio","datePublished":"2024-04-24T17:32:52+00:00","dateModified":"2024-06-19T18:57:00+00:00","mainEntityOfPage":{"@id":"https:\/\/www.abesata.org\/br\/9a-brasil-log-vai-oferecer-palestras-gratuitas-para-o-setor-logistico-no-final-de-maio\/"},"wordCount":230,"publisher":{"@id":"https:\/\/www.abesata.org\/br\/#organization"},"image":{"@id":"https:\/\/www.abesata.org\/br\/9a-brasil-log-vai-oferecer-palestras-gratuitas-para-o-setor-logistico-no-final-de-maio\/#primaryimage"},"thumbnailUrl":"https:\/\/www.abesata.org\/br\/wp-content\/uploads\/2024\/04\/BrasilLOG-divulgacao.jpg","keywords":["evento","Jundia\u00ed","Logistica"],"articleSection":["Not\u00edcias"],"inLanguage":"pt-BR"},{"@type":"WebPage","@id":"https:\/\/www.abesata.org\/br\/9a-brasil-log-vai-oferecer-palestras-gratuitas-para-o-setor-logistico-no-final-de-maio\/","url":"https:\/\/www.abesata.org\/br\/9a-brasil-log-vai-oferecer-palestras-gratuitas-para-o-setor-logistico-no-final-de-maio\/","name":"9\u00aa Brasil LOG vai oferecer palestras gratuitas para o setor log\u00edstico no final de maio - Abesata","isPartOf":{"@id":"https:\/\/www.abesata.org\/br\/#website"},"primaryImageOfPage":{"@id":"https:\/\/www.abesata.org\/br\/9a-brasil-log-vai-oferecer-palestras-gratuitas-para-o-setor-logistico-no-final-de-maio\/#primaryimage"},"image":{"@id":"https:\/\/www.abesata.org\/br\/9a-brasil-log-vai-oferecer-palestras-gratuitas-para-o-setor-logistico-no-final-de-maio\/#primaryimage"},"thumbnailUrl":"https:\/\/www.abesata.org\/br\/wp-content\/uploads\/2024\/04\/BrasilLOG-divulgacao.jpg","datePublished":"2024-04-24T17:32:52+00:00","dateModified":"2024-06-19T18:57:00+00:00","description":"Brasil LOG no final de maio","breadcrumb":{"@id":"https:\/\/www.abesata.org\/br\/9a-brasil-log-vai-oferecer-palestras-gratuitas-para-o-setor-logistico-no-final-de-maio\/#breadcrumb"},"inLanguage":"pt-BR","potentialAction":[{"@type":"ReadAction","target":["https:\/\/www.abesata.org\/br\/9a-brasil-log-vai-oferecer-palestras-gratuitas-para-o-setor-logistico-no-final-de-maio\/"]}]},{"@type":"ImageObject","inLanguage":"pt-BR","@id":"https:\/\/www.abesata.org\/br\/9a-brasil-log-vai-oferecer-palestras-gratuitas-para-o-setor-logistico-no-final-de-maio\/#primaryimage","url":"https:\/\/www.abesata.org\/br\/wp-content\/uploads\/2024\/04\/BrasilLOG-divulgacao.jpg","contentUrl":"https:\/\/www.abesata.org\/br\/wp-content\/uploads\/2024\/04\/BrasilLOG-divulgacao.jpg","width":1181,"height":754},{"@type":"BreadcrumbList","@id":"https:\/\/www.abesata.org\/br\/9a-brasil-log-vai-oferecer-palestras-gratuitas-para-o-setor-logistico-no-final-de-maio\/#breadcrumb","itemListElement":[{"@type":"ListItem","position":1,"name":"In\u00edcio","item":"https:\/\/www.abesata.org\/br\/"},{"@type":"ListItem","position":2,"name":"9\u00aa Brasil LOG vai oferecer palestras gratuitas para o setor log\u00edstico no final de maio"}]},{"@type":"WebSite","@id":"https:\/\/www.abesata.org\/br\/#website","url":"https:\/\/www.abesata.org\/br\/","name":"Abesata","description":"Associa\u00e7\u00e3o Brasileira das Empresas de Servi\u00e7os Auxiliares de Transporte A\u00e9reo","publisher":{"@id":"https:\/\/www.abesata.org\/br\/#organization"},"potentialAction":[{"@type":"SearchAction","target":{"@type":"EntryPoint","urlTemplate":"https:\/\/www.abesata.org\/br\/?s={search_term_string}"},"query-input":{"@type":"PropertyValueSpecification","valueRequired":true,"valueName":"search_term_string"}}],"inLanguage":"pt-BR"},{"@type":"Organization","@id":"https:\/\/www.abesata.org\/br\/#organization","name":"Associa\u00e7\u00e3o Brasileira das Empresas de Servi\u00e7os Auxiliares de Transporte A\u00e9reo","alternateName":"Abesata","url":"https:\/\/www.abesata.org\/br\/","logo":{"@type":"ImageObject","inLanguage":"pt-BR","@id":"https:\/\/www.abesata.org\/br\/#\/schema\/logo\/image\/","url":"https:\/\/www.abesata.org\/br\/wp-content\/uploads\/2023\/10\/Abesata.png","contentUrl":"https:\/\/www.abesata.org\/br\/wp-content\/uploads\/2023\/10\/Abesata.png","width":1063,"height":591,"caption":"Associa\u00e7\u00e3o Brasileira das Empresas de Servi\u00e7os Auxiliares de Transporte A\u00e9reo"},"image":{"@id":"https:\/\/www.abesata.org\/br\/#\/schema\/logo\/image\/"},"sameAs":["https:\/\/www.facebook.com\/abesata.org\/","https:\/\/www.instagram.com\/abesata_gh\/","https:\/\/br.linkedin.com\/company\/abesata"]},{"@type":"Person","@id":"https:\/\/www.abesata.org\/br\/#\/schema\/person\/9ea6d4cad1253eb9fd0f7cc28c4306da","name":"Henrique Santana","image":{"@type":"ImageObject","inLanguage":"pt-BR","@id":"https:\/\/secure.gravatar.com\/avatar\/d38ee0ca5c04b216d163c4ecd115e6174ba1c9174252c48fc8d30cf2dc7f0b25?s=96&d=mm&r=g","url":"https:\/\/secure.gravatar.com\/avatar\/d38ee0ca5c04b216d163c4ecd115e6174ba1c9174252c48fc8d30cf2dc7f0b25?s=96&d=mm&r=g","contentUrl":"https:\/\/secure.gravatar.com\/avatar\/d38ee0ca5c04b216d163c4ecd115e6174ba1c9174252c48fc8d30cf2dc7f0b25?s=96&d=mm&r=g","caption":"Henrique Santana"},"url":"https:\/\/www.abesata.org\/br\/author\/henrique-santana\/"}]}},"_links":{"self":[{"href":"https:\/\/www.abesata.org\/br\/wp-json\/wp\/v2\/posts\/17168","targetHints":{"allow":["GET"]}}],"collection":[{"href":"https:\/\/www.abesata.org\/br\/wp-json\/wp\/v2\/posts"}],"about":[{"href":"https:\/\/www.abesata.org\/br\/wp-json\/wp\/v2\/types\/post"}],"author":[{"embeddable":true,"href":"https:\/\/www.abesata.org\/br\/wp-json\/wp\/v2\/users\/135"}],"replies":[{"embeddable":true,"href":"https:\/\/www.abesata.org\/br\/wp-json\/wp\/v2\/comments?post=17168"}],"version-history":[{"count":2,"href":"https:\/\/www.abesata.org\/br\/wp-json\/wp\/v2\/posts\/17168\/revisions"}],"predecessor-version":[{"id":17182,"href":"https:\/\/www.abesata.org\/br\/wp-json\/wp\/v2\/posts\/17168\/revisions\/17182"}],"wp:featuredmedia":[{"embeddable":true,"href":"https:\/\/www.abesata.org\/br\/wp-json\/wp\/v2\/media\/17169"}],"wp:attachment":[{"href":"https:\/\/www.abesata.org\/br\/wp-json\/wp\/v2\/media?parent=17168"}],"wp:term":[{"taxonomy":"category","embeddable":true,"href":"https:\/\/www.abesata.org\/br\/wp-json\/wp\/v2\/categories?post=17168"},{"taxonomy":"post_tag","embeddable":true,"href":"https:\/\/www.abesata.org\/br\/wp-json\/wp\/v2\/tags?post=17168"}],"curies":[{"name":"wp","href":"https:\/\/api.w.org\/{rel}","templated":true}]}}