{"id":17183,"date":"2024-05-23T15:28:12","date_gmt":"2024-05-23T18:28:12","guid":{"rendered":"https:\/\/www.abesata.org\/br\/?p=17183"},"modified":"2024-06-19T15:50:31","modified_gmt":"2024-06-19T18:50:31","slug":"fab-dedica-mais-de-1000-horas-em-voos-humanitarios-para-o-rs","status":"publish","type":"post","link":"https:\/\/www.abesata.org\/br\/fab-dedica-mais-de-1000-horas-em-voos-humanitarios-para-o-rs\/","title":{"rendered":"FAB dedica mais de 1000 horas em voos humanit\u00e1rios para o RS"},"content":{"rendered":"\n<p class=\"wp-block-paragraph\">Com 26 aeronaves, a\u00a0For\u00e7a A\u00e9rea Brasileira (FA)B\u00a0acumulou 1.000 horas de voos em apoio \u00e0s v\u00edtimas das enchentes no Rio Grande do Sul, desde resgate\u00a0de pessoas isoladas at\u00e9 o transporte de toneladas de doa\u00e7\u00f5es. Os vetores da Opera\u00e7\u00e3o Taquari 2 t\u00eam cumprido miss\u00f5es no Rio Grande do Sul desde o dia 30 de abril, a partir das Bases\u00a0A\u00e9reas de Santa Maria (BASM), de Canoas (BACO) e de Florian\u00f3polis (BAFL).<\/p>\n\n\n\n<p class=\"wp-block-paragraph\">Atuando na Opera\u00e7\u00e3o, as aeronaves t\u00eam realizado, principalmente, o transporte log\u00edstico de militares e toneladas de donativos em v\u00e1rios voos no mesmo dia. Quanto aos vetores de asas rotativas, foram escalados helic\u00f3pteros multimiss\u00e3o de m\u00e9dio porte para infiltra\u00e7\u00e3o e exfiltra\u00e7\u00e3o de tropa,\u00a0al\u00e9m de Evacua\u00e7\u00f5es Aerom\u00e9dicas e resgates das v\u00edtimas das enchentes.<\/p>\n\n\n\n<p class=\"wp-block-paragraph\">\u201cMais importante\u00a0que as horas voadas s\u00e3o as vidas salvas nos resgates, no transporte de donativos, nas evacua\u00e7\u00f5es aerom\u00e9dicas, em todas as a\u00e7\u00f5es da FAB em prol da popula\u00e7\u00e3o atingida\u201d, ressalta o Chefe do Centro Conjunto de Opera\u00e7\u00f5es Aeroespaciais do COMAE, Brigadeiro do Ar Alessandro Cramer.<\/p>\n\n\n\n<p class=\"wp-block-paragraph\">A Opera\u00e7\u00e3o entrou em atividade com o engajamento dos esquadr\u00f5es Pastor, Guar\u00e1, P\u00e9gaso, Pioneiro, Pelicano, Pantera, Puma, Falc\u00e3o, Arara, On\u00e7a, Gordo, Zeus, Cors\u00e1rio, Poker, H\u00f3rus, dentre outras comitivas dedicadas \u00e0 causa.<\/p>\n\n\n\n<p class=\"wp-block-paragraph\">Fonte: <a href=\"https:\/\/aeroin.net\/com-26-aeronaves-empregadas-fab-ultrapassa-1-000-horas-de-voo-em-missoes-de-ajuda-ao-rs\/\">AeroIn<\/a><\/p>\n","protected":false},"excerpt":{"rendered":"<p>Com 26 aeronaves, a\u00a0For\u00e7a A\u00e9rea Brasileira (FA)B\u00a0acumulou 1.000 horas de voos em apoio \u00e0s v\u00edtimas das enchentes no Rio Grande do Sul, desde resgate\u00a0de pessoas isoladas at\u00e9 o transporte de toneladas de doa\u00e7\u00f5es. Os vetores da Opera\u00e7\u00e3o Taquari 2 t\u00eam cumprido miss\u00f5es no Rio Grande do Sul desde o dia 30 de abril, a partir [&hellip;]<\/p>\n","protected":false},"author":135,"featured_media":17184,"comment_status":"closed","ping_status":"closed","sticky":false,"template":"","format":"standard","meta":{"footnotes":""},"categories":[294],"tags":[18,108,290],"class_list":["post-17183","post","type-post","status-publish","format-standard","has-post-thumbnail","hentry","category-noticias","tag-aviacao","tag-fab","tag-noticias"],"yoast_head":"<!-- This site is optimized with the Yoast SEO plugin v28.1 - https:\/\/yoast.com\/product\/yoast-seo-wordpress\/ -->\n<title>FAB dedica mais de 1000 horas em voos humanit\u00e1rios para o RS - Abesata<\/title>\n<meta name=\"robots\" content=\"index, follow, max-snippet:-1, max-image-preview:large, max-video-preview:-1\" \/>\n<link rel=\"canonical\" href=\"https:\/\/www.abesata.org\/br\/fab-dedica-mais-de-1000-horas-em-voos-humanitarios-para-o-rs\/\" \/>\n<meta property=\"og:locale\" content=\"pt_BR\" \/>\n<meta property=\"og:type\" content=\"article\" \/>\n<meta property=\"og:title\" content=\"FAB dedica mais de 1000 horas em voos humanit\u00e1rios para o RS - Abesata\" \/>\n<meta property=\"og:description\" content=\"Com 26 aeronaves, a\u00a0For\u00e7a A\u00e9rea Brasileira (FA)B\u00a0acumulou 1.000 horas de voos em apoio \u00e0s v\u00edtimas das enchentes no Rio Grande do Sul, desde resgate\u00a0de pessoas isoladas at\u00e9 o transporte de toneladas de doa\u00e7\u00f5es. Os vetores da Opera\u00e7\u00e3o Taquari 2 t\u00eam cumprido miss\u00f5es no Rio Grande do Sul desde o dia 30 de abril, a partir [&hellip;]\" \/>\n<meta property=\"og:url\" content=\"https:\/\/www.abesata.org\/br\/fab-dedica-mais-de-1000-horas-em-voos-humanitarios-para-o-rs\/\" \/>\n<meta property=\"og:site_name\" content=\"Abesata\" \/>\n<meta property=\"article:publisher\" content=\"https:\/\/www.facebook.com\/abesata.org\/\" \/>\n<meta property=\"article:published_time\" content=\"2024-05-23T18:28:12+00:00\" \/>\n<meta property=\"article:modified_time\" content=\"2024-06-19T18:50:31+00:00\" \/>\n<meta property=\"og:image\" content=\"https:\/\/www.abesata.org\/br\/wp-content\/uploads\/2024\/05\/FAB-x-RS.jpg\" \/>\n\t<meta property=\"og:image:width\" content=\"1536\" \/>\n\t<meta property=\"og:image:height\" content=\"1045\" \/>\n\t<meta property=\"og:image:type\" content=\"image\/jpeg\" \/>\n<meta name=\"author\" content=\"Henrique Santana\" \/>\n<meta name=\"twitter:card\" content=\"summary_large_image\" \/>\n<meta name=\"twitter:label1\" content=\"Escrito por\" \/>\n\t<meta name=\"twitter:data1\" content=\"Henrique Santana\" \/>\n\t<meta name=\"twitter:label2\" content=\"Est. tempo de leitura\" \/>\n\t<meta name=\"twitter:data2\" content=\"2 minutos\" \/>\n<script type=\"application\/ld+json\" class=\"yoast-schema-graph\">{\"@context\":\"https:\\\/\\\/schema.org\",\"@graph\":[{\"@type\":\"Article\",\"@id\":\"https:\\\/\\\/www.abesata.org\\\/br\\\/fab-dedica-mais-de-1000-horas-em-voos-humanitarios-para-o-rs\\\/#article\",\"isPartOf\":{\"@id\":\"https:\\\/\\\/www.abesata.org\\\/br\\\/fab-dedica-mais-de-1000-horas-em-voos-humanitarios-para-o-rs\\\/\"},\"author\":{\"name\":\"Henrique Santana\",\"@id\":\"https:\\\/\\\/www.abesata.org\\\/br\\\/#\\\/schema\\\/person\\\/9ea6d4cad1253eb9fd0f7cc28c4306da\"},\"headline\":\"FAB dedica mais de 1000 horas em voos humanit\u00e1rios para o RS\",\"datePublished\":\"2024-05-23T18:28:12+00:00\",\"dateModified\":\"2024-06-19T18:50:31+00:00\",\"mainEntityOfPage\":{\"@id\":\"https:\\\/\\\/www.abesata.org\\\/br\\\/fab-dedica-mais-de-1000-horas-em-voos-humanitarios-para-o-rs\\\/\"},\"wordCount\":246,\"publisher\":{\"@id\":\"https:\\\/\\\/www.abesata.org\\\/br\\\/#organization\"},\"image\":{\"@id\":\"https:\\\/\\\/www.abesata.org\\\/br\\\/fab-dedica-mais-de-1000-horas-em-voos-humanitarios-para-o-rs\\\/#primaryimage\"},\"thumbnailUrl\":\"https:\\\/\\\/www.abesata.org\\\/br\\\/wp-content\\\/uploads\\\/2024\\\/05\\\/FAB-x-RS.jpg\",\"keywords\":[\"Avia\u00e7\u00e3o\",\"FAB\",\"Not\u00edcias\"],\"articleSection\":[\"Not\u00edcias\"],\"inLanguage\":\"pt-BR\"},{\"@type\":\"WebPage\",\"@id\":\"https:\\\/\\\/www.abesata.org\\\/br\\\/fab-dedica-mais-de-1000-horas-em-voos-humanitarios-para-o-rs\\\/\",\"url\":\"https:\\\/\\\/www.abesata.org\\\/br\\\/fab-dedica-mais-de-1000-horas-em-voos-humanitarios-para-o-rs\\\/\",\"name\":\"FAB dedica mais de 1000 horas em voos humanit\u00e1rios para o RS - Abesata\",\"isPartOf\":{\"@id\":\"https:\\\/\\\/www.abesata.org\\\/br\\\/#website\"},\"primaryImageOfPage\":{\"@id\":\"https:\\\/\\\/www.abesata.org\\\/br\\\/fab-dedica-mais-de-1000-horas-em-voos-humanitarios-para-o-rs\\\/#primaryimage\"},\"image\":{\"@id\":\"https:\\\/\\\/www.abesata.org\\\/br\\\/fab-dedica-mais-de-1000-horas-em-voos-humanitarios-para-o-rs\\\/#primaryimage\"},\"thumbnailUrl\":\"https:\\\/\\\/www.abesata.org\\\/br\\\/wp-content\\\/uploads\\\/2024\\\/05\\\/FAB-x-RS.jpg\",\"datePublished\":\"2024-05-23T18:28:12+00:00\",\"dateModified\":\"2024-06-19T18:50:31+00:00\",\"breadcrumb\":{\"@id\":\"https:\\\/\\\/www.abesata.org\\\/br\\\/fab-dedica-mais-de-1000-horas-em-voos-humanitarios-para-o-rs\\\/#breadcrumb\"},\"inLanguage\":\"pt-BR\",\"potentialAction\":[{\"@type\":\"ReadAction\",\"target\":[\"https:\\\/\\\/www.abesata.org\\\/br\\\/fab-dedica-mais-de-1000-horas-em-voos-humanitarios-para-o-rs\\\/\"]}]},{\"@type\":\"ImageObject\",\"inLanguage\":\"pt-BR\",\"@id\":\"https:\\\/\\\/www.abesata.org\\\/br\\\/fab-dedica-mais-de-1000-horas-em-voos-humanitarios-para-o-rs\\\/#primaryimage\",\"url\":\"https:\\\/\\\/www.abesata.org\\\/br\\\/wp-content\\\/uploads\\\/2024\\\/05\\\/FAB-x-RS.jpg\",\"contentUrl\":\"https:\\\/\\\/www.abesata.org\\\/br\\\/wp-content\\\/uploads\\\/2024\\\/05\\\/FAB-x-RS.jpg\",\"width\":1536,\"height\":1045},{\"@type\":\"BreadcrumbList\",\"@id\":\"https:\\\/\\\/www.abesata.org\\\/br\\\/fab-dedica-mais-de-1000-horas-em-voos-humanitarios-para-o-rs\\\/#breadcrumb\",\"itemListElement\":[{\"@type\":\"ListItem\",\"position\":1,\"name\":\"In\u00edcio\",\"item\":\"https:\\\/\\\/www.abesata.org\\\/br\\\/\"},{\"@type\":\"ListItem\",\"position\":2,\"name\":\"FAB dedica mais de 1000 horas em voos humanit\u00e1rios para o RS\"}]},{\"@type\":\"WebSite\",\"@id\":\"https:\\\/\\\/www.abesata.org\\\/br\\\/#website\",\"url\":\"https:\\\/\\\/www.abesata.org\\\/br\\\/\",\"name\":\"Abesata\",\"description\":\"Associa\u00e7\u00e3o Brasileira das Empresas de Servi\u00e7os Auxiliares de Transporte A\u00e9reo\",\"publisher\":{\"@id\":\"https:\\\/\\\/www.abesata.org\\\/br\\\/#organization\"},\"potentialAction\":[{\"@type\":\"SearchAction\",\"target\":{\"@type\":\"EntryPoint\",\"urlTemplate\":\"https:\\\/\\\/www.abesata.org\\\/br\\\/?s={search_term_string}\"},\"query-input\":{\"@type\":\"PropertyValueSpecification\",\"valueRequired\":true,\"valueName\":\"search_term_string\"}}],\"inLanguage\":\"pt-BR\"},{\"@type\":\"Organization\",\"@id\":\"https:\\\/\\\/www.abesata.org\\\/br\\\/#organization\",\"name\":\"Associa\u00e7\u00e3o Brasileira das Empresas de Servi\u00e7os Auxiliares de Transporte A\u00e9reo\",\"alternateName\":\"Abesata\",\"url\":\"https:\\\/\\\/www.abesata.org\\\/br\\\/\",\"logo\":{\"@type\":\"ImageObject\",\"inLanguage\":\"pt-BR\",\"@id\":\"https:\\\/\\\/www.abesata.org\\\/br\\\/#\\\/schema\\\/logo\\\/image\\\/\",\"url\":\"https:\\\/\\\/www.abesata.org\\\/br\\\/wp-content\\\/uploads\\\/2023\\\/10\\\/Abesata.png\",\"contentUrl\":\"https:\\\/\\\/www.abesata.org\\\/br\\\/wp-content\\\/uploads\\\/2023\\\/10\\\/Abesata.png\",\"width\":1063,\"height\":591,\"caption\":\"Associa\u00e7\u00e3o Brasileira das Empresas de Servi\u00e7os Auxiliares de Transporte A\u00e9reo\"},\"image\":{\"@id\":\"https:\\\/\\\/www.abesata.org\\\/br\\\/#\\\/schema\\\/logo\\\/image\\\/\"},\"sameAs\":[\"https:\\\/\\\/www.facebook.com\\\/abesata.org\\\/\",\"https:\\\/\\\/www.instagram.com\\\/abesata_gh\\\/\",\"https:\\\/\\\/br.linkedin.com\\\/company\\\/abesata\"]},{\"@type\":\"Person\",\"@id\":\"https:\\\/\\\/www.abesata.org\\\/br\\\/#\\\/schema\\\/person\\\/9ea6d4cad1253eb9fd0f7cc28c4306da\",\"name\":\"Henrique Santana\",\"image\":{\"@type\":\"ImageObject\",\"inLanguage\":\"pt-BR\",\"@id\":\"https:\\\/\\\/secure.gravatar.com\\\/avatar\\\/d38ee0ca5c04b216d163c4ecd115e6174ba1c9174252c48fc8d30cf2dc7f0b25?s=96&d=mm&r=g\",\"url\":\"https:\\\/\\\/secure.gravatar.com\\\/avatar\\\/d38ee0ca5c04b216d163c4ecd115e6174ba1c9174252c48fc8d30cf2dc7f0b25?s=96&d=mm&r=g\",\"contentUrl\":\"https:\\\/\\\/secure.gravatar.com\\\/avatar\\\/d38ee0ca5c04b216d163c4ecd115e6174ba1c9174252c48fc8d30cf2dc7f0b25?s=96&d=mm&r=g\",\"caption\":\"Henrique Santana\"},\"url\":\"https:\\\/\\\/www.abesata.org\\\/br\\\/author\\\/henrique-santana\\\/\"}]}<\/script>\n<!-- \/ Yoast SEO plugin. -->","yoast_head_json":{"title":"FAB dedica mais de 1000 horas em voos humanit\u00e1rios para o RS - Abesata","robots":{"index":"index","follow":"follow","max-snippet":"max-snippet:-1","max-image-preview":"max-image-preview:large","max-video-preview":"max-video-preview:-1"},"canonical":"https:\/\/www.abesata.org\/br\/fab-dedica-mais-de-1000-horas-em-voos-humanitarios-para-o-rs\/","og_locale":"pt_BR","og_type":"article","og_title":"FAB dedica mais de 1000 horas em voos humanit\u00e1rios para o RS - Abesata","og_description":"Com 26 aeronaves, a\u00a0For\u00e7a A\u00e9rea Brasileira (FA)B\u00a0acumulou 1.000 horas de voos em apoio \u00e0s v\u00edtimas das enchentes no Rio Grande do Sul, desde resgate\u00a0de pessoas isoladas at\u00e9 o transporte de toneladas de doa\u00e7\u00f5es. Os vetores da Opera\u00e7\u00e3o Taquari 2 t\u00eam cumprido miss\u00f5es no Rio Grande do Sul desde o dia 30 de abril, a partir [&hellip;]","og_url":"https:\/\/www.abesata.org\/br\/fab-dedica-mais-de-1000-horas-em-voos-humanitarios-para-o-rs\/","og_site_name":"Abesata","article_publisher":"https:\/\/www.facebook.com\/abesata.org\/","article_published_time":"2024-05-23T18:28:12+00:00","article_modified_time":"2024-06-19T18:50:31+00:00","og_image":[{"width":1536,"height":1045,"url":"https:\/\/www.abesata.org\/br\/wp-content\/uploads\/2024\/05\/FAB-x-RS.jpg","type":"image\/jpeg"}],"author":"Henrique Santana","twitter_card":"summary_large_image","twitter_misc":{"Escrito por":"Henrique Santana","Est. tempo de leitura":"2 minutos"},"schema":{"@context":"https:\/\/schema.org","@graph":[{"@type":"Article","@id":"https:\/\/www.abesata.org\/br\/fab-dedica-mais-de-1000-horas-em-voos-humanitarios-para-o-rs\/#article","isPartOf":{"@id":"https:\/\/www.abesata.org\/br\/fab-dedica-mais-de-1000-horas-em-voos-humanitarios-para-o-rs\/"},"author":{"name":"Henrique Santana","@id":"https:\/\/www.abesata.org\/br\/#\/schema\/person\/9ea6d4cad1253eb9fd0f7cc28c4306da"},"headline":"FAB dedica mais de 1000 horas em voos humanit\u00e1rios para o RS","datePublished":"2024-05-23T18:28:12+00:00","dateModified":"2024-06-19T18:50:31+00:00","mainEntityOfPage":{"@id":"https:\/\/www.abesata.org\/br\/fab-dedica-mais-de-1000-horas-em-voos-humanitarios-para-o-rs\/"},"wordCount":246,"publisher":{"@id":"https:\/\/www.abesata.org\/br\/#organization"},"image":{"@id":"https:\/\/www.abesata.org\/br\/fab-dedica-mais-de-1000-horas-em-voos-humanitarios-para-o-rs\/#primaryimage"},"thumbnailUrl":"https:\/\/www.abesata.org\/br\/wp-content\/uploads\/2024\/05\/FAB-x-RS.jpg","keywords":["Avia\u00e7\u00e3o","FAB","Not\u00edcias"],"articleSection":["Not\u00edcias"],"inLanguage":"pt-BR"},{"@type":"WebPage","@id":"https:\/\/www.abesata.org\/br\/fab-dedica-mais-de-1000-horas-em-voos-humanitarios-para-o-rs\/","url":"https:\/\/www.abesata.org\/br\/fab-dedica-mais-de-1000-horas-em-voos-humanitarios-para-o-rs\/","name":"FAB dedica mais de 1000 horas em voos humanit\u00e1rios para o RS - Abesata","isPartOf":{"@id":"https:\/\/www.abesata.org\/br\/#website"},"primaryImageOfPage":{"@id":"https:\/\/www.abesata.org\/br\/fab-dedica-mais-de-1000-horas-em-voos-humanitarios-para-o-rs\/#primaryimage"},"image":{"@id":"https:\/\/www.abesata.org\/br\/fab-dedica-mais-de-1000-horas-em-voos-humanitarios-para-o-rs\/#primaryimage"},"thumbnailUrl":"https:\/\/www.abesata.org\/br\/wp-content\/uploads\/2024\/05\/FAB-x-RS.jpg","datePublished":"2024-05-23T18:28:12+00:00","dateModified":"2024-06-19T18:50:31+00:00","breadcrumb":{"@id":"https:\/\/www.abesata.org\/br\/fab-dedica-mais-de-1000-horas-em-voos-humanitarios-para-o-rs\/#breadcrumb"},"inLanguage":"pt-BR","potentialAction":[{"@type":"ReadAction","target":["https:\/\/www.abesata.org\/br\/fab-dedica-mais-de-1000-horas-em-voos-humanitarios-para-o-rs\/"]}]},{"@type":"ImageObject","inLanguage":"pt-BR","@id":"https:\/\/www.abesata.org\/br\/fab-dedica-mais-de-1000-horas-em-voos-humanitarios-para-o-rs\/#primaryimage","url":"https:\/\/www.abesata.org\/br\/wp-content\/uploads\/2024\/05\/FAB-x-RS.jpg","contentUrl":"https:\/\/www.abesata.org\/br\/wp-content\/uploads\/2024\/05\/FAB-x-RS.jpg","width":1536,"height":1045},{"@type":"BreadcrumbList","@id":"https:\/\/www.abesata.org\/br\/fab-dedica-mais-de-1000-horas-em-voos-humanitarios-para-o-rs\/#breadcrumb","itemListElement":[{"@type":"ListItem","position":1,"name":"In\u00edcio","item":"https:\/\/www.abesata.org\/br\/"},{"@type":"ListItem","position":2,"name":"FAB dedica mais de 1000 horas em voos humanit\u00e1rios para o RS"}]},{"@type":"WebSite","@id":"https:\/\/www.abesata.org\/br\/#website","url":"https:\/\/www.abesata.org\/br\/","name":"Abesata","description":"Associa\u00e7\u00e3o Brasileira das Empresas de Servi\u00e7os Auxiliares de Transporte A\u00e9reo","publisher":{"@id":"https:\/\/www.abesata.org\/br\/#organization"},"potentialAction":[{"@type":"SearchAction","target":{"@type":"EntryPoint","urlTemplate":"https:\/\/www.abesata.org\/br\/?s={search_term_string}"},"query-input":{"@type":"PropertyValueSpecification","valueRequired":true,"valueName":"search_term_string"}}],"inLanguage":"pt-BR"},{"@type":"Organization","@id":"https:\/\/www.abesata.org\/br\/#organization","name":"Associa\u00e7\u00e3o Brasileira das Empresas de Servi\u00e7os Auxiliares de Transporte A\u00e9reo","alternateName":"Abesata","url":"https:\/\/www.abesata.org\/br\/","logo":{"@type":"ImageObject","inLanguage":"pt-BR","@id":"https:\/\/www.abesata.org\/br\/#\/schema\/logo\/image\/","url":"https:\/\/www.abesata.org\/br\/wp-content\/uploads\/2023\/10\/Abesata.png","contentUrl":"https:\/\/www.abesata.org\/br\/wp-content\/uploads\/2023\/10\/Abesata.png","width":1063,"height":591,"caption":"Associa\u00e7\u00e3o Brasileira das Empresas de Servi\u00e7os Auxiliares de Transporte A\u00e9reo"},"image":{"@id":"https:\/\/www.abesata.org\/br\/#\/schema\/logo\/image\/"},"sameAs":["https:\/\/www.facebook.com\/abesata.org\/","https:\/\/www.instagram.com\/abesata_gh\/","https:\/\/br.linkedin.com\/company\/abesata"]},{"@type":"Person","@id":"https:\/\/www.abesata.org\/br\/#\/schema\/person\/9ea6d4cad1253eb9fd0f7cc28c4306da","name":"Henrique Santana","image":{"@type":"ImageObject","inLanguage":"pt-BR","@id":"https:\/\/secure.gravatar.com\/avatar\/d38ee0ca5c04b216d163c4ecd115e6174ba1c9174252c48fc8d30cf2dc7f0b25?s=96&d=mm&r=g","url":"https:\/\/secure.gravatar.com\/avatar\/d38ee0ca5c04b216d163c4ecd115e6174ba1c9174252c48fc8d30cf2dc7f0b25?s=96&d=mm&r=g","contentUrl":"https:\/\/secure.gravatar.com\/avatar\/d38ee0ca5c04b216d163c4ecd115e6174ba1c9174252c48fc8d30cf2dc7f0b25?s=96&d=mm&r=g","caption":"Henrique Santana"},"url":"https:\/\/www.abesata.org\/br\/author\/henrique-santana\/"}]}},"_links":{"self":[{"href":"https:\/\/www.abesata.org\/br\/wp-json\/wp\/v2\/posts\/17183","targetHints":{"allow":["GET"]}}],"collection":[{"href":"https:\/\/www.abesata.org\/br\/wp-json\/wp\/v2\/posts"}],"about":[{"href":"https:\/\/www.abesata.org\/br\/wp-json\/wp\/v2\/types\/post"}],"author":[{"embeddable":true,"href":"https:\/\/www.abesata.org\/br\/wp-json\/wp\/v2\/users\/135"}],"replies":[{"embeddable":true,"href":"https:\/\/www.abesata.org\/br\/wp-json\/wp\/v2\/comments?post=17183"}],"version-history":[{"count":1,"href":"https:\/\/www.abesata.org\/br\/wp-json\/wp\/v2\/posts\/17183\/revisions"}],"predecessor-version":[{"id":17185,"href":"https:\/\/www.abesata.org\/br\/wp-json\/wp\/v2\/posts\/17183\/revisions\/17185"}],"wp:featuredmedia":[{"embeddable":true,"href":"https:\/\/www.abesata.org\/br\/wp-json\/wp\/v2\/media\/17184"}],"wp:attachment":[{"href":"https:\/\/www.abesata.org\/br\/wp-json\/wp\/v2\/media?parent=17183"}],"wp:term":[{"taxonomy":"category","embeddable":true,"href":"https:\/\/www.abesata.org\/br\/wp-json\/wp\/v2\/categories?post=17183"},{"taxonomy":"post_tag","embeddable":true,"href":"https:\/\/www.abesata.org\/br\/wp-json\/wp\/v2\/tags?post=17183"}],"curies":[{"name":"wp","href":"https:\/\/api.w.org\/{rel}","templated":true}]}}