{"id":1731,"date":"2014-10-24T15:10:31","date_gmt":"2014-10-24T17:10:31","guid":{"rendered":"http:\/\/www.abesata.org\/?p=1731"},"modified":"2014-10-24T15:10:31","modified_gmt":"2014-10-24T17:10:31","slug":"agencia-nacional-de-aviacao-civil-comemora-dia-do-aviador","status":"publish","type":"post","link":"https:\/\/www.abesata.org\/br\/agencia-nacional-de-aviacao-civil-comemora-dia-do-aviador\/","title":{"rendered":"Ag\u00eancia Nacional de Avia\u00e7\u00e3o Civil comemora dia do Aviador"},"content":{"rendered":"<p>Nesta quinta-feira, dia 23 de outubro, \u00e9 comemorado o Dia do Aviador. Devido a data comemorativa, a Ag\u00eancia Nacional de Avia\u00e7\u00e3o Civil (Anac) emitiu uma nota parabenizando os profissionais.<\/p>\n<p>Confira a nota abaixo:<\/p>\n<p>Homenagem da Anac aos aviadores brasileiros<\/p>\n<p>A Ag\u00eancia Nacional de Avia\u00e7\u00e3o Civil (ANAC) parabeniza todos os aviadores do Brasil pelo Dia do Aviador, 23 de outubro, e reconhece a import\u00e2ncia desses profissionais para a avia\u00e7\u00e3o brasileira.<\/p>\n<p>A dedica\u00e7\u00e3o demonstrada no dia a dia pelos aviadores contribui de forma decisiva para que tenhamos um transporte a\u00e9reo cada vez mais seguro e eficiente.<\/p>\n<p>A data escolhida para a celebra\u00e7\u00e3o remete ao primeiro voo de Alberto Santos-Dumont em uma aeronave mais pesada que o ar, realizado em 23 de outubro de 1906 no Campo de Bagatelle, em Paris, Fran\u00e7a.<\/p>\n<p>Parab\u00e9ns, aviador!<\/p>\n<p style=\"text-align: right;\">Fonte: Portal Brasil<br \/>\n23\/10\/2014<\/p>\n","protected":false},"excerpt":{"rendered":"<p>Nesta quinta-feira, dia 23 de outubro, \u00e9 comemorado o Dia do Aviador. Devido a data comemorativa, a Ag\u00eancia Nacional de Avia\u00e7\u00e3o Civil (Anac) emitiu uma nota parabenizando os profissionais. Confira a nota abaixo: Homenagem da Anac aos aviadores brasileiros A Ag\u00eancia Nacional de Avia\u00e7\u00e3o Civil (ANAC) parabeniza todos os aviadores do Brasil pelo Dia do [&hellip;]<\/p>\n","protected":false},"author":18,"featured_media":0,"comment_status":"closed","ping_status":"closed","sticky":false,"template":"","format":"standard","meta":{"footnotes":""},"categories":[],"tags":[],"class_list":["post-1731","post","type-post","status-publish","format-standard","hentry"],"yoast_head":"<!-- This site is optimized with the Yoast SEO plugin v26.5 - https:\/\/yoast.com\/wordpress\/plugins\/seo\/ -->\n<title>Ag\u00eancia Nacional de Avia\u00e7\u00e3o Civil comemora dia do Aviador - Abesata<\/title>\n<meta name=\"robots\" content=\"index, follow, max-snippet:-1, max-image-preview:large, max-video-preview:-1\" \/>\n<link rel=\"canonical\" href=\"https:\/\/www.abesata.org\/br\/agencia-nacional-de-aviacao-civil-comemora-dia-do-aviador\/\" \/>\n<meta property=\"og:locale\" content=\"pt_BR\" \/>\n<meta property=\"og:type\" content=\"article\" \/>\n<meta property=\"og:title\" content=\"Ag\u00eancia Nacional de Avia\u00e7\u00e3o Civil comemora dia do Aviador - Abesata\" \/>\n<meta property=\"og:description\" content=\"Nesta quinta-feira, dia 23 de outubro, \u00e9 comemorado o Dia do Aviador. Devido a data comemorativa, a Ag\u00eancia Nacional de Avia\u00e7\u00e3o Civil (Anac) emitiu uma nota parabenizando os profissionais. Confira a nota abaixo: Homenagem da Anac aos aviadores brasileiros A Ag\u00eancia Nacional de Avia\u00e7\u00e3o Civil (ANAC) parabeniza todos os aviadores do Brasil pelo Dia do [&hellip;]\" \/>\n<meta property=\"og:url\" content=\"https:\/\/www.abesata.org\/br\/agencia-nacional-de-aviacao-civil-comemora-dia-do-aviador\/\" \/>\n<meta property=\"og:site_name\" content=\"Abesata\" \/>\n<meta property=\"article:publisher\" content=\"https:\/\/www.facebook.com\/abesata.org\/\" \/>\n<meta property=\"article:published_time\" content=\"2014-10-24T17:10:31+00:00\" \/>\n<meta name=\"author\" content=\"Ricardo\" \/>\n<meta name=\"twitter:card\" content=\"summary_large_image\" \/>\n<meta name=\"twitter:label1\" content=\"Escrito por\" \/>\n\t<meta name=\"twitter:data1\" content=\"Ricardo\" \/>\n\t<meta name=\"twitter:label2\" content=\"Est. tempo de leitura\" \/>\n\t<meta name=\"twitter:data2\" content=\"1 minuto\" \/>\n<script type=\"application\/ld+json\" class=\"yoast-schema-graph\">{\"@context\":\"https:\/\/schema.org\",\"@graph\":[{\"@type\":\"Article\",\"@id\":\"https:\/\/www.abesata.org\/br\/agencia-nacional-de-aviacao-civil-comemora-dia-do-aviador\/#article\",\"isPartOf\":{\"@id\":\"https:\/\/www.abesata.org\/br\/agencia-nacional-de-aviacao-civil-comemora-dia-do-aviador\/\"},\"author\":{\"name\":\"Ricardo\",\"@id\":\"https:\/\/www.abesata.org\/br\/#\/schema\/person\/1f1295145bee68e42ffe39157320456b\"},\"headline\":\"Ag\u00eancia Nacional de Avia\u00e7\u00e3o Civil comemora dia do Aviador\",\"datePublished\":\"2014-10-24T17:10:31+00:00\",\"mainEntityOfPage\":{\"@id\":\"https:\/\/www.abesata.org\/br\/agencia-nacional-de-aviacao-civil-comemora-dia-do-aviador\/\"},\"wordCount\":151,\"publisher\":{\"@id\":\"https:\/\/www.abesata.org\/br\/#organization\"},\"inLanguage\":\"pt-BR\"},{\"@type\":\"WebPage\",\"@id\":\"https:\/\/www.abesata.org\/br\/agencia-nacional-de-aviacao-civil-comemora-dia-do-aviador\/\",\"url\":\"https:\/\/www.abesata.org\/br\/agencia-nacional-de-aviacao-civil-comemora-dia-do-aviador\/\",\"name\":\"Ag\u00eancia Nacional de Avia\u00e7\u00e3o Civil comemora dia do Aviador - Abesata\",\"isPartOf\":{\"@id\":\"https:\/\/www.abesata.org\/br\/#website\"},\"datePublished\":\"2014-10-24T17:10:31+00:00\",\"breadcrumb\":{\"@id\":\"https:\/\/www.abesata.org\/br\/agencia-nacional-de-aviacao-civil-comemora-dia-do-aviador\/#breadcrumb\"},\"inLanguage\":\"pt-BR\",\"potentialAction\":[{\"@type\":\"ReadAction\",\"target\":[\"https:\/\/www.abesata.org\/br\/agencia-nacional-de-aviacao-civil-comemora-dia-do-aviador\/\"]}]},{\"@type\":\"BreadcrumbList\",\"@id\":\"https:\/\/www.abesata.org\/br\/agencia-nacional-de-aviacao-civil-comemora-dia-do-aviador\/#breadcrumb\",\"itemListElement\":[{\"@type\":\"ListItem\",\"position\":1,\"name\":\"In\u00edcio\",\"item\":\"https:\/\/www.abesata.org\/br\/\"},{\"@type\":\"ListItem\",\"position\":2,\"name\":\"Ag\u00eancia Nacional de Avia\u00e7\u00e3o Civil comemora dia do Aviador\"}]},{\"@type\":\"WebSite\",\"@id\":\"https:\/\/www.abesata.org\/br\/#website\",\"url\":\"https:\/\/www.abesata.org\/br\/\",\"name\":\"Abesata\",\"description\":\"Associa\u00e7\u00e3o Brasileira das Empresas de Servi\u00e7os Auxiliares de Transporte A\u00e9reo\",\"publisher\":{\"@id\":\"https:\/\/www.abesata.org\/br\/#organization\"},\"potentialAction\":[{\"@type\":\"SearchAction\",\"target\":{\"@type\":\"EntryPoint\",\"urlTemplate\":\"https:\/\/www.abesata.org\/br\/?s={search_term_string}\"},\"query-input\":{\"@type\":\"PropertyValueSpecification\",\"valueRequired\":true,\"valueName\":\"search_term_string\"}}],\"inLanguage\":\"pt-BR\"},{\"@type\":\"Organization\",\"@id\":\"https:\/\/www.abesata.org\/br\/#organization\",\"name\":\"Associa\u00e7\u00e3o Brasileira das Empresas de Servi\u00e7os Auxiliares de Transporte A\u00e9reo\",\"alternateName\":\"Abesata\",\"url\":\"https:\/\/www.abesata.org\/br\/\",\"logo\":{\"@type\":\"ImageObject\",\"inLanguage\":\"pt-BR\",\"@id\":\"https:\/\/www.abesata.org\/br\/#\/schema\/logo\/image\/\",\"url\":\"https:\/\/www.abesata.org\/br\/wp-content\/uploads\/2023\/10\/Abesata.png\",\"contentUrl\":\"https:\/\/www.abesata.org\/br\/wp-content\/uploads\/2023\/10\/Abesata.png\",\"width\":1063,\"height\":591,\"caption\":\"Associa\u00e7\u00e3o Brasileira das Empresas de Servi\u00e7os Auxiliares de Transporte A\u00e9reo\"},\"image\":{\"@id\":\"https:\/\/www.abesata.org\/br\/#\/schema\/logo\/image\/\"},\"sameAs\":[\"https:\/\/www.facebook.com\/abesata.org\/\",\"https:\/\/www.instagram.com\/abesata_gh\/\",\"https:\/\/br.linkedin.com\/company\/abesata\"]},{\"@type\":\"Person\",\"@id\":\"https:\/\/www.abesata.org\/br\/#\/schema\/person\/1f1295145bee68e42ffe39157320456b\",\"name\":\"Ricardo\",\"image\":{\"@type\":\"ImageObject\",\"inLanguage\":\"pt-BR\",\"@id\":\"https:\/\/www.abesata.org\/br\/#\/schema\/person\/image\/\",\"url\":\"https:\/\/secure.gravatar.com\/avatar\/1d856797eb89513dee321f840c1a6bbcec15beb178c003e50adcf59323b3a8a9?s=96&d=mm&r=g\",\"contentUrl\":\"https:\/\/secure.gravatar.com\/avatar\/1d856797eb89513dee321f840c1a6bbcec15beb178c003e50adcf59323b3a8a9?s=96&d=mm&r=g\",\"caption\":\"Ricardo\"},\"url\":\"https:\/\/www.abesata.org\/br\/author\/ricardo-baroni\/\"}]}<\/script>\n<!-- \/ Yoast SEO plugin. -->","yoast_head_json":{"title":"Ag\u00eancia Nacional de Avia\u00e7\u00e3o Civil comemora dia do Aviador - Abesata","robots":{"index":"index","follow":"follow","max-snippet":"max-snippet:-1","max-image-preview":"max-image-preview:large","max-video-preview":"max-video-preview:-1"},"canonical":"https:\/\/www.abesata.org\/br\/agencia-nacional-de-aviacao-civil-comemora-dia-do-aviador\/","og_locale":"pt_BR","og_type":"article","og_title":"Ag\u00eancia Nacional de Avia\u00e7\u00e3o Civil comemora dia do Aviador - Abesata","og_description":"Nesta quinta-feira, dia 23 de outubro, \u00e9 comemorado o Dia do Aviador. Devido a data comemorativa, a Ag\u00eancia Nacional de Avia\u00e7\u00e3o Civil (Anac) emitiu uma nota parabenizando os profissionais. Confira a nota abaixo: Homenagem da Anac aos aviadores brasileiros A Ag\u00eancia Nacional de Avia\u00e7\u00e3o Civil (ANAC) parabeniza todos os aviadores do Brasil pelo Dia do [&hellip;]","og_url":"https:\/\/www.abesata.org\/br\/agencia-nacional-de-aviacao-civil-comemora-dia-do-aviador\/","og_site_name":"Abesata","article_publisher":"https:\/\/www.facebook.com\/abesata.org\/","article_published_time":"2014-10-24T17:10:31+00:00","author":"Ricardo","twitter_card":"summary_large_image","twitter_misc":{"Escrito por":"Ricardo","Est. tempo de leitura":"1 minuto"},"schema":{"@context":"https:\/\/schema.org","@graph":[{"@type":"Article","@id":"https:\/\/www.abesata.org\/br\/agencia-nacional-de-aviacao-civil-comemora-dia-do-aviador\/#article","isPartOf":{"@id":"https:\/\/www.abesata.org\/br\/agencia-nacional-de-aviacao-civil-comemora-dia-do-aviador\/"},"author":{"name":"Ricardo","@id":"https:\/\/www.abesata.org\/br\/#\/schema\/person\/1f1295145bee68e42ffe39157320456b"},"headline":"Ag\u00eancia Nacional de Avia\u00e7\u00e3o Civil comemora dia do Aviador","datePublished":"2014-10-24T17:10:31+00:00","mainEntityOfPage":{"@id":"https:\/\/www.abesata.org\/br\/agencia-nacional-de-aviacao-civil-comemora-dia-do-aviador\/"},"wordCount":151,"publisher":{"@id":"https:\/\/www.abesata.org\/br\/#organization"},"inLanguage":"pt-BR"},{"@type":"WebPage","@id":"https:\/\/www.abesata.org\/br\/agencia-nacional-de-aviacao-civil-comemora-dia-do-aviador\/","url":"https:\/\/www.abesata.org\/br\/agencia-nacional-de-aviacao-civil-comemora-dia-do-aviador\/","name":"Ag\u00eancia Nacional de Avia\u00e7\u00e3o Civil comemora dia do Aviador - Abesata","isPartOf":{"@id":"https:\/\/www.abesata.org\/br\/#website"},"datePublished":"2014-10-24T17:10:31+00:00","breadcrumb":{"@id":"https:\/\/www.abesata.org\/br\/agencia-nacional-de-aviacao-civil-comemora-dia-do-aviador\/#breadcrumb"},"inLanguage":"pt-BR","potentialAction":[{"@type":"ReadAction","target":["https:\/\/www.abesata.org\/br\/agencia-nacional-de-aviacao-civil-comemora-dia-do-aviador\/"]}]},{"@type":"BreadcrumbList","@id":"https:\/\/www.abesata.org\/br\/agencia-nacional-de-aviacao-civil-comemora-dia-do-aviador\/#breadcrumb","itemListElement":[{"@type":"ListItem","position":1,"name":"In\u00edcio","item":"https:\/\/www.abesata.org\/br\/"},{"@type":"ListItem","position":2,"name":"Ag\u00eancia Nacional de Avia\u00e7\u00e3o Civil comemora dia do Aviador"}]},{"@type":"WebSite","@id":"https:\/\/www.abesata.org\/br\/#website","url":"https:\/\/www.abesata.org\/br\/","name":"Abesata","description":"Associa\u00e7\u00e3o Brasileira das Empresas de Servi\u00e7os Auxiliares de Transporte A\u00e9reo","publisher":{"@id":"https:\/\/www.abesata.org\/br\/#organization"},"potentialAction":[{"@type":"SearchAction","target":{"@type":"EntryPoint","urlTemplate":"https:\/\/www.abesata.org\/br\/?s={search_term_string}"},"query-input":{"@type":"PropertyValueSpecification","valueRequired":true,"valueName":"search_term_string"}}],"inLanguage":"pt-BR"},{"@type":"Organization","@id":"https:\/\/www.abesata.org\/br\/#organization","name":"Associa\u00e7\u00e3o Brasileira das Empresas de Servi\u00e7os Auxiliares de Transporte A\u00e9reo","alternateName":"Abesata","url":"https:\/\/www.abesata.org\/br\/","logo":{"@type":"ImageObject","inLanguage":"pt-BR","@id":"https:\/\/www.abesata.org\/br\/#\/schema\/logo\/image\/","url":"https:\/\/www.abesata.org\/br\/wp-content\/uploads\/2023\/10\/Abesata.png","contentUrl":"https:\/\/www.abesata.org\/br\/wp-content\/uploads\/2023\/10\/Abesata.png","width":1063,"height":591,"caption":"Associa\u00e7\u00e3o Brasileira das Empresas de Servi\u00e7os Auxiliares de Transporte A\u00e9reo"},"image":{"@id":"https:\/\/www.abesata.org\/br\/#\/schema\/logo\/image\/"},"sameAs":["https:\/\/www.facebook.com\/abesata.org\/","https:\/\/www.instagram.com\/abesata_gh\/","https:\/\/br.linkedin.com\/company\/abesata"]},{"@type":"Person","@id":"https:\/\/www.abesata.org\/br\/#\/schema\/person\/1f1295145bee68e42ffe39157320456b","name":"Ricardo","image":{"@type":"ImageObject","inLanguage":"pt-BR","@id":"https:\/\/www.abesata.org\/br\/#\/schema\/person\/image\/","url":"https:\/\/secure.gravatar.com\/avatar\/1d856797eb89513dee321f840c1a6bbcec15beb178c003e50adcf59323b3a8a9?s=96&d=mm&r=g","contentUrl":"https:\/\/secure.gravatar.com\/avatar\/1d856797eb89513dee321f840c1a6bbcec15beb178c003e50adcf59323b3a8a9?s=96&d=mm&r=g","caption":"Ricardo"},"url":"https:\/\/www.abesata.org\/br\/author\/ricardo-baroni\/"}]}},"_links":{"self":[{"href":"https:\/\/www.abesata.org\/br\/wp-json\/wp\/v2\/posts\/1731","targetHints":{"allow":["GET"]}}],"collection":[{"href":"https:\/\/www.abesata.org\/br\/wp-json\/wp\/v2\/posts"}],"about":[{"href":"https:\/\/www.abesata.org\/br\/wp-json\/wp\/v2\/types\/post"}],"author":[{"embeddable":true,"href":"https:\/\/www.abesata.org\/br\/wp-json\/wp\/v2\/users\/18"}],"replies":[{"embeddable":true,"href":"https:\/\/www.abesata.org\/br\/wp-json\/wp\/v2\/comments?post=1731"}],"version-history":[{"count":0,"href":"https:\/\/www.abesata.org\/br\/wp-json\/wp\/v2\/posts\/1731\/revisions"}],"wp:attachment":[{"href":"https:\/\/www.abesata.org\/br\/wp-json\/wp\/v2\/media?parent=1731"}],"wp:term":[{"taxonomy":"category","embeddable":true,"href":"https:\/\/www.abesata.org\/br\/wp-json\/wp\/v2\/categories?post=1731"},{"taxonomy":"post_tag","embeddable":true,"href":"https:\/\/www.abesata.org\/br\/wp-json\/wp\/v2\/tags?post=1731"}],"curies":[{"name":"wp","href":"https:\/\/api.w.org\/{rel}","templated":true}]}}