{"id":1736,"date":"2014-10-27T13:56:57","date_gmt":"2014-10-27T15:56:57","guid":{"rendered":"http:\/\/www.abesata.org\/?p=1736"},"modified":"2014-10-27T13:56:57","modified_gmt":"2014-10-27T15:56:57","slug":"dubai-avanca-com-projecto-para-o-maior-aeroporto-do-mundo","status":"publish","type":"post","link":"https:\/\/www.abesata.org\/br\/dubai-avanca-com-projecto-para-o-maior-aeroporto-do-mundo\/","title":{"rendered":"Dubai Avan\u00e7a Com Projecto Para O Maior Aeroporto Do Mundo"},"content":{"rendered":"<p>O Emirado do Dubai, no Golfo P\u00e9rsico, dever\u00e1 iniciar, no final deste ano, a constru\u00e7\u00e3o daquele que ser\u00e1 o maior aeroporto comercial do mundo.<\/p>\n<p>O projecto de alargamento do actual \u2018Dubai World Trade \u2013 Al Maktoum International Airport\u2019 (o segundo maior do Dubai) foi aprovado pelo xeque Mohammed bin Rashid Al Maktoum e ter\u00e1 um custo calculado em 32 mil milh\u00f5es de d\u00f3lares norte-americanos.<\/p>\n<p>A primeira fase, com dura\u00e7\u00e3o de seis a oito anos, inclui a constru\u00e7\u00e3o do terminal e da pista, tendo por objectivo movimentar 120 milh\u00f5es de passageiros por ano, bem como at\u00e9 100 super jumbos Airbus A380 ao mesmo tempo.<\/p>\n<p>Quando a segunda fase estiver conclu\u00edda, a infra-estrutura ter\u00e1 capacidade para 220 milh\u00f5es de passageiros por ano.<\/p>\n<p>O aeroporto \u00e9 usado actualmente para voos de passageiros por v\u00e1rias transportadoras, incluindo a Qatar Airways, Gulf Air e Wizz Air.<\/p>\n<p>O principal aeroporto do emirado \u00e9 o Dubai International, que movimentou mais de 66 milh\u00f5es de passageiros no ano passado e dever\u00e1 aumentar a sua capacidade para 100 milh\u00f5es at\u00e9 o final de 2020. N\u00e3o sendo poss\u00edvel alargar o Dubai International, o emirado optou por construir o novo aeroporto a partir do segundo maior do pa\u00eds.<\/p>\n<p style=\"text-align: right;\">Fonte: NewsAvia<br \/>\n25\/10\/2014<\/p>\n","protected":false},"excerpt":{"rendered":"<p>O Emirado do Dubai, no Golfo P\u00e9rsico, dever\u00e1 iniciar, no final deste ano, a constru\u00e7\u00e3o daquele que ser\u00e1 o maior aeroporto comercial do mundo. O projecto de alargamento do actual \u2018Dubai World Trade \u2013 Al Maktoum International Airport\u2019 (o segundo maior do Dubai) foi aprovado pelo xeque Mohammed bin Rashid Al Maktoum e ter\u00e1 um [&hellip;]<\/p>\n","protected":false},"author":18,"featured_media":1737,"comment_status":"closed","ping_status":"closed","sticky":false,"template":"","format":"standard","meta":{"footnotes":""},"categories":[],"tags":[],"class_list":["post-1736","post","type-post","status-publish","format-standard","has-post-thumbnail","hentry"],"yoast_head":"<!-- This site is optimized with the Yoast SEO plugin v26.5 - https:\/\/yoast.com\/wordpress\/plugins\/seo\/ -->\n<title>Dubai Avan\u00e7a Com Projecto Para O Maior Aeroporto Do Mundo - Abesata<\/title>\n<meta name=\"robots\" content=\"index, follow, max-snippet:-1, max-image-preview:large, max-video-preview:-1\" \/>\n<link rel=\"canonical\" href=\"https:\/\/www.abesata.org\/br\/dubai-avanca-com-projecto-para-o-maior-aeroporto-do-mundo\/\" \/>\n<meta property=\"og:locale\" content=\"pt_BR\" \/>\n<meta property=\"og:type\" content=\"article\" \/>\n<meta property=\"og:title\" content=\"Dubai Avan\u00e7a Com Projecto Para O Maior Aeroporto Do Mundo - Abesata\" \/>\n<meta property=\"og:description\" content=\"O Emirado do Dubai, no Golfo P\u00e9rsico, dever\u00e1 iniciar, no final deste ano, a constru\u00e7\u00e3o daquele que ser\u00e1 o maior aeroporto comercial do mundo. O projecto de alargamento do actual \u2018Dubai World Trade \u2013 Al Maktoum International Airport\u2019 (o segundo maior do Dubai) foi aprovado pelo xeque Mohammed bin Rashid Al Maktoum e ter\u00e1 um [&hellip;]\" \/>\n<meta property=\"og:url\" content=\"https:\/\/www.abesata.org\/br\/dubai-avanca-com-projecto-para-o-maior-aeroporto-do-mundo\/\" \/>\n<meta property=\"og:site_name\" content=\"Abesata\" \/>\n<meta property=\"article:publisher\" content=\"https:\/\/www.facebook.com\/abesata.org\/\" \/>\n<meta property=\"article:published_time\" content=\"2014-10-27T15:56:57+00:00\" \/>\n<meta property=\"og:image\" content=\"https:\/\/www.abesata.org\/br\/wp-content\/uploads\/2014\/10\/33.png\" \/>\n\t<meta property=\"og:image:width\" content=\"1707\" \/>\n\t<meta property=\"og:image:height\" content=\"560\" \/>\n\t<meta property=\"og:image:type\" content=\"image\/png\" \/>\n<meta name=\"author\" content=\"Ricardo\" \/>\n<meta name=\"twitter:card\" content=\"summary_large_image\" \/>\n<meta name=\"twitter:label1\" content=\"Escrito por\" \/>\n\t<meta name=\"twitter:data1\" content=\"Ricardo\" \/>\n\t<meta name=\"twitter:label2\" content=\"Est. tempo de leitura\" \/>\n\t<meta name=\"twitter:data2\" content=\"1 minuto\" \/>\n<script type=\"application\/ld+json\" class=\"yoast-schema-graph\">{\"@context\":\"https:\/\/schema.org\",\"@graph\":[{\"@type\":\"Article\",\"@id\":\"https:\/\/www.abesata.org\/br\/dubai-avanca-com-projecto-para-o-maior-aeroporto-do-mundo\/#article\",\"isPartOf\":{\"@id\":\"https:\/\/www.abesata.org\/br\/dubai-avanca-com-projecto-para-o-maior-aeroporto-do-mundo\/\"},\"author\":{\"name\":\"Ricardo\",\"@id\":\"https:\/\/www.abesata.org\/br\/#\/schema\/person\/1f1295145bee68e42ffe39157320456b\"},\"headline\":\"Dubai Avan\u00e7a Com Projecto Para O Maior Aeroporto Do Mundo\",\"datePublished\":\"2014-10-27T15:56:57+00:00\",\"mainEntityOfPage\":{\"@id\":\"https:\/\/www.abesata.org\/br\/dubai-avanca-com-projecto-para-o-maior-aeroporto-do-mundo\/\"},\"wordCount\":215,\"publisher\":{\"@id\":\"https:\/\/www.abesata.org\/br\/#organization\"},\"image\":{\"@id\":\"https:\/\/www.abesata.org\/br\/dubai-avanca-com-projecto-para-o-maior-aeroporto-do-mundo\/#primaryimage\"},\"thumbnailUrl\":\"https:\/\/www.abesata.org\/br\/wp-content\/uploads\/2014\/10\/33.png\",\"inLanguage\":\"pt-BR\"},{\"@type\":\"WebPage\",\"@id\":\"https:\/\/www.abesata.org\/br\/dubai-avanca-com-projecto-para-o-maior-aeroporto-do-mundo\/\",\"url\":\"https:\/\/www.abesata.org\/br\/dubai-avanca-com-projecto-para-o-maior-aeroporto-do-mundo\/\",\"name\":\"Dubai Avan\u00e7a Com Projecto Para O Maior Aeroporto Do Mundo - Abesata\",\"isPartOf\":{\"@id\":\"https:\/\/www.abesata.org\/br\/#website\"},\"primaryImageOfPage\":{\"@id\":\"https:\/\/www.abesata.org\/br\/dubai-avanca-com-projecto-para-o-maior-aeroporto-do-mundo\/#primaryimage\"},\"image\":{\"@id\":\"https:\/\/www.abesata.org\/br\/dubai-avanca-com-projecto-para-o-maior-aeroporto-do-mundo\/#primaryimage\"},\"thumbnailUrl\":\"https:\/\/www.abesata.org\/br\/wp-content\/uploads\/2014\/10\/33.png\",\"datePublished\":\"2014-10-27T15:56:57+00:00\",\"breadcrumb\":{\"@id\":\"https:\/\/www.abesata.org\/br\/dubai-avanca-com-projecto-para-o-maior-aeroporto-do-mundo\/#breadcrumb\"},\"inLanguage\":\"pt-BR\",\"potentialAction\":[{\"@type\":\"ReadAction\",\"target\":[\"https:\/\/www.abesata.org\/br\/dubai-avanca-com-projecto-para-o-maior-aeroporto-do-mundo\/\"]}]},{\"@type\":\"ImageObject\",\"inLanguage\":\"pt-BR\",\"@id\":\"https:\/\/www.abesata.org\/br\/dubai-avanca-com-projecto-para-o-maior-aeroporto-do-mundo\/#primaryimage\",\"url\":\"https:\/\/www.abesata.org\/br\/wp-content\/uploads\/2014\/10\/33.png\",\"contentUrl\":\"https:\/\/www.abesata.org\/br\/wp-content\/uploads\/2014\/10\/33.png\",\"width\":1707,\"height\":560},{\"@type\":\"BreadcrumbList\",\"@id\":\"https:\/\/www.abesata.org\/br\/dubai-avanca-com-projecto-para-o-maior-aeroporto-do-mundo\/#breadcrumb\",\"itemListElement\":[{\"@type\":\"ListItem\",\"position\":1,\"name\":\"In\u00edcio\",\"item\":\"https:\/\/www.abesata.org\/br\/\"},{\"@type\":\"ListItem\",\"position\":2,\"name\":\"Dubai Avan\u00e7a Com Projecto Para O Maior Aeroporto Do Mundo\"}]},{\"@type\":\"WebSite\",\"@id\":\"https:\/\/www.abesata.org\/br\/#website\",\"url\":\"https:\/\/www.abesata.org\/br\/\",\"name\":\"Abesata\",\"description\":\"Associa\u00e7\u00e3o Brasileira das Empresas de Servi\u00e7os Auxiliares de Transporte A\u00e9reo\",\"publisher\":{\"@id\":\"https:\/\/www.abesata.org\/br\/#organization\"},\"potentialAction\":[{\"@type\":\"SearchAction\",\"target\":{\"@type\":\"EntryPoint\",\"urlTemplate\":\"https:\/\/www.abesata.org\/br\/?s={search_term_string}\"},\"query-input\":{\"@type\":\"PropertyValueSpecification\",\"valueRequired\":true,\"valueName\":\"search_term_string\"}}],\"inLanguage\":\"pt-BR\"},{\"@type\":\"Organization\",\"@id\":\"https:\/\/www.abesata.org\/br\/#organization\",\"name\":\"Associa\u00e7\u00e3o Brasileira das Empresas de Servi\u00e7os Auxiliares de Transporte A\u00e9reo\",\"alternateName\":\"Abesata\",\"url\":\"https:\/\/www.abesata.org\/br\/\",\"logo\":{\"@type\":\"ImageObject\",\"inLanguage\":\"pt-BR\",\"@id\":\"https:\/\/www.abesata.org\/br\/#\/schema\/logo\/image\/\",\"url\":\"https:\/\/www.abesata.org\/br\/wp-content\/uploads\/2023\/10\/Abesata.png\",\"contentUrl\":\"https:\/\/www.abesata.org\/br\/wp-content\/uploads\/2023\/10\/Abesata.png\",\"width\":1063,\"height\":591,\"caption\":\"Associa\u00e7\u00e3o Brasileira das Empresas de Servi\u00e7os Auxiliares de Transporte A\u00e9reo\"},\"image\":{\"@id\":\"https:\/\/www.abesata.org\/br\/#\/schema\/logo\/image\/\"},\"sameAs\":[\"https:\/\/www.facebook.com\/abesata.org\/\",\"https:\/\/www.instagram.com\/abesata_gh\/\",\"https:\/\/br.linkedin.com\/company\/abesata\"]},{\"@type\":\"Person\",\"@id\":\"https:\/\/www.abesata.org\/br\/#\/schema\/person\/1f1295145bee68e42ffe39157320456b\",\"name\":\"Ricardo\",\"image\":{\"@type\":\"ImageObject\",\"inLanguage\":\"pt-BR\",\"@id\":\"https:\/\/www.abesata.org\/br\/#\/schema\/person\/image\/\",\"url\":\"https:\/\/secure.gravatar.com\/avatar\/1d856797eb89513dee321f840c1a6bbcec15beb178c003e50adcf59323b3a8a9?s=96&d=mm&r=g\",\"contentUrl\":\"https:\/\/secure.gravatar.com\/avatar\/1d856797eb89513dee321f840c1a6bbcec15beb178c003e50adcf59323b3a8a9?s=96&d=mm&r=g\",\"caption\":\"Ricardo\"},\"url\":\"https:\/\/www.abesata.org\/br\/author\/ricardo-baroni\/\"}]}<\/script>\n<!-- \/ Yoast SEO plugin. -->","yoast_head_json":{"title":"Dubai Avan\u00e7a Com Projecto Para O Maior Aeroporto Do Mundo - Abesata","robots":{"index":"index","follow":"follow","max-snippet":"max-snippet:-1","max-image-preview":"max-image-preview:large","max-video-preview":"max-video-preview:-1"},"canonical":"https:\/\/www.abesata.org\/br\/dubai-avanca-com-projecto-para-o-maior-aeroporto-do-mundo\/","og_locale":"pt_BR","og_type":"article","og_title":"Dubai Avan\u00e7a Com Projecto Para O Maior Aeroporto Do Mundo - Abesata","og_description":"O Emirado do Dubai, no Golfo P\u00e9rsico, dever\u00e1 iniciar, no final deste ano, a constru\u00e7\u00e3o daquele que ser\u00e1 o maior aeroporto comercial do mundo. O projecto de alargamento do actual \u2018Dubai World Trade \u2013 Al Maktoum International Airport\u2019 (o segundo maior do Dubai) foi aprovado pelo xeque Mohammed bin Rashid Al Maktoum e ter\u00e1 um [&hellip;]","og_url":"https:\/\/www.abesata.org\/br\/dubai-avanca-com-projecto-para-o-maior-aeroporto-do-mundo\/","og_site_name":"Abesata","article_publisher":"https:\/\/www.facebook.com\/abesata.org\/","article_published_time":"2014-10-27T15:56:57+00:00","og_image":[{"width":1707,"height":560,"url":"https:\/\/www.abesata.org\/br\/wp-content\/uploads\/2014\/10\/33.png","type":"image\/png"}],"author":"Ricardo","twitter_card":"summary_large_image","twitter_misc":{"Escrito por":"Ricardo","Est. tempo de leitura":"1 minuto"},"schema":{"@context":"https:\/\/schema.org","@graph":[{"@type":"Article","@id":"https:\/\/www.abesata.org\/br\/dubai-avanca-com-projecto-para-o-maior-aeroporto-do-mundo\/#article","isPartOf":{"@id":"https:\/\/www.abesata.org\/br\/dubai-avanca-com-projecto-para-o-maior-aeroporto-do-mundo\/"},"author":{"name":"Ricardo","@id":"https:\/\/www.abesata.org\/br\/#\/schema\/person\/1f1295145bee68e42ffe39157320456b"},"headline":"Dubai Avan\u00e7a Com Projecto Para O Maior Aeroporto Do Mundo","datePublished":"2014-10-27T15:56:57+00:00","mainEntityOfPage":{"@id":"https:\/\/www.abesata.org\/br\/dubai-avanca-com-projecto-para-o-maior-aeroporto-do-mundo\/"},"wordCount":215,"publisher":{"@id":"https:\/\/www.abesata.org\/br\/#organization"},"image":{"@id":"https:\/\/www.abesata.org\/br\/dubai-avanca-com-projecto-para-o-maior-aeroporto-do-mundo\/#primaryimage"},"thumbnailUrl":"https:\/\/www.abesata.org\/br\/wp-content\/uploads\/2014\/10\/33.png","inLanguage":"pt-BR"},{"@type":"WebPage","@id":"https:\/\/www.abesata.org\/br\/dubai-avanca-com-projecto-para-o-maior-aeroporto-do-mundo\/","url":"https:\/\/www.abesata.org\/br\/dubai-avanca-com-projecto-para-o-maior-aeroporto-do-mundo\/","name":"Dubai Avan\u00e7a Com Projecto Para O Maior Aeroporto Do Mundo - Abesata","isPartOf":{"@id":"https:\/\/www.abesata.org\/br\/#website"},"primaryImageOfPage":{"@id":"https:\/\/www.abesata.org\/br\/dubai-avanca-com-projecto-para-o-maior-aeroporto-do-mundo\/#primaryimage"},"image":{"@id":"https:\/\/www.abesata.org\/br\/dubai-avanca-com-projecto-para-o-maior-aeroporto-do-mundo\/#primaryimage"},"thumbnailUrl":"https:\/\/www.abesata.org\/br\/wp-content\/uploads\/2014\/10\/33.png","datePublished":"2014-10-27T15:56:57+00:00","breadcrumb":{"@id":"https:\/\/www.abesata.org\/br\/dubai-avanca-com-projecto-para-o-maior-aeroporto-do-mundo\/#breadcrumb"},"inLanguage":"pt-BR","potentialAction":[{"@type":"ReadAction","target":["https:\/\/www.abesata.org\/br\/dubai-avanca-com-projecto-para-o-maior-aeroporto-do-mundo\/"]}]},{"@type":"ImageObject","inLanguage":"pt-BR","@id":"https:\/\/www.abesata.org\/br\/dubai-avanca-com-projecto-para-o-maior-aeroporto-do-mundo\/#primaryimage","url":"https:\/\/www.abesata.org\/br\/wp-content\/uploads\/2014\/10\/33.png","contentUrl":"https:\/\/www.abesata.org\/br\/wp-content\/uploads\/2014\/10\/33.png","width":1707,"height":560},{"@type":"BreadcrumbList","@id":"https:\/\/www.abesata.org\/br\/dubai-avanca-com-projecto-para-o-maior-aeroporto-do-mundo\/#breadcrumb","itemListElement":[{"@type":"ListItem","position":1,"name":"In\u00edcio","item":"https:\/\/www.abesata.org\/br\/"},{"@type":"ListItem","position":2,"name":"Dubai Avan\u00e7a Com Projecto Para O Maior Aeroporto Do Mundo"}]},{"@type":"WebSite","@id":"https:\/\/www.abesata.org\/br\/#website","url":"https:\/\/www.abesata.org\/br\/","name":"Abesata","description":"Associa\u00e7\u00e3o Brasileira das Empresas de Servi\u00e7os Auxiliares de Transporte A\u00e9reo","publisher":{"@id":"https:\/\/www.abesata.org\/br\/#organization"},"potentialAction":[{"@type":"SearchAction","target":{"@type":"EntryPoint","urlTemplate":"https:\/\/www.abesata.org\/br\/?s={search_term_string}"},"query-input":{"@type":"PropertyValueSpecification","valueRequired":true,"valueName":"search_term_string"}}],"inLanguage":"pt-BR"},{"@type":"Organization","@id":"https:\/\/www.abesata.org\/br\/#organization","name":"Associa\u00e7\u00e3o Brasileira das Empresas de Servi\u00e7os Auxiliares de Transporte A\u00e9reo","alternateName":"Abesata","url":"https:\/\/www.abesata.org\/br\/","logo":{"@type":"ImageObject","inLanguage":"pt-BR","@id":"https:\/\/www.abesata.org\/br\/#\/schema\/logo\/image\/","url":"https:\/\/www.abesata.org\/br\/wp-content\/uploads\/2023\/10\/Abesata.png","contentUrl":"https:\/\/www.abesata.org\/br\/wp-content\/uploads\/2023\/10\/Abesata.png","width":1063,"height":591,"caption":"Associa\u00e7\u00e3o Brasileira das Empresas de Servi\u00e7os Auxiliares de Transporte A\u00e9reo"},"image":{"@id":"https:\/\/www.abesata.org\/br\/#\/schema\/logo\/image\/"},"sameAs":["https:\/\/www.facebook.com\/abesata.org\/","https:\/\/www.instagram.com\/abesata_gh\/","https:\/\/br.linkedin.com\/company\/abesata"]},{"@type":"Person","@id":"https:\/\/www.abesata.org\/br\/#\/schema\/person\/1f1295145bee68e42ffe39157320456b","name":"Ricardo","image":{"@type":"ImageObject","inLanguage":"pt-BR","@id":"https:\/\/www.abesata.org\/br\/#\/schema\/person\/image\/","url":"https:\/\/secure.gravatar.com\/avatar\/1d856797eb89513dee321f840c1a6bbcec15beb178c003e50adcf59323b3a8a9?s=96&d=mm&r=g","contentUrl":"https:\/\/secure.gravatar.com\/avatar\/1d856797eb89513dee321f840c1a6bbcec15beb178c003e50adcf59323b3a8a9?s=96&d=mm&r=g","caption":"Ricardo"},"url":"https:\/\/www.abesata.org\/br\/author\/ricardo-baroni\/"}]}},"_links":{"self":[{"href":"https:\/\/www.abesata.org\/br\/wp-json\/wp\/v2\/posts\/1736","targetHints":{"allow":["GET"]}}],"collection":[{"href":"https:\/\/www.abesata.org\/br\/wp-json\/wp\/v2\/posts"}],"about":[{"href":"https:\/\/www.abesata.org\/br\/wp-json\/wp\/v2\/types\/post"}],"author":[{"embeddable":true,"href":"https:\/\/www.abesata.org\/br\/wp-json\/wp\/v2\/users\/18"}],"replies":[{"embeddable":true,"href":"https:\/\/www.abesata.org\/br\/wp-json\/wp\/v2\/comments?post=1736"}],"version-history":[{"count":0,"href":"https:\/\/www.abesata.org\/br\/wp-json\/wp\/v2\/posts\/1736\/revisions"}],"wp:featuredmedia":[{"embeddable":true,"href":"https:\/\/www.abesata.org\/br\/wp-json\/wp\/v2\/media\/1737"}],"wp:attachment":[{"href":"https:\/\/www.abesata.org\/br\/wp-json\/wp\/v2\/media?parent=1736"}],"wp:term":[{"taxonomy":"category","embeddable":true,"href":"https:\/\/www.abesata.org\/br\/wp-json\/wp\/v2\/categories?post=1736"},{"taxonomy":"post_tag","embeddable":true,"href":"https:\/\/www.abesata.org\/br\/wp-json\/wp\/v2\/tags?post=1736"}],"curies":[{"name":"wp","href":"https:\/\/api.w.org\/{rel}","templated":true}]}}