{"id":1749,"date":"2014-10-28T15:21:55","date_gmt":"2014-10-28T17:21:55","guid":{"rendered":"http:\/\/www.abesata.org\/?p=1749"},"modified":"2014-10-28T15:21:55","modified_gmt":"2014-10-28T17:21:55","slug":"demanda-completa-um-ano-de-crescimento-consecutivo","status":"publish","type":"post","link":"https:\/\/www.abesata.org\/br\/demanda-completa-um-ano-de-crescimento-consecutivo\/","title":{"rendered":"Demanda completa um ano de crescimento consecutivo"},"content":{"rendered":"<p><em>Oferta sobe ap\u00f3s sete meses de redu\u00e7\u00e3o<\/em><\/p>\n<p><em><\/em>Bras\u00edlia, 27 de outubro de 2014 \u2013 A demanda (em passageiros-quil\u00f4metros pagos transportados \u2013 RPK) por transporte a\u00e9reo dom\u00e9stico de passageiros cresceu 3,2% em setembro de 2014, em compara\u00e7\u00e3o com o mesmo per\u00edodo de 2013, completando 12 meses consecutivos de crescimento e atingindo o seu maior n\u00edvel para o m\u00eas nos \u00faltimos dez anos. A oferta (em assentos-quil\u00f4metros oferecidos \u2013 ASK) do transporte a\u00e9reo dom\u00e9stico de passageiros voltou a apresentar crescimento, de 1,7%, ap\u00f3s sete meses consecutivos de varia\u00e7\u00e3o negativa. Com o resultado de setembro, a demanda dom\u00e9stica acumulou alta de 5,4% no ano e a oferta acumulou queda de 0,14%, no mesmo per\u00edodo.<\/p>\n<p>Entre as principais empresas a\u00e9reas brasileiras, Azul e Avianca destacaram-se com as maiores taxas de crescimento da demanda dom\u00e9stica em setembro de 2014, quando comparada com o mesmo m\u00eas de 2013, da ordem de 34,6% e 26,0%, respectivamente. Se somadas as opera\u00e7\u00f5es de Azul e Trip, o crescimento registrado por essas empresas foi de 5,6%.<\/p>\n<p>Tam e Gol lideraram o mercado dom\u00e9stico em setembro de 2014 com participa\u00e7\u00e3o (em RPK) de 38,1% e de 35,0%, respectivamente. Entretanto, Azul e Avianca registraram maior crescimento em participa\u00e7\u00e3o do mercado dom\u00e9stico em setembro de 2014, quando comparada a setembro de 2013, passando de 13,1% para 17,1%(crescimento de 30,5%) e de 7,4% para 9,0% (crescimento de 22,1%), respectivamente. Se consideradas as opera\u00e7\u00f5es somadas de Azul e Trip, houve crescimento de 2,3% da participa\u00e7\u00e3o dessas empresas no mercado dom\u00e9stico no mesmo per\u00edodo, tendo passado de 16,7% para 17,1%.<\/p>\n<p>A taxa de aproveitamento das aeronaves em voos dom\u00e9sticos operados por empresas brasileiras (RPK\/ASK) foi recorde para o m\u00eas de setembro nos \u00faltimos dez anos, da ordem de 78,6%. O indicador registrou aumento de 1,5% em setembro de 2014, no comparativo com o mesmo m\u00eas do ano anterior.<\/p>\n<p>O n\u00famero de passageiros pagos transportados em voos dom\u00e9sticos em setembro de 2014 atingiu 7,8 milh\u00f5es, tendo sido o maior para o m\u00eas nos \u00faltimos 10 anos, com alta de 4,5% em rela\u00e7\u00e3o a setembro de 2013. O \u00edndice vem registrando varia\u00e7\u00e3o positiva h\u00e1 12 meses consecutivos. No per\u00edodo de janeiro a setembro de 2014, a quantidade de passageiros transportados acumulou crescimento de 6,8%, em rela\u00e7\u00e3o ao mesmo per\u00edodo do ano anterior. A Gol foi a empresa que mais transportou passageiros no mercado dom\u00e9stico em setembro de 2014, com 2,86 milh\u00f5es, seguida pela Tam, com 2,58 milh\u00f5es, e pela Azul, com 1,67 milh\u00f5es.<\/p>\n<p><strong>\u00a0Transporte a\u00e9reo internacional<\/strong><\/p>\n<p>Em setembro de 2014, a demanda (em RPK) do transporte a\u00e9reo internacional de passageiros das empresas a\u00e9reas brasileiras registrou crescimento pelo s\u00e9timo m\u00eas consecutivo, com aumento de 8,7% quando comparada com o mesmo m\u00eas de 2013. A oferta internacional (em ASK) cresceu 1,9% em setembro de 2014. Tanto a demanda quanto a oferta internacionais foram recorde para o m\u00eas de setembro nos \u00faltimos dez anos.<\/p>\n<p>A taxa de aproveitamento das aeronaves em voos internacionais de passageiros operados por empresas brasileiras (RPK\/ASK) alcan\u00e7ou 86,7% em setembro de 2014, contra 81,2% no mesmo m\u00eas de 2013, representando uma varia\u00e7\u00e3o positiva de 6,7%. Trata-se do maior n\u00edvel de ocupa\u00e7\u00e3o das aeronaves para um m\u00eas nos \u00faltimos dez anos.<\/p>\n<p>O n\u00famero de passageiros transportados em voos internacionais em setembro de 2014 atingiu 541,2 mil, com aumento de 8,9% em rela\u00e7\u00e3o a setembro de 2013. Trata-se da maior quantidade de passageiros transportados em voos internacionais por empresas brasileiras registrada em setembro nos \u00faltimos dez anos. No per\u00edodo de janeiro a setembro de 2014, a quantidade de passageiros transportados acumulou aumento de 4,4% em rela\u00e7\u00e3o ao mesmo per\u00edodo do ano anterior.<\/p>\n<p>Os dados mencionados acima est\u00e3o dispon\u00edveis no Relat\u00f3rio de Demanda e Oferta do Transporte A\u00e9reo, divulgado hoje pela Ag\u00eancia Nacional de Avia\u00e7\u00e3o Civil (ANAC), que tamb\u00e9m contempla informa\u00e7\u00f5es sobre carga transportada, a participa\u00e7\u00e3o de mercado das empresas e um comparativo do transporte rodovi\u00e1rio com o modal a\u00e9reo, todas ilustradas por meio de gr\u00e1ficos e considera\u00e7\u00f5es. O relat\u00f3rio pode ser acessado por meio do link a seguir: <a href=\"http:\/\/www2.anac.gov.br\/estatistica\/demandaeoferta\/\">http:\/\/www2.anac.gov.br\/estatistica\/demandaeoferta\/<\/a><\/p>\n<p>O relat\u00f3rio de Demanda e Oferta do Transporte A\u00e9reo \u00e9 elaborado com base nas opera\u00e7\u00f5es regulares e n\u00e3o regulares das empresas brasileiras de servi\u00e7os de transporte a\u00e9reo p\u00fablico de passageiros.<\/p>\n<p>*Principais empresas a\u00e9reas brasileiras: foram consideradas aquelas que registraram participa\u00e7\u00e3o de mercado superior a 1%, em termos de RPK.<\/p>\n","protected":false},"excerpt":{"rendered":"<p>Oferta sobe ap\u00f3s sete meses de redu\u00e7\u00e3o Bras\u00edlia, 27 de outubro de 2014 \u2013 A demanda (em passageiros-quil\u00f4metros pagos transportados \u2013 RPK) por transporte a\u00e9reo dom\u00e9stico de passageiros cresceu 3,2% em setembro de 2014, em compara\u00e7\u00e3o com o mesmo per\u00edodo de 2013, completando 12 meses consecutivos de crescimento e atingindo o seu maior n\u00edvel para [&hellip;]<\/p>\n","protected":false},"author":18,"featured_media":1701,"comment_status":"closed","ping_status":"closed","sticky":false,"template":"","format":"standard","meta":{"footnotes":""},"categories":[],"tags":[],"class_list":["post-1749","post","type-post","status-publish","format-standard","has-post-thumbnail","hentry"],"yoast_head":"<!-- This site is optimized with the Yoast SEO plugin v26.5 - https:\/\/yoast.com\/wordpress\/plugins\/seo\/ -->\n<title>Demanda completa um ano de crescimento consecutivo - Abesata<\/title>\n<meta name=\"robots\" content=\"index, follow, max-snippet:-1, max-image-preview:large, max-video-preview:-1\" \/>\n<link rel=\"canonical\" href=\"https:\/\/www.abesata.org\/br\/demanda-completa-um-ano-de-crescimento-consecutivo\/\" \/>\n<meta property=\"og:locale\" content=\"pt_BR\" \/>\n<meta property=\"og:type\" content=\"article\" \/>\n<meta property=\"og:title\" content=\"Demanda completa um ano de crescimento consecutivo - Abesata\" \/>\n<meta property=\"og:description\" content=\"Oferta sobe ap\u00f3s sete meses de redu\u00e7\u00e3o Bras\u00edlia, 27 de outubro de 2014 \u2013 A demanda (em passageiros-quil\u00f4metros pagos transportados \u2013 RPK) por transporte a\u00e9reo dom\u00e9stico de passageiros cresceu 3,2% em setembro de 2014, em compara\u00e7\u00e3o com o mesmo per\u00edodo de 2013, completando 12 meses consecutivos de crescimento e atingindo o seu maior n\u00edvel para [&hellip;]\" \/>\n<meta property=\"og:url\" content=\"https:\/\/www.abesata.org\/br\/demanda-completa-um-ano-de-crescimento-consecutivo\/\" \/>\n<meta property=\"og:site_name\" content=\"Abesata\" \/>\n<meta property=\"article:publisher\" content=\"https:\/\/www.facebook.com\/abesata.org\/\" \/>\n<meta property=\"article:published_time\" content=\"2014-10-28T17:21:55+00:00\" \/>\n<meta property=\"og:image\" content=\"https:\/\/www.abesata.org\/br\/wp-content\/uploads\/2014\/10\/29.png\" \/>\n\t<meta property=\"og:image:width\" content=\"1707\" \/>\n\t<meta property=\"og:image:height\" content=\"560\" \/>\n\t<meta property=\"og:image:type\" content=\"image\/png\" \/>\n<meta name=\"author\" content=\"Ricardo\" \/>\n<meta name=\"twitter:card\" content=\"summary_large_image\" \/>\n<meta name=\"twitter:label1\" content=\"Escrito por\" \/>\n\t<meta name=\"twitter:data1\" content=\"Ricardo\" \/>\n\t<meta name=\"twitter:label2\" content=\"Est. tempo de leitura\" \/>\n\t<meta name=\"twitter:data2\" content=\"4 minutos\" \/>\n<script type=\"application\/ld+json\" class=\"yoast-schema-graph\">{\"@context\":\"https:\/\/schema.org\",\"@graph\":[{\"@type\":\"Article\",\"@id\":\"https:\/\/www.abesata.org\/br\/demanda-completa-um-ano-de-crescimento-consecutivo\/#article\",\"isPartOf\":{\"@id\":\"https:\/\/www.abesata.org\/br\/demanda-completa-um-ano-de-crescimento-consecutivo\/\"},\"author\":{\"name\":\"Ricardo\",\"@id\":\"https:\/\/www.abesata.org\/br\/#\/schema\/person\/1f1295145bee68e42ffe39157320456b\"},\"headline\":\"Demanda completa um ano de crescimento consecutivo\",\"datePublished\":\"2014-10-28T17:21:55+00:00\",\"mainEntityOfPage\":{\"@id\":\"https:\/\/www.abesata.org\/br\/demanda-completa-um-ano-de-crescimento-consecutivo\/\"},\"wordCount\":747,\"publisher\":{\"@id\":\"https:\/\/www.abesata.org\/br\/#organization\"},\"image\":{\"@id\":\"https:\/\/www.abesata.org\/br\/demanda-completa-um-ano-de-crescimento-consecutivo\/#primaryimage\"},\"thumbnailUrl\":\"https:\/\/www.abesata.org\/br\/wp-content\/uploads\/2014\/10\/29.png\",\"inLanguage\":\"pt-BR\"},{\"@type\":\"WebPage\",\"@id\":\"https:\/\/www.abesata.org\/br\/demanda-completa-um-ano-de-crescimento-consecutivo\/\",\"url\":\"https:\/\/www.abesata.org\/br\/demanda-completa-um-ano-de-crescimento-consecutivo\/\",\"name\":\"Demanda completa um ano de crescimento consecutivo - Abesata\",\"isPartOf\":{\"@id\":\"https:\/\/www.abesata.org\/br\/#website\"},\"primaryImageOfPage\":{\"@id\":\"https:\/\/www.abesata.org\/br\/demanda-completa-um-ano-de-crescimento-consecutivo\/#primaryimage\"},\"image\":{\"@id\":\"https:\/\/www.abesata.org\/br\/demanda-completa-um-ano-de-crescimento-consecutivo\/#primaryimage\"},\"thumbnailUrl\":\"https:\/\/www.abesata.org\/br\/wp-content\/uploads\/2014\/10\/29.png\",\"datePublished\":\"2014-10-28T17:21:55+00:00\",\"breadcrumb\":{\"@id\":\"https:\/\/www.abesata.org\/br\/demanda-completa-um-ano-de-crescimento-consecutivo\/#breadcrumb\"},\"inLanguage\":\"pt-BR\",\"potentialAction\":[{\"@type\":\"ReadAction\",\"target\":[\"https:\/\/www.abesata.org\/br\/demanda-completa-um-ano-de-crescimento-consecutivo\/\"]}]},{\"@type\":\"ImageObject\",\"inLanguage\":\"pt-BR\",\"@id\":\"https:\/\/www.abesata.org\/br\/demanda-completa-um-ano-de-crescimento-consecutivo\/#primaryimage\",\"url\":\"https:\/\/www.abesata.org\/br\/wp-content\/uploads\/2014\/10\/29.png\",\"contentUrl\":\"https:\/\/www.abesata.org\/br\/wp-content\/uploads\/2014\/10\/29.png\",\"width\":1707,\"height\":560},{\"@type\":\"BreadcrumbList\",\"@id\":\"https:\/\/www.abesata.org\/br\/demanda-completa-um-ano-de-crescimento-consecutivo\/#breadcrumb\",\"itemListElement\":[{\"@type\":\"ListItem\",\"position\":1,\"name\":\"In\u00edcio\",\"item\":\"https:\/\/www.abesata.org\/br\/\"},{\"@type\":\"ListItem\",\"position\":2,\"name\":\"Demanda completa um ano de crescimento consecutivo\"}]},{\"@type\":\"WebSite\",\"@id\":\"https:\/\/www.abesata.org\/br\/#website\",\"url\":\"https:\/\/www.abesata.org\/br\/\",\"name\":\"Abesata\",\"description\":\"Associa\u00e7\u00e3o Brasileira das Empresas de Servi\u00e7os Auxiliares de Transporte A\u00e9reo\",\"publisher\":{\"@id\":\"https:\/\/www.abesata.org\/br\/#organization\"},\"potentialAction\":[{\"@type\":\"SearchAction\",\"target\":{\"@type\":\"EntryPoint\",\"urlTemplate\":\"https:\/\/www.abesata.org\/br\/?s={search_term_string}\"},\"query-input\":{\"@type\":\"PropertyValueSpecification\",\"valueRequired\":true,\"valueName\":\"search_term_string\"}}],\"inLanguage\":\"pt-BR\"},{\"@type\":\"Organization\",\"@id\":\"https:\/\/www.abesata.org\/br\/#organization\",\"name\":\"Associa\u00e7\u00e3o Brasileira das Empresas de Servi\u00e7os Auxiliares de Transporte A\u00e9reo\",\"alternateName\":\"Abesata\",\"url\":\"https:\/\/www.abesata.org\/br\/\",\"logo\":{\"@type\":\"ImageObject\",\"inLanguage\":\"pt-BR\",\"@id\":\"https:\/\/www.abesata.org\/br\/#\/schema\/logo\/image\/\",\"url\":\"https:\/\/www.abesata.org\/br\/wp-content\/uploads\/2023\/10\/Abesata.png\",\"contentUrl\":\"https:\/\/www.abesata.org\/br\/wp-content\/uploads\/2023\/10\/Abesata.png\",\"width\":1063,\"height\":591,\"caption\":\"Associa\u00e7\u00e3o Brasileira das Empresas de Servi\u00e7os Auxiliares de Transporte A\u00e9reo\"},\"image\":{\"@id\":\"https:\/\/www.abesata.org\/br\/#\/schema\/logo\/image\/\"},\"sameAs\":[\"https:\/\/www.facebook.com\/abesata.org\/\",\"https:\/\/www.instagram.com\/abesata_gh\/\",\"https:\/\/br.linkedin.com\/company\/abesata\"]},{\"@type\":\"Person\",\"@id\":\"https:\/\/www.abesata.org\/br\/#\/schema\/person\/1f1295145bee68e42ffe39157320456b\",\"name\":\"Ricardo\",\"image\":{\"@type\":\"ImageObject\",\"inLanguage\":\"pt-BR\",\"@id\":\"https:\/\/www.abesata.org\/br\/#\/schema\/person\/image\/\",\"url\":\"https:\/\/secure.gravatar.com\/avatar\/1d856797eb89513dee321f840c1a6bbcec15beb178c003e50adcf59323b3a8a9?s=96&d=mm&r=g\",\"contentUrl\":\"https:\/\/secure.gravatar.com\/avatar\/1d856797eb89513dee321f840c1a6bbcec15beb178c003e50adcf59323b3a8a9?s=96&d=mm&r=g\",\"caption\":\"Ricardo\"},\"url\":\"https:\/\/www.abesata.org\/br\/author\/ricardo-baroni\/\"}]}<\/script>\n<!-- \/ Yoast SEO plugin. -->","yoast_head_json":{"title":"Demanda completa um ano de crescimento consecutivo - Abesata","robots":{"index":"index","follow":"follow","max-snippet":"max-snippet:-1","max-image-preview":"max-image-preview:large","max-video-preview":"max-video-preview:-1"},"canonical":"https:\/\/www.abesata.org\/br\/demanda-completa-um-ano-de-crescimento-consecutivo\/","og_locale":"pt_BR","og_type":"article","og_title":"Demanda completa um ano de crescimento consecutivo - Abesata","og_description":"Oferta sobe ap\u00f3s sete meses de redu\u00e7\u00e3o Bras\u00edlia, 27 de outubro de 2014 \u2013 A demanda (em passageiros-quil\u00f4metros pagos transportados \u2013 RPK) por transporte a\u00e9reo dom\u00e9stico de passageiros cresceu 3,2% em setembro de 2014, em compara\u00e7\u00e3o com o mesmo per\u00edodo de 2013, completando 12 meses consecutivos de crescimento e atingindo o seu maior n\u00edvel para [&hellip;]","og_url":"https:\/\/www.abesata.org\/br\/demanda-completa-um-ano-de-crescimento-consecutivo\/","og_site_name":"Abesata","article_publisher":"https:\/\/www.facebook.com\/abesata.org\/","article_published_time":"2014-10-28T17:21:55+00:00","og_image":[{"width":1707,"height":560,"url":"https:\/\/www.abesata.org\/br\/wp-content\/uploads\/2014\/10\/29.png","type":"image\/png"}],"author":"Ricardo","twitter_card":"summary_large_image","twitter_misc":{"Escrito por":"Ricardo","Est. tempo de leitura":"4 minutos"},"schema":{"@context":"https:\/\/schema.org","@graph":[{"@type":"Article","@id":"https:\/\/www.abesata.org\/br\/demanda-completa-um-ano-de-crescimento-consecutivo\/#article","isPartOf":{"@id":"https:\/\/www.abesata.org\/br\/demanda-completa-um-ano-de-crescimento-consecutivo\/"},"author":{"name":"Ricardo","@id":"https:\/\/www.abesata.org\/br\/#\/schema\/person\/1f1295145bee68e42ffe39157320456b"},"headline":"Demanda completa um ano de crescimento consecutivo","datePublished":"2014-10-28T17:21:55+00:00","mainEntityOfPage":{"@id":"https:\/\/www.abesata.org\/br\/demanda-completa-um-ano-de-crescimento-consecutivo\/"},"wordCount":747,"publisher":{"@id":"https:\/\/www.abesata.org\/br\/#organization"},"image":{"@id":"https:\/\/www.abesata.org\/br\/demanda-completa-um-ano-de-crescimento-consecutivo\/#primaryimage"},"thumbnailUrl":"https:\/\/www.abesata.org\/br\/wp-content\/uploads\/2014\/10\/29.png","inLanguage":"pt-BR"},{"@type":"WebPage","@id":"https:\/\/www.abesata.org\/br\/demanda-completa-um-ano-de-crescimento-consecutivo\/","url":"https:\/\/www.abesata.org\/br\/demanda-completa-um-ano-de-crescimento-consecutivo\/","name":"Demanda completa um ano de crescimento consecutivo - Abesata","isPartOf":{"@id":"https:\/\/www.abesata.org\/br\/#website"},"primaryImageOfPage":{"@id":"https:\/\/www.abesata.org\/br\/demanda-completa-um-ano-de-crescimento-consecutivo\/#primaryimage"},"image":{"@id":"https:\/\/www.abesata.org\/br\/demanda-completa-um-ano-de-crescimento-consecutivo\/#primaryimage"},"thumbnailUrl":"https:\/\/www.abesata.org\/br\/wp-content\/uploads\/2014\/10\/29.png","datePublished":"2014-10-28T17:21:55+00:00","breadcrumb":{"@id":"https:\/\/www.abesata.org\/br\/demanda-completa-um-ano-de-crescimento-consecutivo\/#breadcrumb"},"inLanguage":"pt-BR","potentialAction":[{"@type":"ReadAction","target":["https:\/\/www.abesata.org\/br\/demanda-completa-um-ano-de-crescimento-consecutivo\/"]}]},{"@type":"ImageObject","inLanguage":"pt-BR","@id":"https:\/\/www.abesata.org\/br\/demanda-completa-um-ano-de-crescimento-consecutivo\/#primaryimage","url":"https:\/\/www.abesata.org\/br\/wp-content\/uploads\/2014\/10\/29.png","contentUrl":"https:\/\/www.abesata.org\/br\/wp-content\/uploads\/2014\/10\/29.png","width":1707,"height":560},{"@type":"BreadcrumbList","@id":"https:\/\/www.abesata.org\/br\/demanda-completa-um-ano-de-crescimento-consecutivo\/#breadcrumb","itemListElement":[{"@type":"ListItem","position":1,"name":"In\u00edcio","item":"https:\/\/www.abesata.org\/br\/"},{"@type":"ListItem","position":2,"name":"Demanda completa um ano de crescimento consecutivo"}]},{"@type":"WebSite","@id":"https:\/\/www.abesata.org\/br\/#website","url":"https:\/\/www.abesata.org\/br\/","name":"Abesata","description":"Associa\u00e7\u00e3o Brasileira das Empresas de Servi\u00e7os Auxiliares de Transporte A\u00e9reo","publisher":{"@id":"https:\/\/www.abesata.org\/br\/#organization"},"potentialAction":[{"@type":"SearchAction","target":{"@type":"EntryPoint","urlTemplate":"https:\/\/www.abesata.org\/br\/?s={search_term_string}"},"query-input":{"@type":"PropertyValueSpecification","valueRequired":true,"valueName":"search_term_string"}}],"inLanguage":"pt-BR"},{"@type":"Organization","@id":"https:\/\/www.abesata.org\/br\/#organization","name":"Associa\u00e7\u00e3o Brasileira das Empresas de Servi\u00e7os Auxiliares de Transporte A\u00e9reo","alternateName":"Abesata","url":"https:\/\/www.abesata.org\/br\/","logo":{"@type":"ImageObject","inLanguage":"pt-BR","@id":"https:\/\/www.abesata.org\/br\/#\/schema\/logo\/image\/","url":"https:\/\/www.abesata.org\/br\/wp-content\/uploads\/2023\/10\/Abesata.png","contentUrl":"https:\/\/www.abesata.org\/br\/wp-content\/uploads\/2023\/10\/Abesata.png","width":1063,"height":591,"caption":"Associa\u00e7\u00e3o Brasileira das Empresas de Servi\u00e7os Auxiliares de Transporte A\u00e9reo"},"image":{"@id":"https:\/\/www.abesata.org\/br\/#\/schema\/logo\/image\/"},"sameAs":["https:\/\/www.facebook.com\/abesata.org\/","https:\/\/www.instagram.com\/abesata_gh\/","https:\/\/br.linkedin.com\/company\/abesata"]},{"@type":"Person","@id":"https:\/\/www.abesata.org\/br\/#\/schema\/person\/1f1295145bee68e42ffe39157320456b","name":"Ricardo","image":{"@type":"ImageObject","inLanguage":"pt-BR","@id":"https:\/\/www.abesata.org\/br\/#\/schema\/person\/image\/","url":"https:\/\/secure.gravatar.com\/avatar\/1d856797eb89513dee321f840c1a6bbcec15beb178c003e50adcf59323b3a8a9?s=96&d=mm&r=g","contentUrl":"https:\/\/secure.gravatar.com\/avatar\/1d856797eb89513dee321f840c1a6bbcec15beb178c003e50adcf59323b3a8a9?s=96&d=mm&r=g","caption":"Ricardo"},"url":"https:\/\/www.abesata.org\/br\/author\/ricardo-baroni\/"}]}},"_links":{"self":[{"href":"https:\/\/www.abesata.org\/br\/wp-json\/wp\/v2\/posts\/1749","targetHints":{"allow":["GET"]}}],"collection":[{"href":"https:\/\/www.abesata.org\/br\/wp-json\/wp\/v2\/posts"}],"about":[{"href":"https:\/\/www.abesata.org\/br\/wp-json\/wp\/v2\/types\/post"}],"author":[{"embeddable":true,"href":"https:\/\/www.abesata.org\/br\/wp-json\/wp\/v2\/users\/18"}],"replies":[{"embeddable":true,"href":"https:\/\/www.abesata.org\/br\/wp-json\/wp\/v2\/comments?post=1749"}],"version-history":[{"count":0,"href":"https:\/\/www.abesata.org\/br\/wp-json\/wp\/v2\/posts\/1749\/revisions"}],"wp:featuredmedia":[{"embeddable":true,"href":"https:\/\/www.abesata.org\/br\/wp-json\/wp\/v2\/media\/1701"}],"wp:attachment":[{"href":"https:\/\/www.abesata.org\/br\/wp-json\/wp\/v2\/media?parent=1749"}],"wp:term":[{"taxonomy":"category","embeddable":true,"href":"https:\/\/www.abesata.org\/br\/wp-json\/wp\/v2\/categories?post=1749"},{"taxonomy":"post_tag","embeddable":true,"href":"https:\/\/www.abesata.org\/br\/wp-json\/wp\/v2\/tags?post=1749"}],"curies":[{"name":"wp","href":"https:\/\/api.w.org\/{rel}","templated":true}]}}