{"id":1759,"date":"2014-10-29T16:01:11","date_gmt":"2014-10-29T18:01:11","guid":{"rendered":"http:\/\/www.abesata.org\/?p=1759"},"modified":"2014-10-29T16:01:11","modified_gmt":"2014-10-29T18:01:11","slug":"iata-perspectiva-avermelhada-para-os-embarques-globais-de-carga-aerea","status":"publish","type":"post","link":"https:\/\/www.abesata.org\/br\/iata-perspectiva-avermelhada-para-os-embarques-globais-de-carga-aerea\/","title":{"rendered":"IATA: perspectiva avermelhada para os embarques globais de carga a\u00e9rea"},"content":{"rendered":"<p>In its newly released forecast, the International Air Transport Association (IATA) saidinternational freight volumes were expected to increase at a compound annual growth rate of 4.1% between 2014 and 2018.<\/p>\n<p><img fetchpriority=\"high\" decoding=\"async\" class=\"aligncenter size-full wp-image-1760\" style=\"line-height: 18px;\" alt=\"freighttraffic.544e602581360\" src=\"https:\/\/www.abesata.org\/br\/wp-content\/uploads\/2014\/10\/freighttraffic.544e602581360.jpg\" width=\"640\" height=\"360\" srcset=\"https:\/\/www.abesata.org\/br\/wp-content\/uploads\/2014\/10\/freighttraffic.544e602581360.jpg 640w, https:\/\/www.abesata.org\/br\/wp-content\/uploads\/2014\/10\/freighttraffic.544e602581360-300x168.jpg 300w, https:\/\/www.abesata.org\/br\/wp-content\/uploads\/2014\/10\/freighttraffic.544e602581360-250x140.jpg 250w, https:\/\/www.abesata.org\/br\/wp-content\/uploads\/2014\/10\/freighttraffic.544e602581360-150x84.jpg 150w\" sizes=\"(max-width: 640px) 100vw, 640px\" \/><\/p>\n<p><span style=\"font-size: 12px; line-height: 18px;\">\u00a0<\/span><\/p>\n<p>That would be a marked improvement over recent years. Since 2011, growth in freight tonnes has averaged just 0.63% per year.<\/p>\n<p>This year, more than US$6.8 trillion worth of goods, equal to 35% of total global trade by value, will be transported worldwide by air.<\/p>\n<p>Despite the positive outlook, IATA director-general Tony Tyler has warned of the overall risk to the economic outlook, and therefore the outlook for air freight remains towards the downside.<\/p>\n<p>Trade protectionism is a constant danger. The World Trade Organization said that between November 2013 and May 2014 alone, 112 new trade-restrictive measures were enacted by G20 governments.<\/p>\n<p>&#8220;Geopolitical concerns, volatile oil prices and competition from rail and sea could also affect the forecast. The air cargo industry certainly cannot afford to be complacent,&#8221; said Mr Tyler.<\/p>\n<p>To enhance air cargo competitiveness, the industry plans to cut average transit times by up to 48 hours by 2020.<\/p>\n<p>Emerging economies, particularly in the Middle East and Africa, will be the fastest-growing markets for air freight movements, said the global industry body, which represents 230 international airlines.<\/p>\n<p>The US, UAE and China will each add more than 1 million additional tonnes of freight by 2018 compared with today, with the UAE replacing Germany as the third-largest market.<\/p>\n<p>The fastest-growing international routes will be between the Middle East and the rest of Asia, with growth of 6.2% per year.<\/p>\n<p>Significant volume imbalances will continue. The imbalance in flows from Asia to North America is estimated to hit 1.1 million tonnes by 2018, while from Asia to the Middle East the imbalance will be 600,000 tonnes.<\/p>\n<p style=\"text-align: right;\">Fonte: AviationPros<br \/>\n27\/10\/2014<br \/>\nFoto:\u00a0Victoria Air\/divulga\u00e7\u00e3o<\/p>\n","protected":false},"excerpt":{"rendered":"<p>In its newly released forecast, the International Air Transport Association (IATA) saidinternational freight volumes were expected to increase at a compound annual growth rate of 4.1% between 2014 and 2018. \u00a0 That would be a marked improvement over recent years. Since 2011, growth in freight tonnes has averaged just 0.63% per year. This year, more [&hellip;]<\/p>\n","protected":false},"author":18,"featured_media":1769,"comment_status":"closed","ping_status":"closed","sticky":false,"template":"","format":"standard","meta":{"footnotes":""},"categories":[],"tags":[],"class_list":["post-1759","post","type-post","status-publish","format-standard","has-post-thumbnail","hentry"],"yoast_head":"<!-- This site is optimized with the Yoast SEO plugin v26.5 - https:\/\/yoast.com\/wordpress\/plugins\/seo\/ -->\n<title>IATA: perspectiva avermelhada para os embarques globais de carga a\u00e9rea - Abesata<\/title>\n<meta name=\"robots\" content=\"index, follow, max-snippet:-1, max-image-preview:large, max-video-preview:-1\" \/>\n<link rel=\"canonical\" href=\"https:\/\/www.abesata.org\/br\/iata-perspectiva-avermelhada-para-os-embarques-globais-de-carga-aerea\/\" \/>\n<meta property=\"og:locale\" content=\"pt_BR\" \/>\n<meta property=\"og:type\" content=\"article\" \/>\n<meta property=\"og:title\" content=\"IATA: perspectiva avermelhada para os embarques globais de carga a\u00e9rea - Abesata\" \/>\n<meta property=\"og:description\" content=\"In its newly released forecast, the International Air Transport Association (IATA) saidinternational freight volumes were expected to increase at a compound annual growth rate of 4.1% between 2014 and 2018. \u00a0 That would be a marked improvement over recent years. Since 2011, growth in freight tonnes has averaged just 0.63% per year. This year, more [&hellip;]\" \/>\n<meta property=\"og:url\" content=\"https:\/\/www.abesata.org\/br\/iata-perspectiva-avermelhada-para-os-embarques-globais-de-carga-aerea\/\" \/>\n<meta property=\"og:site_name\" content=\"Abesata\" \/>\n<meta property=\"article:publisher\" content=\"https:\/\/www.facebook.com\/abesata.org\/\" \/>\n<meta property=\"article:published_time\" content=\"2014-10-29T18:01:11+00:00\" \/>\n<meta property=\"og:image\" content=\"https:\/\/www.abesata.org\/br\/wp-content\/uploads\/2014\/10\/37-1024x338.png\" \/>\n\t<meta property=\"og:image:width\" content=\"1024\" \/>\n\t<meta property=\"og:image:height\" content=\"338\" \/>\n\t<meta property=\"og:image:type\" content=\"image\/png\" \/>\n<meta name=\"author\" content=\"Ricardo\" \/>\n<meta name=\"twitter:card\" content=\"summary_large_image\" \/>\n<meta name=\"twitter:label1\" content=\"Escrito por\" \/>\n\t<meta name=\"twitter:data1\" content=\"Ricardo\" \/>\n\t<meta name=\"twitter:label2\" content=\"Est. tempo de leitura\" \/>\n\t<meta name=\"twitter:data2\" content=\"1 minuto\" \/>\n<script type=\"application\/ld+json\" class=\"yoast-schema-graph\">{\"@context\":\"https:\/\/schema.org\",\"@graph\":[{\"@type\":\"Article\",\"@id\":\"https:\/\/www.abesata.org\/br\/iata-perspectiva-avermelhada-para-os-embarques-globais-de-carga-aerea\/#article\",\"isPartOf\":{\"@id\":\"https:\/\/www.abesata.org\/br\/iata-perspectiva-avermelhada-para-os-embarques-globais-de-carga-aerea\/\"},\"author\":{\"name\":\"Ricardo\",\"@id\":\"https:\/\/www.abesata.org\/br\/#\/schema\/person\/1f1295145bee68e42ffe39157320456b\"},\"headline\":\"IATA: perspectiva avermelhada para os embarques globais de carga a\u00e9rea\",\"datePublished\":\"2014-10-29T18:01:11+00:00\",\"mainEntityOfPage\":{\"@id\":\"https:\/\/www.abesata.org\/br\/iata-perspectiva-avermelhada-para-os-embarques-globais-de-carga-aerea\/\"},\"wordCount\":296,\"publisher\":{\"@id\":\"https:\/\/www.abesata.org\/br\/#organization\"},\"image\":{\"@id\":\"https:\/\/www.abesata.org\/br\/iata-perspectiva-avermelhada-para-os-embarques-globais-de-carga-aerea\/#primaryimage\"},\"thumbnailUrl\":\"https:\/\/www.abesata.org\/br\/wp-content\/uploads\/2014\/10\/37.png\",\"inLanguage\":\"pt-BR\"},{\"@type\":\"WebPage\",\"@id\":\"https:\/\/www.abesata.org\/br\/iata-perspectiva-avermelhada-para-os-embarques-globais-de-carga-aerea\/\",\"url\":\"https:\/\/www.abesata.org\/br\/iata-perspectiva-avermelhada-para-os-embarques-globais-de-carga-aerea\/\",\"name\":\"IATA: perspectiva avermelhada para os embarques globais de carga a\u00e9rea - Abesata\",\"isPartOf\":{\"@id\":\"https:\/\/www.abesata.org\/br\/#website\"},\"primaryImageOfPage\":{\"@id\":\"https:\/\/www.abesata.org\/br\/iata-perspectiva-avermelhada-para-os-embarques-globais-de-carga-aerea\/#primaryimage\"},\"image\":{\"@id\":\"https:\/\/www.abesata.org\/br\/iata-perspectiva-avermelhada-para-os-embarques-globais-de-carga-aerea\/#primaryimage\"},\"thumbnailUrl\":\"https:\/\/www.abesata.org\/br\/wp-content\/uploads\/2014\/10\/37.png\",\"datePublished\":\"2014-10-29T18:01:11+00:00\",\"breadcrumb\":{\"@id\":\"https:\/\/www.abesata.org\/br\/iata-perspectiva-avermelhada-para-os-embarques-globais-de-carga-aerea\/#breadcrumb\"},\"inLanguage\":\"pt-BR\",\"potentialAction\":[{\"@type\":\"ReadAction\",\"target\":[\"https:\/\/www.abesata.org\/br\/iata-perspectiva-avermelhada-para-os-embarques-globais-de-carga-aerea\/\"]}]},{\"@type\":\"ImageObject\",\"inLanguage\":\"pt-BR\",\"@id\":\"https:\/\/www.abesata.org\/br\/iata-perspectiva-avermelhada-para-os-embarques-globais-de-carga-aerea\/#primaryimage\",\"url\":\"https:\/\/www.abesata.org\/br\/wp-content\/uploads\/2014\/10\/37.png\",\"contentUrl\":\"https:\/\/www.abesata.org\/br\/wp-content\/uploads\/2014\/10\/37.png\",\"width\":4100,\"height\":1354},{\"@type\":\"BreadcrumbList\",\"@id\":\"https:\/\/www.abesata.org\/br\/iata-perspectiva-avermelhada-para-os-embarques-globais-de-carga-aerea\/#breadcrumb\",\"itemListElement\":[{\"@type\":\"ListItem\",\"position\":1,\"name\":\"In\u00edcio\",\"item\":\"https:\/\/www.abesata.org\/br\/\"},{\"@type\":\"ListItem\",\"position\":2,\"name\":\"IATA: perspectiva avermelhada para os embarques globais de carga a\u00e9rea\"}]},{\"@type\":\"WebSite\",\"@id\":\"https:\/\/www.abesata.org\/br\/#website\",\"url\":\"https:\/\/www.abesata.org\/br\/\",\"name\":\"Abesata\",\"description\":\"Associa\u00e7\u00e3o Brasileira das Empresas de Servi\u00e7os Auxiliares de Transporte A\u00e9reo\",\"publisher\":{\"@id\":\"https:\/\/www.abesata.org\/br\/#organization\"},\"potentialAction\":[{\"@type\":\"SearchAction\",\"target\":{\"@type\":\"EntryPoint\",\"urlTemplate\":\"https:\/\/www.abesata.org\/br\/?s={search_term_string}\"},\"query-input\":{\"@type\":\"PropertyValueSpecification\",\"valueRequired\":true,\"valueName\":\"search_term_string\"}}],\"inLanguage\":\"pt-BR\"},{\"@type\":\"Organization\",\"@id\":\"https:\/\/www.abesata.org\/br\/#organization\",\"name\":\"Associa\u00e7\u00e3o Brasileira das Empresas de Servi\u00e7os Auxiliares de Transporte A\u00e9reo\",\"alternateName\":\"Abesata\",\"url\":\"https:\/\/www.abesata.org\/br\/\",\"logo\":{\"@type\":\"ImageObject\",\"inLanguage\":\"pt-BR\",\"@id\":\"https:\/\/www.abesata.org\/br\/#\/schema\/logo\/image\/\",\"url\":\"https:\/\/www.abesata.org\/br\/wp-content\/uploads\/2023\/10\/Abesata.png\",\"contentUrl\":\"https:\/\/www.abesata.org\/br\/wp-content\/uploads\/2023\/10\/Abesata.png\",\"width\":1063,\"height\":591,\"caption\":\"Associa\u00e7\u00e3o Brasileira das Empresas de Servi\u00e7os Auxiliares de Transporte A\u00e9reo\"},\"image\":{\"@id\":\"https:\/\/www.abesata.org\/br\/#\/schema\/logo\/image\/\"},\"sameAs\":[\"https:\/\/www.facebook.com\/abesata.org\/\",\"https:\/\/www.instagram.com\/abesata_gh\/\",\"https:\/\/br.linkedin.com\/company\/abesata\"]},{\"@type\":\"Person\",\"@id\":\"https:\/\/www.abesata.org\/br\/#\/schema\/person\/1f1295145bee68e42ffe39157320456b\",\"name\":\"Ricardo\",\"image\":{\"@type\":\"ImageObject\",\"inLanguage\":\"pt-BR\",\"@id\":\"https:\/\/www.abesata.org\/br\/#\/schema\/person\/image\/\",\"url\":\"https:\/\/secure.gravatar.com\/avatar\/1d856797eb89513dee321f840c1a6bbcec15beb178c003e50adcf59323b3a8a9?s=96&d=mm&r=g\",\"contentUrl\":\"https:\/\/secure.gravatar.com\/avatar\/1d856797eb89513dee321f840c1a6bbcec15beb178c003e50adcf59323b3a8a9?s=96&d=mm&r=g\",\"caption\":\"Ricardo\"},\"url\":\"https:\/\/www.abesata.org\/br\/author\/ricardo-baroni\/\"}]}<\/script>\n<!-- \/ Yoast SEO plugin. -->","yoast_head_json":{"title":"IATA: perspectiva avermelhada para os embarques globais de carga a\u00e9rea - Abesata","robots":{"index":"index","follow":"follow","max-snippet":"max-snippet:-1","max-image-preview":"max-image-preview:large","max-video-preview":"max-video-preview:-1"},"canonical":"https:\/\/www.abesata.org\/br\/iata-perspectiva-avermelhada-para-os-embarques-globais-de-carga-aerea\/","og_locale":"pt_BR","og_type":"article","og_title":"IATA: perspectiva avermelhada para os embarques globais de carga a\u00e9rea - Abesata","og_description":"In its newly released forecast, the International Air Transport Association (IATA) saidinternational freight volumes were expected to increase at a compound annual growth rate of 4.1% between 2014 and 2018. \u00a0 That would be a marked improvement over recent years. Since 2011, growth in freight tonnes has averaged just 0.63% per year. This year, more [&hellip;]","og_url":"https:\/\/www.abesata.org\/br\/iata-perspectiva-avermelhada-para-os-embarques-globais-de-carga-aerea\/","og_site_name":"Abesata","article_publisher":"https:\/\/www.facebook.com\/abesata.org\/","article_published_time":"2014-10-29T18:01:11+00:00","og_image":[{"width":1024,"height":338,"url":"https:\/\/www.abesata.org\/br\/wp-content\/uploads\/2014\/10\/37-1024x338.png","type":"image\/png"}],"author":"Ricardo","twitter_card":"summary_large_image","twitter_misc":{"Escrito por":"Ricardo","Est. tempo de leitura":"1 minuto"},"schema":{"@context":"https:\/\/schema.org","@graph":[{"@type":"Article","@id":"https:\/\/www.abesata.org\/br\/iata-perspectiva-avermelhada-para-os-embarques-globais-de-carga-aerea\/#article","isPartOf":{"@id":"https:\/\/www.abesata.org\/br\/iata-perspectiva-avermelhada-para-os-embarques-globais-de-carga-aerea\/"},"author":{"name":"Ricardo","@id":"https:\/\/www.abesata.org\/br\/#\/schema\/person\/1f1295145bee68e42ffe39157320456b"},"headline":"IATA: perspectiva avermelhada para os embarques globais de carga a\u00e9rea","datePublished":"2014-10-29T18:01:11+00:00","mainEntityOfPage":{"@id":"https:\/\/www.abesata.org\/br\/iata-perspectiva-avermelhada-para-os-embarques-globais-de-carga-aerea\/"},"wordCount":296,"publisher":{"@id":"https:\/\/www.abesata.org\/br\/#organization"},"image":{"@id":"https:\/\/www.abesata.org\/br\/iata-perspectiva-avermelhada-para-os-embarques-globais-de-carga-aerea\/#primaryimage"},"thumbnailUrl":"https:\/\/www.abesata.org\/br\/wp-content\/uploads\/2014\/10\/37.png","inLanguage":"pt-BR"},{"@type":"WebPage","@id":"https:\/\/www.abesata.org\/br\/iata-perspectiva-avermelhada-para-os-embarques-globais-de-carga-aerea\/","url":"https:\/\/www.abesata.org\/br\/iata-perspectiva-avermelhada-para-os-embarques-globais-de-carga-aerea\/","name":"IATA: perspectiva avermelhada para os embarques globais de carga a\u00e9rea - Abesata","isPartOf":{"@id":"https:\/\/www.abesata.org\/br\/#website"},"primaryImageOfPage":{"@id":"https:\/\/www.abesata.org\/br\/iata-perspectiva-avermelhada-para-os-embarques-globais-de-carga-aerea\/#primaryimage"},"image":{"@id":"https:\/\/www.abesata.org\/br\/iata-perspectiva-avermelhada-para-os-embarques-globais-de-carga-aerea\/#primaryimage"},"thumbnailUrl":"https:\/\/www.abesata.org\/br\/wp-content\/uploads\/2014\/10\/37.png","datePublished":"2014-10-29T18:01:11+00:00","breadcrumb":{"@id":"https:\/\/www.abesata.org\/br\/iata-perspectiva-avermelhada-para-os-embarques-globais-de-carga-aerea\/#breadcrumb"},"inLanguage":"pt-BR","potentialAction":[{"@type":"ReadAction","target":["https:\/\/www.abesata.org\/br\/iata-perspectiva-avermelhada-para-os-embarques-globais-de-carga-aerea\/"]}]},{"@type":"ImageObject","inLanguage":"pt-BR","@id":"https:\/\/www.abesata.org\/br\/iata-perspectiva-avermelhada-para-os-embarques-globais-de-carga-aerea\/#primaryimage","url":"https:\/\/www.abesata.org\/br\/wp-content\/uploads\/2014\/10\/37.png","contentUrl":"https:\/\/www.abesata.org\/br\/wp-content\/uploads\/2014\/10\/37.png","width":4100,"height":1354},{"@type":"BreadcrumbList","@id":"https:\/\/www.abesata.org\/br\/iata-perspectiva-avermelhada-para-os-embarques-globais-de-carga-aerea\/#breadcrumb","itemListElement":[{"@type":"ListItem","position":1,"name":"In\u00edcio","item":"https:\/\/www.abesata.org\/br\/"},{"@type":"ListItem","position":2,"name":"IATA: perspectiva avermelhada para os embarques globais de carga a\u00e9rea"}]},{"@type":"WebSite","@id":"https:\/\/www.abesata.org\/br\/#website","url":"https:\/\/www.abesata.org\/br\/","name":"Abesata","description":"Associa\u00e7\u00e3o Brasileira das Empresas de Servi\u00e7os Auxiliares de Transporte A\u00e9reo","publisher":{"@id":"https:\/\/www.abesata.org\/br\/#organization"},"potentialAction":[{"@type":"SearchAction","target":{"@type":"EntryPoint","urlTemplate":"https:\/\/www.abesata.org\/br\/?s={search_term_string}"},"query-input":{"@type":"PropertyValueSpecification","valueRequired":true,"valueName":"search_term_string"}}],"inLanguage":"pt-BR"},{"@type":"Organization","@id":"https:\/\/www.abesata.org\/br\/#organization","name":"Associa\u00e7\u00e3o Brasileira das Empresas de Servi\u00e7os Auxiliares de Transporte A\u00e9reo","alternateName":"Abesata","url":"https:\/\/www.abesata.org\/br\/","logo":{"@type":"ImageObject","inLanguage":"pt-BR","@id":"https:\/\/www.abesata.org\/br\/#\/schema\/logo\/image\/","url":"https:\/\/www.abesata.org\/br\/wp-content\/uploads\/2023\/10\/Abesata.png","contentUrl":"https:\/\/www.abesata.org\/br\/wp-content\/uploads\/2023\/10\/Abesata.png","width":1063,"height":591,"caption":"Associa\u00e7\u00e3o Brasileira das Empresas de Servi\u00e7os Auxiliares de Transporte A\u00e9reo"},"image":{"@id":"https:\/\/www.abesata.org\/br\/#\/schema\/logo\/image\/"},"sameAs":["https:\/\/www.facebook.com\/abesata.org\/","https:\/\/www.instagram.com\/abesata_gh\/","https:\/\/br.linkedin.com\/company\/abesata"]},{"@type":"Person","@id":"https:\/\/www.abesata.org\/br\/#\/schema\/person\/1f1295145bee68e42ffe39157320456b","name":"Ricardo","image":{"@type":"ImageObject","inLanguage":"pt-BR","@id":"https:\/\/www.abesata.org\/br\/#\/schema\/person\/image\/","url":"https:\/\/secure.gravatar.com\/avatar\/1d856797eb89513dee321f840c1a6bbcec15beb178c003e50adcf59323b3a8a9?s=96&d=mm&r=g","contentUrl":"https:\/\/secure.gravatar.com\/avatar\/1d856797eb89513dee321f840c1a6bbcec15beb178c003e50adcf59323b3a8a9?s=96&d=mm&r=g","caption":"Ricardo"},"url":"https:\/\/www.abesata.org\/br\/author\/ricardo-baroni\/"}]}},"_links":{"self":[{"href":"https:\/\/www.abesata.org\/br\/wp-json\/wp\/v2\/posts\/1759","targetHints":{"allow":["GET"]}}],"collection":[{"href":"https:\/\/www.abesata.org\/br\/wp-json\/wp\/v2\/posts"}],"about":[{"href":"https:\/\/www.abesata.org\/br\/wp-json\/wp\/v2\/types\/post"}],"author":[{"embeddable":true,"href":"https:\/\/www.abesata.org\/br\/wp-json\/wp\/v2\/users\/18"}],"replies":[{"embeddable":true,"href":"https:\/\/www.abesata.org\/br\/wp-json\/wp\/v2\/comments?post=1759"}],"version-history":[{"count":0,"href":"https:\/\/www.abesata.org\/br\/wp-json\/wp\/v2\/posts\/1759\/revisions"}],"wp:featuredmedia":[{"embeddable":true,"href":"https:\/\/www.abesata.org\/br\/wp-json\/wp\/v2\/media\/1769"}],"wp:attachment":[{"href":"https:\/\/www.abesata.org\/br\/wp-json\/wp\/v2\/media?parent=1759"}],"wp:term":[{"taxonomy":"category","embeddable":true,"href":"https:\/\/www.abesata.org\/br\/wp-json\/wp\/v2\/categories?post=1759"},{"taxonomy":"post_tag","embeddable":true,"href":"https:\/\/www.abesata.org\/br\/wp-json\/wp\/v2\/tags?post=1759"}],"curies":[{"name":"wp","href":"https:\/\/api.w.org\/{rel}","templated":true}]}}