{"id":1771,"date":"2014-10-29T18:37:22","date_gmt":"2014-10-29T20:37:22","guid":{"rendered":"http:\/\/www.abesata.org\/?p=1771"},"modified":"2014-10-29T18:38:01","modified_gmt":"2014-10-29T20:38:01","slug":"para-avancar-em-infraestrutura-governo-deve-agora-apostar-em-ppps","status":"publish","type":"post","link":"https:\/\/www.abesata.org\/br\/para-avancar-em-infraestrutura-governo-deve-agora-apostar-em-ppps\/","title":{"rendered":"Para avan\u00e7ar em infraestrutura, governo deve agora apostar em PPPs"},"content":{"rendered":"<p><em>Plano \u00e9 tirar do papel as parcerias p\u00fablico-privadas, nas quais a renda da concession\u00e1ria \u00e9 complementada pelo governo<\/em><\/p>\n<p>O governo deve continuar a buscar o setor privado para obras de infraestrutura no segundo mandato de Dilma Rousseff, com novas concess\u00f5es de aeroportos e rodovias, concretiza\u00e7\u00e3o do programa de ferrovias e portos e um elemento novo: a aposta nas Parcerias P\u00fablico-Privadas (PPPs). O governo deve fazer pequenos ajustes nas propostas, mas sem alterar a rota dos programas, considerados bem-sucedidos.<\/p>\n<p>H\u00e1 estudos para entregar novos aeroportos a concession\u00e1rios, como ocorreu com Guarulhos (SP), Viracopos (SP), Bras\u00edlia (DF), Gale\u00e3o (RJ) e Confins (MG). S\u00e3o cotados os aeroportos de Salvador, Recife, Vit\u00f3ria e Porto Alegre.<\/p>\n<p>Mesmo concretizadas \u00e0 custa de financiamentos subsidiados pelo BNDES, e de uma pol\u00eamica sociedade com a Infraero, essas concess\u00f5es s\u00e3o consideradas um sucesso pelo governo. Al\u00e9m disso, a conclus\u00e3o de novos terminais modernos fez surgir a press\u00e3o de pol\u00edticos pela inclus\u00e3o de suas bases no programa.<\/p>\n<p>As PPPs tamb\u00e9m devem entrar definitivamente na agenda federal. Criadas h\u00e1 dez anos e praticamente sem sair do papel, as parcerias funcionam como um tipo de concess\u00e3o no qual o Estado complementa a renda do concession\u00e1rio. Em muitos casos, como em rodovias e at\u00e9 ferrovias, por exemplo, as PPPs devem ser a solu\u00e7\u00e3o para prosseguir com os investimentos privados.<\/p>\n<p>H\u00e1, no governo, a avalia\u00e7\u00e3o de que n\u00e3o restam muitos trechos rent\u00e1veis o suficiente para despertar o interesse por uma concess\u00e3o simples, como foi at\u00e9 agora. Por isso, o plano \u00e9 conceder trechos menos lucrativos, com uma ajuda dos cofres federais. \u201cO governo, com as concess\u00f5es feitas, est\u00e1 entregando mais de 15% de suas rodovias pavimentadas no Pa\u00eds. N\u00e3o sobra muita coisa para aplicar no mesmo modelo. Por isso, a PPP pode ser uma boa op\u00e7\u00e3o para seguir adiante\u201d, diz o coordenador de infraestrutura econ\u00f4mica do Ipea, Carlos Campos.<\/p>\n<p>S\u00e3o candidatas a esses financiamentos rodovias como a BR-262, no Esp\u00edrito Santo e Minas Gerais, que o governo j\u00e1 tentou leiloar, sem sucesso. Outra op\u00e7\u00e3o \u00e9 a BR-101 na Bahia, que chegou a figurar no Programa de Investimentos em Log\u00edstica (PIL), mas que foi retirada por exigir investimentos muito elevados.<\/p>\n<p>Tal como nas concess\u00f5es, o governo deve exigir que os trechos concedidos sejam duplicados em cinco anos. E que haja um m\u00ednimo de obras j\u00e1 realizadas antes do in\u00edcio da cobran\u00e7a de tarifas de ped\u00e1gio.<\/p>\n<p>Outra ideia em an\u00e1lise \u00e9 conceder rodovias constru\u00eddas com recursos do governo. Nesse caso, as empresas fariam os trabalhos de restaura\u00e7\u00e3o e manuten\u00e7\u00e3o.<\/p>\n<p>Ferrovias. O governo tamb\u00e9m quer tirar do papel o programa de concess\u00e3o de ferrovias. H\u00e1 seis trechos em estudos pelo setor privado a serem concedidos a partir de 2015. S\u00e3o rotas para escoamento da produ\u00e7\u00e3o de gr\u00e3os do Pa\u00eds.<\/p>\n<p>Est\u00e1 pronta para ir a leil\u00e3o a liga\u00e7\u00e3o entre Lucas do Rio Verde (MT) e Campinorte (GO). At\u00e9 agora, esse trecho n\u00e3o foi oferecido ao mercado porque o governo temia um leil\u00e3o fracassado. Isso porque as construtoras desconfiam que o valor do investimento previsto no trecho est\u00e1 subestimado. O governo argumenta que a conta se sustenta e que as empresas incluem os ganhos que ter\u00e3o como operadores da linha f\u00e9rrea.<\/p>\n<p>\u201cO Estado brasileiro est\u00e1 sem capacidade de investimento. A capacidade de gest\u00e3o do setor privado \u00e9 muito maior que a do setor p\u00fablico. Basta vermos o que est\u00e1 ocorrendo com os aeroportos. Por isso, n\u00e3o temos d\u00favida de que as concess\u00f5es e as PPS n\u00e3o s\u00e3o apenas uma alternativa, mas sim o \u00fanico caminho para avan\u00e7ar\u201d, diz Jos\u00e9 Carlos Martins, presidente da C\u00e2mara Brasileira da Ind\u00fastria da Constru\u00e7\u00e3o (Cbic).<\/p>\n<p style=\"text-align: right;\">Fonte: Estad\u00e3o<br \/>\n29\/11\/2014<br \/>\nFoto: Estad\u00e3o<\/p>\n","protected":false},"excerpt":{"rendered":"<p>Plano \u00e9 tirar do papel as parcerias p\u00fablico-privadas, nas quais a renda da concession\u00e1ria \u00e9 complementada pelo governo O governo deve continuar a buscar o setor privado para obras de infraestrutura no segundo mandato de Dilma Rousseff, com novas concess\u00f5es de aeroportos e rodovias, concretiza\u00e7\u00e3o do programa de ferrovias e portos e um elemento novo: [&hellip;]<\/p>\n","protected":false},"author":18,"featured_media":1772,"comment_status":"closed","ping_status":"closed","sticky":false,"template":"","format":"standard","meta":{"footnotes":""},"categories":[],"tags":[],"class_list":["post-1771","post","type-post","status-publish","format-standard","has-post-thumbnail","hentry"],"yoast_head":"<!-- This site is optimized with the Yoast SEO plugin v26.5 - https:\/\/yoast.com\/wordpress\/plugins\/seo\/ -->\n<title>Para avan\u00e7ar em infraestrutura, governo deve agora apostar em PPPs - Abesata<\/title>\n<meta name=\"robots\" content=\"index, follow, max-snippet:-1, max-image-preview:large, max-video-preview:-1\" \/>\n<link rel=\"canonical\" href=\"https:\/\/www.abesata.org\/br\/para-avancar-em-infraestrutura-governo-deve-agora-apostar-em-ppps\/\" \/>\n<meta property=\"og:locale\" content=\"pt_BR\" \/>\n<meta property=\"og:type\" content=\"article\" \/>\n<meta property=\"og:title\" content=\"Para avan\u00e7ar em infraestrutura, governo deve agora apostar em PPPs - Abesata\" \/>\n<meta property=\"og:description\" content=\"Plano \u00e9 tirar do papel as parcerias p\u00fablico-privadas, nas quais a renda da concession\u00e1ria \u00e9 complementada pelo governo O governo deve continuar a buscar o setor privado para obras de infraestrutura no segundo mandato de Dilma Rousseff, com novas concess\u00f5es de aeroportos e rodovias, concretiza\u00e7\u00e3o do programa de ferrovias e portos e um elemento novo: [&hellip;]\" \/>\n<meta property=\"og:url\" content=\"https:\/\/www.abesata.org\/br\/para-avancar-em-infraestrutura-governo-deve-agora-apostar-em-ppps\/\" \/>\n<meta property=\"og:site_name\" content=\"Abesata\" \/>\n<meta property=\"article:publisher\" content=\"https:\/\/www.facebook.com\/abesata.org\/\" \/>\n<meta property=\"article:published_time\" content=\"2014-10-29T20:37:22+00:00\" \/>\n<meta property=\"article:modified_time\" content=\"2014-10-29T20:38:01+00:00\" \/>\n<meta property=\"og:image\" content=\"https:\/\/www.abesata.org\/br\/wp-content\/uploads\/2014\/10\/38.png\" \/>\n\t<meta property=\"og:image:width\" content=\"1707\" \/>\n\t<meta property=\"og:image:height\" content=\"560\" \/>\n\t<meta property=\"og:image:type\" content=\"image\/png\" \/>\n<meta name=\"author\" content=\"Ricardo\" \/>\n<meta name=\"twitter:card\" content=\"summary_large_image\" \/>\n<meta name=\"twitter:label1\" content=\"Escrito por\" \/>\n\t<meta name=\"twitter:data1\" content=\"Ricardo\" \/>\n\t<meta name=\"twitter:label2\" content=\"Est. tempo de leitura\" \/>\n\t<meta name=\"twitter:data2\" content=\"3 minutos\" \/>\n<script type=\"application\/ld+json\" class=\"yoast-schema-graph\">{\"@context\":\"https:\/\/schema.org\",\"@graph\":[{\"@type\":\"Article\",\"@id\":\"https:\/\/www.abesata.org\/br\/para-avancar-em-infraestrutura-governo-deve-agora-apostar-em-ppps\/#article\",\"isPartOf\":{\"@id\":\"https:\/\/www.abesata.org\/br\/para-avancar-em-infraestrutura-governo-deve-agora-apostar-em-ppps\/\"},\"author\":{\"name\":\"Ricardo\",\"@id\":\"https:\/\/www.abesata.org\/br\/#\/schema\/person\/1f1295145bee68e42ffe39157320456b\"},\"headline\":\"Para avan\u00e7ar em infraestrutura, governo deve agora apostar em PPPs\",\"datePublished\":\"2014-10-29T20:37:22+00:00\",\"dateModified\":\"2014-10-29T20:38:01+00:00\",\"mainEntityOfPage\":{\"@id\":\"https:\/\/www.abesata.org\/br\/para-avancar-em-infraestrutura-governo-deve-agora-apostar-em-ppps\/\"},\"wordCount\":666,\"publisher\":{\"@id\":\"https:\/\/www.abesata.org\/br\/#organization\"},\"image\":{\"@id\":\"https:\/\/www.abesata.org\/br\/para-avancar-em-infraestrutura-governo-deve-agora-apostar-em-ppps\/#primaryimage\"},\"thumbnailUrl\":\"https:\/\/www.abesata.org\/br\/wp-content\/uploads\/2014\/10\/38.png\",\"inLanguage\":\"pt-BR\"},{\"@type\":\"WebPage\",\"@id\":\"https:\/\/www.abesata.org\/br\/para-avancar-em-infraestrutura-governo-deve-agora-apostar-em-ppps\/\",\"url\":\"https:\/\/www.abesata.org\/br\/para-avancar-em-infraestrutura-governo-deve-agora-apostar-em-ppps\/\",\"name\":\"Para avan\u00e7ar em infraestrutura, governo deve agora apostar em PPPs - Abesata\",\"isPartOf\":{\"@id\":\"https:\/\/www.abesata.org\/br\/#website\"},\"primaryImageOfPage\":{\"@id\":\"https:\/\/www.abesata.org\/br\/para-avancar-em-infraestrutura-governo-deve-agora-apostar-em-ppps\/#primaryimage\"},\"image\":{\"@id\":\"https:\/\/www.abesata.org\/br\/para-avancar-em-infraestrutura-governo-deve-agora-apostar-em-ppps\/#primaryimage\"},\"thumbnailUrl\":\"https:\/\/www.abesata.org\/br\/wp-content\/uploads\/2014\/10\/38.png\",\"datePublished\":\"2014-10-29T20:37:22+00:00\",\"dateModified\":\"2014-10-29T20:38:01+00:00\",\"breadcrumb\":{\"@id\":\"https:\/\/www.abesata.org\/br\/para-avancar-em-infraestrutura-governo-deve-agora-apostar-em-ppps\/#breadcrumb\"},\"inLanguage\":\"pt-BR\",\"potentialAction\":[{\"@type\":\"ReadAction\",\"target\":[\"https:\/\/www.abesata.org\/br\/para-avancar-em-infraestrutura-governo-deve-agora-apostar-em-ppps\/\"]}]},{\"@type\":\"ImageObject\",\"inLanguage\":\"pt-BR\",\"@id\":\"https:\/\/www.abesata.org\/br\/para-avancar-em-infraestrutura-governo-deve-agora-apostar-em-ppps\/#primaryimage\",\"url\":\"https:\/\/www.abesata.org\/br\/wp-content\/uploads\/2014\/10\/38.png\",\"contentUrl\":\"https:\/\/www.abesata.org\/br\/wp-content\/uploads\/2014\/10\/38.png\",\"width\":1707,\"height\":560},{\"@type\":\"BreadcrumbList\",\"@id\":\"https:\/\/www.abesata.org\/br\/para-avancar-em-infraestrutura-governo-deve-agora-apostar-em-ppps\/#breadcrumb\",\"itemListElement\":[{\"@type\":\"ListItem\",\"position\":1,\"name\":\"In\u00edcio\",\"item\":\"https:\/\/www.abesata.org\/br\/\"},{\"@type\":\"ListItem\",\"position\":2,\"name\":\"Para avan\u00e7ar em infraestrutura, governo deve agora apostar em PPPs\"}]},{\"@type\":\"WebSite\",\"@id\":\"https:\/\/www.abesata.org\/br\/#website\",\"url\":\"https:\/\/www.abesata.org\/br\/\",\"name\":\"Abesata\",\"description\":\"Associa\u00e7\u00e3o Brasileira das Empresas de Servi\u00e7os Auxiliares de Transporte A\u00e9reo\",\"publisher\":{\"@id\":\"https:\/\/www.abesata.org\/br\/#organization\"},\"potentialAction\":[{\"@type\":\"SearchAction\",\"target\":{\"@type\":\"EntryPoint\",\"urlTemplate\":\"https:\/\/www.abesata.org\/br\/?s={search_term_string}\"},\"query-input\":{\"@type\":\"PropertyValueSpecification\",\"valueRequired\":true,\"valueName\":\"search_term_string\"}}],\"inLanguage\":\"pt-BR\"},{\"@type\":\"Organization\",\"@id\":\"https:\/\/www.abesata.org\/br\/#organization\",\"name\":\"Associa\u00e7\u00e3o Brasileira das Empresas de Servi\u00e7os Auxiliares de Transporte A\u00e9reo\",\"alternateName\":\"Abesata\",\"url\":\"https:\/\/www.abesata.org\/br\/\",\"logo\":{\"@type\":\"ImageObject\",\"inLanguage\":\"pt-BR\",\"@id\":\"https:\/\/www.abesata.org\/br\/#\/schema\/logo\/image\/\",\"url\":\"https:\/\/www.abesata.org\/br\/wp-content\/uploads\/2023\/10\/Abesata.png\",\"contentUrl\":\"https:\/\/www.abesata.org\/br\/wp-content\/uploads\/2023\/10\/Abesata.png\",\"width\":1063,\"height\":591,\"caption\":\"Associa\u00e7\u00e3o Brasileira das Empresas de Servi\u00e7os Auxiliares de Transporte A\u00e9reo\"},\"image\":{\"@id\":\"https:\/\/www.abesata.org\/br\/#\/schema\/logo\/image\/\"},\"sameAs\":[\"https:\/\/www.facebook.com\/abesata.org\/\",\"https:\/\/www.instagram.com\/abesata_gh\/\",\"https:\/\/br.linkedin.com\/company\/abesata\"]},{\"@type\":\"Person\",\"@id\":\"https:\/\/www.abesata.org\/br\/#\/schema\/person\/1f1295145bee68e42ffe39157320456b\",\"name\":\"Ricardo\",\"image\":{\"@type\":\"ImageObject\",\"inLanguage\":\"pt-BR\",\"@id\":\"https:\/\/www.abesata.org\/br\/#\/schema\/person\/image\/\",\"url\":\"https:\/\/secure.gravatar.com\/avatar\/1d856797eb89513dee321f840c1a6bbcec15beb178c003e50adcf59323b3a8a9?s=96&d=mm&r=g\",\"contentUrl\":\"https:\/\/secure.gravatar.com\/avatar\/1d856797eb89513dee321f840c1a6bbcec15beb178c003e50adcf59323b3a8a9?s=96&d=mm&r=g\",\"caption\":\"Ricardo\"},\"url\":\"https:\/\/www.abesata.org\/br\/author\/ricardo-baroni\/\"}]}<\/script>\n<!-- \/ Yoast SEO plugin. -->","yoast_head_json":{"title":"Para avan\u00e7ar em infraestrutura, governo deve agora apostar em PPPs - Abesata","robots":{"index":"index","follow":"follow","max-snippet":"max-snippet:-1","max-image-preview":"max-image-preview:large","max-video-preview":"max-video-preview:-1"},"canonical":"https:\/\/www.abesata.org\/br\/para-avancar-em-infraestrutura-governo-deve-agora-apostar-em-ppps\/","og_locale":"pt_BR","og_type":"article","og_title":"Para avan\u00e7ar em infraestrutura, governo deve agora apostar em PPPs - Abesata","og_description":"Plano \u00e9 tirar do papel as parcerias p\u00fablico-privadas, nas quais a renda da concession\u00e1ria \u00e9 complementada pelo governo O governo deve continuar a buscar o setor privado para obras de infraestrutura no segundo mandato de Dilma Rousseff, com novas concess\u00f5es de aeroportos e rodovias, concretiza\u00e7\u00e3o do programa de ferrovias e portos e um elemento novo: [&hellip;]","og_url":"https:\/\/www.abesata.org\/br\/para-avancar-em-infraestrutura-governo-deve-agora-apostar-em-ppps\/","og_site_name":"Abesata","article_publisher":"https:\/\/www.facebook.com\/abesata.org\/","article_published_time":"2014-10-29T20:37:22+00:00","article_modified_time":"2014-10-29T20:38:01+00:00","og_image":[{"width":1707,"height":560,"url":"https:\/\/www.abesata.org\/br\/wp-content\/uploads\/2014\/10\/38.png","type":"image\/png"}],"author":"Ricardo","twitter_card":"summary_large_image","twitter_misc":{"Escrito por":"Ricardo","Est. tempo de leitura":"3 minutos"},"schema":{"@context":"https:\/\/schema.org","@graph":[{"@type":"Article","@id":"https:\/\/www.abesata.org\/br\/para-avancar-em-infraestrutura-governo-deve-agora-apostar-em-ppps\/#article","isPartOf":{"@id":"https:\/\/www.abesata.org\/br\/para-avancar-em-infraestrutura-governo-deve-agora-apostar-em-ppps\/"},"author":{"name":"Ricardo","@id":"https:\/\/www.abesata.org\/br\/#\/schema\/person\/1f1295145bee68e42ffe39157320456b"},"headline":"Para avan\u00e7ar em infraestrutura, governo deve agora apostar em PPPs","datePublished":"2014-10-29T20:37:22+00:00","dateModified":"2014-10-29T20:38:01+00:00","mainEntityOfPage":{"@id":"https:\/\/www.abesata.org\/br\/para-avancar-em-infraestrutura-governo-deve-agora-apostar-em-ppps\/"},"wordCount":666,"publisher":{"@id":"https:\/\/www.abesata.org\/br\/#organization"},"image":{"@id":"https:\/\/www.abesata.org\/br\/para-avancar-em-infraestrutura-governo-deve-agora-apostar-em-ppps\/#primaryimage"},"thumbnailUrl":"https:\/\/www.abesata.org\/br\/wp-content\/uploads\/2014\/10\/38.png","inLanguage":"pt-BR"},{"@type":"WebPage","@id":"https:\/\/www.abesata.org\/br\/para-avancar-em-infraestrutura-governo-deve-agora-apostar-em-ppps\/","url":"https:\/\/www.abesata.org\/br\/para-avancar-em-infraestrutura-governo-deve-agora-apostar-em-ppps\/","name":"Para avan\u00e7ar em infraestrutura, governo deve agora apostar em PPPs - Abesata","isPartOf":{"@id":"https:\/\/www.abesata.org\/br\/#website"},"primaryImageOfPage":{"@id":"https:\/\/www.abesata.org\/br\/para-avancar-em-infraestrutura-governo-deve-agora-apostar-em-ppps\/#primaryimage"},"image":{"@id":"https:\/\/www.abesata.org\/br\/para-avancar-em-infraestrutura-governo-deve-agora-apostar-em-ppps\/#primaryimage"},"thumbnailUrl":"https:\/\/www.abesata.org\/br\/wp-content\/uploads\/2014\/10\/38.png","datePublished":"2014-10-29T20:37:22+00:00","dateModified":"2014-10-29T20:38:01+00:00","breadcrumb":{"@id":"https:\/\/www.abesata.org\/br\/para-avancar-em-infraestrutura-governo-deve-agora-apostar-em-ppps\/#breadcrumb"},"inLanguage":"pt-BR","potentialAction":[{"@type":"ReadAction","target":["https:\/\/www.abesata.org\/br\/para-avancar-em-infraestrutura-governo-deve-agora-apostar-em-ppps\/"]}]},{"@type":"ImageObject","inLanguage":"pt-BR","@id":"https:\/\/www.abesata.org\/br\/para-avancar-em-infraestrutura-governo-deve-agora-apostar-em-ppps\/#primaryimage","url":"https:\/\/www.abesata.org\/br\/wp-content\/uploads\/2014\/10\/38.png","contentUrl":"https:\/\/www.abesata.org\/br\/wp-content\/uploads\/2014\/10\/38.png","width":1707,"height":560},{"@type":"BreadcrumbList","@id":"https:\/\/www.abesata.org\/br\/para-avancar-em-infraestrutura-governo-deve-agora-apostar-em-ppps\/#breadcrumb","itemListElement":[{"@type":"ListItem","position":1,"name":"In\u00edcio","item":"https:\/\/www.abesata.org\/br\/"},{"@type":"ListItem","position":2,"name":"Para avan\u00e7ar em infraestrutura, governo deve agora apostar em PPPs"}]},{"@type":"WebSite","@id":"https:\/\/www.abesata.org\/br\/#website","url":"https:\/\/www.abesata.org\/br\/","name":"Abesata","description":"Associa\u00e7\u00e3o Brasileira das Empresas de Servi\u00e7os Auxiliares de Transporte A\u00e9reo","publisher":{"@id":"https:\/\/www.abesata.org\/br\/#organization"},"potentialAction":[{"@type":"SearchAction","target":{"@type":"EntryPoint","urlTemplate":"https:\/\/www.abesata.org\/br\/?s={search_term_string}"},"query-input":{"@type":"PropertyValueSpecification","valueRequired":true,"valueName":"search_term_string"}}],"inLanguage":"pt-BR"},{"@type":"Organization","@id":"https:\/\/www.abesata.org\/br\/#organization","name":"Associa\u00e7\u00e3o Brasileira das Empresas de Servi\u00e7os Auxiliares de Transporte A\u00e9reo","alternateName":"Abesata","url":"https:\/\/www.abesata.org\/br\/","logo":{"@type":"ImageObject","inLanguage":"pt-BR","@id":"https:\/\/www.abesata.org\/br\/#\/schema\/logo\/image\/","url":"https:\/\/www.abesata.org\/br\/wp-content\/uploads\/2023\/10\/Abesata.png","contentUrl":"https:\/\/www.abesata.org\/br\/wp-content\/uploads\/2023\/10\/Abesata.png","width":1063,"height":591,"caption":"Associa\u00e7\u00e3o Brasileira das Empresas de Servi\u00e7os Auxiliares de Transporte A\u00e9reo"},"image":{"@id":"https:\/\/www.abesata.org\/br\/#\/schema\/logo\/image\/"},"sameAs":["https:\/\/www.facebook.com\/abesata.org\/","https:\/\/www.instagram.com\/abesata_gh\/","https:\/\/br.linkedin.com\/company\/abesata"]},{"@type":"Person","@id":"https:\/\/www.abesata.org\/br\/#\/schema\/person\/1f1295145bee68e42ffe39157320456b","name":"Ricardo","image":{"@type":"ImageObject","inLanguage":"pt-BR","@id":"https:\/\/www.abesata.org\/br\/#\/schema\/person\/image\/","url":"https:\/\/secure.gravatar.com\/avatar\/1d856797eb89513dee321f840c1a6bbcec15beb178c003e50adcf59323b3a8a9?s=96&d=mm&r=g","contentUrl":"https:\/\/secure.gravatar.com\/avatar\/1d856797eb89513dee321f840c1a6bbcec15beb178c003e50adcf59323b3a8a9?s=96&d=mm&r=g","caption":"Ricardo"},"url":"https:\/\/www.abesata.org\/br\/author\/ricardo-baroni\/"}]}},"_links":{"self":[{"href":"https:\/\/www.abesata.org\/br\/wp-json\/wp\/v2\/posts\/1771","targetHints":{"allow":["GET"]}}],"collection":[{"href":"https:\/\/www.abesata.org\/br\/wp-json\/wp\/v2\/posts"}],"about":[{"href":"https:\/\/www.abesata.org\/br\/wp-json\/wp\/v2\/types\/post"}],"author":[{"embeddable":true,"href":"https:\/\/www.abesata.org\/br\/wp-json\/wp\/v2\/users\/18"}],"replies":[{"embeddable":true,"href":"https:\/\/www.abesata.org\/br\/wp-json\/wp\/v2\/comments?post=1771"}],"version-history":[{"count":0,"href":"https:\/\/www.abesata.org\/br\/wp-json\/wp\/v2\/posts\/1771\/revisions"}],"wp:featuredmedia":[{"embeddable":true,"href":"https:\/\/www.abesata.org\/br\/wp-json\/wp\/v2\/media\/1772"}],"wp:attachment":[{"href":"https:\/\/www.abesata.org\/br\/wp-json\/wp\/v2\/media?parent=1771"}],"wp:term":[{"taxonomy":"category","embeddable":true,"href":"https:\/\/www.abesata.org\/br\/wp-json\/wp\/v2\/categories?post=1771"},{"taxonomy":"post_tag","embeddable":true,"href":"https:\/\/www.abesata.org\/br\/wp-json\/wp\/v2\/tags?post=1771"}],"curies":[{"name":"wp","href":"https:\/\/api.w.org\/{rel}","templated":true}]}}