{"id":1776,"date":"2014-10-30T15:43:20","date_gmt":"2014-10-30T17:43:20","guid":{"rendered":"http:\/\/www.abesata.org\/?p=1776"},"modified":"2014-10-30T15:43:45","modified_gmt":"2014-10-30T17:43:45","slug":"aeroporto-jk-sobe-6-lugares-e-e-o-2o-melhor-para-passageiros","status":"publish","type":"post","link":"https:\/\/www.abesata.org\/br\/aeroporto-jk-sobe-6-lugares-e-e-o-2o-melhor-para-passageiros\/","title":{"rendered":"Aeroporto JK sobe 6 lugares e \u00e9 o 2\u00ba melhor para passageiros"},"content":{"rendered":"<p><em>Ranking que avalia servi\u00e7os no pa\u00eds foi divulgado pela Avia\u00e7\u00e3o Civil.<\/em><br \/>\n<em>Viajantes elogiam cordialidade de funcion\u00e1rios e criticam pre\u00e7os cobrados.<\/em><\/p>\n<p>O Aeroporto de Bras\u00edlia melhorou na avalia\u00e7\u00e3o dos passageiros, segundo uma pesquisa feita pela Secretaria de Avia\u00e7\u00e3o Civil. Em compara\u00e7\u00e3o com os terminais de todo o pa\u00eds, o Aeroporto JK passou da oitava posi\u00e7\u00e3o para a segunda melhor nota. Em um ranking que vai de 1 a 5, os passageiros avaliaram o aeroporto em 4,2 pontos.<\/p>\n<p>As maiores qualidades apontadas pelos entrevistados foram a cordialidade dos funcion\u00e1rios do check-in e da emigra\u00e7\u00e3o, a efici\u00eancia no atendimento no check-in e a limpeza do aeroporto.<\/p>\n<p>Nos quesitos negativos, os passageiros reclamam do valor da comida nas lanchonetes e restaurantes, do alto pre\u00e7o do estacionamento e tamb\u00e9m da falta de transporte p\u00fablico at\u00e9 o terminal. Somente 12% dos viajantes v\u00e3o de \u00f4nibus para o aeroporto. Segundo a mesma pesquisa, 84% dos passageiros v\u00e3o de t\u00e1xi.<\/p>\n<p>A pesquisa tamb\u00e9m investigou o motivo das viagens. De acordo com o levantamento, 51% embarcam a lazer e 31% a neg\u00f3cios.<\/p>\n<p>A Infram\u00e9rica, cons\u00f3rcio que administra o terminal, informou que ir\u00e1 implementar em breve um sistema automatizado de bagagens, que deve reduzir o tempo de espera. A Infram\u00e9rica tamb\u00e9m afirmou que o pre\u00e7o cobrado pelo estacionamento \u00e9 \u201cum dos mais baixos do pa\u00eds\u201d.<\/p>\n<p style=\"text-align: right;\">Fonte: G1<br \/>\n30\/10\/2014<br \/>\nFoto: ComPauta<\/p>\n","protected":false},"excerpt":{"rendered":"<p>Ranking que avalia servi\u00e7os no pa\u00eds foi divulgado pela Avia\u00e7\u00e3o Civil. Viajantes elogiam cordialidade de funcion\u00e1rios e criticam pre\u00e7os cobrados. O Aeroporto de Bras\u00edlia melhorou na avalia\u00e7\u00e3o dos passageiros, segundo uma pesquisa feita pela Secretaria de Avia\u00e7\u00e3o Civil. Em compara\u00e7\u00e3o com os terminais de todo o pa\u00eds, o Aeroporto JK passou da oitava posi\u00e7\u00e3o para [&hellip;]<\/p>\n","protected":false},"author":18,"featured_media":1777,"comment_status":"closed","ping_status":"closed","sticky":false,"template":"","format":"standard","meta":{"footnotes":""},"categories":[],"tags":[],"class_list":["post-1776","post","type-post","status-publish","format-standard","has-post-thumbnail","hentry"],"yoast_head":"<!-- This site is optimized with the Yoast SEO plugin v26.5 - https:\/\/yoast.com\/wordpress\/plugins\/seo\/ -->\n<title>Aeroporto JK sobe 6 lugares e \u00e9 o 2\u00ba melhor para passageiros - Abesata<\/title>\n<meta name=\"robots\" content=\"index, follow, max-snippet:-1, max-image-preview:large, max-video-preview:-1\" \/>\n<link rel=\"canonical\" href=\"https:\/\/www.abesata.org\/br\/aeroporto-jk-sobe-6-lugares-e-e-o-2o-melhor-para-passageiros\/\" \/>\n<meta property=\"og:locale\" content=\"pt_BR\" \/>\n<meta property=\"og:type\" content=\"article\" \/>\n<meta property=\"og:title\" content=\"Aeroporto JK sobe 6 lugares e \u00e9 o 2\u00ba melhor para passageiros - Abesata\" \/>\n<meta property=\"og:description\" content=\"Ranking que avalia servi\u00e7os no pa\u00eds foi divulgado pela Avia\u00e7\u00e3o Civil. Viajantes elogiam cordialidade de funcion\u00e1rios e criticam pre\u00e7os cobrados. O Aeroporto de Bras\u00edlia melhorou na avalia\u00e7\u00e3o dos passageiros, segundo uma pesquisa feita pela Secretaria de Avia\u00e7\u00e3o Civil. Em compara\u00e7\u00e3o com os terminais de todo o pa\u00eds, o Aeroporto JK passou da oitava posi\u00e7\u00e3o para [&hellip;]\" \/>\n<meta property=\"og:url\" content=\"https:\/\/www.abesata.org\/br\/aeroporto-jk-sobe-6-lugares-e-e-o-2o-melhor-para-passageiros\/\" \/>\n<meta property=\"og:site_name\" content=\"Abesata\" \/>\n<meta property=\"article:publisher\" content=\"https:\/\/www.facebook.com\/abesata.org\/\" \/>\n<meta property=\"article:published_time\" content=\"2014-10-30T17:43:20+00:00\" \/>\n<meta property=\"article:modified_time\" content=\"2014-10-30T17:43:45+00:00\" \/>\n<meta property=\"og:image\" content=\"https:\/\/www.abesata.org\/br\/wp-content\/uploads\/2014\/10\/39.png\" \/>\n\t<meta property=\"og:image:width\" content=\"1707\" \/>\n\t<meta property=\"og:image:height\" content=\"560\" \/>\n\t<meta property=\"og:image:type\" content=\"image\/png\" \/>\n<meta name=\"author\" content=\"Ricardo\" \/>\n<meta name=\"twitter:card\" content=\"summary_large_image\" \/>\n<meta name=\"twitter:label1\" content=\"Escrito por\" \/>\n\t<meta name=\"twitter:data1\" content=\"Ricardo\" \/>\n\t<meta name=\"twitter:label2\" content=\"Est. tempo de leitura\" \/>\n\t<meta name=\"twitter:data2\" content=\"1 minuto\" \/>\n<script type=\"application\/ld+json\" class=\"yoast-schema-graph\">{\"@context\":\"https:\/\/schema.org\",\"@graph\":[{\"@type\":\"Article\",\"@id\":\"https:\/\/www.abesata.org\/br\/aeroporto-jk-sobe-6-lugares-e-e-o-2o-melhor-para-passageiros\/#article\",\"isPartOf\":{\"@id\":\"https:\/\/www.abesata.org\/br\/aeroporto-jk-sobe-6-lugares-e-e-o-2o-melhor-para-passageiros\/\"},\"author\":{\"name\":\"Ricardo\",\"@id\":\"https:\/\/www.abesata.org\/br\/#\/schema\/person\/1f1295145bee68e42ffe39157320456b\"},\"headline\":\"Aeroporto JK sobe 6 lugares e \u00e9 o 2\u00ba melhor para passageiros\",\"datePublished\":\"2014-10-30T17:43:20+00:00\",\"dateModified\":\"2014-10-30T17:43:45+00:00\",\"mainEntityOfPage\":{\"@id\":\"https:\/\/www.abesata.org\/br\/aeroporto-jk-sobe-6-lugares-e-e-o-2o-melhor-para-passageiros\/\"},\"wordCount\":248,\"publisher\":{\"@id\":\"https:\/\/www.abesata.org\/br\/#organization\"},\"image\":{\"@id\":\"https:\/\/www.abesata.org\/br\/aeroporto-jk-sobe-6-lugares-e-e-o-2o-melhor-para-passageiros\/#primaryimage\"},\"thumbnailUrl\":\"https:\/\/www.abesata.org\/br\/wp-content\/uploads\/2014\/10\/39.png\",\"inLanguage\":\"pt-BR\"},{\"@type\":\"WebPage\",\"@id\":\"https:\/\/www.abesata.org\/br\/aeroporto-jk-sobe-6-lugares-e-e-o-2o-melhor-para-passageiros\/\",\"url\":\"https:\/\/www.abesata.org\/br\/aeroporto-jk-sobe-6-lugares-e-e-o-2o-melhor-para-passageiros\/\",\"name\":\"Aeroporto JK sobe 6 lugares e \u00e9 o 2\u00ba melhor para passageiros - Abesata\",\"isPartOf\":{\"@id\":\"https:\/\/www.abesata.org\/br\/#website\"},\"primaryImageOfPage\":{\"@id\":\"https:\/\/www.abesata.org\/br\/aeroporto-jk-sobe-6-lugares-e-e-o-2o-melhor-para-passageiros\/#primaryimage\"},\"image\":{\"@id\":\"https:\/\/www.abesata.org\/br\/aeroporto-jk-sobe-6-lugares-e-e-o-2o-melhor-para-passageiros\/#primaryimage\"},\"thumbnailUrl\":\"https:\/\/www.abesata.org\/br\/wp-content\/uploads\/2014\/10\/39.png\",\"datePublished\":\"2014-10-30T17:43:20+00:00\",\"dateModified\":\"2014-10-30T17:43:45+00:00\",\"breadcrumb\":{\"@id\":\"https:\/\/www.abesata.org\/br\/aeroporto-jk-sobe-6-lugares-e-e-o-2o-melhor-para-passageiros\/#breadcrumb\"},\"inLanguage\":\"pt-BR\",\"potentialAction\":[{\"@type\":\"ReadAction\",\"target\":[\"https:\/\/www.abesata.org\/br\/aeroporto-jk-sobe-6-lugares-e-e-o-2o-melhor-para-passageiros\/\"]}]},{\"@type\":\"ImageObject\",\"inLanguage\":\"pt-BR\",\"@id\":\"https:\/\/www.abesata.org\/br\/aeroporto-jk-sobe-6-lugares-e-e-o-2o-melhor-para-passageiros\/#primaryimage\",\"url\":\"https:\/\/www.abesata.org\/br\/wp-content\/uploads\/2014\/10\/39.png\",\"contentUrl\":\"https:\/\/www.abesata.org\/br\/wp-content\/uploads\/2014\/10\/39.png\",\"width\":1707,\"height\":560},{\"@type\":\"BreadcrumbList\",\"@id\":\"https:\/\/www.abesata.org\/br\/aeroporto-jk-sobe-6-lugares-e-e-o-2o-melhor-para-passageiros\/#breadcrumb\",\"itemListElement\":[{\"@type\":\"ListItem\",\"position\":1,\"name\":\"In\u00edcio\",\"item\":\"https:\/\/www.abesata.org\/br\/\"},{\"@type\":\"ListItem\",\"position\":2,\"name\":\"Aeroporto JK sobe 6 lugares e \u00e9 o 2\u00ba melhor para passageiros\"}]},{\"@type\":\"WebSite\",\"@id\":\"https:\/\/www.abesata.org\/br\/#website\",\"url\":\"https:\/\/www.abesata.org\/br\/\",\"name\":\"Abesata\",\"description\":\"Associa\u00e7\u00e3o Brasileira das Empresas de Servi\u00e7os Auxiliares de Transporte A\u00e9reo\",\"publisher\":{\"@id\":\"https:\/\/www.abesata.org\/br\/#organization\"},\"potentialAction\":[{\"@type\":\"SearchAction\",\"target\":{\"@type\":\"EntryPoint\",\"urlTemplate\":\"https:\/\/www.abesata.org\/br\/?s={search_term_string}\"},\"query-input\":{\"@type\":\"PropertyValueSpecification\",\"valueRequired\":true,\"valueName\":\"search_term_string\"}}],\"inLanguage\":\"pt-BR\"},{\"@type\":\"Organization\",\"@id\":\"https:\/\/www.abesata.org\/br\/#organization\",\"name\":\"Associa\u00e7\u00e3o Brasileira das Empresas de Servi\u00e7os Auxiliares de Transporte A\u00e9reo\",\"alternateName\":\"Abesata\",\"url\":\"https:\/\/www.abesata.org\/br\/\",\"logo\":{\"@type\":\"ImageObject\",\"inLanguage\":\"pt-BR\",\"@id\":\"https:\/\/www.abesata.org\/br\/#\/schema\/logo\/image\/\",\"url\":\"https:\/\/www.abesata.org\/br\/wp-content\/uploads\/2023\/10\/Abesata.png\",\"contentUrl\":\"https:\/\/www.abesata.org\/br\/wp-content\/uploads\/2023\/10\/Abesata.png\",\"width\":1063,\"height\":591,\"caption\":\"Associa\u00e7\u00e3o Brasileira das Empresas de Servi\u00e7os Auxiliares de Transporte A\u00e9reo\"},\"image\":{\"@id\":\"https:\/\/www.abesata.org\/br\/#\/schema\/logo\/image\/\"},\"sameAs\":[\"https:\/\/www.facebook.com\/abesata.org\/\",\"https:\/\/www.instagram.com\/abesata_gh\/\",\"https:\/\/br.linkedin.com\/company\/abesata\"]},{\"@type\":\"Person\",\"@id\":\"https:\/\/www.abesata.org\/br\/#\/schema\/person\/1f1295145bee68e42ffe39157320456b\",\"name\":\"Ricardo\",\"image\":{\"@type\":\"ImageObject\",\"inLanguage\":\"pt-BR\",\"@id\":\"https:\/\/www.abesata.org\/br\/#\/schema\/person\/image\/\",\"url\":\"https:\/\/secure.gravatar.com\/avatar\/1d856797eb89513dee321f840c1a6bbcec15beb178c003e50adcf59323b3a8a9?s=96&d=mm&r=g\",\"contentUrl\":\"https:\/\/secure.gravatar.com\/avatar\/1d856797eb89513dee321f840c1a6bbcec15beb178c003e50adcf59323b3a8a9?s=96&d=mm&r=g\",\"caption\":\"Ricardo\"},\"url\":\"https:\/\/www.abesata.org\/br\/author\/ricardo-baroni\/\"}]}<\/script>\n<!-- \/ Yoast SEO plugin. -->","yoast_head_json":{"title":"Aeroporto JK sobe 6 lugares e \u00e9 o 2\u00ba melhor para passageiros - Abesata","robots":{"index":"index","follow":"follow","max-snippet":"max-snippet:-1","max-image-preview":"max-image-preview:large","max-video-preview":"max-video-preview:-1"},"canonical":"https:\/\/www.abesata.org\/br\/aeroporto-jk-sobe-6-lugares-e-e-o-2o-melhor-para-passageiros\/","og_locale":"pt_BR","og_type":"article","og_title":"Aeroporto JK sobe 6 lugares e \u00e9 o 2\u00ba melhor para passageiros - Abesata","og_description":"Ranking que avalia servi\u00e7os no pa\u00eds foi divulgado pela Avia\u00e7\u00e3o Civil. Viajantes elogiam cordialidade de funcion\u00e1rios e criticam pre\u00e7os cobrados. O Aeroporto de Bras\u00edlia melhorou na avalia\u00e7\u00e3o dos passageiros, segundo uma pesquisa feita pela Secretaria de Avia\u00e7\u00e3o Civil. Em compara\u00e7\u00e3o com os terminais de todo o pa\u00eds, o Aeroporto JK passou da oitava posi\u00e7\u00e3o para [&hellip;]","og_url":"https:\/\/www.abesata.org\/br\/aeroporto-jk-sobe-6-lugares-e-e-o-2o-melhor-para-passageiros\/","og_site_name":"Abesata","article_publisher":"https:\/\/www.facebook.com\/abesata.org\/","article_published_time":"2014-10-30T17:43:20+00:00","article_modified_time":"2014-10-30T17:43:45+00:00","og_image":[{"width":1707,"height":560,"url":"https:\/\/www.abesata.org\/br\/wp-content\/uploads\/2014\/10\/39.png","type":"image\/png"}],"author":"Ricardo","twitter_card":"summary_large_image","twitter_misc":{"Escrito por":"Ricardo","Est. tempo de leitura":"1 minuto"},"schema":{"@context":"https:\/\/schema.org","@graph":[{"@type":"Article","@id":"https:\/\/www.abesata.org\/br\/aeroporto-jk-sobe-6-lugares-e-e-o-2o-melhor-para-passageiros\/#article","isPartOf":{"@id":"https:\/\/www.abesata.org\/br\/aeroporto-jk-sobe-6-lugares-e-e-o-2o-melhor-para-passageiros\/"},"author":{"name":"Ricardo","@id":"https:\/\/www.abesata.org\/br\/#\/schema\/person\/1f1295145bee68e42ffe39157320456b"},"headline":"Aeroporto JK sobe 6 lugares e \u00e9 o 2\u00ba melhor para passageiros","datePublished":"2014-10-30T17:43:20+00:00","dateModified":"2014-10-30T17:43:45+00:00","mainEntityOfPage":{"@id":"https:\/\/www.abesata.org\/br\/aeroporto-jk-sobe-6-lugares-e-e-o-2o-melhor-para-passageiros\/"},"wordCount":248,"publisher":{"@id":"https:\/\/www.abesata.org\/br\/#organization"},"image":{"@id":"https:\/\/www.abesata.org\/br\/aeroporto-jk-sobe-6-lugares-e-e-o-2o-melhor-para-passageiros\/#primaryimage"},"thumbnailUrl":"https:\/\/www.abesata.org\/br\/wp-content\/uploads\/2014\/10\/39.png","inLanguage":"pt-BR"},{"@type":"WebPage","@id":"https:\/\/www.abesata.org\/br\/aeroporto-jk-sobe-6-lugares-e-e-o-2o-melhor-para-passageiros\/","url":"https:\/\/www.abesata.org\/br\/aeroporto-jk-sobe-6-lugares-e-e-o-2o-melhor-para-passageiros\/","name":"Aeroporto JK sobe 6 lugares e \u00e9 o 2\u00ba melhor para passageiros - Abesata","isPartOf":{"@id":"https:\/\/www.abesata.org\/br\/#website"},"primaryImageOfPage":{"@id":"https:\/\/www.abesata.org\/br\/aeroporto-jk-sobe-6-lugares-e-e-o-2o-melhor-para-passageiros\/#primaryimage"},"image":{"@id":"https:\/\/www.abesata.org\/br\/aeroporto-jk-sobe-6-lugares-e-e-o-2o-melhor-para-passageiros\/#primaryimage"},"thumbnailUrl":"https:\/\/www.abesata.org\/br\/wp-content\/uploads\/2014\/10\/39.png","datePublished":"2014-10-30T17:43:20+00:00","dateModified":"2014-10-30T17:43:45+00:00","breadcrumb":{"@id":"https:\/\/www.abesata.org\/br\/aeroporto-jk-sobe-6-lugares-e-e-o-2o-melhor-para-passageiros\/#breadcrumb"},"inLanguage":"pt-BR","potentialAction":[{"@type":"ReadAction","target":["https:\/\/www.abesata.org\/br\/aeroporto-jk-sobe-6-lugares-e-e-o-2o-melhor-para-passageiros\/"]}]},{"@type":"ImageObject","inLanguage":"pt-BR","@id":"https:\/\/www.abesata.org\/br\/aeroporto-jk-sobe-6-lugares-e-e-o-2o-melhor-para-passageiros\/#primaryimage","url":"https:\/\/www.abesata.org\/br\/wp-content\/uploads\/2014\/10\/39.png","contentUrl":"https:\/\/www.abesata.org\/br\/wp-content\/uploads\/2014\/10\/39.png","width":1707,"height":560},{"@type":"BreadcrumbList","@id":"https:\/\/www.abesata.org\/br\/aeroporto-jk-sobe-6-lugares-e-e-o-2o-melhor-para-passageiros\/#breadcrumb","itemListElement":[{"@type":"ListItem","position":1,"name":"In\u00edcio","item":"https:\/\/www.abesata.org\/br\/"},{"@type":"ListItem","position":2,"name":"Aeroporto JK sobe 6 lugares e \u00e9 o 2\u00ba melhor para passageiros"}]},{"@type":"WebSite","@id":"https:\/\/www.abesata.org\/br\/#website","url":"https:\/\/www.abesata.org\/br\/","name":"Abesata","description":"Associa\u00e7\u00e3o Brasileira das Empresas de Servi\u00e7os Auxiliares de Transporte A\u00e9reo","publisher":{"@id":"https:\/\/www.abesata.org\/br\/#organization"},"potentialAction":[{"@type":"SearchAction","target":{"@type":"EntryPoint","urlTemplate":"https:\/\/www.abesata.org\/br\/?s={search_term_string}"},"query-input":{"@type":"PropertyValueSpecification","valueRequired":true,"valueName":"search_term_string"}}],"inLanguage":"pt-BR"},{"@type":"Organization","@id":"https:\/\/www.abesata.org\/br\/#organization","name":"Associa\u00e7\u00e3o Brasileira das Empresas de Servi\u00e7os Auxiliares de Transporte A\u00e9reo","alternateName":"Abesata","url":"https:\/\/www.abesata.org\/br\/","logo":{"@type":"ImageObject","inLanguage":"pt-BR","@id":"https:\/\/www.abesata.org\/br\/#\/schema\/logo\/image\/","url":"https:\/\/www.abesata.org\/br\/wp-content\/uploads\/2023\/10\/Abesata.png","contentUrl":"https:\/\/www.abesata.org\/br\/wp-content\/uploads\/2023\/10\/Abesata.png","width":1063,"height":591,"caption":"Associa\u00e7\u00e3o Brasileira das Empresas de Servi\u00e7os Auxiliares de Transporte A\u00e9reo"},"image":{"@id":"https:\/\/www.abesata.org\/br\/#\/schema\/logo\/image\/"},"sameAs":["https:\/\/www.facebook.com\/abesata.org\/","https:\/\/www.instagram.com\/abesata_gh\/","https:\/\/br.linkedin.com\/company\/abesata"]},{"@type":"Person","@id":"https:\/\/www.abesata.org\/br\/#\/schema\/person\/1f1295145bee68e42ffe39157320456b","name":"Ricardo","image":{"@type":"ImageObject","inLanguage":"pt-BR","@id":"https:\/\/www.abesata.org\/br\/#\/schema\/person\/image\/","url":"https:\/\/secure.gravatar.com\/avatar\/1d856797eb89513dee321f840c1a6bbcec15beb178c003e50adcf59323b3a8a9?s=96&d=mm&r=g","contentUrl":"https:\/\/secure.gravatar.com\/avatar\/1d856797eb89513dee321f840c1a6bbcec15beb178c003e50adcf59323b3a8a9?s=96&d=mm&r=g","caption":"Ricardo"},"url":"https:\/\/www.abesata.org\/br\/author\/ricardo-baroni\/"}]}},"_links":{"self":[{"href":"https:\/\/www.abesata.org\/br\/wp-json\/wp\/v2\/posts\/1776","targetHints":{"allow":["GET"]}}],"collection":[{"href":"https:\/\/www.abesata.org\/br\/wp-json\/wp\/v2\/posts"}],"about":[{"href":"https:\/\/www.abesata.org\/br\/wp-json\/wp\/v2\/types\/post"}],"author":[{"embeddable":true,"href":"https:\/\/www.abesata.org\/br\/wp-json\/wp\/v2\/users\/18"}],"replies":[{"embeddable":true,"href":"https:\/\/www.abesata.org\/br\/wp-json\/wp\/v2\/comments?post=1776"}],"version-history":[{"count":0,"href":"https:\/\/www.abesata.org\/br\/wp-json\/wp\/v2\/posts\/1776\/revisions"}],"wp:featuredmedia":[{"embeddable":true,"href":"https:\/\/www.abesata.org\/br\/wp-json\/wp\/v2\/media\/1777"}],"wp:attachment":[{"href":"https:\/\/www.abesata.org\/br\/wp-json\/wp\/v2\/media?parent=1776"}],"wp:term":[{"taxonomy":"category","embeddable":true,"href":"https:\/\/www.abesata.org\/br\/wp-json\/wp\/v2\/categories?post=1776"},{"taxonomy":"post_tag","embeddable":true,"href":"https:\/\/www.abesata.org\/br\/wp-json\/wp\/v2\/tags?post=1776"}],"curies":[{"name":"wp","href":"https:\/\/api.w.org\/{rel}","templated":true}]}}