{"id":1794,"date":"2014-11-03T18:14:12","date_gmt":"2014-11-03T20:14:12","guid":{"rendered":"http:\/\/www.abesata.org\/?p=1794"},"modified":"2014-11-03T18:14:12","modified_gmt":"2014-11-03T20:14:12","slug":"aeroporto-de-joinville-recebe-dois-fingers-terrestres-para-aeroporto","status":"publish","type":"post","link":"https:\/\/www.abesata.org\/br\/aeroporto-de-joinville-recebe-dois-fingers-terrestres-para-aeroporto\/","title":{"rendered":"Aeroporto de Joinville recebe dois fingers terrestres para aeroporto"},"content":{"rendered":"<p>O Aeroporto Lauro Carneiro de Loyola, de Joinville, ganhou dois fingers terrestres. Trata-se do Sistema Elo, uma estrutura com escada e elevadores para pessoas com defici\u00eancia que leva os passageiros da sala de embarque at\u00e9 o avi\u00e3o \u2013 evitando que o acesso \u00e0 aeronave seja feito pela pista, a c\u00e9u aberto. O equipamento, de quase 200 metros lineares de comprimento e 3,30 metros de largura, \u00e9 climatizado e com ilumina\u00e7\u00e3o de LED.<\/p>\n<p>A instala\u00e7\u00e3o come\u00e7ou no s\u00e1bado, dia 1\u00ba de novembro, e estar\u00e1 conclu\u00edda em 15 de novembro. O investimento soma R$ 4,2 milh\u00f5es. O fabricante \u00e9 a empresa ga\u00facha Ortobras. Com os fingers, os usu\u00e1rios ter\u00e3o maior conforto, seguran\u00e7a e acessibilidade garantidos para embarcar e desembarcar. O ministro da Secretaria de Avia\u00e7\u00e3o Civil, Moreira Franco, poder\u00e1 vir a Joinville para inaugurar, oficialmente, o equipamento. A se confirmar, vir\u00e1 entre os dias 25 a 27 deste m\u00eas. Neste ano, a instala\u00e7\u00e3o do ILS-1 j\u00e1 melhorou a seguran\u00e7a de voos no aeroporto.<\/p>\n<p><strong>O terceiro do Sul<\/strong><br \/>\nJoinville \u00e9 o terceiro munic\u00edpio do Brasil a ter finger terrestre. Os outros dois est\u00e3o nos aeroportos de Palmas (Tocantins) e Porto Alegre (Rio Grande do Sul). O aeroporto joinvilense ser\u00e1 o \u00fanico catarinense a operar com o finger \u2013 de qualquer tipo. At\u00e9 mesmo na regi\u00e3o Sul do pa\u00eds apenas dois aeroportos t\u00eam o equipamento: o Afonso Pena, de Curitiba, usa o tipo a\u00e9reo; e o Aeroporto Salgado Filho, de Porto Alegre, opera com os dois modelos.<\/p>\n<p><strong>Mais competitividade<\/strong><br \/>\nO secret\u00e1rio de Desenvolvimento Econ\u00f4mico da Prefeitura de Joinville, Jalmei Duarte, comemora a novidade. Conta que a negocia\u00e7\u00e3o come\u00e7ou a partir da leitura de uma reportagem sobre o tema, publicada no jornal Valor Econ\u00f4mico no dia 26 de dezembro de 2013.<\/p>\n<p>\u2013 Falei ao prefeito e fizemos, rapidamente, a solicita\u00e7\u00e3o \u00e0 Infraero. Aprovada a reivindica\u00e7\u00e3o, em menos de um ano estamos sendo atendidos. \u00c9 uma vit\u00f3ria importante para a cidade. Esta melhoria aumenta a competitividade do munic\u00edpio em atrair empreendimentos. \u00c9 um case de sucesso do trabalho conjunto de muita gente do setor p\u00fablico, tanto da Uni\u00e3o quanto da prefeitura.<\/p>\n<p><strong>Agora, o RNP-AR<\/strong><br \/>\nA pr\u00f3xima batalha \u00e9 conseguir a instala\u00e7\u00e3o do equipamento RNP-AR. Este equipamento de aproxima\u00e7\u00e3o de voo vai liberar a utiliza\u00e7\u00e3o da cabeceira 15 para voos noturnos em Joinville. Atualmente, esta pista do Aeroporto Lauro Carneiro de Loyola s\u00f3 pode ser usada durante o dia \u2013 at\u00e9 o p\u00f4r do sol \u2013 e com tempo bom, exigindo que o piloto opere visualmente.<\/p>\n<p><strong>Campos de futebol<\/strong><br \/>\nCom as elei\u00e7\u00f5es encerradas, a Prefeitura de Joinville vai entregar \u00e0 Infraero as \u00e1reas dos campos de futebol desapropriadas, possibilitando servi\u00e7os de amplia\u00e7\u00e3o e moderniza\u00e7\u00e3o do aeroporto. Enquanto isso, a Infraero licita hotel e posto de combust\u00edvel nas proximidades.<\/p>\n<p style=\"text-align: right;\">Fonte: Loetz<br \/>\n01\/11\/2014<br \/>\nFoto: Loetz<\/p>\n","protected":false},"excerpt":{"rendered":"<p>O Aeroporto Lauro Carneiro de Loyola, de Joinville, ganhou dois fingers terrestres. Trata-se do Sistema Elo, uma estrutura com escada e elevadores para pessoas com defici\u00eancia que leva os passageiros da sala de embarque at\u00e9 o avi\u00e3o \u2013 evitando que o acesso \u00e0 aeronave seja feito pela pista, a c\u00e9u aberto. O equipamento, de quase [&hellip;]<\/p>\n","protected":false},"author":18,"featured_media":1795,"comment_status":"closed","ping_status":"closed","sticky":false,"template":"","format":"standard","meta":{"footnotes":""},"categories":[],"tags":[],"class_list":["post-1794","post","type-post","status-publish","format-standard","has-post-thumbnail","hentry"],"yoast_head":"<!-- This site is optimized with the Yoast SEO plugin v26.5 - https:\/\/yoast.com\/wordpress\/plugins\/seo\/ -->\n<title>Aeroporto de Joinville recebe dois fingers terrestres para aeroporto - Abesata<\/title>\n<meta name=\"robots\" content=\"index, follow, max-snippet:-1, max-image-preview:large, max-video-preview:-1\" \/>\n<link rel=\"canonical\" href=\"https:\/\/www.abesata.org\/br\/aeroporto-de-joinville-recebe-dois-fingers-terrestres-para-aeroporto\/\" \/>\n<meta property=\"og:locale\" content=\"pt_BR\" \/>\n<meta property=\"og:type\" content=\"article\" \/>\n<meta property=\"og:title\" content=\"Aeroporto de Joinville recebe dois fingers terrestres para aeroporto - Abesata\" \/>\n<meta property=\"og:description\" content=\"O Aeroporto Lauro Carneiro de Loyola, de Joinville, ganhou dois fingers terrestres. Trata-se do Sistema Elo, uma estrutura com escada e elevadores para pessoas com defici\u00eancia que leva os passageiros da sala de embarque at\u00e9 o avi\u00e3o \u2013 evitando que o acesso \u00e0 aeronave seja feito pela pista, a c\u00e9u aberto. O equipamento, de quase [&hellip;]\" \/>\n<meta property=\"og:url\" content=\"https:\/\/www.abesata.org\/br\/aeroporto-de-joinville-recebe-dois-fingers-terrestres-para-aeroporto\/\" \/>\n<meta property=\"og:site_name\" content=\"Abesata\" \/>\n<meta property=\"article:publisher\" content=\"https:\/\/www.facebook.com\/abesata.org\/\" \/>\n<meta property=\"article:published_time\" content=\"2014-11-03T20:14:12+00:00\" \/>\n<meta property=\"og:image\" content=\"https:\/\/www.abesata.org\/br\/wp-content\/uploads\/2014\/11\/41.png\" \/>\n\t<meta property=\"og:image:width\" content=\"1705\" \/>\n\t<meta property=\"og:image:height\" content=\"560\" \/>\n\t<meta property=\"og:image:type\" content=\"image\/png\" \/>\n<meta name=\"author\" content=\"Ricardo\" \/>\n<meta name=\"twitter:card\" content=\"summary_large_image\" \/>\n<meta name=\"twitter:label1\" content=\"Escrito por\" \/>\n\t<meta name=\"twitter:data1\" content=\"Ricardo\" \/>\n\t<meta name=\"twitter:label2\" content=\"Est. tempo de leitura\" \/>\n\t<meta name=\"twitter:data2\" content=\"2 minutos\" \/>\n<script type=\"application\/ld+json\" class=\"yoast-schema-graph\">{\"@context\":\"https:\/\/schema.org\",\"@graph\":[{\"@type\":\"Article\",\"@id\":\"https:\/\/www.abesata.org\/br\/aeroporto-de-joinville-recebe-dois-fingers-terrestres-para-aeroporto\/#article\",\"isPartOf\":{\"@id\":\"https:\/\/www.abesata.org\/br\/aeroporto-de-joinville-recebe-dois-fingers-terrestres-para-aeroporto\/\"},\"author\":{\"name\":\"Ricardo\",\"@id\":\"https:\/\/www.abesata.org\/br\/#\/schema\/person\/1f1295145bee68e42ffe39157320456b\"},\"headline\":\"Aeroporto de Joinville recebe dois fingers terrestres para aeroporto\",\"datePublished\":\"2014-11-03T20:14:12+00:00\",\"mainEntityOfPage\":{\"@id\":\"https:\/\/www.abesata.org\/br\/aeroporto-de-joinville-recebe-dois-fingers-terrestres-para-aeroporto\/\"},\"wordCount\":484,\"publisher\":{\"@id\":\"https:\/\/www.abesata.org\/br\/#organization\"},\"image\":{\"@id\":\"https:\/\/www.abesata.org\/br\/aeroporto-de-joinville-recebe-dois-fingers-terrestres-para-aeroporto\/#primaryimage\"},\"thumbnailUrl\":\"https:\/\/www.abesata.org\/br\/wp-content\/uploads\/2014\/11\/41.png\",\"inLanguage\":\"pt-BR\"},{\"@type\":\"WebPage\",\"@id\":\"https:\/\/www.abesata.org\/br\/aeroporto-de-joinville-recebe-dois-fingers-terrestres-para-aeroporto\/\",\"url\":\"https:\/\/www.abesata.org\/br\/aeroporto-de-joinville-recebe-dois-fingers-terrestres-para-aeroporto\/\",\"name\":\"Aeroporto de Joinville recebe dois fingers terrestres para aeroporto - Abesata\",\"isPartOf\":{\"@id\":\"https:\/\/www.abesata.org\/br\/#website\"},\"primaryImageOfPage\":{\"@id\":\"https:\/\/www.abesata.org\/br\/aeroporto-de-joinville-recebe-dois-fingers-terrestres-para-aeroporto\/#primaryimage\"},\"image\":{\"@id\":\"https:\/\/www.abesata.org\/br\/aeroporto-de-joinville-recebe-dois-fingers-terrestres-para-aeroporto\/#primaryimage\"},\"thumbnailUrl\":\"https:\/\/www.abesata.org\/br\/wp-content\/uploads\/2014\/11\/41.png\",\"datePublished\":\"2014-11-03T20:14:12+00:00\",\"breadcrumb\":{\"@id\":\"https:\/\/www.abesata.org\/br\/aeroporto-de-joinville-recebe-dois-fingers-terrestres-para-aeroporto\/#breadcrumb\"},\"inLanguage\":\"pt-BR\",\"potentialAction\":[{\"@type\":\"ReadAction\",\"target\":[\"https:\/\/www.abesata.org\/br\/aeroporto-de-joinville-recebe-dois-fingers-terrestres-para-aeroporto\/\"]}]},{\"@type\":\"ImageObject\",\"inLanguage\":\"pt-BR\",\"@id\":\"https:\/\/www.abesata.org\/br\/aeroporto-de-joinville-recebe-dois-fingers-terrestres-para-aeroporto\/#primaryimage\",\"url\":\"https:\/\/www.abesata.org\/br\/wp-content\/uploads\/2014\/11\/41.png\",\"contentUrl\":\"https:\/\/www.abesata.org\/br\/wp-content\/uploads\/2014\/11\/41.png\",\"width\":1705,\"height\":560},{\"@type\":\"BreadcrumbList\",\"@id\":\"https:\/\/www.abesata.org\/br\/aeroporto-de-joinville-recebe-dois-fingers-terrestres-para-aeroporto\/#breadcrumb\",\"itemListElement\":[{\"@type\":\"ListItem\",\"position\":1,\"name\":\"In\u00edcio\",\"item\":\"https:\/\/www.abesata.org\/br\/\"},{\"@type\":\"ListItem\",\"position\":2,\"name\":\"Aeroporto de Joinville recebe dois fingers terrestres para aeroporto\"}]},{\"@type\":\"WebSite\",\"@id\":\"https:\/\/www.abesata.org\/br\/#website\",\"url\":\"https:\/\/www.abesata.org\/br\/\",\"name\":\"Abesata\",\"description\":\"Associa\u00e7\u00e3o Brasileira das Empresas de Servi\u00e7os Auxiliares de Transporte A\u00e9reo\",\"publisher\":{\"@id\":\"https:\/\/www.abesata.org\/br\/#organization\"},\"potentialAction\":[{\"@type\":\"SearchAction\",\"target\":{\"@type\":\"EntryPoint\",\"urlTemplate\":\"https:\/\/www.abesata.org\/br\/?s={search_term_string}\"},\"query-input\":{\"@type\":\"PropertyValueSpecification\",\"valueRequired\":true,\"valueName\":\"search_term_string\"}}],\"inLanguage\":\"pt-BR\"},{\"@type\":\"Organization\",\"@id\":\"https:\/\/www.abesata.org\/br\/#organization\",\"name\":\"Associa\u00e7\u00e3o Brasileira das Empresas de Servi\u00e7os Auxiliares de Transporte A\u00e9reo\",\"alternateName\":\"Abesata\",\"url\":\"https:\/\/www.abesata.org\/br\/\",\"logo\":{\"@type\":\"ImageObject\",\"inLanguage\":\"pt-BR\",\"@id\":\"https:\/\/www.abesata.org\/br\/#\/schema\/logo\/image\/\",\"url\":\"https:\/\/www.abesata.org\/br\/wp-content\/uploads\/2023\/10\/Abesata.png\",\"contentUrl\":\"https:\/\/www.abesata.org\/br\/wp-content\/uploads\/2023\/10\/Abesata.png\",\"width\":1063,\"height\":591,\"caption\":\"Associa\u00e7\u00e3o Brasileira das Empresas de Servi\u00e7os Auxiliares de Transporte A\u00e9reo\"},\"image\":{\"@id\":\"https:\/\/www.abesata.org\/br\/#\/schema\/logo\/image\/\"},\"sameAs\":[\"https:\/\/www.facebook.com\/abesata.org\/\",\"https:\/\/www.instagram.com\/abesata_gh\/\",\"https:\/\/br.linkedin.com\/company\/abesata\"]},{\"@type\":\"Person\",\"@id\":\"https:\/\/www.abesata.org\/br\/#\/schema\/person\/1f1295145bee68e42ffe39157320456b\",\"name\":\"Ricardo\",\"image\":{\"@type\":\"ImageObject\",\"inLanguage\":\"pt-BR\",\"@id\":\"https:\/\/www.abesata.org\/br\/#\/schema\/person\/image\/\",\"url\":\"https:\/\/secure.gravatar.com\/avatar\/1d856797eb89513dee321f840c1a6bbcec15beb178c003e50adcf59323b3a8a9?s=96&d=mm&r=g\",\"contentUrl\":\"https:\/\/secure.gravatar.com\/avatar\/1d856797eb89513dee321f840c1a6bbcec15beb178c003e50adcf59323b3a8a9?s=96&d=mm&r=g\",\"caption\":\"Ricardo\"},\"url\":\"https:\/\/www.abesata.org\/br\/author\/ricardo-baroni\/\"}]}<\/script>\n<!-- \/ Yoast SEO plugin. -->","yoast_head_json":{"title":"Aeroporto de Joinville recebe dois fingers terrestres para aeroporto - Abesata","robots":{"index":"index","follow":"follow","max-snippet":"max-snippet:-1","max-image-preview":"max-image-preview:large","max-video-preview":"max-video-preview:-1"},"canonical":"https:\/\/www.abesata.org\/br\/aeroporto-de-joinville-recebe-dois-fingers-terrestres-para-aeroporto\/","og_locale":"pt_BR","og_type":"article","og_title":"Aeroporto de Joinville recebe dois fingers terrestres para aeroporto - Abesata","og_description":"O Aeroporto Lauro Carneiro de Loyola, de Joinville, ganhou dois fingers terrestres. Trata-se do Sistema Elo, uma estrutura com escada e elevadores para pessoas com defici\u00eancia que leva os passageiros da sala de embarque at\u00e9 o avi\u00e3o \u2013 evitando que o acesso \u00e0 aeronave seja feito pela pista, a c\u00e9u aberto. O equipamento, de quase [&hellip;]","og_url":"https:\/\/www.abesata.org\/br\/aeroporto-de-joinville-recebe-dois-fingers-terrestres-para-aeroporto\/","og_site_name":"Abesata","article_publisher":"https:\/\/www.facebook.com\/abesata.org\/","article_published_time":"2014-11-03T20:14:12+00:00","og_image":[{"width":1705,"height":560,"url":"https:\/\/www.abesata.org\/br\/wp-content\/uploads\/2014\/11\/41.png","type":"image\/png"}],"author":"Ricardo","twitter_card":"summary_large_image","twitter_misc":{"Escrito por":"Ricardo","Est. tempo de leitura":"2 minutos"},"schema":{"@context":"https:\/\/schema.org","@graph":[{"@type":"Article","@id":"https:\/\/www.abesata.org\/br\/aeroporto-de-joinville-recebe-dois-fingers-terrestres-para-aeroporto\/#article","isPartOf":{"@id":"https:\/\/www.abesata.org\/br\/aeroporto-de-joinville-recebe-dois-fingers-terrestres-para-aeroporto\/"},"author":{"name":"Ricardo","@id":"https:\/\/www.abesata.org\/br\/#\/schema\/person\/1f1295145bee68e42ffe39157320456b"},"headline":"Aeroporto de Joinville recebe dois fingers terrestres para aeroporto","datePublished":"2014-11-03T20:14:12+00:00","mainEntityOfPage":{"@id":"https:\/\/www.abesata.org\/br\/aeroporto-de-joinville-recebe-dois-fingers-terrestres-para-aeroporto\/"},"wordCount":484,"publisher":{"@id":"https:\/\/www.abesata.org\/br\/#organization"},"image":{"@id":"https:\/\/www.abesata.org\/br\/aeroporto-de-joinville-recebe-dois-fingers-terrestres-para-aeroporto\/#primaryimage"},"thumbnailUrl":"https:\/\/www.abesata.org\/br\/wp-content\/uploads\/2014\/11\/41.png","inLanguage":"pt-BR"},{"@type":"WebPage","@id":"https:\/\/www.abesata.org\/br\/aeroporto-de-joinville-recebe-dois-fingers-terrestres-para-aeroporto\/","url":"https:\/\/www.abesata.org\/br\/aeroporto-de-joinville-recebe-dois-fingers-terrestres-para-aeroporto\/","name":"Aeroporto de Joinville recebe dois fingers terrestres para aeroporto - Abesata","isPartOf":{"@id":"https:\/\/www.abesata.org\/br\/#website"},"primaryImageOfPage":{"@id":"https:\/\/www.abesata.org\/br\/aeroporto-de-joinville-recebe-dois-fingers-terrestres-para-aeroporto\/#primaryimage"},"image":{"@id":"https:\/\/www.abesata.org\/br\/aeroporto-de-joinville-recebe-dois-fingers-terrestres-para-aeroporto\/#primaryimage"},"thumbnailUrl":"https:\/\/www.abesata.org\/br\/wp-content\/uploads\/2014\/11\/41.png","datePublished":"2014-11-03T20:14:12+00:00","breadcrumb":{"@id":"https:\/\/www.abesata.org\/br\/aeroporto-de-joinville-recebe-dois-fingers-terrestres-para-aeroporto\/#breadcrumb"},"inLanguage":"pt-BR","potentialAction":[{"@type":"ReadAction","target":["https:\/\/www.abesata.org\/br\/aeroporto-de-joinville-recebe-dois-fingers-terrestres-para-aeroporto\/"]}]},{"@type":"ImageObject","inLanguage":"pt-BR","@id":"https:\/\/www.abesata.org\/br\/aeroporto-de-joinville-recebe-dois-fingers-terrestres-para-aeroporto\/#primaryimage","url":"https:\/\/www.abesata.org\/br\/wp-content\/uploads\/2014\/11\/41.png","contentUrl":"https:\/\/www.abesata.org\/br\/wp-content\/uploads\/2014\/11\/41.png","width":1705,"height":560},{"@type":"BreadcrumbList","@id":"https:\/\/www.abesata.org\/br\/aeroporto-de-joinville-recebe-dois-fingers-terrestres-para-aeroporto\/#breadcrumb","itemListElement":[{"@type":"ListItem","position":1,"name":"In\u00edcio","item":"https:\/\/www.abesata.org\/br\/"},{"@type":"ListItem","position":2,"name":"Aeroporto de Joinville recebe dois fingers terrestres para aeroporto"}]},{"@type":"WebSite","@id":"https:\/\/www.abesata.org\/br\/#website","url":"https:\/\/www.abesata.org\/br\/","name":"Abesata","description":"Associa\u00e7\u00e3o Brasileira das Empresas de Servi\u00e7os Auxiliares de Transporte A\u00e9reo","publisher":{"@id":"https:\/\/www.abesata.org\/br\/#organization"},"potentialAction":[{"@type":"SearchAction","target":{"@type":"EntryPoint","urlTemplate":"https:\/\/www.abesata.org\/br\/?s={search_term_string}"},"query-input":{"@type":"PropertyValueSpecification","valueRequired":true,"valueName":"search_term_string"}}],"inLanguage":"pt-BR"},{"@type":"Organization","@id":"https:\/\/www.abesata.org\/br\/#organization","name":"Associa\u00e7\u00e3o Brasileira das Empresas de Servi\u00e7os Auxiliares de Transporte A\u00e9reo","alternateName":"Abesata","url":"https:\/\/www.abesata.org\/br\/","logo":{"@type":"ImageObject","inLanguage":"pt-BR","@id":"https:\/\/www.abesata.org\/br\/#\/schema\/logo\/image\/","url":"https:\/\/www.abesata.org\/br\/wp-content\/uploads\/2023\/10\/Abesata.png","contentUrl":"https:\/\/www.abesata.org\/br\/wp-content\/uploads\/2023\/10\/Abesata.png","width":1063,"height":591,"caption":"Associa\u00e7\u00e3o Brasileira das Empresas de Servi\u00e7os Auxiliares de Transporte A\u00e9reo"},"image":{"@id":"https:\/\/www.abesata.org\/br\/#\/schema\/logo\/image\/"},"sameAs":["https:\/\/www.facebook.com\/abesata.org\/","https:\/\/www.instagram.com\/abesata_gh\/","https:\/\/br.linkedin.com\/company\/abesata"]},{"@type":"Person","@id":"https:\/\/www.abesata.org\/br\/#\/schema\/person\/1f1295145bee68e42ffe39157320456b","name":"Ricardo","image":{"@type":"ImageObject","inLanguage":"pt-BR","@id":"https:\/\/www.abesata.org\/br\/#\/schema\/person\/image\/","url":"https:\/\/secure.gravatar.com\/avatar\/1d856797eb89513dee321f840c1a6bbcec15beb178c003e50adcf59323b3a8a9?s=96&d=mm&r=g","contentUrl":"https:\/\/secure.gravatar.com\/avatar\/1d856797eb89513dee321f840c1a6bbcec15beb178c003e50adcf59323b3a8a9?s=96&d=mm&r=g","caption":"Ricardo"},"url":"https:\/\/www.abesata.org\/br\/author\/ricardo-baroni\/"}]}},"_links":{"self":[{"href":"https:\/\/www.abesata.org\/br\/wp-json\/wp\/v2\/posts\/1794","targetHints":{"allow":["GET"]}}],"collection":[{"href":"https:\/\/www.abesata.org\/br\/wp-json\/wp\/v2\/posts"}],"about":[{"href":"https:\/\/www.abesata.org\/br\/wp-json\/wp\/v2\/types\/post"}],"author":[{"embeddable":true,"href":"https:\/\/www.abesata.org\/br\/wp-json\/wp\/v2\/users\/18"}],"replies":[{"embeddable":true,"href":"https:\/\/www.abesata.org\/br\/wp-json\/wp\/v2\/comments?post=1794"}],"version-history":[{"count":0,"href":"https:\/\/www.abesata.org\/br\/wp-json\/wp\/v2\/posts\/1794\/revisions"}],"wp:featuredmedia":[{"embeddable":true,"href":"https:\/\/www.abesata.org\/br\/wp-json\/wp\/v2\/media\/1795"}],"wp:attachment":[{"href":"https:\/\/www.abesata.org\/br\/wp-json\/wp\/v2\/media?parent=1794"}],"wp:term":[{"taxonomy":"category","embeddable":true,"href":"https:\/\/www.abesata.org\/br\/wp-json\/wp\/v2\/categories?post=1794"},{"taxonomy":"post_tag","embeddable":true,"href":"https:\/\/www.abesata.org\/br\/wp-json\/wp\/v2\/tags?post=1794"}],"curies":[{"name":"wp","href":"https:\/\/api.w.org\/{rel}","templated":true}]}}