{"id":1797,"date":"2014-11-04T18:12:11","date_gmt":"2014-11-04T20:12:11","guid":{"rendered":"http:\/\/www.abesata.org\/?p=1797"},"modified":"2014-11-04T18:12:11","modified_gmt":"2014-11-04T20:12:11","slug":"governo-estudara-concessao-conjunta-de-aeroportos-de-porto-alegre","status":"publish","type":"post","link":"https:\/\/www.abesata.org\/br\/governo-estudara-concessao-conjunta-de-aeroportos-de-porto-alegre\/","title":{"rendered":"Governo estudar\u00e1 concess\u00e3o conjunta de aeroportos de Porto Alegre"},"content":{"rendered":"<p><em>Proposta possibilitaria usar recursos obtidos com o Salgado Filho para viabilizar a constru\u00e7\u00e3o de novo aeroporto na regi\u00e3o metropolitana<\/em><\/p>\n<p>O governo federal estudar\u00e1 a proposta apresentada pelo governo do Estado do Rio Grande do Sul de concess\u00e3o conjunta \u00e0 iniciativa privada do aeroporto Salgado Filho e do futuro terminal da regi\u00e3o metropolitana, a ser constru\u00eddo nos munic\u00edpios de Port\u00e3o e Nova Santa Rita.<\/p>\n<p>A hip\u00f3tese \u00e9 aventada em nota t\u00e9cnica elaborada pela Secretaria de Avia\u00e7\u00e3o Civil, que recomenda a constru\u00e7\u00e3o do novo aeroporto como a melhor forma de expandir o transporte a\u00e9reo de carga e passageiros no Rio Grande do Sul. O Salgado Filho encontra-se com 91% de sua capacidade de terminal utilizada hoje.<\/p>\n<p>\u201cO Salgado Filho est\u00e1 estressado e n\u00e3o apresenta boas perspectivas de amplia\u00e7\u00e3o \u00e0 altura das necessidades da economia e do n\u00famero de passageiros do Rio Grande do Sul\u201d, afirmou o ministro da Avia\u00e7\u00e3o Civil, Moreira Franco.<\/p>\n<p>\u201cEstamos estudando a possibilidade de um leil\u00e3o em que se colocar\u00e1 como objetivo a concess\u00e3o do Salgado Filho, mas no qual o mesmo grupo vencedor ter\u00e1 a responsabilidade da constru\u00e7\u00e3o de um novo aeroporto, o Aeroporto do Mercosul, que atender\u00e1 a toda essa regi\u00e3o, servindo ao transporte de carga e de passageiros\u201d, disse o ministro.<\/p>\n<p>A concess\u00e3o conjunta, segundo a SAC, poderia ser uma forma de alavancar recursos da explora\u00e7\u00e3o do Salgado Filho para a constru\u00e7\u00e3o do novo aeroporto. No entanto, outra hip\u00f3tese a ser estudada \u00e9 o benef\u00edcio concorrencial de os dois aeroportos serem administrados por duas empresas distintas.<\/p>\n<p>\u201cN\u00e3o \u00e9 uma decis\u00e3o exclusiva do minist\u00e9rio\u201d, afirmou o ministro. \u201cTemos de ouvir governo do estado, estamos fazendo todo o projeto de acordo com a articula\u00e7\u00e3o pol\u00edtica administrativa na regi\u00e3o metropolitana, as quest\u00f5es ambientais est\u00e3o ligadas a decis\u00f5es do governo do Estado. Ent\u00e3o eu vou aguardar a mudan\u00e7a de governo que houve para ver se o novo governo tem a mesma disposi\u00e7\u00e3o do governo Tarso Genro para tocar esse projeto\u201d, concluiu Moreira Franco.<\/p>\n<p style=\"text-align: right;\">Fonte: SAC\/PR<br \/>\n03\/11\/2014<br \/>\nFoto: NewsAvia<\/p>\n","protected":false},"excerpt":{"rendered":"<p>Proposta possibilitaria usar recursos obtidos com o Salgado Filho para viabilizar a constru\u00e7\u00e3o de novo aeroporto na regi\u00e3o metropolitana O governo federal estudar\u00e1 a proposta apresentada pelo governo do Estado do Rio Grande do Sul de concess\u00e3o conjunta \u00e0 iniciativa privada do aeroporto Salgado Filho e do futuro terminal da regi\u00e3o metropolitana, a ser constru\u00eddo [&hellip;]<\/p>\n","protected":false},"author":18,"featured_media":1798,"comment_status":"closed","ping_status":"closed","sticky":false,"template":"","format":"standard","meta":{"footnotes":""},"categories":[],"tags":[],"class_list":["post-1797","post","type-post","status-publish","format-standard","has-post-thumbnail","hentry"],"yoast_head":"<!-- This site is optimized with the Yoast SEO plugin v26.5 - https:\/\/yoast.com\/wordpress\/plugins\/seo\/ -->\n<title>Governo estudar\u00e1 concess\u00e3o conjunta de aeroportos de Porto Alegre - Abesata<\/title>\n<meta name=\"robots\" content=\"index, follow, max-snippet:-1, max-image-preview:large, max-video-preview:-1\" \/>\n<link rel=\"canonical\" href=\"https:\/\/www.abesata.org\/br\/governo-estudara-concessao-conjunta-de-aeroportos-de-porto-alegre\/\" \/>\n<meta property=\"og:locale\" content=\"pt_BR\" \/>\n<meta property=\"og:type\" content=\"article\" \/>\n<meta property=\"og:title\" content=\"Governo estudar\u00e1 concess\u00e3o conjunta de aeroportos de Porto Alegre - Abesata\" \/>\n<meta property=\"og:description\" content=\"Proposta possibilitaria usar recursos obtidos com o Salgado Filho para viabilizar a constru\u00e7\u00e3o de novo aeroporto na regi\u00e3o metropolitana O governo federal estudar\u00e1 a proposta apresentada pelo governo do Estado do Rio Grande do Sul de concess\u00e3o conjunta \u00e0 iniciativa privada do aeroporto Salgado Filho e do futuro terminal da regi\u00e3o metropolitana, a ser constru\u00eddo [&hellip;]\" \/>\n<meta property=\"og:url\" content=\"https:\/\/www.abesata.org\/br\/governo-estudara-concessao-conjunta-de-aeroportos-de-porto-alegre\/\" \/>\n<meta property=\"og:site_name\" content=\"Abesata\" \/>\n<meta property=\"article:publisher\" content=\"https:\/\/www.facebook.com\/abesata.org\/\" \/>\n<meta property=\"article:published_time\" content=\"2014-11-04T20:12:11+00:00\" \/>\n<meta property=\"og:image\" content=\"https:\/\/www.abesata.org\/br\/wp-content\/uploads\/2014\/11\/42.png\" \/>\n\t<meta property=\"og:image:width\" content=\"1707\" \/>\n\t<meta property=\"og:image:height\" content=\"560\" \/>\n\t<meta property=\"og:image:type\" content=\"image\/png\" \/>\n<meta name=\"author\" content=\"Ricardo\" \/>\n<meta name=\"twitter:card\" content=\"summary_large_image\" \/>\n<meta name=\"twitter:label1\" content=\"Escrito por\" \/>\n\t<meta name=\"twitter:data1\" content=\"Ricardo\" \/>\n\t<meta name=\"twitter:label2\" content=\"Est. tempo de leitura\" \/>\n\t<meta name=\"twitter:data2\" content=\"2 minutos\" \/>\n<script type=\"application\/ld+json\" class=\"yoast-schema-graph\">{\"@context\":\"https:\/\/schema.org\",\"@graph\":[{\"@type\":\"Article\",\"@id\":\"https:\/\/www.abesata.org\/br\/governo-estudara-concessao-conjunta-de-aeroportos-de-porto-alegre\/#article\",\"isPartOf\":{\"@id\":\"https:\/\/www.abesata.org\/br\/governo-estudara-concessao-conjunta-de-aeroportos-de-porto-alegre\/\"},\"author\":{\"name\":\"Ricardo\",\"@id\":\"https:\/\/www.abesata.org\/br\/#\/schema\/person\/1f1295145bee68e42ffe39157320456b\"},\"headline\":\"Governo estudar\u00e1 concess\u00e3o conjunta de aeroportos de Porto Alegre\",\"datePublished\":\"2014-11-04T20:12:11+00:00\",\"mainEntityOfPage\":{\"@id\":\"https:\/\/www.abesata.org\/br\/governo-estudara-concessao-conjunta-de-aeroportos-de-porto-alegre\/\"},\"wordCount\":369,\"publisher\":{\"@id\":\"https:\/\/www.abesata.org\/br\/#organization\"},\"image\":{\"@id\":\"https:\/\/www.abesata.org\/br\/governo-estudara-concessao-conjunta-de-aeroportos-de-porto-alegre\/#primaryimage\"},\"thumbnailUrl\":\"https:\/\/www.abesata.org\/br\/wp-content\/uploads\/2014\/11\/42.png\",\"inLanguage\":\"pt-BR\"},{\"@type\":\"WebPage\",\"@id\":\"https:\/\/www.abesata.org\/br\/governo-estudara-concessao-conjunta-de-aeroportos-de-porto-alegre\/\",\"url\":\"https:\/\/www.abesata.org\/br\/governo-estudara-concessao-conjunta-de-aeroportos-de-porto-alegre\/\",\"name\":\"Governo estudar\u00e1 concess\u00e3o conjunta de aeroportos de Porto Alegre - Abesata\",\"isPartOf\":{\"@id\":\"https:\/\/www.abesata.org\/br\/#website\"},\"primaryImageOfPage\":{\"@id\":\"https:\/\/www.abesata.org\/br\/governo-estudara-concessao-conjunta-de-aeroportos-de-porto-alegre\/#primaryimage\"},\"image\":{\"@id\":\"https:\/\/www.abesata.org\/br\/governo-estudara-concessao-conjunta-de-aeroportos-de-porto-alegre\/#primaryimage\"},\"thumbnailUrl\":\"https:\/\/www.abesata.org\/br\/wp-content\/uploads\/2014\/11\/42.png\",\"datePublished\":\"2014-11-04T20:12:11+00:00\",\"breadcrumb\":{\"@id\":\"https:\/\/www.abesata.org\/br\/governo-estudara-concessao-conjunta-de-aeroportos-de-porto-alegre\/#breadcrumb\"},\"inLanguage\":\"pt-BR\",\"potentialAction\":[{\"@type\":\"ReadAction\",\"target\":[\"https:\/\/www.abesata.org\/br\/governo-estudara-concessao-conjunta-de-aeroportos-de-porto-alegre\/\"]}]},{\"@type\":\"ImageObject\",\"inLanguage\":\"pt-BR\",\"@id\":\"https:\/\/www.abesata.org\/br\/governo-estudara-concessao-conjunta-de-aeroportos-de-porto-alegre\/#primaryimage\",\"url\":\"https:\/\/www.abesata.org\/br\/wp-content\/uploads\/2014\/11\/42.png\",\"contentUrl\":\"https:\/\/www.abesata.org\/br\/wp-content\/uploads\/2014\/11\/42.png\",\"width\":1707,\"height\":560},{\"@type\":\"BreadcrumbList\",\"@id\":\"https:\/\/www.abesata.org\/br\/governo-estudara-concessao-conjunta-de-aeroportos-de-porto-alegre\/#breadcrumb\",\"itemListElement\":[{\"@type\":\"ListItem\",\"position\":1,\"name\":\"In\u00edcio\",\"item\":\"https:\/\/www.abesata.org\/br\/\"},{\"@type\":\"ListItem\",\"position\":2,\"name\":\"Governo estudar\u00e1 concess\u00e3o conjunta de aeroportos de Porto Alegre\"}]},{\"@type\":\"WebSite\",\"@id\":\"https:\/\/www.abesata.org\/br\/#website\",\"url\":\"https:\/\/www.abesata.org\/br\/\",\"name\":\"Abesata\",\"description\":\"Associa\u00e7\u00e3o Brasileira das Empresas de Servi\u00e7os Auxiliares de Transporte A\u00e9reo\",\"publisher\":{\"@id\":\"https:\/\/www.abesata.org\/br\/#organization\"},\"potentialAction\":[{\"@type\":\"SearchAction\",\"target\":{\"@type\":\"EntryPoint\",\"urlTemplate\":\"https:\/\/www.abesata.org\/br\/?s={search_term_string}\"},\"query-input\":{\"@type\":\"PropertyValueSpecification\",\"valueRequired\":true,\"valueName\":\"search_term_string\"}}],\"inLanguage\":\"pt-BR\"},{\"@type\":\"Organization\",\"@id\":\"https:\/\/www.abesata.org\/br\/#organization\",\"name\":\"Associa\u00e7\u00e3o Brasileira das Empresas de Servi\u00e7os Auxiliares de Transporte A\u00e9reo\",\"alternateName\":\"Abesata\",\"url\":\"https:\/\/www.abesata.org\/br\/\",\"logo\":{\"@type\":\"ImageObject\",\"inLanguage\":\"pt-BR\",\"@id\":\"https:\/\/www.abesata.org\/br\/#\/schema\/logo\/image\/\",\"url\":\"https:\/\/www.abesata.org\/br\/wp-content\/uploads\/2023\/10\/Abesata.png\",\"contentUrl\":\"https:\/\/www.abesata.org\/br\/wp-content\/uploads\/2023\/10\/Abesata.png\",\"width\":1063,\"height\":591,\"caption\":\"Associa\u00e7\u00e3o Brasileira das Empresas de Servi\u00e7os Auxiliares de Transporte A\u00e9reo\"},\"image\":{\"@id\":\"https:\/\/www.abesata.org\/br\/#\/schema\/logo\/image\/\"},\"sameAs\":[\"https:\/\/www.facebook.com\/abesata.org\/\",\"https:\/\/www.instagram.com\/abesata_gh\/\",\"https:\/\/br.linkedin.com\/company\/abesata\"]},{\"@type\":\"Person\",\"@id\":\"https:\/\/www.abesata.org\/br\/#\/schema\/person\/1f1295145bee68e42ffe39157320456b\",\"name\":\"Ricardo\",\"image\":{\"@type\":\"ImageObject\",\"inLanguage\":\"pt-BR\",\"@id\":\"https:\/\/www.abesata.org\/br\/#\/schema\/person\/image\/\",\"url\":\"https:\/\/secure.gravatar.com\/avatar\/1d856797eb89513dee321f840c1a6bbcec15beb178c003e50adcf59323b3a8a9?s=96&d=mm&r=g\",\"contentUrl\":\"https:\/\/secure.gravatar.com\/avatar\/1d856797eb89513dee321f840c1a6bbcec15beb178c003e50adcf59323b3a8a9?s=96&d=mm&r=g\",\"caption\":\"Ricardo\"},\"url\":\"https:\/\/www.abesata.org\/br\/author\/ricardo-baroni\/\"}]}<\/script>\n<!-- \/ Yoast SEO plugin. -->","yoast_head_json":{"title":"Governo estudar\u00e1 concess\u00e3o conjunta de aeroportos de Porto Alegre - Abesata","robots":{"index":"index","follow":"follow","max-snippet":"max-snippet:-1","max-image-preview":"max-image-preview:large","max-video-preview":"max-video-preview:-1"},"canonical":"https:\/\/www.abesata.org\/br\/governo-estudara-concessao-conjunta-de-aeroportos-de-porto-alegre\/","og_locale":"pt_BR","og_type":"article","og_title":"Governo estudar\u00e1 concess\u00e3o conjunta de aeroportos de Porto Alegre - Abesata","og_description":"Proposta possibilitaria usar recursos obtidos com o Salgado Filho para viabilizar a constru\u00e7\u00e3o de novo aeroporto na regi\u00e3o metropolitana O governo federal estudar\u00e1 a proposta apresentada pelo governo do Estado do Rio Grande do Sul de concess\u00e3o conjunta \u00e0 iniciativa privada do aeroporto Salgado Filho e do futuro terminal da regi\u00e3o metropolitana, a ser constru\u00eddo [&hellip;]","og_url":"https:\/\/www.abesata.org\/br\/governo-estudara-concessao-conjunta-de-aeroportos-de-porto-alegre\/","og_site_name":"Abesata","article_publisher":"https:\/\/www.facebook.com\/abesata.org\/","article_published_time":"2014-11-04T20:12:11+00:00","og_image":[{"width":1707,"height":560,"url":"https:\/\/www.abesata.org\/br\/wp-content\/uploads\/2014\/11\/42.png","type":"image\/png"}],"author":"Ricardo","twitter_card":"summary_large_image","twitter_misc":{"Escrito por":"Ricardo","Est. tempo de leitura":"2 minutos"},"schema":{"@context":"https:\/\/schema.org","@graph":[{"@type":"Article","@id":"https:\/\/www.abesata.org\/br\/governo-estudara-concessao-conjunta-de-aeroportos-de-porto-alegre\/#article","isPartOf":{"@id":"https:\/\/www.abesata.org\/br\/governo-estudara-concessao-conjunta-de-aeroportos-de-porto-alegre\/"},"author":{"name":"Ricardo","@id":"https:\/\/www.abesata.org\/br\/#\/schema\/person\/1f1295145bee68e42ffe39157320456b"},"headline":"Governo estudar\u00e1 concess\u00e3o conjunta de aeroportos de Porto Alegre","datePublished":"2014-11-04T20:12:11+00:00","mainEntityOfPage":{"@id":"https:\/\/www.abesata.org\/br\/governo-estudara-concessao-conjunta-de-aeroportos-de-porto-alegre\/"},"wordCount":369,"publisher":{"@id":"https:\/\/www.abesata.org\/br\/#organization"},"image":{"@id":"https:\/\/www.abesata.org\/br\/governo-estudara-concessao-conjunta-de-aeroportos-de-porto-alegre\/#primaryimage"},"thumbnailUrl":"https:\/\/www.abesata.org\/br\/wp-content\/uploads\/2014\/11\/42.png","inLanguage":"pt-BR"},{"@type":"WebPage","@id":"https:\/\/www.abesata.org\/br\/governo-estudara-concessao-conjunta-de-aeroportos-de-porto-alegre\/","url":"https:\/\/www.abesata.org\/br\/governo-estudara-concessao-conjunta-de-aeroportos-de-porto-alegre\/","name":"Governo estudar\u00e1 concess\u00e3o conjunta de aeroportos de Porto Alegre - Abesata","isPartOf":{"@id":"https:\/\/www.abesata.org\/br\/#website"},"primaryImageOfPage":{"@id":"https:\/\/www.abesata.org\/br\/governo-estudara-concessao-conjunta-de-aeroportos-de-porto-alegre\/#primaryimage"},"image":{"@id":"https:\/\/www.abesata.org\/br\/governo-estudara-concessao-conjunta-de-aeroportos-de-porto-alegre\/#primaryimage"},"thumbnailUrl":"https:\/\/www.abesata.org\/br\/wp-content\/uploads\/2014\/11\/42.png","datePublished":"2014-11-04T20:12:11+00:00","breadcrumb":{"@id":"https:\/\/www.abesata.org\/br\/governo-estudara-concessao-conjunta-de-aeroportos-de-porto-alegre\/#breadcrumb"},"inLanguage":"pt-BR","potentialAction":[{"@type":"ReadAction","target":["https:\/\/www.abesata.org\/br\/governo-estudara-concessao-conjunta-de-aeroportos-de-porto-alegre\/"]}]},{"@type":"ImageObject","inLanguage":"pt-BR","@id":"https:\/\/www.abesata.org\/br\/governo-estudara-concessao-conjunta-de-aeroportos-de-porto-alegre\/#primaryimage","url":"https:\/\/www.abesata.org\/br\/wp-content\/uploads\/2014\/11\/42.png","contentUrl":"https:\/\/www.abesata.org\/br\/wp-content\/uploads\/2014\/11\/42.png","width":1707,"height":560},{"@type":"BreadcrumbList","@id":"https:\/\/www.abesata.org\/br\/governo-estudara-concessao-conjunta-de-aeroportos-de-porto-alegre\/#breadcrumb","itemListElement":[{"@type":"ListItem","position":1,"name":"In\u00edcio","item":"https:\/\/www.abesata.org\/br\/"},{"@type":"ListItem","position":2,"name":"Governo estudar\u00e1 concess\u00e3o conjunta de aeroportos de Porto Alegre"}]},{"@type":"WebSite","@id":"https:\/\/www.abesata.org\/br\/#website","url":"https:\/\/www.abesata.org\/br\/","name":"Abesata","description":"Associa\u00e7\u00e3o Brasileira das Empresas de Servi\u00e7os Auxiliares de Transporte A\u00e9reo","publisher":{"@id":"https:\/\/www.abesata.org\/br\/#organization"},"potentialAction":[{"@type":"SearchAction","target":{"@type":"EntryPoint","urlTemplate":"https:\/\/www.abesata.org\/br\/?s={search_term_string}"},"query-input":{"@type":"PropertyValueSpecification","valueRequired":true,"valueName":"search_term_string"}}],"inLanguage":"pt-BR"},{"@type":"Organization","@id":"https:\/\/www.abesata.org\/br\/#organization","name":"Associa\u00e7\u00e3o Brasileira das Empresas de Servi\u00e7os Auxiliares de Transporte A\u00e9reo","alternateName":"Abesata","url":"https:\/\/www.abesata.org\/br\/","logo":{"@type":"ImageObject","inLanguage":"pt-BR","@id":"https:\/\/www.abesata.org\/br\/#\/schema\/logo\/image\/","url":"https:\/\/www.abesata.org\/br\/wp-content\/uploads\/2023\/10\/Abesata.png","contentUrl":"https:\/\/www.abesata.org\/br\/wp-content\/uploads\/2023\/10\/Abesata.png","width":1063,"height":591,"caption":"Associa\u00e7\u00e3o Brasileira das Empresas de Servi\u00e7os Auxiliares de Transporte A\u00e9reo"},"image":{"@id":"https:\/\/www.abesata.org\/br\/#\/schema\/logo\/image\/"},"sameAs":["https:\/\/www.facebook.com\/abesata.org\/","https:\/\/www.instagram.com\/abesata_gh\/","https:\/\/br.linkedin.com\/company\/abesata"]},{"@type":"Person","@id":"https:\/\/www.abesata.org\/br\/#\/schema\/person\/1f1295145bee68e42ffe39157320456b","name":"Ricardo","image":{"@type":"ImageObject","inLanguage":"pt-BR","@id":"https:\/\/www.abesata.org\/br\/#\/schema\/person\/image\/","url":"https:\/\/secure.gravatar.com\/avatar\/1d856797eb89513dee321f840c1a6bbcec15beb178c003e50adcf59323b3a8a9?s=96&d=mm&r=g","contentUrl":"https:\/\/secure.gravatar.com\/avatar\/1d856797eb89513dee321f840c1a6bbcec15beb178c003e50adcf59323b3a8a9?s=96&d=mm&r=g","caption":"Ricardo"},"url":"https:\/\/www.abesata.org\/br\/author\/ricardo-baroni\/"}]}},"_links":{"self":[{"href":"https:\/\/www.abesata.org\/br\/wp-json\/wp\/v2\/posts\/1797","targetHints":{"allow":["GET"]}}],"collection":[{"href":"https:\/\/www.abesata.org\/br\/wp-json\/wp\/v2\/posts"}],"about":[{"href":"https:\/\/www.abesata.org\/br\/wp-json\/wp\/v2\/types\/post"}],"author":[{"embeddable":true,"href":"https:\/\/www.abesata.org\/br\/wp-json\/wp\/v2\/users\/18"}],"replies":[{"embeddable":true,"href":"https:\/\/www.abesata.org\/br\/wp-json\/wp\/v2\/comments?post=1797"}],"version-history":[{"count":0,"href":"https:\/\/www.abesata.org\/br\/wp-json\/wp\/v2\/posts\/1797\/revisions"}],"wp:featuredmedia":[{"embeddable":true,"href":"https:\/\/www.abesata.org\/br\/wp-json\/wp\/v2\/media\/1798"}],"wp:attachment":[{"href":"https:\/\/www.abesata.org\/br\/wp-json\/wp\/v2\/media?parent=1797"}],"wp:term":[{"taxonomy":"category","embeddable":true,"href":"https:\/\/www.abesata.org\/br\/wp-json\/wp\/v2\/categories?post=1797"},{"taxonomy":"post_tag","embeddable":true,"href":"https:\/\/www.abesata.org\/br\/wp-json\/wp\/v2\/tags?post=1797"}],"curies":[{"name":"wp","href":"https:\/\/api.w.org\/{rel}","templated":true}]}}