{"id":1800,"date":"2014-11-04T18:05:45","date_gmt":"2014-11-04T20:05:45","guid":{"rendered":"http:\/\/www.abesata.org\/?p=1800"},"modified":"2014-11-04T18:05:45","modified_gmt":"2014-11-04T20:05:45","slug":"area-nova-do-aeroporto-de-juazeiro-do-norte-ja-opera-em-carater-assistido","status":"publish","type":"post","link":"https:\/\/www.abesata.org\/br\/area-nova-do-aeroporto-de-juazeiro-do-norte-ja-opera-em-carater-assistido\/","title":{"rendered":"\u00c1rea nova do aeroporto de Juazeiro do Norte j\u00e1 opera em car\u00e1ter assistido"},"content":{"rendered":"<p><em>Obras foram finalizadas na semana passada; capacidade vai passar de 400 mil para 950 mil passageiros por ano.<\/em><\/p>\n<p>A nova sala de desembarque do Aeroporto Orlando Bezerra de Menezes, em Juazeiro do Norte (CE), j\u00e1 opera em car\u00e1ter assistido. Esse tipo de opera\u00e7\u00e3o \u00e9 o per\u00edodo em que os novos espa\u00e7os ser\u00e3o observados para monitoramento das condi\u00e7\u00f5es do dia a dia do aeroporto, com ajustes caso necess\u00e1rio. \u00a0Juazeiro do Norte \u00e9 conhecida como terra do Padre C\u00edcero e um dos maiores centros de religiosidade popular do Brasil. \u00c9 a quinta maior economia do Cear\u00e1.<\/p>\n<p>A \u00e1rea do desembarque passou de 194 m\u00b2 para 450 m\u00b2, contando com duas esteiras de restitui\u00e7\u00e3o de bagagem e mais conforto para os passageiros. As opera\u00e7\u00f5es da nova sala de embarque tamb\u00e9m j\u00e1 foram iniciadas. Ela foi ampliada de 115 m\u00b2 para 600 m\u00b2.<\/p>\n<p>Com as obras, que tiveram investimento total de R$ 2,1 milh\u00f5es, ser\u00e1 duplicada a capacidade de usu\u00e1rios por ano, no aeroporto de Juazeiro do Norte. Ela vai passar de 400 mil para 800 mil passageiros. &#8220;O aeroporto de Juazeiro do Norte, \u00e9 importante para o Cear\u00e1 e o Nordeste&#8221;, afirmou o ministro da Avia\u00e7\u00e3o Civil, Moreira Franco, que esteve em setembro inspecionando o local. \u201cO aeroporto passa a receber passageiros e demais usu\u00e1rios com a qualidade dos principais aeroportos brasileiros\u201d, disse o superintendente do aeroporto, Nilson Jos\u00e9 da Silva Suassuna.<\/p>\n<p>Os m\u00f3dulos de embarque e desembarque ampliam para 1.050 m\u00b2 a \u00e1rea total do terminal de passageiros. Al\u00e9m do maior espa\u00e7o, ser\u00e3o instalados novos assentos, banheiros e \u00e1reas comerciais. Entre janeiro e setembro de 2014, o aeroporto registrou 315,3 mil passageiros. Durante todo o ano de 2013, o terminal movimentou 387,9 mil passageiros.<\/p>\n<p>O aeroporto \u00e9 um dos principais instrumentos para o desenvolvimento econ\u00f4mico da regi\u00e3o e recebe voos das companhias Gol, Azul e Avianca. A Gol, por exemplo, inicia em 15 de novembro sua nova rota, sem escalas, para Juazeiro do Norte, a partir do Aeroporto de Guarulhos, em S\u00e3o Paulo.<\/p>\n<p>Ser\u00e1 o primeiro voo direto da companhia para a cidade com origem na regi\u00e3o Sudeste. O trecho ter\u00e1 duas frequ\u00eancias di\u00e1rias, saindo do aeroporto de Guarulhos \u00e0s 00h30, com chegada \u00e0s 2h20. A volta ocorre \u00e0s 2h50 no aeroporto de Juazeiro do Norte, com pouso previsto para \u00e0s 6h45, em S\u00e3o Paulo. As viagens ser\u00e3o realizadas em aeronaves modelo Boeing 737-700.<\/p>\n<p>A reforma no Aeroporto Orlando Bezerra de Menezes inclui os banheiros, a pintura e o revestimento externo do terminal. Diante desse novo quadro, conforme a Infraero, haver\u00e1 condi\u00e7\u00f5es de melhorias relacionadas \u00e0 seguran\u00e7a, \u00e1rea de manobra e pista de t\u00e1xi.<\/p>\n<p style=\"text-align: right;\">Fonte: SAC\/PR<br \/>\n03\/11\/2014<\/p>\n","protected":false},"excerpt":{"rendered":"<p>Obras foram finalizadas na semana passada; capacidade vai passar de 400 mil para 950 mil passageiros por ano. A nova sala de desembarque do Aeroporto Orlando Bezerra de Menezes, em Juazeiro do Norte (CE), j\u00e1 opera em car\u00e1ter assistido. Esse tipo de opera\u00e7\u00e3o \u00e9 o per\u00edodo em que os novos espa\u00e7os ser\u00e3o observados para monitoramento [&hellip;]<\/p>\n","protected":false},"author":18,"featured_media":0,"comment_status":"closed","ping_status":"closed","sticky":false,"template":"","format":"standard","meta":{"footnotes":""},"categories":[],"tags":[],"class_list":["post-1800","post","type-post","status-publish","format-standard","hentry"],"yoast_head":"<!-- This site is optimized with the Yoast SEO plugin v26.5 - https:\/\/yoast.com\/wordpress\/plugins\/seo\/ -->\n<title>\u00c1rea nova do aeroporto de Juazeiro do Norte j\u00e1 opera em car\u00e1ter assistido - Abesata<\/title>\n<meta name=\"robots\" content=\"index, follow, max-snippet:-1, max-image-preview:large, max-video-preview:-1\" \/>\n<link rel=\"canonical\" href=\"https:\/\/www.abesata.org\/br\/area-nova-do-aeroporto-de-juazeiro-do-norte-ja-opera-em-carater-assistido\/\" \/>\n<meta property=\"og:locale\" content=\"pt_BR\" \/>\n<meta property=\"og:type\" content=\"article\" \/>\n<meta property=\"og:title\" content=\"\u00c1rea nova do aeroporto de Juazeiro do Norte j\u00e1 opera em car\u00e1ter assistido - Abesata\" \/>\n<meta property=\"og:description\" content=\"Obras foram finalizadas na semana passada; capacidade vai passar de 400 mil para 950 mil passageiros por ano. A nova sala de desembarque do Aeroporto Orlando Bezerra de Menezes, em Juazeiro do Norte (CE), j\u00e1 opera em car\u00e1ter assistido. Esse tipo de opera\u00e7\u00e3o \u00e9 o per\u00edodo em que os novos espa\u00e7os ser\u00e3o observados para monitoramento [&hellip;]\" \/>\n<meta property=\"og:url\" content=\"https:\/\/www.abesata.org\/br\/area-nova-do-aeroporto-de-juazeiro-do-norte-ja-opera-em-carater-assistido\/\" \/>\n<meta property=\"og:site_name\" content=\"Abesata\" \/>\n<meta property=\"article:publisher\" content=\"https:\/\/www.facebook.com\/abesata.org\/\" \/>\n<meta property=\"article:published_time\" content=\"2014-11-04T20:05:45+00:00\" \/>\n<meta name=\"author\" content=\"Ricardo\" \/>\n<meta name=\"twitter:card\" content=\"summary_large_image\" \/>\n<meta name=\"twitter:label1\" content=\"Escrito por\" \/>\n\t<meta name=\"twitter:data1\" content=\"Ricardo\" \/>\n\t<meta name=\"twitter:label2\" content=\"Est. tempo de leitura\" \/>\n\t<meta name=\"twitter:data2\" content=\"2 minutos\" \/>\n<script type=\"application\/ld+json\" class=\"yoast-schema-graph\">{\"@context\":\"https:\/\/schema.org\",\"@graph\":[{\"@type\":\"Article\",\"@id\":\"https:\/\/www.abesata.org\/br\/area-nova-do-aeroporto-de-juazeiro-do-norte-ja-opera-em-carater-assistido\/#article\",\"isPartOf\":{\"@id\":\"https:\/\/www.abesata.org\/br\/area-nova-do-aeroporto-de-juazeiro-do-norte-ja-opera-em-carater-assistido\/\"},\"author\":{\"name\":\"Ricardo\",\"@id\":\"https:\/\/www.abesata.org\/br\/#\/schema\/person\/1f1295145bee68e42ffe39157320456b\"},\"headline\":\"\u00c1rea nova do aeroporto de Juazeiro do Norte j\u00e1 opera em car\u00e1ter assistido\",\"datePublished\":\"2014-11-04T20:05:45+00:00\",\"mainEntityOfPage\":{\"@id\":\"https:\/\/www.abesata.org\/br\/area-nova-do-aeroporto-de-juazeiro-do-norte-ja-opera-em-carater-assistido\/\"},\"wordCount\":458,\"publisher\":{\"@id\":\"https:\/\/www.abesata.org\/br\/#organization\"},\"inLanguage\":\"pt-BR\"},{\"@type\":\"WebPage\",\"@id\":\"https:\/\/www.abesata.org\/br\/area-nova-do-aeroporto-de-juazeiro-do-norte-ja-opera-em-carater-assistido\/\",\"url\":\"https:\/\/www.abesata.org\/br\/area-nova-do-aeroporto-de-juazeiro-do-norte-ja-opera-em-carater-assistido\/\",\"name\":\"\u00c1rea nova do aeroporto de Juazeiro do Norte j\u00e1 opera em car\u00e1ter assistido - Abesata\",\"isPartOf\":{\"@id\":\"https:\/\/www.abesata.org\/br\/#website\"},\"datePublished\":\"2014-11-04T20:05:45+00:00\",\"breadcrumb\":{\"@id\":\"https:\/\/www.abesata.org\/br\/area-nova-do-aeroporto-de-juazeiro-do-norte-ja-opera-em-carater-assistido\/#breadcrumb\"},\"inLanguage\":\"pt-BR\",\"potentialAction\":[{\"@type\":\"ReadAction\",\"target\":[\"https:\/\/www.abesata.org\/br\/area-nova-do-aeroporto-de-juazeiro-do-norte-ja-opera-em-carater-assistido\/\"]}]},{\"@type\":\"BreadcrumbList\",\"@id\":\"https:\/\/www.abesata.org\/br\/area-nova-do-aeroporto-de-juazeiro-do-norte-ja-opera-em-carater-assistido\/#breadcrumb\",\"itemListElement\":[{\"@type\":\"ListItem\",\"position\":1,\"name\":\"In\u00edcio\",\"item\":\"https:\/\/www.abesata.org\/br\/\"},{\"@type\":\"ListItem\",\"position\":2,\"name\":\"\u00c1rea nova do aeroporto de Juazeiro do Norte j\u00e1 opera em car\u00e1ter assistido\"}]},{\"@type\":\"WebSite\",\"@id\":\"https:\/\/www.abesata.org\/br\/#website\",\"url\":\"https:\/\/www.abesata.org\/br\/\",\"name\":\"Abesata\",\"description\":\"Associa\u00e7\u00e3o Brasileira das Empresas de Servi\u00e7os Auxiliares de Transporte A\u00e9reo\",\"publisher\":{\"@id\":\"https:\/\/www.abesata.org\/br\/#organization\"},\"potentialAction\":[{\"@type\":\"SearchAction\",\"target\":{\"@type\":\"EntryPoint\",\"urlTemplate\":\"https:\/\/www.abesata.org\/br\/?s={search_term_string}\"},\"query-input\":{\"@type\":\"PropertyValueSpecification\",\"valueRequired\":true,\"valueName\":\"search_term_string\"}}],\"inLanguage\":\"pt-BR\"},{\"@type\":\"Organization\",\"@id\":\"https:\/\/www.abesata.org\/br\/#organization\",\"name\":\"Associa\u00e7\u00e3o Brasileira das Empresas de Servi\u00e7os Auxiliares de Transporte A\u00e9reo\",\"alternateName\":\"Abesata\",\"url\":\"https:\/\/www.abesata.org\/br\/\",\"logo\":{\"@type\":\"ImageObject\",\"inLanguage\":\"pt-BR\",\"@id\":\"https:\/\/www.abesata.org\/br\/#\/schema\/logo\/image\/\",\"url\":\"https:\/\/www.abesata.org\/br\/wp-content\/uploads\/2023\/10\/Abesata.png\",\"contentUrl\":\"https:\/\/www.abesata.org\/br\/wp-content\/uploads\/2023\/10\/Abesata.png\",\"width\":1063,\"height\":591,\"caption\":\"Associa\u00e7\u00e3o Brasileira das Empresas de Servi\u00e7os Auxiliares de Transporte A\u00e9reo\"},\"image\":{\"@id\":\"https:\/\/www.abesata.org\/br\/#\/schema\/logo\/image\/\"},\"sameAs\":[\"https:\/\/www.facebook.com\/abesata.org\/\",\"https:\/\/www.instagram.com\/abesata_gh\/\",\"https:\/\/br.linkedin.com\/company\/abesata\"]},{\"@type\":\"Person\",\"@id\":\"https:\/\/www.abesata.org\/br\/#\/schema\/person\/1f1295145bee68e42ffe39157320456b\",\"name\":\"Ricardo\",\"image\":{\"@type\":\"ImageObject\",\"inLanguage\":\"pt-BR\",\"@id\":\"https:\/\/www.abesata.org\/br\/#\/schema\/person\/image\/\",\"url\":\"https:\/\/secure.gravatar.com\/avatar\/1d856797eb89513dee321f840c1a6bbcec15beb178c003e50adcf59323b3a8a9?s=96&d=mm&r=g\",\"contentUrl\":\"https:\/\/secure.gravatar.com\/avatar\/1d856797eb89513dee321f840c1a6bbcec15beb178c003e50adcf59323b3a8a9?s=96&d=mm&r=g\",\"caption\":\"Ricardo\"},\"url\":\"https:\/\/www.abesata.org\/br\/author\/ricardo-baroni\/\"}]}<\/script>\n<!-- \/ Yoast SEO plugin. -->","yoast_head_json":{"title":"\u00c1rea nova do aeroporto de Juazeiro do Norte j\u00e1 opera em car\u00e1ter assistido - Abesata","robots":{"index":"index","follow":"follow","max-snippet":"max-snippet:-1","max-image-preview":"max-image-preview:large","max-video-preview":"max-video-preview:-1"},"canonical":"https:\/\/www.abesata.org\/br\/area-nova-do-aeroporto-de-juazeiro-do-norte-ja-opera-em-carater-assistido\/","og_locale":"pt_BR","og_type":"article","og_title":"\u00c1rea nova do aeroporto de Juazeiro do Norte j\u00e1 opera em car\u00e1ter assistido - Abesata","og_description":"Obras foram finalizadas na semana passada; capacidade vai passar de 400 mil para 950 mil passageiros por ano. A nova sala de desembarque do Aeroporto Orlando Bezerra de Menezes, em Juazeiro do Norte (CE), j\u00e1 opera em car\u00e1ter assistido. Esse tipo de opera\u00e7\u00e3o \u00e9 o per\u00edodo em que os novos espa\u00e7os ser\u00e3o observados para monitoramento [&hellip;]","og_url":"https:\/\/www.abesata.org\/br\/area-nova-do-aeroporto-de-juazeiro-do-norte-ja-opera-em-carater-assistido\/","og_site_name":"Abesata","article_publisher":"https:\/\/www.facebook.com\/abesata.org\/","article_published_time":"2014-11-04T20:05:45+00:00","author":"Ricardo","twitter_card":"summary_large_image","twitter_misc":{"Escrito por":"Ricardo","Est. tempo de leitura":"2 minutos"},"schema":{"@context":"https:\/\/schema.org","@graph":[{"@type":"Article","@id":"https:\/\/www.abesata.org\/br\/area-nova-do-aeroporto-de-juazeiro-do-norte-ja-opera-em-carater-assistido\/#article","isPartOf":{"@id":"https:\/\/www.abesata.org\/br\/area-nova-do-aeroporto-de-juazeiro-do-norte-ja-opera-em-carater-assistido\/"},"author":{"name":"Ricardo","@id":"https:\/\/www.abesata.org\/br\/#\/schema\/person\/1f1295145bee68e42ffe39157320456b"},"headline":"\u00c1rea nova do aeroporto de Juazeiro do Norte j\u00e1 opera em car\u00e1ter assistido","datePublished":"2014-11-04T20:05:45+00:00","mainEntityOfPage":{"@id":"https:\/\/www.abesata.org\/br\/area-nova-do-aeroporto-de-juazeiro-do-norte-ja-opera-em-carater-assistido\/"},"wordCount":458,"publisher":{"@id":"https:\/\/www.abesata.org\/br\/#organization"},"inLanguage":"pt-BR"},{"@type":"WebPage","@id":"https:\/\/www.abesata.org\/br\/area-nova-do-aeroporto-de-juazeiro-do-norte-ja-opera-em-carater-assistido\/","url":"https:\/\/www.abesata.org\/br\/area-nova-do-aeroporto-de-juazeiro-do-norte-ja-opera-em-carater-assistido\/","name":"\u00c1rea nova do aeroporto de Juazeiro do Norte j\u00e1 opera em car\u00e1ter assistido - Abesata","isPartOf":{"@id":"https:\/\/www.abesata.org\/br\/#website"},"datePublished":"2014-11-04T20:05:45+00:00","breadcrumb":{"@id":"https:\/\/www.abesata.org\/br\/area-nova-do-aeroporto-de-juazeiro-do-norte-ja-opera-em-carater-assistido\/#breadcrumb"},"inLanguage":"pt-BR","potentialAction":[{"@type":"ReadAction","target":["https:\/\/www.abesata.org\/br\/area-nova-do-aeroporto-de-juazeiro-do-norte-ja-opera-em-carater-assistido\/"]}]},{"@type":"BreadcrumbList","@id":"https:\/\/www.abesata.org\/br\/area-nova-do-aeroporto-de-juazeiro-do-norte-ja-opera-em-carater-assistido\/#breadcrumb","itemListElement":[{"@type":"ListItem","position":1,"name":"In\u00edcio","item":"https:\/\/www.abesata.org\/br\/"},{"@type":"ListItem","position":2,"name":"\u00c1rea nova do aeroporto de Juazeiro do Norte j\u00e1 opera em car\u00e1ter assistido"}]},{"@type":"WebSite","@id":"https:\/\/www.abesata.org\/br\/#website","url":"https:\/\/www.abesata.org\/br\/","name":"Abesata","description":"Associa\u00e7\u00e3o Brasileira das Empresas de Servi\u00e7os Auxiliares de Transporte A\u00e9reo","publisher":{"@id":"https:\/\/www.abesata.org\/br\/#organization"},"potentialAction":[{"@type":"SearchAction","target":{"@type":"EntryPoint","urlTemplate":"https:\/\/www.abesata.org\/br\/?s={search_term_string}"},"query-input":{"@type":"PropertyValueSpecification","valueRequired":true,"valueName":"search_term_string"}}],"inLanguage":"pt-BR"},{"@type":"Organization","@id":"https:\/\/www.abesata.org\/br\/#organization","name":"Associa\u00e7\u00e3o Brasileira das Empresas de Servi\u00e7os Auxiliares de Transporte A\u00e9reo","alternateName":"Abesata","url":"https:\/\/www.abesata.org\/br\/","logo":{"@type":"ImageObject","inLanguage":"pt-BR","@id":"https:\/\/www.abesata.org\/br\/#\/schema\/logo\/image\/","url":"https:\/\/www.abesata.org\/br\/wp-content\/uploads\/2023\/10\/Abesata.png","contentUrl":"https:\/\/www.abesata.org\/br\/wp-content\/uploads\/2023\/10\/Abesata.png","width":1063,"height":591,"caption":"Associa\u00e7\u00e3o Brasileira das Empresas de Servi\u00e7os Auxiliares de Transporte A\u00e9reo"},"image":{"@id":"https:\/\/www.abesata.org\/br\/#\/schema\/logo\/image\/"},"sameAs":["https:\/\/www.facebook.com\/abesata.org\/","https:\/\/www.instagram.com\/abesata_gh\/","https:\/\/br.linkedin.com\/company\/abesata"]},{"@type":"Person","@id":"https:\/\/www.abesata.org\/br\/#\/schema\/person\/1f1295145bee68e42ffe39157320456b","name":"Ricardo","image":{"@type":"ImageObject","inLanguage":"pt-BR","@id":"https:\/\/www.abesata.org\/br\/#\/schema\/person\/image\/","url":"https:\/\/secure.gravatar.com\/avatar\/1d856797eb89513dee321f840c1a6bbcec15beb178c003e50adcf59323b3a8a9?s=96&d=mm&r=g","contentUrl":"https:\/\/secure.gravatar.com\/avatar\/1d856797eb89513dee321f840c1a6bbcec15beb178c003e50adcf59323b3a8a9?s=96&d=mm&r=g","caption":"Ricardo"},"url":"https:\/\/www.abesata.org\/br\/author\/ricardo-baroni\/"}]}},"_links":{"self":[{"href":"https:\/\/www.abesata.org\/br\/wp-json\/wp\/v2\/posts\/1800","targetHints":{"allow":["GET"]}}],"collection":[{"href":"https:\/\/www.abesata.org\/br\/wp-json\/wp\/v2\/posts"}],"about":[{"href":"https:\/\/www.abesata.org\/br\/wp-json\/wp\/v2\/types\/post"}],"author":[{"embeddable":true,"href":"https:\/\/www.abesata.org\/br\/wp-json\/wp\/v2\/users\/18"}],"replies":[{"embeddable":true,"href":"https:\/\/www.abesata.org\/br\/wp-json\/wp\/v2\/comments?post=1800"}],"version-history":[{"count":0,"href":"https:\/\/www.abesata.org\/br\/wp-json\/wp\/v2\/posts\/1800\/revisions"}],"wp:attachment":[{"href":"https:\/\/www.abesata.org\/br\/wp-json\/wp\/v2\/media?parent=1800"}],"wp:term":[{"taxonomy":"category","embeddable":true,"href":"https:\/\/www.abesata.org\/br\/wp-json\/wp\/v2\/categories?post=1800"},{"taxonomy":"post_tag","embeddable":true,"href":"https:\/\/www.abesata.org\/br\/wp-json\/wp\/v2\/tags?post=1800"}],"curies":[{"name":"wp","href":"https:\/\/api.w.org\/{rel}","templated":true}]}}