{"id":1806,"date":"2014-11-05T12:58:53","date_gmt":"2014-11-05T14:58:53","guid":{"rendered":"http:\/\/www.abesata.org\/?p=1806"},"modified":"2014-11-05T12:58:53","modified_gmt":"2014-11-05T14:58:53","slug":"sac-defende-que-15-do-fnac-seja-usado-para-subvencao-de-aviacao-regional","status":"publish","type":"post","link":"https:\/\/www.abesata.org\/br\/sac-defende-que-15-do-fnac-seja-usado-para-subvencao-de-aviacao-regional\/","title":{"rendered":"SAC defende que 15% do Fnac seja usado para subven\u00e7\u00e3o de avia\u00e7\u00e3o regional"},"content":{"rendered":"<p>O ministro da Avia\u00e7\u00e3o Civil, Moreira Franco, defendeu nesta ter\u00e7a-feira (04\/11) durante audi\u00eancia p\u00fablica no Senado Federal a utiliza\u00e7\u00e3o de 15% do Fundo Nacional de Avia\u00e7\u00e3o Civil (Fnac) para subsidiar a avia\u00e7\u00e3o regional. O incentivo deve ser regulamentado por lei ap\u00f3s a aprova\u00e7\u00e3o da cria\u00e7\u00e3o do Programa de Desenvolvimento da Avia\u00e7\u00e3o Regional, estabelecida pela\u00a0<a title=\"\" href=\"http:\/\/www.aviacaocivil.gov.br\/noticias\/2014\/11\/sac-defende-que-15-do-fnac-seja-usado-para-subvencao-de-aviacao-regional\/mp652_subsidio_aviacao_regional.pdf\" target=\"_self\">Medida Provis\u00f3ria n\u00ba 652\/2014<\/a>. Para 2015, a previs\u00e3o para o fundo \u00e9 de R$ 4 bilh\u00f5es.<\/p>\n<p>\u201cN\u00f3s j\u00e1 temos uma defini\u00e7\u00e3o do percentual m\u00e1ximo dos recursos do Fnac para os subs\u00eddios, que \u00e9 de 15%\u201d, disse Moreira Franco, destacando que a percentagem acompanha a opini\u00e3o do senador Flexa Ribeiro (PSDB-PA), relator da proposta na comiss\u00e3o mista formada por senadores e deputados para analisar a MP.<\/p>\n<p>Ainda segundo Moreira Franco, outro ponto que tem sido debatido entre a SAC e Flexa Ribeiro \u00e9 a dura\u00e7\u00e3o do programa de subven\u00e7\u00e3o da avia\u00e7\u00e3o regional: \u201cSe \u00e9 um programa de subs\u00eddios, ele tem que ter um prazo de dura\u00e7\u00e3o para que as partes todas se organizem. N\u00e3o s\u00f3 os passageiros e o governo, mas tamb\u00e9m as companhias a\u00e9reas com os planos de neg\u00f3cios delas\u201d.<\/p>\n<p>\u201cH\u00e1 uma discuss\u00e3o e n\u00f3s achamos que o prazo tem que ser cinco anos, mais cinco. Porque dois anos passam muito r\u00e1pido, e deixa de ser um programa de estado para ser programa de governo. O nosso objetivo \u00e9 fazer da pol\u00edtica de avia\u00e7\u00e3o civil que est\u00e1 sendo implementada uma pol\u00edtica de Estado e n\u00e3o de governo, para que n\u00f3s possamos ter de fato esse modal enraizado na cultura, na pr\u00e1tica de todos os brasileiros\u201d, enfatizou Moreira Franco.<\/p>\n<p>A MP visa baratear as passagens a\u00e9reas em aeroportos regionais por meio de subven\u00e7\u00e3o em tarifas aeroportu\u00e1rias e parte dos custos das companhias, para que a maior parte da popula\u00e7\u00e3o tenha acesso ao transporte a\u00e9reo.<br \/>\nA medida recebeu 85 emendas. Ap\u00f3s an\u00e1lise na comiss\u00e3o mista, a proposta segue para vota\u00e7\u00e3o nos plen\u00e1rios da C\u00e2mara dos Deputados e do Senado.<\/p>\n<p style=\"text-align: right;\">Fonte: SAC\/PR<br \/>\n04\/11\/2014<\/p>\n","protected":false},"excerpt":{"rendered":"<p>O ministro da Avia\u00e7\u00e3o Civil, Moreira Franco, defendeu nesta ter\u00e7a-feira (04\/11) durante audi\u00eancia p\u00fablica no Senado Federal a utiliza\u00e7\u00e3o de 15% do Fundo Nacional de Avia\u00e7\u00e3o Civil (Fnac) para subsidiar a avia\u00e7\u00e3o regional. O incentivo deve ser regulamentado por lei ap\u00f3s a aprova\u00e7\u00e3o da cria\u00e7\u00e3o do Programa de Desenvolvimento da Avia\u00e7\u00e3o Regional, estabelecida pela\u00a0Medida Provis\u00f3ria [&hellip;]<\/p>\n","protected":false},"author":18,"featured_media":1701,"comment_status":"closed","ping_status":"closed","sticky":false,"template":"","format":"standard","meta":{"footnotes":""},"categories":[],"tags":[],"class_list":["post-1806","post","type-post","status-publish","format-standard","has-post-thumbnail","hentry"],"yoast_head":"<!-- This site is optimized with the Yoast SEO plugin v26.5 - https:\/\/yoast.com\/wordpress\/plugins\/seo\/ -->\n<title>SAC defende que 15% do Fnac seja usado para subven\u00e7\u00e3o de avia\u00e7\u00e3o regional - Abesata<\/title>\n<meta name=\"robots\" content=\"index, follow, max-snippet:-1, max-image-preview:large, max-video-preview:-1\" \/>\n<link rel=\"canonical\" href=\"https:\/\/www.abesata.org\/br\/sac-defende-que-15-do-fnac-seja-usado-para-subvencao-de-aviacao-regional\/\" \/>\n<meta property=\"og:locale\" content=\"pt_BR\" \/>\n<meta property=\"og:type\" content=\"article\" \/>\n<meta property=\"og:title\" content=\"SAC defende que 15% do Fnac seja usado para subven\u00e7\u00e3o de avia\u00e7\u00e3o regional - Abesata\" \/>\n<meta property=\"og:description\" content=\"O ministro da Avia\u00e7\u00e3o Civil, Moreira Franco, defendeu nesta ter\u00e7a-feira (04\/11) durante audi\u00eancia p\u00fablica no Senado Federal a utiliza\u00e7\u00e3o de 15% do Fundo Nacional de Avia\u00e7\u00e3o Civil (Fnac) para subsidiar a avia\u00e7\u00e3o regional. O incentivo deve ser regulamentado por lei ap\u00f3s a aprova\u00e7\u00e3o da cria\u00e7\u00e3o do Programa de Desenvolvimento da Avia\u00e7\u00e3o Regional, estabelecida pela\u00a0Medida Provis\u00f3ria [&hellip;]\" \/>\n<meta property=\"og:url\" content=\"https:\/\/www.abesata.org\/br\/sac-defende-que-15-do-fnac-seja-usado-para-subvencao-de-aviacao-regional\/\" \/>\n<meta property=\"og:site_name\" content=\"Abesata\" \/>\n<meta property=\"article:publisher\" content=\"https:\/\/www.facebook.com\/abesata.org\/\" \/>\n<meta property=\"article:published_time\" content=\"2014-11-05T14:58:53+00:00\" \/>\n<meta property=\"og:image\" content=\"https:\/\/www.abesata.org\/br\/wp-content\/uploads\/2014\/10\/29.png\" \/>\n\t<meta property=\"og:image:width\" content=\"1707\" \/>\n\t<meta property=\"og:image:height\" content=\"560\" \/>\n\t<meta property=\"og:image:type\" content=\"image\/png\" \/>\n<meta name=\"author\" content=\"Ricardo\" \/>\n<meta name=\"twitter:card\" content=\"summary_large_image\" \/>\n<meta name=\"twitter:label1\" content=\"Escrito por\" \/>\n\t<meta name=\"twitter:data1\" content=\"Ricardo\" \/>\n\t<meta name=\"twitter:label2\" content=\"Est. tempo de leitura\" \/>\n\t<meta name=\"twitter:data2\" content=\"2 minutos\" \/>\n<script type=\"application\/ld+json\" class=\"yoast-schema-graph\">{\"@context\":\"https:\/\/schema.org\",\"@graph\":[{\"@type\":\"Article\",\"@id\":\"https:\/\/www.abesata.org\/br\/sac-defende-que-15-do-fnac-seja-usado-para-subvencao-de-aviacao-regional\/#article\",\"isPartOf\":{\"@id\":\"https:\/\/www.abesata.org\/br\/sac-defende-que-15-do-fnac-seja-usado-para-subvencao-de-aviacao-regional\/\"},\"author\":{\"name\":\"Ricardo\",\"@id\":\"https:\/\/www.abesata.org\/br\/#\/schema\/person\/1f1295145bee68e42ffe39157320456b\"},\"headline\":\"SAC defende que 15% do Fnac seja usado para subven\u00e7\u00e3o de avia\u00e7\u00e3o regional\",\"datePublished\":\"2014-11-05T14:58:53+00:00\",\"mainEntityOfPage\":{\"@id\":\"https:\/\/www.abesata.org\/br\/sac-defende-que-15-do-fnac-seja-usado-para-subvencao-de-aviacao-regional\/\"},\"wordCount\":375,\"publisher\":{\"@id\":\"https:\/\/www.abesata.org\/br\/#organization\"},\"image\":{\"@id\":\"https:\/\/www.abesata.org\/br\/sac-defende-que-15-do-fnac-seja-usado-para-subvencao-de-aviacao-regional\/#primaryimage\"},\"thumbnailUrl\":\"https:\/\/www.abesata.org\/br\/wp-content\/uploads\/2014\/10\/29.png\",\"inLanguage\":\"pt-BR\"},{\"@type\":\"WebPage\",\"@id\":\"https:\/\/www.abesata.org\/br\/sac-defende-que-15-do-fnac-seja-usado-para-subvencao-de-aviacao-regional\/\",\"url\":\"https:\/\/www.abesata.org\/br\/sac-defende-que-15-do-fnac-seja-usado-para-subvencao-de-aviacao-regional\/\",\"name\":\"SAC defende que 15% do Fnac seja usado para subven\u00e7\u00e3o de avia\u00e7\u00e3o regional - Abesata\",\"isPartOf\":{\"@id\":\"https:\/\/www.abesata.org\/br\/#website\"},\"primaryImageOfPage\":{\"@id\":\"https:\/\/www.abesata.org\/br\/sac-defende-que-15-do-fnac-seja-usado-para-subvencao-de-aviacao-regional\/#primaryimage\"},\"image\":{\"@id\":\"https:\/\/www.abesata.org\/br\/sac-defende-que-15-do-fnac-seja-usado-para-subvencao-de-aviacao-regional\/#primaryimage\"},\"thumbnailUrl\":\"https:\/\/www.abesata.org\/br\/wp-content\/uploads\/2014\/10\/29.png\",\"datePublished\":\"2014-11-05T14:58:53+00:00\",\"breadcrumb\":{\"@id\":\"https:\/\/www.abesata.org\/br\/sac-defende-que-15-do-fnac-seja-usado-para-subvencao-de-aviacao-regional\/#breadcrumb\"},\"inLanguage\":\"pt-BR\",\"potentialAction\":[{\"@type\":\"ReadAction\",\"target\":[\"https:\/\/www.abesata.org\/br\/sac-defende-que-15-do-fnac-seja-usado-para-subvencao-de-aviacao-regional\/\"]}]},{\"@type\":\"ImageObject\",\"inLanguage\":\"pt-BR\",\"@id\":\"https:\/\/www.abesata.org\/br\/sac-defende-que-15-do-fnac-seja-usado-para-subvencao-de-aviacao-regional\/#primaryimage\",\"url\":\"https:\/\/www.abesata.org\/br\/wp-content\/uploads\/2014\/10\/29.png\",\"contentUrl\":\"https:\/\/www.abesata.org\/br\/wp-content\/uploads\/2014\/10\/29.png\",\"width\":1707,\"height\":560},{\"@type\":\"BreadcrumbList\",\"@id\":\"https:\/\/www.abesata.org\/br\/sac-defende-que-15-do-fnac-seja-usado-para-subvencao-de-aviacao-regional\/#breadcrumb\",\"itemListElement\":[{\"@type\":\"ListItem\",\"position\":1,\"name\":\"In\u00edcio\",\"item\":\"https:\/\/www.abesata.org\/br\/\"},{\"@type\":\"ListItem\",\"position\":2,\"name\":\"SAC defende que 15% do Fnac seja usado para subven\u00e7\u00e3o de avia\u00e7\u00e3o regional\"}]},{\"@type\":\"WebSite\",\"@id\":\"https:\/\/www.abesata.org\/br\/#website\",\"url\":\"https:\/\/www.abesata.org\/br\/\",\"name\":\"Abesata\",\"description\":\"Associa\u00e7\u00e3o Brasileira das Empresas de Servi\u00e7os Auxiliares de Transporte A\u00e9reo\",\"publisher\":{\"@id\":\"https:\/\/www.abesata.org\/br\/#organization\"},\"potentialAction\":[{\"@type\":\"SearchAction\",\"target\":{\"@type\":\"EntryPoint\",\"urlTemplate\":\"https:\/\/www.abesata.org\/br\/?s={search_term_string}\"},\"query-input\":{\"@type\":\"PropertyValueSpecification\",\"valueRequired\":true,\"valueName\":\"search_term_string\"}}],\"inLanguage\":\"pt-BR\"},{\"@type\":\"Organization\",\"@id\":\"https:\/\/www.abesata.org\/br\/#organization\",\"name\":\"Associa\u00e7\u00e3o Brasileira das Empresas de Servi\u00e7os Auxiliares de Transporte A\u00e9reo\",\"alternateName\":\"Abesata\",\"url\":\"https:\/\/www.abesata.org\/br\/\",\"logo\":{\"@type\":\"ImageObject\",\"inLanguage\":\"pt-BR\",\"@id\":\"https:\/\/www.abesata.org\/br\/#\/schema\/logo\/image\/\",\"url\":\"https:\/\/www.abesata.org\/br\/wp-content\/uploads\/2023\/10\/Abesata.png\",\"contentUrl\":\"https:\/\/www.abesata.org\/br\/wp-content\/uploads\/2023\/10\/Abesata.png\",\"width\":1063,\"height\":591,\"caption\":\"Associa\u00e7\u00e3o Brasileira das Empresas de Servi\u00e7os Auxiliares de Transporte A\u00e9reo\"},\"image\":{\"@id\":\"https:\/\/www.abesata.org\/br\/#\/schema\/logo\/image\/\"},\"sameAs\":[\"https:\/\/www.facebook.com\/abesata.org\/\",\"https:\/\/www.instagram.com\/abesata_gh\/\",\"https:\/\/br.linkedin.com\/company\/abesata\"]},{\"@type\":\"Person\",\"@id\":\"https:\/\/www.abesata.org\/br\/#\/schema\/person\/1f1295145bee68e42ffe39157320456b\",\"name\":\"Ricardo\",\"image\":{\"@type\":\"ImageObject\",\"inLanguage\":\"pt-BR\",\"@id\":\"https:\/\/www.abesata.org\/br\/#\/schema\/person\/image\/\",\"url\":\"https:\/\/secure.gravatar.com\/avatar\/1d856797eb89513dee321f840c1a6bbcec15beb178c003e50adcf59323b3a8a9?s=96&d=mm&r=g\",\"contentUrl\":\"https:\/\/secure.gravatar.com\/avatar\/1d856797eb89513dee321f840c1a6bbcec15beb178c003e50adcf59323b3a8a9?s=96&d=mm&r=g\",\"caption\":\"Ricardo\"},\"url\":\"https:\/\/www.abesata.org\/br\/author\/ricardo-baroni\/\"}]}<\/script>\n<!-- \/ Yoast SEO plugin. -->","yoast_head_json":{"title":"SAC defende que 15% do Fnac seja usado para subven\u00e7\u00e3o de avia\u00e7\u00e3o regional - Abesata","robots":{"index":"index","follow":"follow","max-snippet":"max-snippet:-1","max-image-preview":"max-image-preview:large","max-video-preview":"max-video-preview:-1"},"canonical":"https:\/\/www.abesata.org\/br\/sac-defende-que-15-do-fnac-seja-usado-para-subvencao-de-aviacao-regional\/","og_locale":"pt_BR","og_type":"article","og_title":"SAC defende que 15% do Fnac seja usado para subven\u00e7\u00e3o de avia\u00e7\u00e3o regional - Abesata","og_description":"O ministro da Avia\u00e7\u00e3o Civil, Moreira Franco, defendeu nesta ter\u00e7a-feira (04\/11) durante audi\u00eancia p\u00fablica no Senado Federal a utiliza\u00e7\u00e3o de 15% do Fundo Nacional de Avia\u00e7\u00e3o Civil (Fnac) para subsidiar a avia\u00e7\u00e3o regional. O incentivo deve ser regulamentado por lei ap\u00f3s a aprova\u00e7\u00e3o da cria\u00e7\u00e3o do Programa de Desenvolvimento da Avia\u00e7\u00e3o Regional, estabelecida pela\u00a0Medida Provis\u00f3ria [&hellip;]","og_url":"https:\/\/www.abesata.org\/br\/sac-defende-que-15-do-fnac-seja-usado-para-subvencao-de-aviacao-regional\/","og_site_name":"Abesata","article_publisher":"https:\/\/www.facebook.com\/abesata.org\/","article_published_time":"2014-11-05T14:58:53+00:00","og_image":[{"width":1707,"height":560,"url":"https:\/\/www.abesata.org\/br\/wp-content\/uploads\/2014\/10\/29.png","type":"image\/png"}],"author":"Ricardo","twitter_card":"summary_large_image","twitter_misc":{"Escrito por":"Ricardo","Est. tempo de leitura":"2 minutos"},"schema":{"@context":"https:\/\/schema.org","@graph":[{"@type":"Article","@id":"https:\/\/www.abesata.org\/br\/sac-defende-que-15-do-fnac-seja-usado-para-subvencao-de-aviacao-regional\/#article","isPartOf":{"@id":"https:\/\/www.abesata.org\/br\/sac-defende-que-15-do-fnac-seja-usado-para-subvencao-de-aviacao-regional\/"},"author":{"name":"Ricardo","@id":"https:\/\/www.abesata.org\/br\/#\/schema\/person\/1f1295145bee68e42ffe39157320456b"},"headline":"SAC defende que 15% do Fnac seja usado para subven\u00e7\u00e3o de avia\u00e7\u00e3o regional","datePublished":"2014-11-05T14:58:53+00:00","mainEntityOfPage":{"@id":"https:\/\/www.abesata.org\/br\/sac-defende-que-15-do-fnac-seja-usado-para-subvencao-de-aviacao-regional\/"},"wordCount":375,"publisher":{"@id":"https:\/\/www.abesata.org\/br\/#organization"},"image":{"@id":"https:\/\/www.abesata.org\/br\/sac-defende-que-15-do-fnac-seja-usado-para-subvencao-de-aviacao-regional\/#primaryimage"},"thumbnailUrl":"https:\/\/www.abesata.org\/br\/wp-content\/uploads\/2014\/10\/29.png","inLanguage":"pt-BR"},{"@type":"WebPage","@id":"https:\/\/www.abesata.org\/br\/sac-defende-que-15-do-fnac-seja-usado-para-subvencao-de-aviacao-regional\/","url":"https:\/\/www.abesata.org\/br\/sac-defende-que-15-do-fnac-seja-usado-para-subvencao-de-aviacao-regional\/","name":"SAC defende que 15% do Fnac seja usado para subven\u00e7\u00e3o de avia\u00e7\u00e3o regional - Abesata","isPartOf":{"@id":"https:\/\/www.abesata.org\/br\/#website"},"primaryImageOfPage":{"@id":"https:\/\/www.abesata.org\/br\/sac-defende-que-15-do-fnac-seja-usado-para-subvencao-de-aviacao-regional\/#primaryimage"},"image":{"@id":"https:\/\/www.abesata.org\/br\/sac-defende-que-15-do-fnac-seja-usado-para-subvencao-de-aviacao-regional\/#primaryimage"},"thumbnailUrl":"https:\/\/www.abesata.org\/br\/wp-content\/uploads\/2014\/10\/29.png","datePublished":"2014-11-05T14:58:53+00:00","breadcrumb":{"@id":"https:\/\/www.abesata.org\/br\/sac-defende-que-15-do-fnac-seja-usado-para-subvencao-de-aviacao-regional\/#breadcrumb"},"inLanguage":"pt-BR","potentialAction":[{"@type":"ReadAction","target":["https:\/\/www.abesata.org\/br\/sac-defende-que-15-do-fnac-seja-usado-para-subvencao-de-aviacao-regional\/"]}]},{"@type":"ImageObject","inLanguage":"pt-BR","@id":"https:\/\/www.abesata.org\/br\/sac-defende-que-15-do-fnac-seja-usado-para-subvencao-de-aviacao-regional\/#primaryimage","url":"https:\/\/www.abesata.org\/br\/wp-content\/uploads\/2014\/10\/29.png","contentUrl":"https:\/\/www.abesata.org\/br\/wp-content\/uploads\/2014\/10\/29.png","width":1707,"height":560},{"@type":"BreadcrumbList","@id":"https:\/\/www.abesata.org\/br\/sac-defende-que-15-do-fnac-seja-usado-para-subvencao-de-aviacao-regional\/#breadcrumb","itemListElement":[{"@type":"ListItem","position":1,"name":"In\u00edcio","item":"https:\/\/www.abesata.org\/br\/"},{"@type":"ListItem","position":2,"name":"SAC defende que 15% do Fnac seja usado para subven\u00e7\u00e3o de avia\u00e7\u00e3o regional"}]},{"@type":"WebSite","@id":"https:\/\/www.abesata.org\/br\/#website","url":"https:\/\/www.abesata.org\/br\/","name":"Abesata","description":"Associa\u00e7\u00e3o Brasileira das Empresas de Servi\u00e7os Auxiliares de Transporte A\u00e9reo","publisher":{"@id":"https:\/\/www.abesata.org\/br\/#organization"},"potentialAction":[{"@type":"SearchAction","target":{"@type":"EntryPoint","urlTemplate":"https:\/\/www.abesata.org\/br\/?s={search_term_string}"},"query-input":{"@type":"PropertyValueSpecification","valueRequired":true,"valueName":"search_term_string"}}],"inLanguage":"pt-BR"},{"@type":"Organization","@id":"https:\/\/www.abesata.org\/br\/#organization","name":"Associa\u00e7\u00e3o Brasileira das Empresas de Servi\u00e7os Auxiliares de Transporte A\u00e9reo","alternateName":"Abesata","url":"https:\/\/www.abesata.org\/br\/","logo":{"@type":"ImageObject","inLanguage":"pt-BR","@id":"https:\/\/www.abesata.org\/br\/#\/schema\/logo\/image\/","url":"https:\/\/www.abesata.org\/br\/wp-content\/uploads\/2023\/10\/Abesata.png","contentUrl":"https:\/\/www.abesata.org\/br\/wp-content\/uploads\/2023\/10\/Abesata.png","width":1063,"height":591,"caption":"Associa\u00e7\u00e3o Brasileira das Empresas de Servi\u00e7os Auxiliares de Transporte A\u00e9reo"},"image":{"@id":"https:\/\/www.abesata.org\/br\/#\/schema\/logo\/image\/"},"sameAs":["https:\/\/www.facebook.com\/abesata.org\/","https:\/\/www.instagram.com\/abesata_gh\/","https:\/\/br.linkedin.com\/company\/abesata"]},{"@type":"Person","@id":"https:\/\/www.abesata.org\/br\/#\/schema\/person\/1f1295145bee68e42ffe39157320456b","name":"Ricardo","image":{"@type":"ImageObject","inLanguage":"pt-BR","@id":"https:\/\/www.abesata.org\/br\/#\/schema\/person\/image\/","url":"https:\/\/secure.gravatar.com\/avatar\/1d856797eb89513dee321f840c1a6bbcec15beb178c003e50adcf59323b3a8a9?s=96&d=mm&r=g","contentUrl":"https:\/\/secure.gravatar.com\/avatar\/1d856797eb89513dee321f840c1a6bbcec15beb178c003e50adcf59323b3a8a9?s=96&d=mm&r=g","caption":"Ricardo"},"url":"https:\/\/www.abesata.org\/br\/author\/ricardo-baroni\/"}]}},"_links":{"self":[{"href":"https:\/\/www.abesata.org\/br\/wp-json\/wp\/v2\/posts\/1806","targetHints":{"allow":["GET"]}}],"collection":[{"href":"https:\/\/www.abesata.org\/br\/wp-json\/wp\/v2\/posts"}],"about":[{"href":"https:\/\/www.abesata.org\/br\/wp-json\/wp\/v2\/types\/post"}],"author":[{"embeddable":true,"href":"https:\/\/www.abesata.org\/br\/wp-json\/wp\/v2\/users\/18"}],"replies":[{"embeddable":true,"href":"https:\/\/www.abesata.org\/br\/wp-json\/wp\/v2\/comments?post=1806"}],"version-history":[{"count":0,"href":"https:\/\/www.abesata.org\/br\/wp-json\/wp\/v2\/posts\/1806\/revisions"}],"wp:featuredmedia":[{"embeddable":true,"href":"https:\/\/www.abesata.org\/br\/wp-json\/wp\/v2\/media\/1701"}],"wp:attachment":[{"href":"https:\/\/www.abesata.org\/br\/wp-json\/wp\/v2\/media?parent=1806"}],"wp:term":[{"taxonomy":"category","embeddable":true,"href":"https:\/\/www.abesata.org\/br\/wp-json\/wp\/v2\/categories?post=1806"},{"taxonomy":"post_tag","embeddable":true,"href":"https:\/\/www.abesata.org\/br\/wp-json\/wp\/v2\/tags?post=1806"}],"curies":[{"name":"wp","href":"https:\/\/api.w.org\/{rel}","templated":true}]}}