{"id":1808,"date":"2014-11-05T13:02:01","date_gmt":"2014-11-05T15:02:01","guid":{"rendered":"http:\/\/www.abesata.org\/?p=1808"},"modified":"2014-11-05T13:02:01","modified_gmt":"2014-11-05T15:02:01","slug":"infraero-investe-r-245-milhoes-em-onibus-para-embarque","status":"publish","type":"post","link":"https:\/\/www.abesata.org\/br\/infraero-investe-r-245-milhoes-em-onibus-para-embarque\/","title":{"rendered":"Infraero investe R$ 24,5 milh\u00f5es em \u00f4nibus para embarque"},"content":{"rendered":"<p>A Empresa Brasileira de Infraestrutura Aeroportu\u00e1ria (Infraero) investiu R$ 24,5 milh\u00f5es na amplia\u00e7\u00e3o da frota de\u00a0\u00f4nibus<strong>\u00a0<\/strong>para transporte de passageiros.<\/p>\n<p>O embarque remoto, que envolve o fluxo de passageiros nos trajetos entre os terminais e aeronaves, recebeu 58 novos \u00f4nibus. Com isso, s\u00e3o agora 104 ve\u00edculos desse tipo nos aeroportos administrados pela empresa.<\/p>\n<p>Os novos \u00f4nibus v\u00e3o refor\u00e7ar o servi\u00e7o de transporte nos aeroportos de Fortaleza (CE), Macei\u00f3 (AL), Confins (MG), Santos Dumont (RJ), Curitiba (PR), Congonhas (SP), Florian\u00f3polis (SC), Porto Alegre (RS), Bel\u00e9m (PA), Manaus (AM), Cuiab\u00e1 (MT) e Salvador (BA).<\/p>\n<p>A Infraero afirma que s\u00e3o ve\u00edculos equipados com tecnologia capaz de oferecer alto padr\u00e3o de acessibilidade a pessoas com defici\u00eancia e mobilidade reduzida, al\u00e9m de oferecer mecanismos de seguran\u00e7a que evitam os riscos de fechamento das portas sobre os passageiros e de deslocamento em caso de abertura das entradas e sa\u00eddas.<\/p>\n<p>&#8220;O passageiro embarcar\u00e1 num \u00f4nibus com c\u00e2meras de r\u00e9 e sistema especial de ilumina\u00e7\u00e3o&#8221;, explica o superintendente de Gest\u00e3o Operacional da Infraero, Ant\u00f4nio Erivaldo Sales.<\/p>\n<p>Os novos \u00f4nibus contam com visual inspirado na bandeira do Brasil e na marca da empresa.<\/p>\n<p style=\"text-align: right;\">Fonte: Exame<br \/>\n04\/11\/2014<\/p>\n","protected":false},"excerpt":{"rendered":"<p>A Empresa Brasileira de Infraestrutura Aeroportu\u00e1ria (Infraero) investiu R$ 24,5 milh\u00f5es na amplia\u00e7\u00e3o da frota de\u00a0\u00f4nibus\u00a0para transporte de passageiros. O embarque remoto, que envolve o fluxo de passageiros nos trajetos entre os terminais e aeronaves, recebeu 58 novos \u00f4nibus. Com isso, s\u00e3o agora 104 ve\u00edculos desse tipo nos aeroportos administrados pela empresa. Os novos \u00f4nibus [&hellip;]<\/p>\n","protected":false},"author":18,"featured_media":1457,"comment_status":"closed","ping_status":"closed","sticky":false,"template":"","format":"standard","meta":{"footnotes":""},"categories":[],"tags":[],"class_list":["post-1808","post","type-post","status-publish","format-standard","has-post-thumbnail","hentry"],"yoast_head":"<!-- This site is optimized with the Yoast SEO plugin v26.5 - https:\/\/yoast.com\/wordpress\/plugins\/seo\/ -->\n<title>Infraero investe R$ 24,5 milh\u00f5es em \u00f4nibus para embarque - Abesata<\/title>\n<meta name=\"robots\" content=\"index, follow, max-snippet:-1, max-image-preview:large, max-video-preview:-1\" \/>\n<link rel=\"canonical\" href=\"https:\/\/www.abesata.org\/br\/infraero-investe-r-245-milhoes-em-onibus-para-embarque\/\" \/>\n<meta property=\"og:locale\" content=\"pt_BR\" \/>\n<meta property=\"og:type\" content=\"article\" \/>\n<meta property=\"og:title\" content=\"Infraero investe R$ 24,5 milh\u00f5es em \u00f4nibus para embarque - Abesata\" \/>\n<meta property=\"og:description\" content=\"A Empresa Brasileira de Infraestrutura Aeroportu\u00e1ria (Infraero) investiu R$ 24,5 milh\u00f5es na amplia\u00e7\u00e3o da frota de\u00a0\u00f4nibus\u00a0para transporte de passageiros. O embarque remoto, que envolve o fluxo de passageiros nos trajetos entre os terminais e aeronaves, recebeu 58 novos \u00f4nibus. Com isso, s\u00e3o agora 104 ve\u00edculos desse tipo nos aeroportos administrados pela empresa. Os novos \u00f4nibus [&hellip;]\" \/>\n<meta property=\"og:url\" content=\"https:\/\/www.abesata.org\/br\/infraero-investe-r-245-milhoes-em-onibus-para-embarque\/\" \/>\n<meta property=\"og:site_name\" content=\"Abesata\" \/>\n<meta property=\"article:publisher\" content=\"https:\/\/www.facebook.com\/abesata.org\/\" \/>\n<meta property=\"article:published_time\" content=\"2014-11-05T15:02:01+00:00\" \/>\n<meta property=\"og:image\" content=\"https:\/\/www.abesata.org\/br\/wp-content\/uploads\/2014\/09\/11.png\" \/>\n\t<meta property=\"og:image:width\" content=\"1706\" \/>\n\t<meta property=\"og:image:height\" content=\"560\" \/>\n\t<meta property=\"og:image:type\" content=\"image\/png\" \/>\n<meta name=\"author\" content=\"Ricardo\" \/>\n<meta name=\"twitter:card\" content=\"summary_large_image\" \/>\n<meta name=\"twitter:label1\" content=\"Escrito por\" \/>\n\t<meta name=\"twitter:data1\" content=\"Ricardo\" \/>\n\t<meta name=\"twitter:label2\" content=\"Est. tempo de leitura\" \/>\n\t<meta name=\"twitter:data2\" content=\"1 minuto\" \/>\n<script type=\"application\/ld+json\" class=\"yoast-schema-graph\">{\"@context\":\"https:\/\/schema.org\",\"@graph\":[{\"@type\":\"Article\",\"@id\":\"https:\/\/www.abesata.org\/br\/infraero-investe-r-245-milhoes-em-onibus-para-embarque\/#article\",\"isPartOf\":{\"@id\":\"https:\/\/www.abesata.org\/br\/infraero-investe-r-245-milhoes-em-onibus-para-embarque\/\"},\"author\":{\"name\":\"Ricardo\",\"@id\":\"https:\/\/www.abesata.org\/br\/#\/schema\/person\/1f1295145bee68e42ffe39157320456b\"},\"headline\":\"Infraero investe R$ 24,5 milh\u00f5es em \u00f4nibus para embarque\",\"datePublished\":\"2014-11-05T15:02:01+00:00\",\"mainEntityOfPage\":{\"@id\":\"https:\/\/www.abesata.org\/br\/infraero-investe-r-245-milhoes-em-onibus-para-embarque\/\"},\"wordCount\":214,\"publisher\":{\"@id\":\"https:\/\/www.abesata.org\/br\/#organization\"},\"image\":{\"@id\":\"https:\/\/www.abesata.org\/br\/infraero-investe-r-245-milhoes-em-onibus-para-embarque\/#primaryimage\"},\"thumbnailUrl\":\"https:\/\/www.abesata.org\/br\/wp-content\/uploads\/2014\/09\/11.png\",\"inLanguage\":\"pt-BR\"},{\"@type\":\"WebPage\",\"@id\":\"https:\/\/www.abesata.org\/br\/infraero-investe-r-245-milhoes-em-onibus-para-embarque\/\",\"url\":\"https:\/\/www.abesata.org\/br\/infraero-investe-r-245-milhoes-em-onibus-para-embarque\/\",\"name\":\"Infraero investe R$ 24,5 milh\u00f5es em \u00f4nibus para embarque - Abesata\",\"isPartOf\":{\"@id\":\"https:\/\/www.abesata.org\/br\/#website\"},\"primaryImageOfPage\":{\"@id\":\"https:\/\/www.abesata.org\/br\/infraero-investe-r-245-milhoes-em-onibus-para-embarque\/#primaryimage\"},\"image\":{\"@id\":\"https:\/\/www.abesata.org\/br\/infraero-investe-r-245-milhoes-em-onibus-para-embarque\/#primaryimage\"},\"thumbnailUrl\":\"https:\/\/www.abesata.org\/br\/wp-content\/uploads\/2014\/09\/11.png\",\"datePublished\":\"2014-11-05T15:02:01+00:00\",\"breadcrumb\":{\"@id\":\"https:\/\/www.abesata.org\/br\/infraero-investe-r-245-milhoes-em-onibus-para-embarque\/#breadcrumb\"},\"inLanguage\":\"pt-BR\",\"potentialAction\":[{\"@type\":\"ReadAction\",\"target\":[\"https:\/\/www.abesata.org\/br\/infraero-investe-r-245-milhoes-em-onibus-para-embarque\/\"]}]},{\"@type\":\"ImageObject\",\"inLanguage\":\"pt-BR\",\"@id\":\"https:\/\/www.abesata.org\/br\/infraero-investe-r-245-milhoes-em-onibus-para-embarque\/#primaryimage\",\"url\":\"https:\/\/www.abesata.org\/br\/wp-content\/uploads\/2014\/09\/11.png\",\"contentUrl\":\"https:\/\/www.abesata.org\/br\/wp-content\/uploads\/2014\/09\/11.png\",\"width\":1706,\"height\":560},{\"@type\":\"BreadcrumbList\",\"@id\":\"https:\/\/www.abesata.org\/br\/infraero-investe-r-245-milhoes-em-onibus-para-embarque\/#breadcrumb\",\"itemListElement\":[{\"@type\":\"ListItem\",\"position\":1,\"name\":\"In\u00edcio\",\"item\":\"https:\/\/www.abesata.org\/br\/\"},{\"@type\":\"ListItem\",\"position\":2,\"name\":\"Infraero investe R$ 24,5 milh\u00f5es em \u00f4nibus para embarque\"}]},{\"@type\":\"WebSite\",\"@id\":\"https:\/\/www.abesata.org\/br\/#website\",\"url\":\"https:\/\/www.abesata.org\/br\/\",\"name\":\"Abesata\",\"description\":\"Associa\u00e7\u00e3o Brasileira das Empresas de Servi\u00e7os Auxiliares de Transporte A\u00e9reo\",\"publisher\":{\"@id\":\"https:\/\/www.abesata.org\/br\/#organization\"},\"potentialAction\":[{\"@type\":\"SearchAction\",\"target\":{\"@type\":\"EntryPoint\",\"urlTemplate\":\"https:\/\/www.abesata.org\/br\/?s={search_term_string}\"},\"query-input\":{\"@type\":\"PropertyValueSpecification\",\"valueRequired\":true,\"valueName\":\"search_term_string\"}}],\"inLanguage\":\"pt-BR\"},{\"@type\":\"Organization\",\"@id\":\"https:\/\/www.abesata.org\/br\/#organization\",\"name\":\"Associa\u00e7\u00e3o Brasileira das Empresas de Servi\u00e7os Auxiliares de Transporte A\u00e9reo\",\"alternateName\":\"Abesata\",\"url\":\"https:\/\/www.abesata.org\/br\/\",\"logo\":{\"@type\":\"ImageObject\",\"inLanguage\":\"pt-BR\",\"@id\":\"https:\/\/www.abesata.org\/br\/#\/schema\/logo\/image\/\",\"url\":\"https:\/\/www.abesata.org\/br\/wp-content\/uploads\/2023\/10\/Abesata.png\",\"contentUrl\":\"https:\/\/www.abesata.org\/br\/wp-content\/uploads\/2023\/10\/Abesata.png\",\"width\":1063,\"height\":591,\"caption\":\"Associa\u00e7\u00e3o Brasileira das Empresas de Servi\u00e7os Auxiliares de Transporte A\u00e9reo\"},\"image\":{\"@id\":\"https:\/\/www.abesata.org\/br\/#\/schema\/logo\/image\/\"},\"sameAs\":[\"https:\/\/www.facebook.com\/abesata.org\/\",\"https:\/\/www.instagram.com\/abesata_gh\/\",\"https:\/\/br.linkedin.com\/company\/abesata\"]},{\"@type\":\"Person\",\"@id\":\"https:\/\/www.abesata.org\/br\/#\/schema\/person\/1f1295145bee68e42ffe39157320456b\",\"name\":\"Ricardo\",\"image\":{\"@type\":\"ImageObject\",\"inLanguage\":\"pt-BR\",\"@id\":\"https:\/\/www.abesata.org\/br\/#\/schema\/person\/image\/\",\"url\":\"https:\/\/secure.gravatar.com\/avatar\/1d856797eb89513dee321f840c1a6bbcec15beb178c003e50adcf59323b3a8a9?s=96&d=mm&r=g\",\"contentUrl\":\"https:\/\/secure.gravatar.com\/avatar\/1d856797eb89513dee321f840c1a6bbcec15beb178c003e50adcf59323b3a8a9?s=96&d=mm&r=g\",\"caption\":\"Ricardo\"},\"url\":\"https:\/\/www.abesata.org\/br\/author\/ricardo-baroni\/\"}]}<\/script>\n<!-- \/ Yoast SEO plugin. -->","yoast_head_json":{"title":"Infraero investe R$ 24,5 milh\u00f5es em \u00f4nibus para embarque - Abesata","robots":{"index":"index","follow":"follow","max-snippet":"max-snippet:-1","max-image-preview":"max-image-preview:large","max-video-preview":"max-video-preview:-1"},"canonical":"https:\/\/www.abesata.org\/br\/infraero-investe-r-245-milhoes-em-onibus-para-embarque\/","og_locale":"pt_BR","og_type":"article","og_title":"Infraero investe R$ 24,5 milh\u00f5es em \u00f4nibus para embarque - Abesata","og_description":"A Empresa Brasileira de Infraestrutura Aeroportu\u00e1ria (Infraero) investiu R$ 24,5 milh\u00f5es na amplia\u00e7\u00e3o da frota de\u00a0\u00f4nibus\u00a0para transporte de passageiros. O embarque remoto, que envolve o fluxo de passageiros nos trajetos entre os terminais e aeronaves, recebeu 58 novos \u00f4nibus. Com isso, s\u00e3o agora 104 ve\u00edculos desse tipo nos aeroportos administrados pela empresa. Os novos \u00f4nibus [&hellip;]","og_url":"https:\/\/www.abesata.org\/br\/infraero-investe-r-245-milhoes-em-onibus-para-embarque\/","og_site_name":"Abesata","article_publisher":"https:\/\/www.facebook.com\/abesata.org\/","article_published_time":"2014-11-05T15:02:01+00:00","og_image":[{"width":1706,"height":560,"url":"https:\/\/www.abesata.org\/br\/wp-content\/uploads\/2014\/09\/11.png","type":"image\/png"}],"author":"Ricardo","twitter_card":"summary_large_image","twitter_misc":{"Escrito por":"Ricardo","Est. tempo de leitura":"1 minuto"},"schema":{"@context":"https:\/\/schema.org","@graph":[{"@type":"Article","@id":"https:\/\/www.abesata.org\/br\/infraero-investe-r-245-milhoes-em-onibus-para-embarque\/#article","isPartOf":{"@id":"https:\/\/www.abesata.org\/br\/infraero-investe-r-245-milhoes-em-onibus-para-embarque\/"},"author":{"name":"Ricardo","@id":"https:\/\/www.abesata.org\/br\/#\/schema\/person\/1f1295145bee68e42ffe39157320456b"},"headline":"Infraero investe R$ 24,5 milh\u00f5es em \u00f4nibus para embarque","datePublished":"2014-11-05T15:02:01+00:00","mainEntityOfPage":{"@id":"https:\/\/www.abesata.org\/br\/infraero-investe-r-245-milhoes-em-onibus-para-embarque\/"},"wordCount":214,"publisher":{"@id":"https:\/\/www.abesata.org\/br\/#organization"},"image":{"@id":"https:\/\/www.abesata.org\/br\/infraero-investe-r-245-milhoes-em-onibus-para-embarque\/#primaryimage"},"thumbnailUrl":"https:\/\/www.abesata.org\/br\/wp-content\/uploads\/2014\/09\/11.png","inLanguage":"pt-BR"},{"@type":"WebPage","@id":"https:\/\/www.abesata.org\/br\/infraero-investe-r-245-milhoes-em-onibus-para-embarque\/","url":"https:\/\/www.abesata.org\/br\/infraero-investe-r-245-milhoes-em-onibus-para-embarque\/","name":"Infraero investe R$ 24,5 milh\u00f5es em \u00f4nibus para embarque - Abesata","isPartOf":{"@id":"https:\/\/www.abesata.org\/br\/#website"},"primaryImageOfPage":{"@id":"https:\/\/www.abesata.org\/br\/infraero-investe-r-245-milhoes-em-onibus-para-embarque\/#primaryimage"},"image":{"@id":"https:\/\/www.abesata.org\/br\/infraero-investe-r-245-milhoes-em-onibus-para-embarque\/#primaryimage"},"thumbnailUrl":"https:\/\/www.abesata.org\/br\/wp-content\/uploads\/2014\/09\/11.png","datePublished":"2014-11-05T15:02:01+00:00","breadcrumb":{"@id":"https:\/\/www.abesata.org\/br\/infraero-investe-r-245-milhoes-em-onibus-para-embarque\/#breadcrumb"},"inLanguage":"pt-BR","potentialAction":[{"@type":"ReadAction","target":["https:\/\/www.abesata.org\/br\/infraero-investe-r-245-milhoes-em-onibus-para-embarque\/"]}]},{"@type":"ImageObject","inLanguage":"pt-BR","@id":"https:\/\/www.abesata.org\/br\/infraero-investe-r-245-milhoes-em-onibus-para-embarque\/#primaryimage","url":"https:\/\/www.abesata.org\/br\/wp-content\/uploads\/2014\/09\/11.png","contentUrl":"https:\/\/www.abesata.org\/br\/wp-content\/uploads\/2014\/09\/11.png","width":1706,"height":560},{"@type":"BreadcrumbList","@id":"https:\/\/www.abesata.org\/br\/infraero-investe-r-245-milhoes-em-onibus-para-embarque\/#breadcrumb","itemListElement":[{"@type":"ListItem","position":1,"name":"In\u00edcio","item":"https:\/\/www.abesata.org\/br\/"},{"@type":"ListItem","position":2,"name":"Infraero investe R$ 24,5 milh\u00f5es em \u00f4nibus para embarque"}]},{"@type":"WebSite","@id":"https:\/\/www.abesata.org\/br\/#website","url":"https:\/\/www.abesata.org\/br\/","name":"Abesata","description":"Associa\u00e7\u00e3o Brasileira das Empresas de Servi\u00e7os Auxiliares de Transporte A\u00e9reo","publisher":{"@id":"https:\/\/www.abesata.org\/br\/#organization"},"potentialAction":[{"@type":"SearchAction","target":{"@type":"EntryPoint","urlTemplate":"https:\/\/www.abesata.org\/br\/?s={search_term_string}"},"query-input":{"@type":"PropertyValueSpecification","valueRequired":true,"valueName":"search_term_string"}}],"inLanguage":"pt-BR"},{"@type":"Organization","@id":"https:\/\/www.abesata.org\/br\/#organization","name":"Associa\u00e7\u00e3o Brasileira das Empresas de Servi\u00e7os Auxiliares de Transporte A\u00e9reo","alternateName":"Abesata","url":"https:\/\/www.abesata.org\/br\/","logo":{"@type":"ImageObject","inLanguage":"pt-BR","@id":"https:\/\/www.abesata.org\/br\/#\/schema\/logo\/image\/","url":"https:\/\/www.abesata.org\/br\/wp-content\/uploads\/2023\/10\/Abesata.png","contentUrl":"https:\/\/www.abesata.org\/br\/wp-content\/uploads\/2023\/10\/Abesata.png","width":1063,"height":591,"caption":"Associa\u00e7\u00e3o Brasileira das Empresas de Servi\u00e7os Auxiliares de Transporte A\u00e9reo"},"image":{"@id":"https:\/\/www.abesata.org\/br\/#\/schema\/logo\/image\/"},"sameAs":["https:\/\/www.facebook.com\/abesata.org\/","https:\/\/www.instagram.com\/abesata_gh\/","https:\/\/br.linkedin.com\/company\/abesata"]},{"@type":"Person","@id":"https:\/\/www.abesata.org\/br\/#\/schema\/person\/1f1295145bee68e42ffe39157320456b","name":"Ricardo","image":{"@type":"ImageObject","inLanguage":"pt-BR","@id":"https:\/\/www.abesata.org\/br\/#\/schema\/person\/image\/","url":"https:\/\/secure.gravatar.com\/avatar\/1d856797eb89513dee321f840c1a6bbcec15beb178c003e50adcf59323b3a8a9?s=96&d=mm&r=g","contentUrl":"https:\/\/secure.gravatar.com\/avatar\/1d856797eb89513dee321f840c1a6bbcec15beb178c003e50adcf59323b3a8a9?s=96&d=mm&r=g","caption":"Ricardo"},"url":"https:\/\/www.abesata.org\/br\/author\/ricardo-baroni\/"}]}},"_links":{"self":[{"href":"https:\/\/www.abesata.org\/br\/wp-json\/wp\/v2\/posts\/1808","targetHints":{"allow":["GET"]}}],"collection":[{"href":"https:\/\/www.abesata.org\/br\/wp-json\/wp\/v2\/posts"}],"about":[{"href":"https:\/\/www.abesata.org\/br\/wp-json\/wp\/v2\/types\/post"}],"author":[{"embeddable":true,"href":"https:\/\/www.abesata.org\/br\/wp-json\/wp\/v2\/users\/18"}],"replies":[{"embeddable":true,"href":"https:\/\/www.abesata.org\/br\/wp-json\/wp\/v2\/comments?post=1808"}],"version-history":[{"count":0,"href":"https:\/\/www.abesata.org\/br\/wp-json\/wp\/v2\/posts\/1808\/revisions"}],"wp:featuredmedia":[{"embeddable":true,"href":"https:\/\/www.abesata.org\/br\/wp-json\/wp\/v2\/media\/1457"}],"wp:attachment":[{"href":"https:\/\/www.abesata.org\/br\/wp-json\/wp\/v2\/media?parent=1808"}],"wp:term":[{"taxonomy":"category","embeddable":true,"href":"https:\/\/www.abesata.org\/br\/wp-json\/wp\/v2\/categories?post=1808"},{"taxonomy":"post_tag","embeddable":true,"href":"https:\/\/www.abesata.org\/br\/wp-json\/wp\/v2\/tags?post=1808"}],"curies":[{"name":"wp","href":"https:\/\/api.w.org\/{rel}","templated":true}]}}