{"id":1816,"date":"2014-11-07T15:12:50","date_gmt":"2014-11-07T17:12:50","guid":{"rendered":"http:\/\/www.abesata.org\/?p=1816"},"modified":"2014-11-07T15:12:50","modified_gmt":"2014-11-07T17:12:50","slug":"ambulifts-garantem-mobilidade-as-pessoas-com-deficiencia-nos-aeroportos","status":"publish","type":"post","link":"https:\/\/www.abesata.org\/br\/ambulifts-garantem-mobilidade-as-pessoas-com-deficiencia-nos-aeroportos\/","title":{"rendered":"Ambulifts garantem mobilidade \u00e0s pessoas com defici\u00eancia nos aeroportos"},"content":{"rendered":"<p>A fim de garantir a mobilidade das pessoas com defici\u00eancia nos aeroportos estaduais, o Governo do Estado disponibilizou ambulifts nos sete terminais administrados pela S\u00e3o Paulo Aeroportos. S\u00e3o ve\u00edculos adaptados com uma plataforma elevat\u00f3ria, capazes de transportar pessoas com dificuldade de locomo\u00e7\u00e3o at\u00e9 a aeronave.<\/p>\n<p style=\"text-align: center;\"><a style=\"color: #ff4b33; line-height: 24px; text-align: right;\" href=\"http:\/\/www.abesata.org\/wp-content\/uploads\/2014\/11\/62692.jpg\"><img fetchpriority=\"high\" decoding=\"async\" class=\"aligncenter  wp-image-1818\" alt=\"alckmin ambulift marilia\" src=\"https:\/\/www.abesata.org\/br\/wp-content\/uploads\/2014\/11\/62692-1024x682.jpg\" width=\"720\" height=\"479\" srcset=\"https:\/\/www.abesata.org\/br\/wp-content\/uploads\/2014\/11\/62692-1024x682.jpg 1024w, https:\/\/www.abesata.org\/br\/wp-content\/uploads\/2014\/11\/62692-300x200.jpg 300w, https:\/\/www.abesata.org\/br\/wp-content\/uploads\/2014\/11\/62692-225x150.jpg 225w, https:\/\/www.abesata.org\/br\/wp-content\/uploads\/2014\/11\/62692-150x100.jpg 150w\" sizes=\"(max-width: 720px) 100vw, 720px\" \/><\/a><\/p>\n<p>Na pr\u00e1tica, o ambulift estaciona ao lado da aeronave, na dire\u00e7\u00e3o da porta, para que a plataforma seja elevada at\u00e9 a altura da entrada. A aquisi\u00e7\u00e3o dos\u00a0equipamentos foi realizada pela Secretaria de Estado dos Direitos da Pessoa com Defici\u00eancia no valor de R$ 214.285,72 cada. Foram beneficiados os aeroportos estaduais dos munic\u00edpios de Ribeir\u00e3o Preto, Bauru, Presidente Prudente, Mar\u00edlia, S\u00e3o Jos\u00e9 do Rio Preto, Ara\u00e7atuba e Araraquara.<\/p>\n<p style=\"text-align: right;\">Fonte:\u00a0Portal do Governo do Estado\/SP<br \/>\n06\/11\/2014<br \/>\nFoto:\u00a0Portal do Governo do Estado\/SP<\/p>\n","protected":false},"excerpt":{"rendered":"<p>A fim de garantir a mobilidade das pessoas com defici\u00eancia nos aeroportos estaduais, o Governo do Estado disponibilizou ambulifts nos sete terminais administrados pela S\u00e3o Paulo Aeroportos. S\u00e3o ve\u00edculos adaptados com uma plataforma elevat\u00f3ria, capazes de transportar pessoas com dificuldade de locomo\u00e7\u00e3o at\u00e9 a aeronave. Na pr\u00e1tica, o ambulift estaciona ao lado da aeronave, na [&hellip;]<\/p>\n","protected":false},"author":18,"featured_media":1819,"comment_status":"closed","ping_status":"closed","sticky":false,"template":"","format":"standard","meta":{"footnotes":""},"categories":[],"tags":[],"class_list":["post-1816","post","type-post","status-publish","format-standard","has-post-thumbnail","hentry"],"yoast_head":"<!-- This site is optimized with the Yoast SEO plugin v26.5 - https:\/\/yoast.com\/wordpress\/plugins\/seo\/ -->\n<title>Ambulifts garantem mobilidade \u00e0s pessoas com defici\u00eancia nos aeroportos - Abesata<\/title>\n<meta name=\"robots\" content=\"index, follow, max-snippet:-1, max-image-preview:large, max-video-preview:-1\" \/>\n<link rel=\"canonical\" href=\"https:\/\/www.abesata.org\/br\/ambulifts-garantem-mobilidade-as-pessoas-com-deficiencia-nos-aeroportos\/\" \/>\n<meta property=\"og:locale\" content=\"pt_BR\" \/>\n<meta property=\"og:type\" content=\"article\" \/>\n<meta property=\"og:title\" content=\"Ambulifts garantem mobilidade \u00e0s pessoas com defici\u00eancia nos aeroportos - Abesata\" \/>\n<meta property=\"og:description\" content=\"A fim de garantir a mobilidade das pessoas com defici\u00eancia nos aeroportos estaduais, o Governo do Estado disponibilizou ambulifts nos sete terminais administrados pela S\u00e3o Paulo Aeroportos. S\u00e3o ve\u00edculos adaptados com uma plataforma elevat\u00f3ria, capazes de transportar pessoas com dificuldade de locomo\u00e7\u00e3o at\u00e9 a aeronave. Na pr\u00e1tica, o ambulift estaciona ao lado da aeronave, na [&hellip;]\" \/>\n<meta property=\"og:url\" content=\"https:\/\/www.abesata.org\/br\/ambulifts-garantem-mobilidade-as-pessoas-com-deficiencia-nos-aeroportos\/\" \/>\n<meta property=\"og:site_name\" content=\"Abesata\" \/>\n<meta property=\"article:publisher\" content=\"https:\/\/www.facebook.com\/abesata.org\/\" \/>\n<meta property=\"article:published_time\" content=\"2014-11-07T17:12:50+00:00\" \/>\n<meta property=\"og:image\" content=\"https:\/\/www.abesata.org\/br\/wp-content\/uploads\/2014\/11\/45.png\" \/>\n\t<meta property=\"og:image:width\" content=\"1707\" \/>\n\t<meta property=\"og:image:height\" content=\"560\" \/>\n\t<meta property=\"og:image:type\" content=\"image\/png\" \/>\n<meta name=\"author\" content=\"Ricardo\" \/>\n<meta name=\"twitter:card\" content=\"summary_large_image\" \/>\n<meta name=\"twitter:label1\" content=\"Escrito por\" \/>\n\t<meta name=\"twitter:data1\" content=\"Ricardo\" \/>\n\t<meta name=\"twitter:label2\" content=\"Est. tempo de leitura\" \/>\n\t<meta name=\"twitter:data2\" content=\"1 minuto\" \/>\n<script type=\"application\/ld+json\" class=\"yoast-schema-graph\">{\"@context\":\"https:\/\/schema.org\",\"@graph\":[{\"@type\":\"Article\",\"@id\":\"https:\/\/www.abesata.org\/br\/ambulifts-garantem-mobilidade-as-pessoas-com-deficiencia-nos-aeroportos\/#article\",\"isPartOf\":{\"@id\":\"https:\/\/www.abesata.org\/br\/ambulifts-garantem-mobilidade-as-pessoas-com-deficiencia-nos-aeroportos\/\"},\"author\":{\"name\":\"Ricardo\",\"@id\":\"https:\/\/www.abesata.org\/br\/#\/schema\/person\/1f1295145bee68e42ffe39157320456b\"},\"headline\":\"Ambulifts garantem mobilidade \u00e0s pessoas com defici\u00eancia nos aeroportos\",\"datePublished\":\"2014-11-07T17:12:50+00:00\",\"mainEntityOfPage\":{\"@id\":\"https:\/\/www.abesata.org\/br\/ambulifts-garantem-mobilidade-as-pessoas-com-deficiencia-nos-aeroportos\/\"},\"wordCount\":151,\"publisher\":{\"@id\":\"https:\/\/www.abesata.org\/br\/#organization\"},\"image\":{\"@id\":\"https:\/\/www.abesata.org\/br\/ambulifts-garantem-mobilidade-as-pessoas-com-deficiencia-nos-aeroportos\/#primaryimage\"},\"thumbnailUrl\":\"https:\/\/www.abesata.org\/br\/wp-content\/uploads\/2014\/11\/45.png\",\"inLanguage\":\"pt-BR\"},{\"@type\":\"WebPage\",\"@id\":\"https:\/\/www.abesata.org\/br\/ambulifts-garantem-mobilidade-as-pessoas-com-deficiencia-nos-aeroportos\/\",\"url\":\"https:\/\/www.abesata.org\/br\/ambulifts-garantem-mobilidade-as-pessoas-com-deficiencia-nos-aeroportos\/\",\"name\":\"Ambulifts garantem mobilidade \u00e0s pessoas com defici\u00eancia nos aeroportos - Abesata\",\"isPartOf\":{\"@id\":\"https:\/\/www.abesata.org\/br\/#website\"},\"primaryImageOfPage\":{\"@id\":\"https:\/\/www.abesata.org\/br\/ambulifts-garantem-mobilidade-as-pessoas-com-deficiencia-nos-aeroportos\/#primaryimage\"},\"image\":{\"@id\":\"https:\/\/www.abesata.org\/br\/ambulifts-garantem-mobilidade-as-pessoas-com-deficiencia-nos-aeroportos\/#primaryimage\"},\"thumbnailUrl\":\"https:\/\/www.abesata.org\/br\/wp-content\/uploads\/2014\/11\/45.png\",\"datePublished\":\"2014-11-07T17:12:50+00:00\",\"breadcrumb\":{\"@id\":\"https:\/\/www.abesata.org\/br\/ambulifts-garantem-mobilidade-as-pessoas-com-deficiencia-nos-aeroportos\/#breadcrumb\"},\"inLanguage\":\"pt-BR\",\"potentialAction\":[{\"@type\":\"ReadAction\",\"target\":[\"https:\/\/www.abesata.org\/br\/ambulifts-garantem-mobilidade-as-pessoas-com-deficiencia-nos-aeroportos\/\"]}]},{\"@type\":\"ImageObject\",\"inLanguage\":\"pt-BR\",\"@id\":\"https:\/\/www.abesata.org\/br\/ambulifts-garantem-mobilidade-as-pessoas-com-deficiencia-nos-aeroportos\/#primaryimage\",\"url\":\"https:\/\/www.abesata.org\/br\/wp-content\/uploads\/2014\/11\/45.png\",\"contentUrl\":\"https:\/\/www.abesata.org\/br\/wp-content\/uploads\/2014\/11\/45.png\",\"width\":1707,\"height\":560},{\"@type\":\"BreadcrumbList\",\"@id\":\"https:\/\/www.abesata.org\/br\/ambulifts-garantem-mobilidade-as-pessoas-com-deficiencia-nos-aeroportos\/#breadcrumb\",\"itemListElement\":[{\"@type\":\"ListItem\",\"position\":1,\"name\":\"In\u00edcio\",\"item\":\"https:\/\/www.abesata.org\/br\/\"},{\"@type\":\"ListItem\",\"position\":2,\"name\":\"Ambulifts garantem mobilidade \u00e0s pessoas com defici\u00eancia nos aeroportos\"}]},{\"@type\":\"WebSite\",\"@id\":\"https:\/\/www.abesata.org\/br\/#website\",\"url\":\"https:\/\/www.abesata.org\/br\/\",\"name\":\"Abesata\",\"description\":\"Associa\u00e7\u00e3o Brasileira das Empresas de Servi\u00e7os Auxiliares de Transporte A\u00e9reo\",\"publisher\":{\"@id\":\"https:\/\/www.abesata.org\/br\/#organization\"},\"potentialAction\":[{\"@type\":\"SearchAction\",\"target\":{\"@type\":\"EntryPoint\",\"urlTemplate\":\"https:\/\/www.abesata.org\/br\/?s={search_term_string}\"},\"query-input\":{\"@type\":\"PropertyValueSpecification\",\"valueRequired\":true,\"valueName\":\"search_term_string\"}}],\"inLanguage\":\"pt-BR\"},{\"@type\":\"Organization\",\"@id\":\"https:\/\/www.abesata.org\/br\/#organization\",\"name\":\"Associa\u00e7\u00e3o Brasileira das Empresas de Servi\u00e7os Auxiliares de Transporte A\u00e9reo\",\"alternateName\":\"Abesata\",\"url\":\"https:\/\/www.abesata.org\/br\/\",\"logo\":{\"@type\":\"ImageObject\",\"inLanguage\":\"pt-BR\",\"@id\":\"https:\/\/www.abesata.org\/br\/#\/schema\/logo\/image\/\",\"url\":\"https:\/\/www.abesata.org\/br\/wp-content\/uploads\/2023\/10\/Abesata.png\",\"contentUrl\":\"https:\/\/www.abesata.org\/br\/wp-content\/uploads\/2023\/10\/Abesata.png\",\"width\":1063,\"height\":591,\"caption\":\"Associa\u00e7\u00e3o Brasileira das Empresas de Servi\u00e7os Auxiliares de Transporte A\u00e9reo\"},\"image\":{\"@id\":\"https:\/\/www.abesata.org\/br\/#\/schema\/logo\/image\/\"},\"sameAs\":[\"https:\/\/www.facebook.com\/abesata.org\/\",\"https:\/\/www.instagram.com\/abesata_gh\/\",\"https:\/\/br.linkedin.com\/company\/abesata\"]},{\"@type\":\"Person\",\"@id\":\"https:\/\/www.abesata.org\/br\/#\/schema\/person\/1f1295145bee68e42ffe39157320456b\",\"name\":\"Ricardo\",\"image\":{\"@type\":\"ImageObject\",\"inLanguage\":\"pt-BR\",\"@id\":\"https:\/\/www.abesata.org\/br\/#\/schema\/person\/image\/\",\"url\":\"https:\/\/secure.gravatar.com\/avatar\/1d856797eb89513dee321f840c1a6bbcec15beb178c003e50adcf59323b3a8a9?s=96&d=mm&r=g\",\"contentUrl\":\"https:\/\/secure.gravatar.com\/avatar\/1d856797eb89513dee321f840c1a6bbcec15beb178c003e50adcf59323b3a8a9?s=96&d=mm&r=g\",\"caption\":\"Ricardo\"},\"url\":\"https:\/\/www.abesata.org\/br\/author\/ricardo-baroni\/\"}]}<\/script>\n<!-- \/ Yoast SEO plugin. -->","yoast_head_json":{"title":"Ambulifts garantem mobilidade \u00e0s pessoas com defici\u00eancia nos aeroportos - Abesata","robots":{"index":"index","follow":"follow","max-snippet":"max-snippet:-1","max-image-preview":"max-image-preview:large","max-video-preview":"max-video-preview:-1"},"canonical":"https:\/\/www.abesata.org\/br\/ambulifts-garantem-mobilidade-as-pessoas-com-deficiencia-nos-aeroportos\/","og_locale":"pt_BR","og_type":"article","og_title":"Ambulifts garantem mobilidade \u00e0s pessoas com defici\u00eancia nos aeroportos - Abesata","og_description":"A fim de garantir a mobilidade das pessoas com defici\u00eancia nos aeroportos estaduais, o Governo do Estado disponibilizou ambulifts nos sete terminais administrados pela S\u00e3o Paulo Aeroportos. S\u00e3o ve\u00edculos adaptados com uma plataforma elevat\u00f3ria, capazes de transportar pessoas com dificuldade de locomo\u00e7\u00e3o at\u00e9 a aeronave. Na pr\u00e1tica, o ambulift estaciona ao lado da aeronave, na [&hellip;]","og_url":"https:\/\/www.abesata.org\/br\/ambulifts-garantem-mobilidade-as-pessoas-com-deficiencia-nos-aeroportos\/","og_site_name":"Abesata","article_publisher":"https:\/\/www.facebook.com\/abesata.org\/","article_published_time":"2014-11-07T17:12:50+00:00","og_image":[{"width":1707,"height":560,"url":"https:\/\/www.abesata.org\/br\/wp-content\/uploads\/2014\/11\/45.png","type":"image\/png"}],"author":"Ricardo","twitter_card":"summary_large_image","twitter_misc":{"Escrito por":"Ricardo","Est. tempo de leitura":"1 minuto"},"schema":{"@context":"https:\/\/schema.org","@graph":[{"@type":"Article","@id":"https:\/\/www.abesata.org\/br\/ambulifts-garantem-mobilidade-as-pessoas-com-deficiencia-nos-aeroportos\/#article","isPartOf":{"@id":"https:\/\/www.abesata.org\/br\/ambulifts-garantem-mobilidade-as-pessoas-com-deficiencia-nos-aeroportos\/"},"author":{"name":"Ricardo","@id":"https:\/\/www.abesata.org\/br\/#\/schema\/person\/1f1295145bee68e42ffe39157320456b"},"headline":"Ambulifts garantem mobilidade \u00e0s pessoas com defici\u00eancia nos aeroportos","datePublished":"2014-11-07T17:12:50+00:00","mainEntityOfPage":{"@id":"https:\/\/www.abesata.org\/br\/ambulifts-garantem-mobilidade-as-pessoas-com-deficiencia-nos-aeroportos\/"},"wordCount":151,"publisher":{"@id":"https:\/\/www.abesata.org\/br\/#organization"},"image":{"@id":"https:\/\/www.abesata.org\/br\/ambulifts-garantem-mobilidade-as-pessoas-com-deficiencia-nos-aeroportos\/#primaryimage"},"thumbnailUrl":"https:\/\/www.abesata.org\/br\/wp-content\/uploads\/2014\/11\/45.png","inLanguage":"pt-BR"},{"@type":"WebPage","@id":"https:\/\/www.abesata.org\/br\/ambulifts-garantem-mobilidade-as-pessoas-com-deficiencia-nos-aeroportos\/","url":"https:\/\/www.abesata.org\/br\/ambulifts-garantem-mobilidade-as-pessoas-com-deficiencia-nos-aeroportos\/","name":"Ambulifts garantem mobilidade \u00e0s pessoas com defici\u00eancia nos aeroportos - Abesata","isPartOf":{"@id":"https:\/\/www.abesata.org\/br\/#website"},"primaryImageOfPage":{"@id":"https:\/\/www.abesata.org\/br\/ambulifts-garantem-mobilidade-as-pessoas-com-deficiencia-nos-aeroportos\/#primaryimage"},"image":{"@id":"https:\/\/www.abesata.org\/br\/ambulifts-garantem-mobilidade-as-pessoas-com-deficiencia-nos-aeroportos\/#primaryimage"},"thumbnailUrl":"https:\/\/www.abesata.org\/br\/wp-content\/uploads\/2014\/11\/45.png","datePublished":"2014-11-07T17:12:50+00:00","breadcrumb":{"@id":"https:\/\/www.abesata.org\/br\/ambulifts-garantem-mobilidade-as-pessoas-com-deficiencia-nos-aeroportos\/#breadcrumb"},"inLanguage":"pt-BR","potentialAction":[{"@type":"ReadAction","target":["https:\/\/www.abesata.org\/br\/ambulifts-garantem-mobilidade-as-pessoas-com-deficiencia-nos-aeroportos\/"]}]},{"@type":"ImageObject","inLanguage":"pt-BR","@id":"https:\/\/www.abesata.org\/br\/ambulifts-garantem-mobilidade-as-pessoas-com-deficiencia-nos-aeroportos\/#primaryimage","url":"https:\/\/www.abesata.org\/br\/wp-content\/uploads\/2014\/11\/45.png","contentUrl":"https:\/\/www.abesata.org\/br\/wp-content\/uploads\/2014\/11\/45.png","width":1707,"height":560},{"@type":"BreadcrumbList","@id":"https:\/\/www.abesata.org\/br\/ambulifts-garantem-mobilidade-as-pessoas-com-deficiencia-nos-aeroportos\/#breadcrumb","itemListElement":[{"@type":"ListItem","position":1,"name":"In\u00edcio","item":"https:\/\/www.abesata.org\/br\/"},{"@type":"ListItem","position":2,"name":"Ambulifts garantem mobilidade \u00e0s pessoas com defici\u00eancia nos aeroportos"}]},{"@type":"WebSite","@id":"https:\/\/www.abesata.org\/br\/#website","url":"https:\/\/www.abesata.org\/br\/","name":"Abesata","description":"Associa\u00e7\u00e3o Brasileira das Empresas de Servi\u00e7os Auxiliares de Transporte A\u00e9reo","publisher":{"@id":"https:\/\/www.abesata.org\/br\/#organization"},"potentialAction":[{"@type":"SearchAction","target":{"@type":"EntryPoint","urlTemplate":"https:\/\/www.abesata.org\/br\/?s={search_term_string}"},"query-input":{"@type":"PropertyValueSpecification","valueRequired":true,"valueName":"search_term_string"}}],"inLanguage":"pt-BR"},{"@type":"Organization","@id":"https:\/\/www.abesata.org\/br\/#organization","name":"Associa\u00e7\u00e3o Brasileira das Empresas de Servi\u00e7os Auxiliares de Transporte A\u00e9reo","alternateName":"Abesata","url":"https:\/\/www.abesata.org\/br\/","logo":{"@type":"ImageObject","inLanguage":"pt-BR","@id":"https:\/\/www.abesata.org\/br\/#\/schema\/logo\/image\/","url":"https:\/\/www.abesata.org\/br\/wp-content\/uploads\/2023\/10\/Abesata.png","contentUrl":"https:\/\/www.abesata.org\/br\/wp-content\/uploads\/2023\/10\/Abesata.png","width":1063,"height":591,"caption":"Associa\u00e7\u00e3o Brasileira das Empresas de Servi\u00e7os Auxiliares de Transporte A\u00e9reo"},"image":{"@id":"https:\/\/www.abesata.org\/br\/#\/schema\/logo\/image\/"},"sameAs":["https:\/\/www.facebook.com\/abesata.org\/","https:\/\/www.instagram.com\/abesata_gh\/","https:\/\/br.linkedin.com\/company\/abesata"]},{"@type":"Person","@id":"https:\/\/www.abesata.org\/br\/#\/schema\/person\/1f1295145bee68e42ffe39157320456b","name":"Ricardo","image":{"@type":"ImageObject","inLanguage":"pt-BR","@id":"https:\/\/www.abesata.org\/br\/#\/schema\/person\/image\/","url":"https:\/\/secure.gravatar.com\/avatar\/1d856797eb89513dee321f840c1a6bbcec15beb178c003e50adcf59323b3a8a9?s=96&d=mm&r=g","contentUrl":"https:\/\/secure.gravatar.com\/avatar\/1d856797eb89513dee321f840c1a6bbcec15beb178c003e50adcf59323b3a8a9?s=96&d=mm&r=g","caption":"Ricardo"},"url":"https:\/\/www.abesata.org\/br\/author\/ricardo-baroni\/"}]}},"_links":{"self":[{"href":"https:\/\/www.abesata.org\/br\/wp-json\/wp\/v2\/posts\/1816","targetHints":{"allow":["GET"]}}],"collection":[{"href":"https:\/\/www.abesata.org\/br\/wp-json\/wp\/v2\/posts"}],"about":[{"href":"https:\/\/www.abesata.org\/br\/wp-json\/wp\/v2\/types\/post"}],"author":[{"embeddable":true,"href":"https:\/\/www.abesata.org\/br\/wp-json\/wp\/v2\/users\/18"}],"replies":[{"embeddable":true,"href":"https:\/\/www.abesata.org\/br\/wp-json\/wp\/v2\/comments?post=1816"}],"version-history":[{"count":0,"href":"https:\/\/www.abesata.org\/br\/wp-json\/wp\/v2\/posts\/1816\/revisions"}],"wp:featuredmedia":[{"embeddable":true,"href":"https:\/\/www.abesata.org\/br\/wp-json\/wp\/v2\/media\/1819"}],"wp:attachment":[{"href":"https:\/\/www.abesata.org\/br\/wp-json\/wp\/v2\/media?parent=1816"}],"wp:term":[{"taxonomy":"category","embeddable":true,"href":"https:\/\/www.abesata.org\/br\/wp-json\/wp\/v2\/categories?post=1816"},{"taxonomy":"post_tag","embeddable":true,"href":"https:\/\/www.abesata.org\/br\/wp-json\/wp\/v2\/tags?post=1816"}],"curies":[{"name":"wp","href":"https:\/\/api.w.org\/{rel}","templated":true}]}}