{"id":1828,"date":"2014-11-10T15:22:35","date_gmt":"2014-11-10T17:22:35","guid":{"rendered":"http:\/\/www.abesata.org\/?p=1828"},"modified":"2014-11-10T15:22:35","modified_gmt":"2014-11-10T17:22:35","slug":"aviacao-civil-aprova-projetos-de-ampliacao-do-leite-lopes-em-ribeirao","status":"publish","type":"post","link":"https:\/\/www.abesata.org\/br\/aviacao-civil-aprova-projetos-de-ampliacao-do-leite-lopes-em-ribeirao\/","title":{"rendered":"Avia\u00e7\u00e3o Civil aprova projetos de amplia\u00e7\u00e3o do Leite Lopes em Ribeir\u00e3o"},"content":{"rendered":"<p>O Departamento Aerovi\u00e1rio do Estado de S\u00e3o Paulo (Daesp) informou nesta sexta-feira (07\/11) que a Secretaria de Avia\u00e7\u00e3o Civil (SAC) aprovou todos os projetos apresentados pelo Estado para a amplia\u00e7\u00e3o do Aeroporto Leite Lopes, em Ribeir\u00e3o Preto (SP). Em reuni\u00e3o realizada em Bras\u00edlia (DF) na ter\u00e7a-feira (4), a pasta manteve, inclusive, a \u00e1rea do novo terminal de passageiros em 35 mil metros quadrados,<a href=\"http:\/\/g1.globo.com\/sp\/ribeirao-preto-franca\/noticia\/2014\/10\/daesp-cita-divergencia-com-aviacao-civil-em-ampliacao-do-leite-lopes.html\">\u00a0\u00e1rea apresentada pelo Daesp que havia sido alterada<\/a>\u00a0para 8 mil metros quadrados no projeto executivo da Avia\u00e7\u00e3o Civil. A expectativa, segundo o Estado, \u00e9 de que a SAC publique os editais de licita\u00e7\u00e3o para as obras em at\u00e9 90 dias.<\/p>\n<p>O valor estimado do investimento para a amplia\u00e7\u00e3o do aeroporto \u00e9 de R$ 443 milh\u00f5es, compostos por verbas verbas federal, estadual e municipal. De acordo com o superintendente do Daesp, Ricardo Volpi, o projeto no Leite Lopes inclui a constru\u00e7\u00e3o de um terminal de dois andares e pontes de embarque em diversos pontos, al\u00e9m do deslocamento da pista em 500 metros e da constru\u00e7\u00e3o de um novo p\u00e1tio de aeronaves, com capacidade para at\u00e9 17 avi\u00f5es.<\/p>\n<p><strong>Impasse<\/strong><br \/>\nO mais recente impasse envolvendo a aprova\u00e7\u00e3o das obras de amplia\u00e7\u00e3o do Leite Lopes diz respeito a diverg\u00eancias apontadas pelo Daesp no projeto executivo apresentado pela SAC. Em outubro, a Avia\u00e7\u00e3o Civil exp\u00f4s que a amplia\u00e7\u00e3o do terminal de passageiros do aeroporto saltaria de 3,5 mil metros quadrados para 8 mil metros quadrados &#8211; diferen\u00e7a de 27 mil metros quadrados da \u00e1rea antes apresentada pelo Daesp. O Estado questionou a SAC, que avaliou as mudan\u00e7as e reconsiderou o tamanho previamente determinado pelo departamento.<\/p>\n<p><strong>As obras<\/strong><br \/>\nOr\u00e7adas em R$ 443 milh\u00f5es bancados com verbas federal, estadual e municipal, as obras visam transformar o Aeroporto Leite Lopes em um terminal internacional. Deste total, o governo federal investir\u00e1 R$ 178 milh\u00f5es na amplia\u00e7\u00e3o da pista \u2013 de 1,7 mil para 2,6 mil metros -, na constru\u00e7\u00e3o de um p\u00e1tio de aeronaves e na amplia\u00e7\u00e3o do terminal de passageiros.<\/p>\n<p>Segundo o Daesp, \u00e9 estimado que o governo do Estado investir\u00e1 R$ 240 milh\u00f5es na desapropria\u00e7\u00e3o da \u00e1rea e constru\u00e7\u00e3o de uma passagem inferior. J\u00e1 a Prefeitura dever\u00e1 investir mais R$ 25 milh\u00f5es na implanta\u00e7\u00e3o de adequa\u00e7\u00f5es vi\u00e1rias, como a constru\u00e7\u00e3o de um t\u00fanel.<\/p>\n<p>Previstas para come\u00e7ar este ano, as obras de amplia\u00e7\u00e3o do Leite Lopes travaram em quest\u00f5es como a assinatura de um termo de ajustamento de conduta (TAC) entre o Daesp e a Companhia de Tecnologia de Saneamento Ambiental (Cetesb), documento que estabelecia adequa\u00e7\u00f5es para o licenciamento ambiental do aeroporto. O Daesp comunicou que a licen\u00e7a foi expedida em julho e que uma c\u00f3pia foi remetida no mesmo m\u00eas para a SAC.<\/p>\n<p style=\"text-align: right;\">Fonte: G1<br \/>\n08\/11\/2014<br \/>\nFoto:\u00a0Adriano Oliveira\/G1<\/p>\n","protected":false},"excerpt":{"rendered":"<p>O Departamento Aerovi\u00e1rio do Estado de S\u00e3o Paulo (Daesp) informou nesta sexta-feira (07\/11) que a Secretaria de Avia\u00e7\u00e3o Civil (SAC) aprovou todos os projetos apresentados pelo Estado para a amplia\u00e7\u00e3o do Aeroporto Leite Lopes, em Ribeir\u00e3o Preto (SP). Em reuni\u00e3o realizada em Bras\u00edlia (DF) na ter\u00e7a-feira (4), a pasta manteve, inclusive, a \u00e1rea do novo [&hellip;]<\/p>\n","protected":false},"author":18,"featured_media":1829,"comment_status":"closed","ping_status":"closed","sticky":false,"template":"","format":"standard","meta":{"footnotes":""},"categories":[],"tags":[],"class_list":["post-1828","post","type-post","status-publish","format-standard","has-post-thumbnail","hentry"],"yoast_head":"<!-- This site is optimized with the Yoast SEO plugin v26.5 - https:\/\/yoast.com\/wordpress\/plugins\/seo\/ -->\n<title>Avia\u00e7\u00e3o Civil aprova projetos de amplia\u00e7\u00e3o do Leite Lopes em Ribeir\u00e3o - Abesata<\/title>\n<meta name=\"robots\" content=\"index, follow, max-snippet:-1, max-image-preview:large, max-video-preview:-1\" \/>\n<link rel=\"canonical\" href=\"https:\/\/www.abesata.org\/br\/aviacao-civil-aprova-projetos-de-ampliacao-do-leite-lopes-em-ribeirao\/\" \/>\n<meta property=\"og:locale\" content=\"pt_BR\" \/>\n<meta property=\"og:type\" content=\"article\" \/>\n<meta property=\"og:title\" content=\"Avia\u00e7\u00e3o Civil aprova projetos de amplia\u00e7\u00e3o do Leite Lopes em Ribeir\u00e3o - Abesata\" \/>\n<meta property=\"og:description\" content=\"O Departamento Aerovi\u00e1rio do Estado de S\u00e3o Paulo (Daesp) informou nesta sexta-feira (07\/11) que a Secretaria de Avia\u00e7\u00e3o Civil (SAC) aprovou todos os projetos apresentados pelo Estado para a amplia\u00e7\u00e3o do Aeroporto Leite Lopes, em Ribeir\u00e3o Preto (SP). Em reuni\u00e3o realizada em Bras\u00edlia (DF) na ter\u00e7a-feira (4), a pasta manteve, inclusive, a \u00e1rea do novo [&hellip;]\" \/>\n<meta property=\"og:url\" content=\"https:\/\/www.abesata.org\/br\/aviacao-civil-aprova-projetos-de-ampliacao-do-leite-lopes-em-ribeirao\/\" \/>\n<meta property=\"og:site_name\" content=\"Abesata\" \/>\n<meta property=\"article:publisher\" content=\"https:\/\/www.facebook.com\/abesata.org\/\" \/>\n<meta property=\"article:published_time\" content=\"2014-11-10T17:22:35+00:00\" \/>\n<meta property=\"og:image\" content=\"https:\/\/www.abesata.org\/br\/wp-content\/uploads\/2014\/11\/46.png\" \/>\n\t<meta property=\"og:image:width\" content=\"2048\" \/>\n\t<meta property=\"og:image:height\" content=\"672\" \/>\n\t<meta property=\"og:image:type\" content=\"image\/png\" \/>\n<meta name=\"author\" content=\"Ricardo\" \/>\n<meta name=\"twitter:card\" content=\"summary_large_image\" \/>\n<meta name=\"twitter:label1\" content=\"Escrito por\" \/>\n\t<meta name=\"twitter:data1\" content=\"Ricardo\" \/>\n\t<meta name=\"twitter:label2\" content=\"Est. tempo de leitura\" \/>\n\t<meta name=\"twitter:data2\" content=\"2 minutos\" \/>\n<script type=\"application\/ld+json\" class=\"yoast-schema-graph\">{\"@context\":\"https:\/\/schema.org\",\"@graph\":[{\"@type\":\"Article\",\"@id\":\"https:\/\/www.abesata.org\/br\/aviacao-civil-aprova-projetos-de-ampliacao-do-leite-lopes-em-ribeirao\/#article\",\"isPartOf\":{\"@id\":\"https:\/\/www.abesata.org\/br\/aviacao-civil-aprova-projetos-de-ampliacao-do-leite-lopes-em-ribeirao\/\"},\"author\":{\"name\":\"Ricardo\",\"@id\":\"https:\/\/www.abesata.org\/br\/#\/schema\/person\/1f1295145bee68e42ffe39157320456b\"},\"headline\":\"Avia\u00e7\u00e3o Civil aprova projetos de amplia\u00e7\u00e3o do Leite Lopes em Ribeir\u00e3o\",\"datePublished\":\"2014-11-10T17:22:35+00:00\",\"mainEntityOfPage\":{\"@id\":\"https:\/\/www.abesata.org\/br\/aviacao-civil-aprova-projetos-de-ampliacao-do-leite-lopes-em-ribeirao\/\"},\"wordCount\":487,\"publisher\":{\"@id\":\"https:\/\/www.abesata.org\/br\/#organization\"},\"image\":{\"@id\":\"https:\/\/www.abesata.org\/br\/aviacao-civil-aprova-projetos-de-ampliacao-do-leite-lopes-em-ribeirao\/#primaryimage\"},\"thumbnailUrl\":\"https:\/\/www.abesata.org\/br\/wp-content\/uploads\/2014\/11\/46.png\",\"inLanguage\":\"pt-BR\"},{\"@type\":\"WebPage\",\"@id\":\"https:\/\/www.abesata.org\/br\/aviacao-civil-aprova-projetos-de-ampliacao-do-leite-lopes-em-ribeirao\/\",\"url\":\"https:\/\/www.abesata.org\/br\/aviacao-civil-aprova-projetos-de-ampliacao-do-leite-lopes-em-ribeirao\/\",\"name\":\"Avia\u00e7\u00e3o Civil aprova projetos de amplia\u00e7\u00e3o do Leite Lopes em Ribeir\u00e3o - Abesata\",\"isPartOf\":{\"@id\":\"https:\/\/www.abesata.org\/br\/#website\"},\"primaryImageOfPage\":{\"@id\":\"https:\/\/www.abesata.org\/br\/aviacao-civil-aprova-projetos-de-ampliacao-do-leite-lopes-em-ribeirao\/#primaryimage\"},\"image\":{\"@id\":\"https:\/\/www.abesata.org\/br\/aviacao-civil-aprova-projetos-de-ampliacao-do-leite-lopes-em-ribeirao\/#primaryimage\"},\"thumbnailUrl\":\"https:\/\/www.abesata.org\/br\/wp-content\/uploads\/2014\/11\/46.png\",\"datePublished\":\"2014-11-10T17:22:35+00:00\",\"breadcrumb\":{\"@id\":\"https:\/\/www.abesata.org\/br\/aviacao-civil-aprova-projetos-de-ampliacao-do-leite-lopes-em-ribeirao\/#breadcrumb\"},\"inLanguage\":\"pt-BR\",\"potentialAction\":[{\"@type\":\"ReadAction\",\"target\":[\"https:\/\/www.abesata.org\/br\/aviacao-civil-aprova-projetos-de-ampliacao-do-leite-lopes-em-ribeirao\/\"]}]},{\"@type\":\"ImageObject\",\"inLanguage\":\"pt-BR\",\"@id\":\"https:\/\/www.abesata.org\/br\/aviacao-civil-aprova-projetos-de-ampliacao-do-leite-lopes-em-ribeirao\/#primaryimage\",\"url\":\"https:\/\/www.abesata.org\/br\/wp-content\/uploads\/2014\/11\/46.png\",\"contentUrl\":\"https:\/\/www.abesata.org\/br\/wp-content\/uploads\/2014\/11\/46.png\",\"width\":2048,\"height\":672},{\"@type\":\"BreadcrumbList\",\"@id\":\"https:\/\/www.abesata.org\/br\/aviacao-civil-aprova-projetos-de-ampliacao-do-leite-lopes-em-ribeirao\/#breadcrumb\",\"itemListElement\":[{\"@type\":\"ListItem\",\"position\":1,\"name\":\"In\u00edcio\",\"item\":\"https:\/\/www.abesata.org\/br\/\"},{\"@type\":\"ListItem\",\"position\":2,\"name\":\"Avia\u00e7\u00e3o Civil aprova projetos de amplia\u00e7\u00e3o do Leite Lopes em Ribeir\u00e3o\"}]},{\"@type\":\"WebSite\",\"@id\":\"https:\/\/www.abesata.org\/br\/#website\",\"url\":\"https:\/\/www.abesata.org\/br\/\",\"name\":\"Abesata\",\"description\":\"Associa\u00e7\u00e3o Brasileira das Empresas de Servi\u00e7os Auxiliares de Transporte A\u00e9reo\",\"publisher\":{\"@id\":\"https:\/\/www.abesata.org\/br\/#organization\"},\"potentialAction\":[{\"@type\":\"SearchAction\",\"target\":{\"@type\":\"EntryPoint\",\"urlTemplate\":\"https:\/\/www.abesata.org\/br\/?s={search_term_string}\"},\"query-input\":{\"@type\":\"PropertyValueSpecification\",\"valueRequired\":true,\"valueName\":\"search_term_string\"}}],\"inLanguage\":\"pt-BR\"},{\"@type\":\"Organization\",\"@id\":\"https:\/\/www.abesata.org\/br\/#organization\",\"name\":\"Associa\u00e7\u00e3o Brasileira das Empresas de Servi\u00e7os Auxiliares de Transporte A\u00e9reo\",\"alternateName\":\"Abesata\",\"url\":\"https:\/\/www.abesata.org\/br\/\",\"logo\":{\"@type\":\"ImageObject\",\"inLanguage\":\"pt-BR\",\"@id\":\"https:\/\/www.abesata.org\/br\/#\/schema\/logo\/image\/\",\"url\":\"https:\/\/www.abesata.org\/br\/wp-content\/uploads\/2023\/10\/Abesata.png\",\"contentUrl\":\"https:\/\/www.abesata.org\/br\/wp-content\/uploads\/2023\/10\/Abesata.png\",\"width\":1063,\"height\":591,\"caption\":\"Associa\u00e7\u00e3o Brasileira das Empresas de Servi\u00e7os Auxiliares de Transporte A\u00e9reo\"},\"image\":{\"@id\":\"https:\/\/www.abesata.org\/br\/#\/schema\/logo\/image\/\"},\"sameAs\":[\"https:\/\/www.facebook.com\/abesata.org\/\",\"https:\/\/www.instagram.com\/abesata_gh\/\",\"https:\/\/br.linkedin.com\/company\/abesata\"]},{\"@type\":\"Person\",\"@id\":\"https:\/\/www.abesata.org\/br\/#\/schema\/person\/1f1295145bee68e42ffe39157320456b\",\"name\":\"Ricardo\",\"image\":{\"@type\":\"ImageObject\",\"inLanguage\":\"pt-BR\",\"@id\":\"https:\/\/www.abesata.org\/br\/#\/schema\/person\/image\/\",\"url\":\"https:\/\/secure.gravatar.com\/avatar\/1d856797eb89513dee321f840c1a6bbcec15beb178c003e50adcf59323b3a8a9?s=96&d=mm&r=g\",\"contentUrl\":\"https:\/\/secure.gravatar.com\/avatar\/1d856797eb89513dee321f840c1a6bbcec15beb178c003e50adcf59323b3a8a9?s=96&d=mm&r=g\",\"caption\":\"Ricardo\"},\"url\":\"https:\/\/www.abesata.org\/br\/author\/ricardo-baroni\/\"}]}<\/script>\n<!-- \/ Yoast SEO plugin. -->","yoast_head_json":{"title":"Avia\u00e7\u00e3o Civil aprova projetos de amplia\u00e7\u00e3o do Leite Lopes em Ribeir\u00e3o - Abesata","robots":{"index":"index","follow":"follow","max-snippet":"max-snippet:-1","max-image-preview":"max-image-preview:large","max-video-preview":"max-video-preview:-1"},"canonical":"https:\/\/www.abesata.org\/br\/aviacao-civil-aprova-projetos-de-ampliacao-do-leite-lopes-em-ribeirao\/","og_locale":"pt_BR","og_type":"article","og_title":"Avia\u00e7\u00e3o Civil aprova projetos de amplia\u00e7\u00e3o do Leite Lopes em Ribeir\u00e3o - Abesata","og_description":"O Departamento Aerovi\u00e1rio do Estado de S\u00e3o Paulo (Daesp) informou nesta sexta-feira (07\/11) que a Secretaria de Avia\u00e7\u00e3o Civil (SAC) aprovou todos os projetos apresentados pelo Estado para a amplia\u00e7\u00e3o do Aeroporto Leite Lopes, em Ribeir\u00e3o Preto (SP). Em reuni\u00e3o realizada em Bras\u00edlia (DF) na ter\u00e7a-feira (4), a pasta manteve, inclusive, a \u00e1rea do novo [&hellip;]","og_url":"https:\/\/www.abesata.org\/br\/aviacao-civil-aprova-projetos-de-ampliacao-do-leite-lopes-em-ribeirao\/","og_site_name":"Abesata","article_publisher":"https:\/\/www.facebook.com\/abesata.org\/","article_published_time":"2014-11-10T17:22:35+00:00","og_image":[{"width":2048,"height":672,"url":"https:\/\/www.abesata.org\/br\/wp-content\/uploads\/2014\/11\/46.png","type":"image\/png"}],"author":"Ricardo","twitter_card":"summary_large_image","twitter_misc":{"Escrito por":"Ricardo","Est. tempo de leitura":"2 minutos"},"schema":{"@context":"https:\/\/schema.org","@graph":[{"@type":"Article","@id":"https:\/\/www.abesata.org\/br\/aviacao-civil-aprova-projetos-de-ampliacao-do-leite-lopes-em-ribeirao\/#article","isPartOf":{"@id":"https:\/\/www.abesata.org\/br\/aviacao-civil-aprova-projetos-de-ampliacao-do-leite-lopes-em-ribeirao\/"},"author":{"name":"Ricardo","@id":"https:\/\/www.abesata.org\/br\/#\/schema\/person\/1f1295145bee68e42ffe39157320456b"},"headline":"Avia\u00e7\u00e3o Civil aprova projetos de amplia\u00e7\u00e3o do Leite Lopes em Ribeir\u00e3o","datePublished":"2014-11-10T17:22:35+00:00","mainEntityOfPage":{"@id":"https:\/\/www.abesata.org\/br\/aviacao-civil-aprova-projetos-de-ampliacao-do-leite-lopes-em-ribeirao\/"},"wordCount":487,"publisher":{"@id":"https:\/\/www.abesata.org\/br\/#organization"},"image":{"@id":"https:\/\/www.abesata.org\/br\/aviacao-civil-aprova-projetos-de-ampliacao-do-leite-lopes-em-ribeirao\/#primaryimage"},"thumbnailUrl":"https:\/\/www.abesata.org\/br\/wp-content\/uploads\/2014\/11\/46.png","inLanguage":"pt-BR"},{"@type":"WebPage","@id":"https:\/\/www.abesata.org\/br\/aviacao-civil-aprova-projetos-de-ampliacao-do-leite-lopes-em-ribeirao\/","url":"https:\/\/www.abesata.org\/br\/aviacao-civil-aprova-projetos-de-ampliacao-do-leite-lopes-em-ribeirao\/","name":"Avia\u00e7\u00e3o Civil aprova projetos de amplia\u00e7\u00e3o do Leite Lopes em Ribeir\u00e3o - Abesata","isPartOf":{"@id":"https:\/\/www.abesata.org\/br\/#website"},"primaryImageOfPage":{"@id":"https:\/\/www.abesata.org\/br\/aviacao-civil-aprova-projetos-de-ampliacao-do-leite-lopes-em-ribeirao\/#primaryimage"},"image":{"@id":"https:\/\/www.abesata.org\/br\/aviacao-civil-aprova-projetos-de-ampliacao-do-leite-lopes-em-ribeirao\/#primaryimage"},"thumbnailUrl":"https:\/\/www.abesata.org\/br\/wp-content\/uploads\/2014\/11\/46.png","datePublished":"2014-11-10T17:22:35+00:00","breadcrumb":{"@id":"https:\/\/www.abesata.org\/br\/aviacao-civil-aprova-projetos-de-ampliacao-do-leite-lopes-em-ribeirao\/#breadcrumb"},"inLanguage":"pt-BR","potentialAction":[{"@type":"ReadAction","target":["https:\/\/www.abesata.org\/br\/aviacao-civil-aprova-projetos-de-ampliacao-do-leite-lopes-em-ribeirao\/"]}]},{"@type":"ImageObject","inLanguage":"pt-BR","@id":"https:\/\/www.abesata.org\/br\/aviacao-civil-aprova-projetos-de-ampliacao-do-leite-lopes-em-ribeirao\/#primaryimage","url":"https:\/\/www.abesata.org\/br\/wp-content\/uploads\/2014\/11\/46.png","contentUrl":"https:\/\/www.abesata.org\/br\/wp-content\/uploads\/2014\/11\/46.png","width":2048,"height":672},{"@type":"BreadcrumbList","@id":"https:\/\/www.abesata.org\/br\/aviacao-civil-aprova-projetos-de-ampliacao-do-leite-lopes-em-ribeirao\/#breadcrumb","itemListElement":[{"@type":"ListItem","position":1,"name":"In\u00edcio","item":"https:\/\/www.abesata.org\/br\/"},{"@type":"ListItem","position":2,"name":"Avia\u00e7\u00e3o Civil aprova projetos de amplia\u00e7\u00e3o do Leite Lopes em Ribeir\u00e3o"}]},{"@type":"WebSite","@id":"https:\/\/www.abesata.org\/br\/#website","url":"https:\/\/www.abesata.org\/br\/","name":"Abesata","description":"Associa\u00e7\u00e3o Brasileira das Empresas de Servi\u00e7os Auxiliares de Transporte A\u00e9reo","publisher":{"@id":"https:\/\/www.abesata.org\/br\/#organization"},"potentialAction":[{"@type":"SearchAction","target":{"@type":"EntryPoint","urlTemplate":"https:\/\/www.abesata.org\/br\/?s={search_term_string}"},"query-input":{"@type":"PropertyValueSpecification","valueRequired":true,"valueName":"search_term_string"}}],"inLanguage":"pt-BR"},{"@type":"Organization","@id":"https:\/\/www.abesata.org\/br\/#organization","name":"Associa\u00e7\u00e3o Brasileira das Empresas de Servi\u00e7os Auxiliares de Transporte A\u00e9reo","alternateName":"Abesata","url":"https:\/\/www.abesata.org\/br\/","logo":{"@type":"ImageObject","inLanguage":"pt-BR","@id":"https:\/\/www.abesata.org\/br\/#\/schema\/logo\/image\/","url":"https:\/\/www.abesata.org\/br\/wp-content\/uploads\/2023\/10\/Abesata.png","contentUrl":"https:\/\/www.abesata.org\/br\/wp-content\/uploads\/2023\/10\/Abesata.png","width":1063,"height":591,"caption":"Associa\u00e7\u00e3o Brasileira das Empresas de Servi\u00e7os Auxiliares de Transporte A\u00e9reo"},"image":{"@id":"https:\/\/www.abesata.org\/br\/#\/schema\/logo\/image\/"},"sameAs":["https:\/\/www.facebook.com\/abesata.org\/","https:\/\/www.instagram.com\/abesata_gh\/","https:\/\/br.linkedin.com\/company\/abesata"]},{"@type":"Person","@id":"https:\/\/www.abesata.org\/br\/#\/schema\/person\/1f1295145bee68e42ffe39157320456b","name":"Ricardo","image":{"@type":"ImageObject","inLanguage":"pt-BR","@id":"https:\/\/www.abesata.org\/br\/#\/schema\/person\/image\/","url":"https:\/\/secure.gravatar.com\/avatar\/1d856797eb89513dee321f840c1a6bbcec15beb178c003e50adcf59323b3a8a9?s=96&d=mm&r=g","contentUrl":"https:\/\/secure.gravatar.com\/avatar\/1d856797eb89513dee321f840c1a6bbcec15beb178c003e50adcf59323b3a8a9?s=96&d=mm&r=g","caption":"Ricardo"},"url":"https:\/\/www.abesata.org\/br\/author\/ricardo-baroni\/"}]}},"_links":{"self":[{"href":"https:\/\/www.abesata.org\/br\/wp-json\/wp\/v2\/posts\/1828","targetHints":{"allow":["GET"]}}],"collection":[{"href":"https:\/\/www.abesata.org\/br\/wp-json\/wp\/v2\/posts"}],"about":[{"href":"https:\/\/www.abesata.org\/br\/wp-json\/wp\/v2\/types\/post"}],"author":[{"embeddable":true,"href":"https:\/\/www.abesata.org\/br\/wp-json\/wp\/v2\/users\/18"}],"replies":[{"embeddable":true,"href":"https:\/\/www.abesata.org\/br\/wp-json\/wp\/v2\/comments?post=1828"}],"version-history":[{"count":0,"href":"https:\/\/www.abesata.org\/br\/wp-json\/wp\/v2\/posts\/1828\/revisions"}],"wp:featuredmedia":[{"embeddable":true,"href":"https:\/\/www.abesata.org\/br\/wp-json\/wp\/v2\/media\/1829"}],"wp:attachment":[{"href":"https:\/\/www.abesata.org\/br\/wp-json\/wp\/v2\/media?parent=1828"}],"wp:term":[{"taxonomy":"category","embeddable":true,"href":"https:\/\/www.abesata.org\/br\/wp-json\/wp\/v2\/categories?post=1828"},{"taxonomy":"post_tag","embeddable":true,"href":"https:\/\/www.abesata.org\/br\/wp-json\/wp\/v2\/tags?post=1828"}],"curies":[{"name":"wp","href":"https:\/\/api.w.org\/{rel}","templated":true}]}}