{"id":1836,"date":"2014-11-11T15:22:46","date_gmt":"2014-11-11T17:22:46","guid":{"rendered":"http:\/\/www.abesata.org\/?p=1836"},"modified":"2014-11-11T15:22:46","modified_gmt":"2014-11-11T17:22:46","slug":"pesquisa-sobre-acessibilidade-no-transporte-aereo","status":"publish","type":"post","link":"https:\/\/www.abesata.org\/br\/pesquisa-sobre-acessibilidade-no-transporte-aereo\/","title":{"rendered":"Pesquisa sobre acessibilidade no transporte a\u00e9reo"},"content":{"rendered":"<p>Responda ao question\u00e1rio e participe!<\/p>\n<p>Bras\u00edlia, 10 de novembro de 2014 \u2013 Na \u00faltima d\u00e9cada tem sido mais f\u00e1cil e muito mais comum viajar de avi\u00e3o do que h\u00e1 anos atr\u00e1s. Nesse contexto, faz-se necess\u00e1rio observar que a dignidade, a seguran\u00e7a e o conforto de passageiros com defici\u00eancia sejam garantidos durante as viagens a\u00e9reas.<\/p>\n<p>Com interesse em aprimorar a acessibilidade no transporte a\u00e9reo p\u00fablico no Brasil, a ANAC prop\u00f4s o projeto \u2018Pacto pela Acessibilidade\u2019, buscando uma constru\u00e7\u00e3o participativa de solu\u00e7\u00f5es para as situa\u00e7\u00f5es que podem afetar a Pessoa com Defici\u00eancia-PcD durante sua viagem a\u00e9rea.<\/p>\n<p>Para isso, precisamos que voc\u00ea responda esta pesquisa para podermos entender como o passageiro v\u00ea a acessibilidade no Transporte A\u00e9reo. A ANAC pretende planejar a fiscaliza\u00e7\u00e3o da acessibilidade com base nas informa\u00e7\u00f5es obtidas por meio desta pesquisa. A ideia \u00e9 levar em considera\u00e7\u00e3o a m\u00e1xima: \u201cNada sobre n\u00f3s, sem n\u00f3s!\u201d<\/p>\n<p>A Pesquisa est\u00e1 dividida em duas partes e poder\u00e1 ser respondida at\u00e9 o dia 30\/11. A Parte I cont\u00e9m um Question\u00e1rio S\u00f3cio-Econ\u00f4mico e a Parte II \u00e9 formada por um Question\u00e1rio de An\u00e1lise.<\/p>\n<p>O Question\u00e1rio S\u00f3cio-Econ\u00f4mico tem a finalidade de identificar o perfil do Questionado (tipo de defici\u00eancia, cidade de resid\u00eancia etc), mas sem a identifica\u00e7\u00e3o pessoal do indiv\u00edduo.<\/p>\n<p>O Question\u00e1rio de An\u00e1lise tem o objetivo de captar a percep\u00e7\u00e3o do usu\u00e1rio sobre a qualidade da acessibilidade no Transporte A\u00e9reo. Os itens referem-se aos dispositivos da Resolu\u00e7\u00e3o de Acessibilidade da ANAC (Resolu\u00e7\u00e3o n\u00ba. 280\/2013), que as empresas a\u00e9reas e os operadores dos aeroportos devem obedecer.<\/p>\n<p>Pode ser que voc\u00ea n\u00e3o seja PcD, mas mesmo assim pode responder este question\u00e1rio, pois pode ter conhecimento sobre o tema ou relacionar-se com PcD.<\/p>\n<p>Sabemos que o question\u00e1rio \u00e9 extenso e exige aten\u00e7\u00e3o e tempo, mas voc\u00ea pode interromper, salvando o que j\u00e1 respondeu para continuar de onde parou. Lembramos que a sua dedica\u00e7\u00e3o ir\u00e1 nos ajudar a melhorar a acessibilidade na avia\u00e7\u00e3o para todos os PcD, por isso ela \u00e9 t\u00e3o importante!<\/p>\n<p>Caso voc\u00ea n\u00e3o tenha um computador ou acesso \u00e0 Internet ou ainda precise de algu\u00e9m para ler o documento para voc\u00ea, venha at\u00e9 a sede da ANAC que o ajudaremos. A sede fica no endere\u00e7o: Setor Comercial Sul, Quadra 09, Lote \u2018C\u2019, Torre A, 6\u00ba andar (GGAF), Ed. Parque Cidade, Bras\u00edlia\/DF.<\/p>\n<p>Caso tenha d\u00favidas, voc\u00ea pode encaminh\u00e1-las para o seguinte e-mail:\u00a0<a href=\"mailto:geop@anac.gov.br\"><span style=\"text-decoration: underline;\">geop@anac.gov.br<\/span><\/a><span style=\"text-decoration: underline;\"><br \/>\n<\/span><br \/>\nDedique um pouco do seu tempo para este projeto, pois ele foi feito para melhorar a sua vida e a de muitos outros!<\/p>\n<p>O link para a pesquisa \u00e9 o seguinte:<a href=\"https:\/\/pt.surveymonkey.com\/s\/AnacPesquisaAcessibilidade\">\u00a0<span style=\"text-decoration: underline;\">https:\/\/pt.surveymonkey.com\/s\/AnacPesquisaAcessibilidade<\/span><\/a><span style=\"text-decoration: underline;\"><br \/>\n<\/span><br \/>\n<a href=\"http:\/\/svy.mk\/1zAItlt\" target=\"_blank\"><span style=\"text-decoration: underline;\">http:\/\/svy.mk\/1zAItlt<\/span><\/a>\u00a0(link em sua forma reduzida)<\/p>\n<p><a href=\"https:\/\/www.facebook.com\/pages\/ANAC-Ag%C3%AAncia-Nacional-de-Avia%C3%A7%C3%A3o-Civil\/157025981024380\" target=\"_blank\"><span style=\"text-decoration: underline;\">https:\/\/www.facebook.com\/pages\/ANAC-Ag%C3%AAncia-Nacional-de-Avia%C3%A7%C3%A3o-Civil\/157025981024380<\/span><\/a>\u00a0(link para Facebook)<\/p>\n<p style=\"text-align: right;\">Fonte: Portal ANAC<br \/>\n10\/11\/2014<\/p>\n","protected":false},"excerpt":{"rendered":"<p>Responda ao question\u00e1rio e participe! Bras\u00edlia, 10 de novembro de 2014 \u2013 Na \u00faltima d\u00e9cada tem sido mais f\u00e1cil e muito mais comum viajar de avi\u00e3o do que h\u00e1 anos atr\u00e1s. Nesse contexto, faz-se necess\u00e1rio observar que a dignidade, a seguran\u00e7a e o conforto de passageiros com defici\u00eancia sejam garantidos durante as viagens a\u00e9reas. Com [&hellip;]<\/p>\n","protected":false},"author":18,"featured_media":1048,"comment_status":"closed","ping_status":"closed","sticky":false,"template":"","format":"standard","meta":{"footnotes":""},"categories":[],"tags":[],"class_list":["post-1836","post","type-post","status-publish","format-standard","has-post-thumbnail","hentry"],"yoast_head":"<!-- This site is optimized with the Yoast SEO plugin v26.5 - https:\/\/yoast.com\/wordpress\/plugins\/seo\/ -->\n<title>Pesquisa sobre acessibilidade no transporte a\u00e9reo - Abesata<\/title>\n<meta name=\"robots\" content=\"index, follow, max-snippet:-1, max-image-preview:large, max-video-preview:-1\" \/>\n<link rel=\"canonical\" href=\"https:\/\/www.abesata.org\/br\/pesquisa-sobre-acessibilidade-no-transporte-aereo\/\" \/>\n<meta property=\"og:locale\" content=\"pt_BR\" \/>\n<meta property=\"og:type\" content=\"article\" \/>\n<meta property=\"og:title\" content=\"Pesquisa sobre acessibilidade no transporte a\u00e9reo - Abesata\" \/>\n<meta property=\"og:description\" content=\"Responda ao question\u00e1rio e participe! Bras\u00edlia, 10 de novembro de 2014 \u2013 Na \u00faltima d\u00e9cada tem sido mais f\u00e1cil e muito mais comum viajar de avi\u00e3o do que h\u00e1 anos atr\u00e1s. Nesse contexto, faz-se necess\u00e1rio observar que a dignidade, a seguran\u00e7a e o conforto de passageiros com defici\u00eancia sejam garantidos durante as viagens a\u00e9reas. Com [&hellip;]\" \/>\n<meta property=\"og:url\" content=\"https:\/\/www.abesata.org\/br\/pesquisa-sobre-acessibilidade-no-transporte-aereo\/\" \/>\n<meta property=\"og:site_name\" content=\"Abesata\" \/>\n<meta property=\"article:publisher\" content=\"https:\/\/www.facebook.com\/abesata.org\/\" \/>\n<meta property=\"article:published_time\" content=\"2014-11-11T17:22:46+00:00\" \/>\n<meta property=\"og:image\" content=\"https:\/\/www.abesata.org\/br\/wp-content\/uploads\/2014\/07\/3.png\" \/>\n\t<meta property=\"og:image:width\" content=\"1710\" \/>\n\t<meta property=\"og:image:height\" content=\"560\" \/>\n\t<meta property=\"og:image:type\" content=\"image\/png\" \/>\n<meta name=\"author\" content=\"Ricardo\" \/>\n<meta name=\"twitter:card\" content=\"summary_large_image\" \/>\n<meta name=\"twitter:label1\" content=\"Escrito por\" \/>\n\t<meta name=\"twitter:data1\" content=\"Ricardo\" \/>\n\t<meta name=\"twitter:label2\" content=\"Est. tempo de leitura\" \/>\n\t<meta name=\"twitter:data2\" content=\"3 minutos\" \/>\n<script type=\"application\/ld+json\" class=\"yoast-schema-graph\">{\"@context\":\"https:\/\/schema.org\",\"@graph\":[{\"@type\":\"Article\",\"@id\":\"https:\/\/www.abesata.org\/br\/pesquisa-sobre-acessibilidade-no-transporte-aereo\/#article\",\"isPartOf\":{\"@id\":\"https:\/\/www.abesata.org\/br\/pesquisa-sobre-acessibilidade-no-transporte-aereo\/\"},\"author\":{\"name\":\"Ricardo\",\"@id\":\"https:\/\/www.abesata.org\/br\/#\/schema\/person\/1f1295145bee68e42ffe39157320456b\"},\"headline\":\"Pesquisa sobre acessibilidade no transporte a\u00e9reo\",\"datePublished\":\"2014-11-11T17:22:46+00:00\",\"mainEntityOfPage\":{\"@id\":\"https:\/\/www.abesata.org\/br\/pesquisa-sobre-acessibilidade-no-transporte-aereo\/\"},\"wordCount\":507,\"publisher\":{\"@id\":\"https:\/\/www.abesata.org\/br\/#organization\"},\"image\":{\"@id\":\"https:\/\/www.abesata.org\/br\/pesquisa-sobre-acessibilidade-no-transporte-aereo\/#primaryimage\"},\"thumbnailUrl\":\"https:\/\/www.abesata.org\/br\/wp-content\/uploads\/2014\/07\/3.png\",\"inLanguage\":\"pt-BR\"},{\"@type\":\"WebPage\",\"@id\":\"https:\/\/www.abesata.org\/br\/pesquisa-sobre-acessibilidade-no-transporte-aereo\/\",\"url\":\"https:\/\/www.abesata.org\/br\/pesquisa-sobre-acessibilidade-no-transporte-aereo\/\",\"name\":\"Pesquisa sobre acessibilidade no transporte a\u00e9reo - Abesata\",\"isPartOf\":{\"@id\":\"https:\/\/www.abesata.org\/br\/#website\"},\"primaryImageOfPage\":{\"@id\":\"https:\/\/www.abesata.org\/br\/pesquisa-sobre-acessibilidade-no-transporte-aereo\/#primaryimage\"},\"image\":{\"@id\":\"https:\/\/www.abesata.org\/br\/pesquisa-sobre-acessibilidade-no-transporte-aereo\/#primaryimage\"},\"thumbnailUrl\":\"https:\/\/www.abesata.org\/br\/wp-content\/uploads\/2014\/07\/3.png\",\"datePublished\":\"2014-11-11T17:22:46+00:00\",\"breadcrumb\":{\"@id\":\"https:\/\/www.abesata.org\/br\/pesquisa-sobre-acessibilidade-no-transporte-aereo\/#breadcrumb\"},\"inLanguage\":\"pt-BR\",\"potentialAction\":[{\"@type\":\"ReadAction\",\"target\":[\"https:\/\/www.abesata.org\/br\/pesquisa-sobre-acessibilidade-no-transporte-aereo\/\"]}]},{\"@type\":\"ImageObject\",\"inLanguage\":\"pt-BR\",\"@id\":\"https:\/\/www.abesata.org\/br\/pesquisa-sobre-acessibilidade-no-transporte-aereo\/#primaryimage\",\"url\":\"https:\/\/www.abesata.org\/br\/wp-content\/uploads\/2014\/07\/3.png\",\"contentUrl\":\"https:\/\/www.abesata.org\/br\/wp-content\/uploads\/2014\/07\/3.png\",\"width\":1710,\"height\":560},{\"@type\":\"BreadcrumbList\",\"@id\":\"https:\/\/www.abesata.org\/br\/pesquisa-sobre-acessibilidade-no-transporte-aereo\/#breadcrumb\",\"itemListElement\":[{\"@type\":\"ListItem\",\"position\":1,\"name\":\"In\u00edcio\",\"item\":\"https:\/\/www.abesata.org\/br\/\"},{\"@type\":\"ListItem\",\"position\":2,\"name\":\"Pesquisa sobre acessibilidade no transporte a\u00e9reo\"}]},{\"@type\":\"WebSite\",\"@id\":\"https:\/\/www.abesata.org\/br\/#website\",\"url\":\"https:\/\/www.abesata.org\/br\/\",\"name\":\"Abesata\",\"description\":\"Associa\u00e7\u00e3o Brasileira das Empresas de Servi\u00e7os Auxiliares de Transporte A\u00e9reo\",\"publisher\":{\"@id\":\"https:\/\/www.abesata.org\/br\/#organization\"},\"potentialAction\":[{\"@type\":\"SearchAction\",\"target\":{\"@type\":\"EntryPoint\",\"urlTemplate\":\"https:\/\/www.abesata.org\/br\/?s={search_term_string}\"},\"query-input\":{\"@type\":\"PropertyValueSpecification\",\"valueRequired\":true,\"valueName\":\"search_term_string\"}}],\"inLanguage\":\"pt-BR\"},{\"@type\":\"Organization\",\"@id\":\"https:\/\/www.abesata.org\/br\/#organization\",\"name\":\"Associa\u00e7\u00e3o Brasileira das Empresas de Servi\u00e7os Auxiliares de Transporte A\u00e9reo\",\"alternateName\":\"Abesata\",\"url\":\"https:\/\/www.abesata.org\/br\/\",\"logo\":{\"@type\":\"ImageObject\",\"inLanguage\":\"pt-BR\",\"@id\":\"https:\/\/www.abesata.org\/br\/#\/schema\/logo\/image\/\",\"url\":\"https:\/\/www.abesata.org\/br\/wp-content\/uploads\/2023\/10\/Abesata.png\",\"contentUrl\":\"https:\/\/www.abesata.org\/br\/wp-content\/uploads\/2023\/10\/Abesata.png\",\"width\":1063,\"height\":591,\"caption\":\"Associa\u00e7\u00e3o Brasileira das Empresas de Servi\u00e7os Auxiliares de Transporte A\u00e9reo\"},\"image\":{\"@id\":\"https:\/\/www.abesata.org\/br\/#\/schema\/logo\/image\/\"},\"sameAs\":[\"https:\/\/www.facebook.com\/abesata.org\/\",\"https:\/\/www.instagram.com\/abesata_gh\/\",\"https:\/\/br.linkedin.com\/company\/abesata\"]},{\"@type\":\"Person\",\"@id\":\"https:\/\/www.abesata.org\/br\/#\/schema\/person\/1f1295145bee68e42ffe39157320456b\",\"name\":\"Ricardo\",\"image\":{\"@type\":\"ImageObject\",\"inLanguage\":\"pt-BR\",\"@id\":\"https:\/\/www.abesata.org\/br\/#\/schema\/person\/image\/\",\"url\":\"https:\/\/secure.gravatar.com\/avatar\/1d856797eb89513dee321f840c1a6bbcec15beb178c003e50adcf59323b3a8a9?s=96&d=mm&r=g\",\"contentUrl\":\"https:\/\/secure.gravatar.com\/avatar\/1d856797eb89513dee321f840c1a6bbcec15beb178c003e50adcf59323b3a8a9?s=96&d=mm&r=g\",\"caption\":\"Ricardo\"},\"url\":\"https:\/\/www.abesata.org\/br\/author\/ricardo-baroni\/\"}]}<\/script>\n<!-- \/ Yoast SEO plugin. -->","yoast_head_json":{"title":"Pesquisa sobre acessibilidade no transporte a\u00e9reo - Abesata","robots":{"index":"index","follow":"follow","max-snippet":"max-snippet:-1","max-image-preview":"max-image-preview:large","max-video-preview":"max-video-preview:-1"},"canonical":"https:\/\/www.abesata.org\/br\/pesquisa-sobre-acessibilidade-no-transporte-aereo\/","og_locale":"pt_BR","og_type":"article","og_title":"Pesquisa sobre acessibilidade no transporte a\u00e9reo - Abesata","og_description":"Responda ao question\u00e1rio e participe! Bras\u00edlia, 10 de novembro de 2014 \u2013 Na \u00faltima d\u00e9cada tem sido mais f\u00e1cil e muito mais comum viajar de avi\u00e3o do que h\u00e1 anos atr\u00e1s. Nesse contexto, faz-se necess\u00e1rio observar que a dignidade, a seguran\u00e7a e o conforto de passageiros com defici\u00eancia sejam garantidos durante as viagens a\u00e9reas. Com [&hellip;]","og_url":"https:\/\/www.abesata.org\/br\/pesquisa-sobre-acessibilidade-no-transporte-aereo\/","og_site_name":"Abesata","article_publisher":"https:\/\/www.facebook.com\/abesata.org\/","article_published_time":"2014-11-11T17:22:46+00:00","og_image":[{"width":1710,"height":560,"url":"https:\/\/www.abesata.org\/br\/wp-content\/uploads\/2014\/07\/3.png","type":"image\/png"}],"author":"Ricardo","twitter_card":"summary_large_image","twitter_misc":{"Escrito por":"Ricardo","Est. tempo de leitura":"3 minutos"},"schema":{"@context":"https:\/\/schema.org","@graph":[{"@type":"Article","@id":"https:\/\/www.abesata.org\/br\/pesquisa-sobre-acessibilidade-no-transporte-aereo\/#article","isPartOf":{"@id":"https:\/\/www.abesata.org\/br\/pesquisa-sobre-acessibilidade-no-transporte-aereo\/"},"author":{"name":"Ricardo","@id":"https:\/\/www.abesata.org\/br\/#\/schema\/person\/1f1295145bee68e42ffe39157320456b"},"headline":"Pesquisa sobre acessibilidade no transporte a\u00e9reo","datePublished":"2014-11-11T17:22:46+00:00","mainEntityOfPage":{"@id":"https:\/\/www.abesata.org\/br\/pesquisa-sobre-acessibilidade-no-transporte-aereo\/"},"wordCount":507,"publisher":{"@id":"https:\/\/www.abesata.org\/br\/#organization"},"image":{"@id":"https:\/\/www.abesata.org\/br\/pesquisa-sobre-acessibilidade-no-transporte-aereo\/#primaryimage"},"thumbnailUrl":"https:\/\/www.abesata.org\/br\/wp-content\/uploads\/2014\/07\/3.png","inLanguage":"pt-BR"},{"@type":"WebPage","@id":"https:\/\/www.abesata.org\/br\/pesquisa-sobre-acessibilidade-no-transporte-aereo\/","url":"https:\/\/www.abesata.org\/br\/pesquisa-sobre-acessibilidade-no-transporte-aereo\/","name":"Pesquisa sobre acessibilidade no transporte a\u00e9reo - Abesata","isPartOf":{"@id":"https:\/\/www.abesata.org\/br\/#website"},"primaryImageOfPage":{"@id":"https:\/\/www.abesata.org\/br\/pesquisa-sobre-acessibilidade-no-transporte-aereo\/#primaryimage"},"image":{"@id":"https:\/\/www.abesata.org\/br\/pesquisa-sobre-acessibilidade-no-transporte-aereo\/#primaryimage"},"thumbnailUrl":"https:\/\/www.abesata.org\/br\/wp-content\/uploads\/2014\/07\/3.png","datePublished":"2014-11-11T17:22:46+00:00","breadcrumb":{"@id":"https:\/\/www.abesata.org\/br\/pesquisa-sobre-acessibilidade-no-transporte-aereo\/#breadcrumb"},"inLanguage":"pt-BR","potentialAction":[{"@type":"ReadAction","target":["https:\/\/www.abesata.org\/br\/pesquisa-sobre-acessibilidade-no-transporte-aereo\/"]}]},{"@type":"ImageObject","inLanguage":"pt-BR","@id":"https:\/\/www.abesata.org\/br\/pesquisa-sobre-acessibilidade-no-transporte-aereo\/#primaryimage","url":"https:\/\/www.abesata.org\/br\/wp-content\/uploads\/2014\/07\/3.png","contentUrl":"https:\/\/www.abesata.org\/br\/wp-content\/uploads\/2014\/07\/3.png","width":1710,"height":560},{"@type":"BreadcrumbList","@id":"https:\/\/www.abesata.org\/br\/pesquisa-sobre-acessibilidade-no-transporte-aereo\/#breadcrumb","itemListElement":[{"@type":"ListItem","position":1,"name":"In\u00edcio","item":"https:\/\/www.abesata.org\/br\/"},{"@type":"ListItem","position":2,"name":"Pesquisa sobre acessibilidade no transporte a\u00e9reo"}]},{"@type":"WebSite","@id":"https:\/\/www.abesata.org\/br\/#website","url":"https:\/\/www.abesata.org\/br\/","name":"Abesata","description":"Associa\u00e7\u00e3o Brasileira das Empresas de Servi\u00e7os Auxiliares de Transporte A\u00e9reo","publisher":{"@id":"https:\/\/www.abesata.org\/br\/#organization"},"potentialAction":[{"@type":"SearchAction","target":{"@type":"EntryPoint","urlTemplate":"https:\/\/www.abesata.org\/br\/?s={search_term_string}"},"query-input":{"@type":"PropertyValueSpecification","valueRequired":true,"valueName":"search_term_string"}}],"inLanguage":"pt-BR"},{"@type":"Organization","@id":"https:\/\/www.abesata.org\/br\/#organization","name":"Associa\u00e7\u00e3o Brasileira das Empresas de Servi\u00e7os Auxiliares de Transporte A\u00e9reo","alternateName":"Abesata","url":"https:\/\/www.abesata.org\/br\/","logo":{"@type":"ImageObject","inLanguage":"pt-BR","@id":"https:\/\/www.abesata.org\/br\/#\/schema\/logo\/image\/","url":"https:\/\/www.abesata.org\/br\/wp-content\/uploads\/2023\/10\/Abesata.png","contentUrl":"https:\/\/www.abesata.org\/br\/wp-content\/uploads\/2023\/10\/Abesata.png","width":1063,"height":591,"caption":"Associa\u00e7\u00e3o Brasileira das Empresas de Servi\u00e7os Auxiliares de Transporte A\u00e9reo"},"image":{"@id":"https:\/\/www.abesata.org\/br\/#\/schema\/logo\/image\/"},"sameAs":["https:\/\/www.facebook.com\/abesata.org\/","https:\/\/www.instagram.com\/abesata_gh\/","https:\/\/br.linkedin.com\/company\/abesata"]},{"@type":"Person","@id":"https:\/\/www.abesata.org\/br\/#\/schema\/person\/1f1295145bee68e42ffe39157320456b","name":"Ricardo","image":{"@type":"ImageObject","inLanguage":"pt-BR","@id":"https:\/\/www.abesata.org\/br\/#\/schema\/person\/image\/","url":"https:\/\/secure.gravatar.com\/avatar\/1d856797eb89513dee321f840c1a6bbcec15beb178c003e50adcf59323b3a8a9?s=96&d=mm&r=g","contentUrl":"https:\/\/secure.gravatar.com\/avatar\/1d856797eb89513dee321f840c1a6bbcec15beb178c003e50adcf59323b3a8a9?s=96&d=mm&r=g","caption":"Ricardo"},"url":"https:\/\/www.abesata.org\/br\/author\/ricardo-baroni\/"}]}},"_links":{"self":[{"href":"https:\/\/www.abesata.org\/br\/wp-json\/wp\/v2\/posts\/1836","targetHints":{"allow":["GET"]}}],"collection":[{"href":"https:\/\/www.abesata.org\/br\/wp-json\/wp\/v2\/posts"}],"about":[{"href":"https:\/\/www.abesata.org\/br\/wp-json\/wp\/v2\/types\/post"}],"author":[{"embeddable":true,"href":"https:\/\/www.abesata.org\/br\/wp-json\/wp\/v2\/users\/18"}],"replies":[{"embeddable":true,"href":"https:\/\/www.abesata.org\/br\/wp-json\/wp\/v2\/comments?post=1836"}],"version-history":[{"count":0,"href":"https:\/\/www.abesata.org\/br\/wp-json\/wp\/v2\/posts\/1836\/revisions"}],"wp:featuredmedia":[{"embeddable":true,"href":"https:\/\/www.abesata.org\/br\/wp-json\/wp\/v2\/media\/1048"}],"wp:attachment":[{"href":"https:\/\/www.abesata.org\/br\/wp-json\/wp\/v2\/media?parent=1836"}],"wp:term":[{"taxonomy":"category","embeddable":true,"href":"https:\/\/www.abesata.org\/br\/wp-json\/wp\/v2\/categories?post=1836"},{"taxonomy":"post_tag","embeddable":true,"href":"https:\/\/www.abesata.org\/br\/wp-json\/wp\/v2\/tags?post=1836"}],"curies":[{"name":"wp","href":"https:\/\/api.w.org\/{rel}","templated":true}]}}