{"id":1838,"date":"2014-11-11T15:23:27","date_gmt":"2014-11-11T17:23:27","guid":{"rendered":"http:\/\/www.abesata.org\/?p=1838"},"modified":"2014-11-11T15:23:27","modified_gmt":"2014-11-11T17:23:27","slug":"projeto-visa-transformar-viracopos-no-maior-aeroporto-da-america-latina","status":"publish","type":"post","link":"https:\/\/www.abesata.org\/br\/projeto-visa-transformar-viracopos-no-maior-aeroporto-da-america-latina\/","title":{"rendered":"Projeto visa transformar Viracopos no maior aeroporto da Am\u00e9rica Latina"},"content":{"rendered":"<p>O Aeroporto Internacional de Viracopos, situado em Campinas, tem um projeto para expandir e se tornar nas pr\u00f3ximas d\u00e9cadas o maior da Am\u00e9rica Latina. A informa\u00e7\u00e3o \u00e9 do gerente comercial da Aeroportos Brasil Viracopos, Alu\u00edzio Margarido.<\/p>\n<p>\u201cVamos crescer continuamente e ser o maior\u00a0aeroporto\u00a0da Am\u00e9rica Latina\u201d, ressaltou Margarido.<\/p>\n<p>Viracopos\u00a0ter\u00e1 terminal dez vezes maior que o atual. Com 300 mil m\u00b2, o terminal ser\u00e1 dez vezes maior que o atual, ter\u00e1 28 pontes de embarque (fingers) e 26 esteiras rolantes, itens inexistentes hoje.<\/p>\n<p>O n\u00famero de escadas rolantes saltar\u00e1 de 2 para 41 e o de elevadores, de 8 para 61.<\/p>\n<p>A capacidade inicial ser\u00e1 de 14 milh\u00f5es de passageiros por ano e ao t\u00e9rmino da concess\u00e3o, em 30 anos, de 80 milh\u00f5es.<\/p>\n<p>Os postos de check-in aumentar\u00e3o de 72 para 144 e ser\u00e1 o primeiro aeroporto do Pa\u00eds com sistema de check-in e despacho de bagagens unificado.<\/p>\n<p><strong>Novo Viracopos<\/strong><\/p>\n<p>O novo\u00a0Viracopos\u00a0foi projetado para se tornar a primeira cidade aeroportu\u00e1ria do Pa\u00eds, reunindo em um mesmo s\u00edtio, rede\u00a0hoteleira, edif\u00edcios corporativos, shopping center, terminal de passageiros e de cargas.<\/p>\n<p>\u201cA estrutura que vamos oferecer, al\u00e9m da proximidade\u00a0de S\u00e3o Paulo\u00a0e a localiza\u00e7\u00e3o do\u00a0aeroporto\u00a0no eixo de rodovias, far\u00e1 com que\u00a0Viracopos\u00a0se transforme em um importante hub\u201d prev\u00ea Margarido.<\/p>\n<p style=\"text-align: right;\">Fonte: Jornal de Vinhedo<br \/>\n10\/11\/2014<\/p>\n","protected":false},"excerpt":{"rendered":"<p>O Aeroporto Internacional de Viracopos, situado em Campinas, tem um projeto para expandir e se tornar nas pr\u00f3ximas d\u00e9cadas o maior da Am\u00e9rica Latina. A informa\u00e7\u00e3o \u00e9 do gerente comercial da Aeroportos Brasil Viracopos, Alu\u00edzio Margarido. \u201cVamos crescer continuamente e ser o maior\u00a0aeroporto\u00a0da Am\u00e9rica Latina\u201d, ressaltou Margarido. Viracopos\u00a0ter\u00e1 terminal dez vezes maior que o atual. [&hellip;]<\/p>\n","protected":false},"author":18,"featured_media":1412,"comment_status":"closed","ping_status":"closed","sticky":false,"template":"","format":"standard","meta":{"footnotes":""},"categories":[],"tags":[],"class_list":["post-1838","post","type-post","status-publish","format-standard","has-post-thumbnail","hentry"],"yoast_head":"<!-- This site is optimized with the Yoast SEO plugin v26.5 - https:\/\/yoast.com\/wordpress\/plugins\/seo\/ -->\n<title>Projeto visa transformar Viracopos no maior aeroporto da Am\u00e9rica Latina - Abesata<\/title>\n<meta name=\"robots\" content=\"index, follow, max-snippet:-1, max-image-preview:large, max-video-preview:-1\" \/>\n<link rel=\"canonical\" href=\"https:\/\/www.abesata.org\/br\/projeto-visa-transformar-viracopos-no-maior-aeroporto-da-america-latina\/\" \/>\n<meta property=\"og:locale\" content=\"pt_BR\" \/>\n<meta property=\"og:type\" content=\"article\" \/>\n<meta property=\"og:title\" content=\"Projeto visa transformar Viracopos no maior aeroporto da Am\u00e9rica Latina - Abesata\" \/>\n<meta property=\"og:description\" content=\"O Aeroporto Internacional de Viracopos, situado em Campinas, tem um projeto para expandir e se tornar nas pr\u00f3ximas d\u00e9cadas o maior da Am\u00e9rica Latina. A informa\u00e7\u00e3o \u00e9 do gerente comercial da Aeroportos Brasil Viracopos, Alu\u00edzio Margarido. \u201cVamos crescer continuamente e ser o maior\u00a0aeroporto\u00a0da Am\u00e9rica Latina\u201d, ressaltou Margarido. Viracopos\u00a0ter\u00e1 terminal dez vezes maior que o atual. [&hellip;]\" \/>\n<meta property=\"og:url\" content=\"https:\/\/www.abesata.org\/br\/projeto-visa-transformar-viracopos-no-maior-aeroporto-da-america-latina\/\" \/>\n<meta property=\"og:site_name\" content=\"Abesata\" \/>\n<meta property=\"article:publisher\" content=\"https:\/\/www.facebook.com\/abesata.org\/\" \/>\n<meta property=\"article:published_time\" content=\"2014-11-11T17:23:27+00:00\" \/>\n<meta property=\"og:image\" content=\"https:\/\/www.abesata.org\/br\/wp-content\/uploads\/2014\/08\/7.png\" \/>\n\t<meta property=\"og:image:width\" content=\"1026\" \/>\n\t<meta property=\"og:image:height\" content=\"336\" \/>\n\t<meta property=\"og:image:type\" content=\"image\/png\" \/>\n<meta name=\"author\" content=\"Ricardo\" \/>\n<meta name=\"twitter:card\" content=\"summary_large_image\" \/>\n<meta name=\"twitter:label1\" content=\"Escrito por\" \/>\n\t<meta name=\"twitter:data1\" content=\"Ricardo\" \/>\n\t<meta name=\"twitter:label2\" content=\"Est. tempo de leitura\" \/>\n\t<meta name=\"twitter:data2\" content=\"1 minuto\" \/>\n<script type=\"application\/ld+json\" class=\"yoast-schema-graph\">{\"@context\":\"https:\/\/schema.org\",\"@graph\":[{\"@type\":\"Article\",\"@id\":\"https:\/\/www.abesata.org\/br\/projeto-visa-transformar-viracopos-no-maior-aeroporto-da-america-latina\/#article\",\"isPartOf\":{\"@id\":\"https:\/\/www.abesata.org\/br\/projeto-visa-transformar-viracopos-no-maior-aeroporto-da-america-latina\/\"},\"author\":{\"name\":\"Ricardo\",\"@id\":\"https:\/\/www.abesata.org\/br\/#\/schema\/person\/1f1295145bee68e42ffe39157320456b\"},\"headline\":\"Projeto visa transformar Viracopos no maior aeroporto da Am\u00e9rica Latina\",\"datePublished\":\"2014-11-11T17:23:27+00:00\",\"mainEntityOfPage\":{\"@id\":\"https:\/\/www.abesata.org\/br\/projeto-visa-transformar-viracopos-no-maior-aeroporto-da-america-latina\/\"},\"wordCount\":236,\"publisher\":{\"@id\":\"https:\/\/www.abesata.org\/br\/#organization\"},\"image\":{\"@id\":\"https:\/\/www.abesata.org\/br\/projeto-visa-transformar-viracopos-no-maior-aeroporto-da-america-latina\/#primaryimage\"},\"thumbnailUrl\":\"https:\/\/www.abesata.org\/br\/wp-content\/uploads\/2014\/08\/7.png\",\"inLanguage\":\"pt-BR\"},{\"@type\":\"WebPage\",\"@id\":\"https:\/\/www.abesata.org\/br\/projeto-visa-transformar-viracopos-no-maior-aeroporto-da-america-latina\/\",\"url\":\"https:\/\/www.abesata.org\/br\/projeto-visa-transformar-viracopos-no-maior-aeroporto-da-america-latina\/\",\"name\":\"Projeto visa transformar Viracopos no maior aeroporto da Am\u00e9rica Latina - Abesata\",\"isPartOf\":{\"@id\":\"https:\/\/www.abesata.org\/br\/#website\"},\"primaryImageOfPage\":{\"@id\":\"https:\/\/www.abesata.org\/br\/projeto-visa-transformar-viracopos-no-maior-aeroporto-da-america-latina\/#primaryimage\"},\"image\":{\"@id\":\"https:\/\/www.abesata.org\/br\/projeto-visa-transformar-viracopos-no-maior-aeroporto-da-america-latina\/#primaryimage\"},\"thumbnailUrl\":\"https:\/\/www.abesata.org\/br\/wp-content\/uploads\/2014\/08\/7.png\",\"datePublished\":\"2014-11-11T17:23:27+00:00\",\"breadcrumb\":{\"@id\":\"https:\/\/www.abesata.org\/br\/projeto-visa-transformar-viracopos-no-maior-aeroporto-da-america-latina\/#breadcrumb\"},\"inLanguage\":\"pt-BR\",\"potentialAction\":[{\"@type\":\"ReadAction\",\"target\":[\"https:\/\/www.abesata.org\/br\/projeto-visa-transformar-viracopos-no-maior-aeroporto-da-america-latina\/\"]}]},{\"@type\":\"ImageObject\",\"inLanguage\":\"pt-BR\",\"@id\":\"https:\/\/www.abesata.org\/br\/projeto-visa-transformar-viracopos-no-maior-aeroporto-da-america-latina\/#primaryimage\",\"url\":\"https:\/\/www.abesata.org\/br\/wp-content\/uploads\/2014\/08\/7.png\",\"contentUrl\":\"https:\/\/www.abesata.org\/br\/wp-content\/uploads\/2014\/08\/7.png\",\"width\":1026,\"height\":336},{\"@type\":\"BreadcrumbList\",\"@id\":\"https:\/\/www.abesata.org\/br\/projeto-visa-transformar-viracopos-no-maior-aeroporto-da-america-latina\/#breadcrumb\",\"itemListElement\":[{\"@type\":\"ListItem\",\"position\":1,\"name\":\"In\u00edcio\",\"item\":\"https:\/\/www.abesata.org\/br\/\"},{\"@type\":\"ListItem\",\"position\":2,\"name\":\"Projeto visa transformar Viracopos no maior aeroporto da Am\u00e9rica Latina\"}]},{\"@type\":\"WebSite\",\"@id\":\"https:\/\/www.abesata.org\/br\/#website\",\"url\":\"https:\/\/www.abesata.org\/br\/\",\"name\":\"Abesata\",\"description\":\"Associa\u00e7\u00e3o Brasileira das Empresas de Servi\u00e7os Auxiliares de Transporte A\u00e9reo\",\"publisher\":{\"@id\":\"https:\/\/www.abesata.org\/br\/#organization\"},\"potentialAction\":[{\"@type\":\"SearchAction\",\"target\":{\"@type\":\"EntryPoint\",\"urlTemplate\":\"https:\/\/www.abesata.org\/br\/?s={search_term_string}\"},\"query-input\":{\"@type\":\"PropertyValueSpecification\",\"valueRequired\":true,\"valueName\":\"search_term_string\"}}],\"inLanguage\":\"pt-BR\"},{\"@type\":\"Organization\",\"@id\":\"https:\/\/www.abesata.org\/br\/#organization\",\"name\":\"Associa\u00e7\u00e3o Brasileira das Empresas de Servi\u00e7os Auxiliares de Transporte A\u00e9reo\",\"alternateName\":\"Abesata\",\"url\":\"https:\/\/www.abesata.org\/br\/\",\"logo\":{\"@type\":\"ImageObject\",\"inLanguage\":\"pt-BR\",\"@id\":\"https:\/\/www.abesata.org\/br\/#\/schema\/logo\/image\/\",\"url\":\"https:\/\/www.abesata.org\/br\/wp-content\/uploads\/2023\/10\/Abesata.png\",\"contentUrl\":\"https:\/\/www.abesata.org\/br\/wp-content\/uploads\/2023\/10\/Abesata.png\",\"width\":1063,\"height\":591,\"caption\":\"Associa\u00e7\u00e3o Brasileira das Empresas de Servi\u00e7os Auxiliares de Transporte A\u00e9reo\"},\"image\":{\"@id\":\"https:\/\/www.abesata.org\/br\/#\/schema\/logo\/image\/\"},\"sameAs\":[\"https:\/\/www.facebook.com\/abesata.org\/\",\"https:\/\/www.instagram.com\/abesata_gh\/\",\"https:\/\/br.linkedin.com\/company\/abesata\"]},{\"@type\":\"Person\",\"@id\":\"https:\/\/www.abesata.org\/br\/#\/schema\/person\/1f1295145bee68e42ffe39157320456b\",\"name\":\"Ricardo\",\"image\":{\"@type\":\"ImageObject\",\"inLanguage\":\"pt-BR\",\"@id\":\"https:\/\/www.abesata.org\/br\/#\/schema\/person\/image\/\",\"url\":\"https:\/\/secure.gravatar.com\/avatar\/1d856797eb89513dee321f840c1a6bbcec15beb178c003e50adcf59323b3a8a9?s=96&d=mm&r=g\",\"contentUrl\":\"https:\/\/secure.gravatar.com\/avatar\/1d856797eb89513dee321f840c1a6bbcec15beb178c003e50adcf59323b3a8a9?s=96&d=mm&r=g\",\"caption\":\"Ricardo\"},\"url\":\"https:\/\/www.abesata.org\/br\/author\/ricardo-baroni\/\"}]}<\/script>\n<!-- \/ Yoast SEO plugin. -->","yoast_head_json":{"title":"Projeto visa transformar Viracopos no maior aeroporto da Am\u00e9rica Latina - Abesata","robots":{"index":"index","follow":"follow","max-snippet":"max-snippet:-1","max-image-preview":"max-image-preview:large","max-video-preview":"max-video-preview:-1"},"canonical":"https:\/\/www.abesata.org\/br\/projeto-visa-transformar-viracopos-no-maior-aeroporto-da-america-latina\/","og_locale":"pt_BR","og_type":"article","og_title":"Projeto visa transformar Viracopos no maior aeroporto da Am\u00e9rica Latina - Abesata","og_description":"O Aeroporto Internacional de Viracopos, situado em Campinas, tem um projeto para expandir e se tornar nas pr\u00f3ximas d\u00e9cadas o maior da Am\u00e9rica Latina. A informa\u00e7\u00e3o \u00e9 do gerente comercial da Aeroportos Brasil Viracopos, Alu\u00edzio Margarido. \u201cVamos crescer continuamente e ser o maior\u00a0aeroporto\u00a0da Am\u00e9rica Latina\u201d, ressaltou Margarido. Viracopos\u00a0ter\u00e1 terminal dez vezes maior que o atual. [&hellip;]","og_url":"https:\/\/www.abesata.org\/br\/projeto-visa-transformar-viracopos-no-maior-aeroporto-da-america-latina\/","og_site_name":"Abesata","article_publisher":"https:\/\/www.facebook.com\/abesata.org\/","article_published_time":"2014-11-11T17:23:27+00:00","og_image":[{"width":1026,"height":336,"url":"https:\/\/www.abesata.org\/br\/wp-content\/uploads\/2014\/08\/7.png","type":"image\/png"}],"author":"Ricardo","twitter_card":"summary_large_image","twitter_misc":{"Escrito por":"Ricardo","Est. tempo de leitura":"1 minuto"},"schema":{"@context":"https:\/\/schema.org","@graph":[{"@type":"Article","@id":"https:\/\/www.abesata.org\/br\/projeto-visa-transformar-viracopos-no-maior-aeroporto-da-america-latina\/#article","isPartOf":{"@id":"https:\/\/www.abesata.org\/br\/projeto-visa-transformar-viracopos-no-maior-aeroporto-da-america-latina\/"},"author":{"name":"Ricardo","@id":"https:\/\/www.abesata.org\/br\/#\/schema\/person\/1f1295145bee68e42ffe39157320456b"},"headline":"Projeto visa transformar Viracopos no maior aeroporto da Am\u00e9rica Latina","datePublished":"2014-11-11T17:23:27+00:00","mainEntityOfPage":{"@id":"https:\/\/www.abesata.org\/br\/projeto-visa-transformar-viracopos-no-maior-aeroporto-da-america-latina\/"},"wordCount":236,"publisher":{"@id":"https:\/\/www.abesata.org\/br\/#organization"},"image":{"@id":"https:\/\/www.abesata.org\/br\/projeto-visa-transformar-viracopos-no-maior-aeroporto-da-america-latina\/#primaryimage"},"thumbnailUrl":"https:\/\/www.abesata.org\/br\/wp-content\/uploads\/2014\/08\/7.png","inLanguage":"pt-BR"},{"@type":"WebPage","@id":"https:\/\/www.abesata.org\/br\/projeto-visa-transformar-viracopos-no-maior-aeroporto-da-america-latina\/","url":"https:\/\/www.abesata.org\/br\/projeto-visa-transformar-viracopos-no-maior-aeroporto-da-america-latina\/","name":"Projeto visa transformar Viracopos no maior aeroporto da Am\u00e9rica Latina - Abesata","isPartOf":{"@id":"https:\/\/www.abesata.org\/br\/#website"},"primaryImageOfPage":{"@id":"https:\/\/www.abesata.org\/br\/projeto-visa-transformar-viracopos-no-maior-aeroporto-da-america-latina\/#primaryimage"},"image":{"@id":"https:\/\/www.abesata.org\/br\/projeto-visa-transformar-viracopos-no-maior-aeroporto-da-america-latina\/#primaryimage"},"thumbnailUrl":"https:\/\/www.abesata.org\/br\/wp-content\/uploads\/2014\/08\/7.png","datePublished":"2014-11-11T17:23:27+00:00","breadcrumb":{"@id":"https:\/\/www.abesata.org\/br\/projeto-visa-transformar-viracopos-no-maior-aeroporto-da-america-latina\/#breadcrumb"},"inLanguage":"pt-BR","potentialAction":[{"@type":"ReadAction","target":["https:\/\/www.abesata.org\/br\/projeto-visa-transformar-viracopos-no-maior-aeroporto-da-america-latina\/"]}]},{"@type":"ImageObject","inLanguage":"pt-BR","@id":"https:\/\/www.abesata.org\/br\/projeto-visa-transformar-viracopos-no-maior-aeroporto-da-america-latina\/#primaryimage","url":"https:\/\/www.abesata.org\/br\/wp-content\/uploads\/2014\/08\/7.png","contentUrl":"https:\/\/www.abesata.org\/br\/wp-content\/uploads\/2014\/08\/7.png","width":1026,"height":336},{"@type":"BreadcrumbList","@id":"https:\/\/www.abesata.org\/br\/projeto-visa-transformar-viracopos-no-maior-aeroporto-da-america-latina\/#breadcrumb","itemListElement":[{"@type":"ListItem","position":1,"name":"In\u00edcio","item":"https:\/\/www.abesata.org\/br\/"},{"@type":"ListItem","position":2,"name":"Projeto visa transformar Viracopos no maior aeroporto da Am\u00e9rica Latina"}]},{"@type":"WebSite","@id":"https:\/\/www.abesata.org\/br\/#website","url":"https:\/\/www.abesata.org\/br\/","name":"Abesata","description":"Associa\u00e7\u00e3o Brasileira das Empresas de Servi\u00e7os Auxiliares de Transporte A\u00e9reo","publisher":{"@id":"https:\/\/www.abesata.org\/br\/#organization"},"potentialAction":[{"@type":"SearchAction","target":{"@type":"EntryPoint","urlTemplate":"https:\/\/www.abesata.org\/br\/?s={search_term_string}"},"query-input":{"@type":"PropertyValueSpecification","valueRequired":true,"valueName":"search_term_string"}}],"inLanguage":"pt-BR"},{"@type":"Organization","@id":"https:\/\/www.abesata.org\/br\/#organization","name":"Associa\u00e7\u00e3o Brasileira das Empresas de Servi\u00e7os Auxiliares de Transporte A\u00e9reo","alternateName":"Abesata","url":"https:\/\/www.abesata.org\/br\/","logo":{"@type":"ImageObject","inLanguage":"pt-BR","@id":"https:\/\/www.abesata.org\/br\/#\/schema\/logo\/image\/","url":"https:\/\/www.abesata.org\/br\/wp-content\/uploads\/2023\/10\/Abesata.png","contentUrl":"https:\/\/www.abesata.org\/br\/wp-content\/uploads\/2023\/10\/Abesata.png","width":1063,"height":591,"caption":"Associa\u00e7\u00e3o Brasileira das Empresas de Servi\u00e7os Auxiliares de Transporte A\u00e9reo"},"image":{"@id":"https:\/\/www.abesata.org\/br\/#\/schema\/logo\/image\/"},"sameAs":["https:\/\/www.facebook.com\/abesata.org\/","https:\/\/www.instagram.com\/abesata_gh\/","https:\/\/br.linkedin.com\/company\/abesata"]},{"@type":"Person","@id":"https:\/\/www.abesata.org\/br\/#\/schema\/person\/1f1295145bee68e42ffe39157320456b","name":"Ricardo","image":{"@type":"ImageObject","inLanguage":"pt-BR","@id":"https:\/\/www.abesata.org\/br\/#\/schema\/person\/image\/","url":"https:\/\/secure.gravatar.com\/avatar\/1d856797eb89513dee321f840c1a6bbcec15beb178c003e50adcf59323b3a8a9?s=96&d=mm&r=g","contentUrl":"https:\/\/secure.gravatar.com\/avatar\/1d856797eb89513dee321f840c1a6bbcec15beb178c003e50adcf59323b3a8a9?s=96&d=mm&r=g","caption":"Ricardo"},"url":"https:\/\/www.abesata.org\/br\/author\/ricardo-baroni\/"}]}},"_links":{"self":[{"href":"https:\/\/www.abesata.org\/br\/wp-json\/wp\/v2\/posts\/1838","targetHints":{"allow":["GET"]}}],"collection":[{"href":"https:\/\/www.abesata.org\/br\/wp-json\/wp\/v2\/posts"}],"about":[{"href":"https:\/\/www.abesata.org\/br\/wp-json\/wp\/v2\/types\/post"}],"author":[{"embeddable":true,"href":"https:\/\/www.abesata.org\/br\/wp-json\/wp\/v2\/users\/18"}],"replies":[{"embeddable":true,"href":"https:\/\/www.abesata.org\/br\/wp-json\/wp\/v2\/comments?post=1838"}],"version-history":[{"count":0,"href":"https:\/\/www.abesata.org\/br\/wp-json\/wp\/v2\/posts\/1838\/revisions"}],"wp:featuredmedia":[{"embeddable":true,"href":"https:\/\/www.abesata.org\/br\/wp-json\/wp\/v2\/media\/1412"}],"wp:attachment":[{"href":"https:\/\/www.abesata.org\/br\/wp-json\/wp\/v2\/media?parent=1838"}],"wp:term":[{"taxonomy":"category","embeddable":true,"href":"https:\/\/www.abesata.org\/br\/wp-json\/wp\/v2\/categories?post=1838"},{"taxonomy":"post_tag","embeddable":true,"href":"https:\/\/www.abesata.org\/br\/wp-json\/wp\/v2\/tags?post=1838"}],"curies":[{"name":"wp","href":"https:\/\/api.w.org\/{rel}","templated":true}]}}