{"id":18403,"date":"2025-09-10T19:32:50","date_gmt":"2025-09-10T22:32:50","guid":{"rendered":"https:\/\/www.abesata.org\/br\/?p=18403"},"modified":"2025-09-10T19:33:34","modified_gmt":"2025-09-10T22:33:34","slug":"abesata-e-sesvesp-dialogo-estrategico-aborda-inclusao-de-pcds-e-desafios-setoriais","status":"publish","type":"post","link":"https:\/\/www.abesata.org\/br\/abesata-e-sesvesp-dialogo-estrategico-aborda-inclusao-de-pcds-e-desafios-setoriais\/","title":{"rendered":"ABESATA e SESVESP: Di\u00e1logo estrat\u00e9gico aborda inclus\u00e3o de PCDs e desafios setoriais"},"content":{"rendered":"\n<p>Nesta ter\u00e7a-feira (09.09), representantes da ABESATA, incluindo Jos\u00e9 M\u00e1rio S. D. Braz, estiveram em uma importante reuni\u00e3o na sede do SESVESP (Sindicato das Empresas de Seguran\u00e7a Privada do Estado de S\u00e3o Paulo), localizada no bairro da Casa Verde, na capital paulista. O encontro contou com a presen\u00e7a do Diretor Executivo do SESVESP, Percival Aracema, e do advogado Felipe Villarinho.<\/p>\n\n\n\n<p>O principal objetivo da reuni\u00e3o foi promover uma valiosa troca de experi\u00eancias entre as entidades, buscando abordagens colaborativas para equacionar e facilitar o cumprimento da cota de Pessoas com Defici\u00eancia (PCD) por parte de seus associados. O di\u00e1logo focou nos desafios espec\u00edficos enfrentados por empresas em setores altamente regulados e de natureza especializada, como o da seguran\u00e7a privada e as ESATAs, onde a adapta\u00e7\u00e3o de fun\u00e7\u00f5es e ambientes de trabalho requer solu\u00e7\u00f5es inovadoras e espec\u00edficas.<\/p>\n\n\n\n<p>Al\u00e9m do tema central da inclus\u00e3o de PCDs, a reuni\u00e3o proporcionou uma discuss\u00e3o abrangente, permitindo a identifica\u00e7\u00e3o de diversos problemas e a explora\u00e7\u00e3o de potenciais solu\u00e7\u00f5es comuns \u00e0s empresas de vigil\u00e2ncia privada e \u00e0s ESATAs. Este interc\u00e2mbio de informa\u00e7\u00f5es evidenciou pontos de sinergia significativos e abriu portas para futuras colabora\u00e7\u00f5es estrat\u00e9gicas.<\/p>\n\n\n\n<p>Ambas as partes expressaram grande otimismo quanto aos desdobramentos deste di\u00e1logo, esperando que este encontro seja o catalisador para a gera\u00e7\u00e3o de bons frutos, contribuindo para o aprimoramento das pr\u00e1ticas setoriais e o fortalecimento da atua\u00e7\u00e3o das empresas representadas.<\/p>\n","protected":false},"excerpt":{"rendered":"<p>Nesta ter\u00e7a-feira (09.09), representantes da ABESATA, incluindo Jos\u00e9 M\u00e1rio S. D. Braz, estiveram em uma importante reuni\u00e3o na sede do SESVESP (Sindicato das Empresas de Seguran\u00e7a Privada do Estado de S\u00e3o Paulo), localizada no bairro da Casa Verde, na capital paulista. O encontro contou com a presen\u00e7a do Diretor Executivo do SESVESP, Percival Aracema, e [&hellip;]<\/p>\n","protected":false},"author":135,"featured_media":18404,"comment_status":"closed","ping_status":"0","sticky":false,"template":"","format":"standard","meta":{"footnotes":""},"categories":[294],"tags":[12,42,18,66,59,14],"class_list":["post-18403","post","type-post","status-publish","format-standard","has-post-thumbnail","hentry","category-noticias","tag-abesata","tag-aeroportos","tag-aviacao","tag-aviacao-brasil","tag-ground-handling","tag-infraero"],"yoast_head":"<!-- This site is optimized with the Yoast SEO plugin v26.5 - https:\/\/yoast.com\/wordpress\/plugins\/seo\/ -->\n<title>ABESATA e SESVESP: Di\u00e1logo estrat\u00e9gico aborda inclus\u00e3o de PCDs e desafios setoriais - Abesata<\/title>\n<meta name=\"robots\" content=\"index, follow, max-snippet:-1, max-image-preview:large, max-video-preview:-1\" \/>\n<link rel=\"canonical\" href=\"https:\/\/www.abesata.org\/br\/abesata-e-sesvesp-dialogo-estrategico-aborda-inclusao-de-pcds-e-desafios-setoriais\/\" \/>\n<meta property=\"og:locale\" content=\"pt_BR\" \/>\n<meta property=\"og:type\" content=\"article\" \/>\n<meta property=\"og:title\" content=\"ABESATA e SESVESP: Di\u00e1logo estrat\u00e9gico aborda inclus\u00e3o de PCDs e desafios setoriais - Abesata\" \/>\n<meta property=\"og:description\" content=\"Nesta ter\u00e7a-feira (09.09), representantes da ABESATA, incluindo Jos\u00e9 M\u00e1rio S. D. Braz, estiveram em uma importante reuni\u00e3o na sede do SESVESP (Sindicato das Empresas de Seguran\u00e7a Privada do Estado de S\u00e3o Paulo), localizada no bairro da Casa Verde, na capital paulista. O encontro contou com a presen\u00e7a do Diretor Executivo do SESVESP, Percival Aracema, e [&hellip;]\" \/>\n<meta property=\"og:url\" content=\"https:\/\/www.abesata.org\/br\/abesata-e-sesvesp-dialogo-estrategico-aborda-inclusao-de-pcds-e-desafios-setoriais\/\" \/>\n<meta property=\"og:site_name\" content=\"Abesata\" \/>\n<meta property=\"article:publisher\" content=\"https:\/\/www.facebook.com\/abesata.org\/\" \/>\n<meta property=\"article:published_time\" content=\"2025-09-10T22:32:50+00:00\" \/>\n<meta property=\"article:modified_time\" content=\"2025-09-10T22:33:34+00:00\" \/>\n<meta property=\"og:image\" content=\"https:\/\/www.abesata.org\/br\/wp-content\/uploads\/2025\/09\/42df6246-abe2-4f9f-bf9e-6acc4b450bb4.jpeg\" \/>\n\t<meta property=\"og:image:width\" content=\"800\" \/>\n\t<meta property=\"og:image:height\" content=\"600\" \/>\n\t<meta property=\"og:image:type\" content=\"image\/jpeg\" \/>\n<meta name=\"author\" content=\"Henrique Santana\" \/>\n<meta name=\"twitter:card\" content=\"summary_large_image\" \/>\n<meta name=\"twitter:label1\" content=\"Escrito por\" \/>\n\t<meta name=\"twitter:data1\" content=\"Henrique Santana\" \/>\n\t<meta name=\"twitter:label2\" content=\"Est. tempo de leitura\" \/>\n\t<meta name=\"twitter:data2\" content=\"2 minutos\" \/>\n<script type=\"application\/ld+json\" class=\"yoast-schema-graph\">{\"@context\":\"https:\/\/schema.org\",\"@graph\":[{\"@type\":\"Article\",\"@id\":\"https:\/\/www.abesata.org\/br\/abesata-e-sesvesp-dialogo-estrategico-aborda-inclusao-de-pcds-e-desafios-setoriais\/#article\",\"isPartOf\":{\"@id\":\"https:\/\/www.abesata.org\/br\/abesata-e-sesvesp-dialogo-estrategico-aborda-inclusao-de-pcds-e-desafios-setoriais\/\"},\"author\":{\"name\":\"Henrique Santana\",\"@id\":\"https:\/\/www.abesata.org\/br\/#\/schema\/person\/9ea6d4cad1253eb9fd0f7cc28c4306da\"},\"headline\":\"ABESATA e SESVESP: Di\u00e1logo estrat\u00e9gico aborda inclus\u00e3o de PCDs e desafios setoriais\",\"datePublished\":\"2025-09-10T22:32:50+00:00\",\"dateModified\":\"2025-09-10T22:33:34+00:00\",\"mainEntityOfPage\":{\"@id\":\"https:\/\/www.abesata.org\/br\/abesata-e-sesvesp-dialogo-estrategico-aborda-inclusao-de-pcds-e-desafios-setoriais\/\"},\"wordCount\":270,\"publisher\":{\"@id\":\"https:\/\/www.abesata.org\/br\/#organization\"},\"image\":{\"@id\":\"https:\/\/www.abesata.org\/br\/abesata-e-sesvesp-dialogo-estrategico-aborda-inclusao-de-pcds-e-desafios-setoriais\/#primaryimage\"},\"thumbnailUrl\":\"https:\/\/www.abesata.org\/br\/wp-content\/uploads\/2025\/09\/42df6246-abe2-4f9f-bf9e-6acc4b450bb4.jpeg\",\"keywords\":[\"abesata\",\"Aeroportos\",\"Avia\u00e7\u00e3o\",\"Avia\u00e7\u00e3o Brasil\",\"Ground Handling\",\"Infraero\"],\"articleSection\":[\"Not\u00edcias\"],\"inLanguage\":\"pt-BR\"},{\"@type\":\"WebPage\",\"@id\":\"https:\/\/www.abesata.org\/br\/abesata-e-sesvesp-dialogo-estrategico-aborda-inclusao-de-pcds-e-desafios-setoriais\/\",\"url\":\"https:\/\/www.abesata.org\/br\/abesata-e-sesvesp-dialogo-estrategico-aborda-inclusao-de-pcds-e-desafios-setoriais\/\",\"name\":\"ABESATA e SESVESP: Di\u00e1logo estrat\u00e9gico aborda inclus\u00e3o de PCDs e desafios setoriais - Abesata\",\"isPartOf\":{\"@id\":\"https:\/\/www.abesata.org\/br\/#website\"},\"primaryImageOfPage\":{\"@id\":\"https:\/\/www.abesata.org\/br\/abesata-e-sesvesp-dialogo-estrategico-aborda-inclusao-de-pcds-e-desafios-setoriais\/#primaryimage\"},\"image\":{\"@id\":\"https:\/\/www.abesata.org\/br\/abesata-e-sesvesp-dialogo-estrategico-aborda-inclusao-de-pcds-e-desafios-setoriais\/#primaryimage\"},\"thumbnailUrl\":\"https:\/\/www.abesata.org\/br\/wp-content\/uploads\/2025\/09\/42df6246-abe2-4f9f-bf9e-6acc4b450bb4.jpeg\",\"datePublished\":\"2025-09-10T22:32:50+00:00\",\"dateModified\":\"2025-09-10T22:33:34+00:00\",\"breadcrumb\":{\"@id\":\"https:\/\/www.abesata.org\/br\/abesata-e-sesvesp-dialogo-estrategico-aborda-inclusao-de-pcds-e-desafios-setoriais\/#breadcrumb\"},\"inLanguage\":\"pt-BR\",\"potentialAction\":[{\"@type\":\"ReadAction\",\"target\":[\"https:\/\/www.abesata.org\/br\/abesata-e-sesvesp-dialogo-estrategico-aborda-inclusao-de-pcds-e-desafios-setoriais\/\"]}]},{\"@type\":\"ImageObject\",\"inLanguage\":\"pt-BR\",\"@id\":\"https:\/\/www.abesata.org\/br\/abesata-e-sesvesp-dialogo-estrategico-aborda-inclusao-de-pcds-e-desafios-setoriais\/#primaryimage\",\"url\":\"https:\/\/www.abesata.org\/br\/wp-content\/uploads\/2025\/09\/42df6246-abe2-4f9f-bf9e-6acc4b450bb4.jpeg\",\"contentUrl\":\"https:\/\/www.abesata.org\/br\/wp-content\/uploads\/2025\/09\/42df6246-abe2-4f9f-bf9e-6acc4b450bb4.jpeg\",\"width\":800,\"height\":600},{\"@type\":\"BreadcrumbList\",\"@id\":\"https:\/\/www.abesata.org\/br\/abesata-e-sesvesp-dialogo-estrategico-aborda-inclusao-de-pcds-e-desafios-setoriais\/#breadcrumb\",\"itemListElement\":[{\"@type\":\"ListItem\",\"position\":1,\"name\":\"In\u00edcio\",\"item\":\"https:\/\/www.abesata.org\/br\/\"},{\"@type\":\"ListItem\",\"position\":2,\"name\":\"ABESATA e SESVESP: Di\u00e1logo estrat\u00e9gico aborda inclus\u00e3o de PCDs e desafios setoriais\"}]},{\"@type\":\"WebSite\",\"@id\":\"https:\/\/www.abesata.org\/br\/#website\",\"url\":\"https:\/\/www.abesata.org\/br\/\",\"name\":\"Abesata\",\"description\":\"Associa\u00e7\u00e3o Brasileira das Empresas de Servi\u00e7os Auxiliares de Transporte A\u00e9reo\",\"publisher\":{\"@id\":\"https:\/\/www.abesata.org\/br\/#organization\"},\"potentialAction\":[{\"@type\":\"SearchAction\",\"target\":{\"@type\":\"EntryPoint\",\"urlTemplate\":\"https:\/\/www.abesata.org\/br\/?s={search_term_string}\"},\"query-input\":{\"@type\":\"PropertyValueSpecification\",\"valueRequired\":true,\"valueName\":\"search_term_string\"}}],\"inLanguage\":\"pt-BR\"},{\"@type\":\"Organization\",\"@id\":\"https:\/\/www.abesata.org\/br\/#organization\",\"name\":\"Associa\u00e7\u00e3o Brasileira das Empresas de Servi\u00e7os Auxiliares de Transporte A\u00e9reo\",\"alternateName\":\"Abesata\",\"url\":\"https:\/\/www.abesata.org\/br\/\",\"logo\":{\"@type\":\"ImageObject\",\"inLanguage\":\"pt-BR\",\"@id\":\"https:\/\/www.abesata.org\/br\/#\/schema\/logo\/image\/\",\"url\":\"https:\/\/www.abesata.org\/br\/wp-content\/uploads\/2023\/10\/Abesata.png\",\"contentUrl\":\"https:\/\/www.abesata.org\/br\/wp-content\/uploads\/2023\/10\/Abesata.png\",\"width\":1063,\"height\":591,\"caption\":\"Associa\u00e7\u00e3o Brasileira das Empresas de Servi\u00e7os Auxiliares de Transporte A\u00e9reo\"},\"image\":{\"@id\":\"https:\/\/www.abesata.org\/br\/#\/schema\/logo\/image\/\"},\"sameAs\":[\"https:\/\/www.facebook.com\/abesata.org\/\",\"https:\/\/www.instagram.com\/abesata_gh\/\",\"https:\/\/br.linkedin.com\/company\/abesata\"]},{\"@type\":\"Person\",\"@id\":\"https:\/\/www.abesata.org\/br\/#\/schema\/person\/9ea6d4cad1253eb9fd0f7cc28c4306da\",\"name\":\"Henrique Santana\",\"image\":{\"@type\":\"ImageObject\",\"inLanguage\":\"pt-BR\",\"@id\":\"https:\/\/www.abesata.org\/br\/#\/schema\/person\/image\/\",\"url\":\"https:\/\/secure.gravatar.com\/avatar\/d38ee0ca5c04b216d163c4ecd115e6174ba1c9174252c48fc8d30cf2dc7f0b25?s=96&d=mm&r=g\",\"contentUrl\":\"https:\/\/secure.gravatar.com\/avatar\/d38ee0ca5c04b216d163c4ecd115e6174ba1c9174252c48fc8d30cf2dc7f0b25?s=96&d=mm&r=g\",\"caption\":\"Henrique Santana\"},\"url\":\"https:\/\/www.abesata.org\/br\/author\/henrique-santana\/\"}]}<\/script>\n<!-- \/ Yoast SEO plugin. -->","yoast_head_json":{"title":"ABESATA e SESVESP: Di\u00e1logo estrat\u00e9gico aborda inclus\u00e3o de PCDs e desafios setoriais - Abesata","robots":{"index":"index","follow":"follow","max-snippet":"max-snippet:-1","max-image-preview":"max-image-preview:large","max-video-preview":"max-video-preview:-1"},"canonical":"https:\/\/www.abesata.org\/br\/abesata-e-sesvesp-dialogo-estrategico-aborda-inclusao-de-pcds-e-desafios-setoriais\/","og_locale":"pt_BR","og_type":"article","og_title":"ABESATA e SESVESP: Di\u00e1logo estrat\u00e9gico aborda inclus\u00e3o de PCDs e desafios setoriais - Abesata","og_description":"Nesta ter\u00e7a-feira (09.09), representantes da ABESATA, incluindo Jos\u00e9 M\u00e1rio S. D. Braz, estiveram em uma importante reuni\u00e3o na sede do SESVESP (Sindicato das Empresas de Seguran\u00e7a Privada do Estado de S\u00e3o Paulo), localizada no bairro da Casa Verde, na capital paulista. O encontro contou com a presen\u00e7a do Diretor Executivo do SESVESP, Percival Aracema, e [&hellip;]","og_url":"https:\/\/www.abesata.org\/br\/abesata-e-sesvesp-dialogo-estrategico-aborda-inclusao-de-pcds-e-desafios-setoriais\/","og_site_name":"Abesata","article_publisher":"https:\/\/www.facebook.com\/abesata.org\/","article_published_time":"2025-09-10T22:32:50+00:00","article_modified_time":"2025-09-10T22:33:34+00:00","og_image":[{"width":800,"height":600,"url":"https:\/\/www.abesata.org\/br\/wp-content\/uploads\/2025\/09\/42df6246-abe2-4f9f-bf9e-6acc4b450bb4.jpeg","type":"image\/jpeg"}],"author":"Henrique Santana","twitter_card":"summary_large_image","twitter_misc":{"Escrito por":"Henrique Santana","Est. tempo de leitura":"2 minutos"},"schema":{"@context":"https:\/\/schema.org","@graph":[{"@type":"Article","@id":"https:\/\/www.abesata.org\/br\/abesata-e-sesvesp-dialogo-estrategico-aborda-inclusao-de-pcds-e-desafios-setoriais\/#article","isPartOf":{"@id":"https:\/\/www.abesata.org\/br\/abesata-e-sesvesp-dialogo-estrategico-aborda-inclusao-de-pcds-e-desafios-setoriais\/"},"author":{"name":"Henrique Santana","@id":"https:\/\/www.abesata.org\/br\/#\/schema\/person\/9ea6d4cad1253eb9fd0f7cc28c4306da"},"headline":"ABESATA e SESVESP: Di\u00e1logo estrat\u00e9gico aborda inclus\u00e3o de PCDs e desafios setoriais","datePublished":"2025-09-10T22:32:50+00:00","dateModified":"2025-09-10T22:33:34+00:00","mainEntityOfPage":{"@id":"https:\/\/www.abesata.org\/br\/abesata-e-sesvesp-dialogo-estrategico-aborda-inclusao-de-pcds-e-desafios-setoriais\/"},"wordCount":270,"publisher":{"@id":"https:\/\/www.abesata.org\/br\/#organization"},"image":{"@id":"https:\/\/www.abesata.org\/br\/abesata-e-sesvesp-dialogo-estrategico-aborda-inclusao-de-pcds-e-desafios-setoriais\/#primaryimage"},"thumbnailUrl":"https:\/\/www.abesata.org\/br\/wp-content\/uploads\/2025\/09\/42df6246-abe2-4f9f-bf9e-6acc4b450bb4.jpeg","keywords":["abesata","Aeroportos","Avia\u00e7\u00e3o","Avia\u00e7\u00e3o Brasil","Ground Handling","Infraero"],"articleSection":["Not\u00edcias"],"inLanguage":"pt-BR"},{"@type":"WebPage","@id":"https:\/\/www.abesata.org\/br\/abesata-e-sesvesp-dialogo-estrategico-aborda-inclusao-de-pcds-e-desafios-setoriais\/","url":"https:\/\/www.abesata.org\/br\/abesata-e-sesvesp-dialogo-estrategico-aborda-inclusao-de-pcds-e-desafios-setoriais\/","name":"ABESATA e SESVESP: Di\u00e1logo estrat\u00e9gico aborda inclus\u00e3o de PCDs e desafios setoriais - Abesata","isPartOf":{"@id":"https:\/\/www.abesata.org\/br\/#website"},"primaryImageOfPage":{"@id":"https:\/\/www.abesata.org\/br\/abesata-e-sesvesp-dialogo-estrategico-aborda-inclusao-de-pcds-e-desafios-setoriais\/#primaryimage"},"image":{"@id":"https:\/\/www.abesata.org\/br\/abesata-e-sesvesp-dialogo-estrategico-aborda-inclusao-de-pcds-e-desafios-setoriais\/#primaryimage"},"thumbnailUrl":"https:\/\/www.abesata.org\/br\/wp-content\/uploads\/2025\/09\/42df6246-abe2-4f9f-bf9e-6acc4b450bb4.jpeg","datePublished":"2025-09-10T22:32:50+00:00","dateModified":"2025-09-10T22:33:34+00:00","breadcrumb":{"@id":"https:\/\/www.abesata.org\/br\/abesata-e-sesvesp-dialogo-estrategico-aborda-inclusao-de-pcds-e-desafios-setoriais\/#breadcrumb"},"inLanguage":"pt-BR","potentialAction":[{"@type":"ReadAction","target":["https:\/\/www.abesata.org\/br\/abesata-e-sesvesp-dialogo-estrategico-aborda-inclusao-de-pcds-e-desafios-setoriais\/"]}]},{"@type":"ImageObject","inLanguage":"pt-BR","@id":"https:\/\/www.abesata.org\/br\/abesata-e-sesvesp-dialogo-estrategico-aborda-inclusao-de-pcds-e-desafios-setoriais\/#primaryimage","url":"https:\/\/www.abesata.org\/br\/wp-content\/uploads\/2025\/09\/42df6246-abe2-4f9f-bf9e-6acc4b450bb4.jpeg","contentUrl":"https:\/\/www.abesata.org\/br\/wp-content\/uploads\/2025\/09\/42df6246-abe2-4f9f-bf9e-6acc4b450bb4.jpeg","width":800,"height":600},{"@type":"BreadcrumbList","@id":"https:\/\/www.abesata.org\/br\/abesata-e-sesvesp-dialogo-estrategico-aborda-inclusao-de-pcds-e-desafios-setoriais\/#breadcrumb","itemListElement":[{"@type":"ListItem","position":1,"name":"In\u00edcio","item":"https:\/\/www.abesata.org\/br\/"},{"@type":"ListItem","position":2,"name":"ABESATA e SESVESP: Di\u00e1logo estrat\u00e9gico aborda inclus\u00e3o de PCDs e desafios setoriais"}]},{"@type":"WebSite","@id":"https:\/\/www.abesata.org\/br\/#website","url":"https:\/\/www.abesata.org\/br\/","name":"Abesata","description":"Associa\u00e7\u00e3o Brasileira das Empresas de Servi\u00e7os Auxiliares de Transporte A\u00e9reo","publisher":{"@id":"https:\/\/www.abesata.org\/br\/#organization"},"potentialAction":[{"@type":"SearchAction","target":{"@type":"EntryPoint","urlTemplate":"https:\/\/www.abesata.org\/br\/?s={search_term_string}"},"query-input":{"@type":"PropertyValueSpecification","valueRequired":true,"valueName":"search_term_string"}}],"inLanguage":"pt-BR"},{"@type":"Organization","@id":"https:\/\/www.abesata.org\/br\/#organization","name":"Associa\u00e7\u00e3o Brasileira das Empresas de Servi\u00e7os Auxiliares de Transporte A\u00e9reo","alternateName":"Abesata","url":"https:\/\/www.abesata.org\/br\/","logo":{"@type":"ImageObject","inLanguage":"pt-BR","@id":"https:\/\/www.abesata.org\/br\/#\/schema\/logo\/image\/","url":"https:\/\/www.abesata.org\/br\/wp-content\/uploads\/2023\/10\/Abesata.png","contentUrl":"https:\/\/www.abesata.org\/br\/wp-content\/uploads\/2023\/10\/Abesata.png","width":1063,"height":591,"caption":"Associa\u00e7\u00e3o Brasileira das Empresas de Servi\u00e7os Auxiliares de Transporte A\u00e9reo"},"image":{"@id":"https:\/\/www.abesata.org\/br\/#\/schema\/logo\/image\/"},"sameAs":["https:\/\/www.facebook.com\/abesata.org\/","https:\/\/www.instagram.com\/abesata_gh\/","https:\/\/br.linkedin.com\/company\/abesata"]},{"@type":"Person","@id":"https:\/\/www.abesata.org\/br\/#\/schema\/person\/9ea6d4cad1253eb9fd0f7cc28c4306da","name":"Henrique Santana","image":{"@type":"ImageObject","inLanguage":"pt-BR","@id":"https:\/\/www.abesata.org\/br\/#\/schema\/person\/image\/","url":"https:\/\/secure.gravatar.com\/avatar\/d38ee0ca5c04b216d163c4ecd115e6174ba1c9174252c48fc8d30cf2dc7f0b25?s=96&d=mm&r=g","contentUrl":"https:\/\/secure.gravatar.com\/avatar\/d38ee0ca5c04b216d163c4ecd115e6174ba1c9174252c48fc8d30cf2dc7f0b25?s=96&d=mm&r=g","caption":"Henrique Santana"},"url":"https:\/\/www.abesata.org\/br\/author\/henrique-santana\/"}]}},"_links":{"self":[{"href":"https:\/\/www.abesata.org\/br\/wp-json\/wp\/v2\/posts\/18403","targetHints":{"allow":["GET"]}}],"collection":[{"href":"https:\/\/www.abesata.org\/br\/wp-json\/wp\/v2\/posts"}],"about":[{"href":"https:\/\/www.abesata.org\/br\/wp-json\/wp\/v2\/types\/post"}],"author":[{"embeddable":true,"href":"https:\/\/www.abesata.org\/br\/wp-json\/wp\/v2\/users\/135"}],"replies":[{"embeddable":true,"href":"https:\/\/www.abesata.org\/br\/wp-json\/wp\/v2\/comments?post=18403"}],"version-history":[{"count":2,"href":"https:\/\/www.abesata.org\/br\/wp-json\/wp\/v2\/posts\/18403\/revisions"}],"predecessor-version":[{"id":18406,"href":"https:\/\/www.abesata.org\/br\/wp-json\/wp\/v2\/posts\/18403\/revisions\/18406"}],"wp:featuredmedia":[{"embeddable":true,"href":"https:\/\/www.abesata.org\/br\/wp-json\/wp\/v2\/media\/18404"}],"wp:attachment":[{"href":"https:\/\/www.abesata.org\/br\/wp-json\/wp\/v2\/media?parent=18403"}],"wp:term":[{"taxonomy":"category","embeddable":true,"href":"https:\/\/www.abesata.org\/br\/wp-json\/wp\/v2\/categories?post=18403"},{"taxonomy":"post_tag","embeddable":true,"href":"https:\/\/www.abesata.org\/br\/wp-json\/wp\/v2\/tags?post=18403"}],"curies":[{"name":"wp","href":"https:\/\/api.w.org\/{rel}","templated":true}]}}