{"id":1845,"date":"2014-11-14T11:00:06","date_gmt":"2014-11-14T13:00:06","guid":{"rendered":"http:\/\/www.abesata.org\/?p=1845"},"modified":"2014-11-17T14:54:47","modified_gmt":"2014-11-17T16:54:47","slug":"mais-avioes-e-passageiros-no-aeroporto-de-viracoposcampinas","status":"publish","type":"post","link":"https:\/\/www.abesata.org\/br\/mais-avioes-e-passageiros-no-aeroporto-de-viracoposcampinas\/","title":{"rendered":"Mais avi\u00f5es e passageiros no Aeroporto de Viracopos\/Campinas"},"content":{"rendered":"<p>O m\u00eas de Outubro passado marcou o recorde de passageiros em um \u00fanico m\u00eas no Aeroporto Internacional de Viracopos, em Campinas, Estado de S\u00e3o Paulo. Foram registados 873.065 passageiros contra 867.253 em Janeiro deste ano, m\u00eas que obtinha o recorde anterior.<\/p>\n<p>Em rela\u00e7\u00e3o a Outubro de 2013, o crescimento foi de 6,19%, quando 822.153 pessoas escolheram Viracopos para voar. No acumulado do ano, 8.186.328 passageiros passaram pelo terminal, contra 7.662.097 nos dez primeiros meses do ano passado (alta de 6,84%).<\/p>\n<p>Em 2013, Viracopos transportou um total de 9,3 milh\u00f5es de passageiros. A expectativa \u00e9 que o aeroporto chegue pr\u00f3ximo aos 10 milh\u00f5es de passageiros em 2014.<\/p>\n<p>\u201cO crescimento no fluxo de passageiros reflete o investimento que estamos fazendo na infraestrutura de todo o s\u00edtio aeroportu\u00e1rio e, assim, melhorando a cada dia a experi\u00eancia de voar por Viracopos. O desafio que estamos vencendo \u00e9 crescer na quantidade e na qualidade ao mesmo tempo\u201d, afirma o diretor de Opera\u00e7\u00f5es do aeroporto, Marcelo Mota.<\/p>\n<p>Os pousos e descolagens tamb\u00e9m cresceram em Viracopos. Entre Janeiro e Outubro deste ano foram 109.489 movimentos de aeronaves, um crescimento de 4,35% em rela\u00e7\u00e3o ao mesmo per\u00edodo do ano passado. Em rela\u00e7\u00e3o a Outubro de 2013, o aumento foi de 3,04%.<\/p>\n<p style=\"text-align: right;\">Fonte: News Avia<br \/>\n13\/11\/2014<br \/>\nFoto: Divulga\u00e7\u00e3o<\/p>\n","protected":false},"excerpt":{"rendered":"<p>O m\u00eas de Outubro passado marcou o recorde de passageiros em um \u00fanico m\u00eas no Aeroporto Internacional de Viracopos, em Campinas, Estado de S\u00e3o Paulo. Foram registados 873.065 passageiros contra 867.253 em Janeiro deste ano, m\u00eas que obtinha o recorde anterior. Em rela\u00e7\u00e3o a Outubro de 2013, o crescimento foi de 6,19%, quando 822.153 pessoas [&hellip;]<\/p>\n","protected":false},"author":18,"featured_media":1846,"comment_status":"closed","ping_status":"closed","sticky":false,"template":"","format":"standard","meta":{"footnotes":""},"categories":[],"tags":[],"class_list":["post-1845","post","type-post","status-publish","format-standard","has-post-thumbnail","hentry"],"yoast_head":"<!-- This site is optimized with the Yoast SEO plugin v26.5 - https:\/\/yoast.com\/wordpress\/plugins\/seo\/ -->\n<title>Mais avi\u00f5es e passageiros no Aeroporto de Viracopos\/Campinas - Abesata<\/title>\n<meta name=\"robots\" content=\"index, follow, max-snippet:-1, max-image-preview:large, max-video-preview:-1\" \/>\n<link rel=\"canonical\" href=\"https:\/\/www.abesata.org\/br\/mais-avioes-e-passageiros-no-aeroporto-de-viracoposcampinas\/\" \/>\n<meta property=\"og:locale\" content=\"pt_BR\" \/>\n<meta property=\"og:type\" content=\"article\" \/>\n<meta property=\"og:title\" content=\"Mais avi\u00f5es e passageiros no Aeroporto de Viracopos\/Campinas - Abesata\" \/>\n<meta property=\"og:description\" content=\"O m\u00eas de Outubro passado marcou o recorde de passageiros em um \u00fanico m\u00eas no Aeroporto Internacional de Viracopos, em Campinas, Estado de S\u00e3o Paulo. Foram registados 873.065 passageiros contra 867.253 em Janeiro deste ano, m\u00eas que obtinha o recorde anterior. Em rela\u00e7\u00e3o a Outubro de 2013, o crescimento foi de 6,19%, quando 822.153 pessoas [&hellip;]\" \/>\n<meta property=\"og:url\" content=\"https:\/\/www.abesata.org\/br\/mais-avioes-e-passageiros-no-aeroporto-de-viracoposcampinas\/\" \/>\n<meta property=\"og:site_name\" content=\"Abesata\" \/>\n<meta property=\"article:publisher\" content=\"https:\/\/www.facebook.com\/abesata.org\/\" \/>\n<meta property=\"article:published_time\" content=\"2014-11-14T13:00:06+00:00\" \/>\n<meta property=\"article:modified_time\" content=\"2014-11-17T16:54:47+00:00\" \/>\n<meta property=\"og:image\" content=\"https:\/\/www.abesata.org\/br\/wp-content\/uploads\/2014\/11\/47.png\" \/>\n\t<meta property=\"og:image:width\" content=\"1710\" \/>\n\t<meta property=\"og:image:height\" content=\"560\" \/>\n\t<meta property=\"og:image:type\" content=\"image\/png\" \/>\n<meta name=\"author\" content=\"Ricardo\" \/>\n<meta name=\"twitter:card\" content=\"summary_large_image\" \/>\n<meta name=\"twitter:label1\" content=\"Escrito por\" \/>\n\t<meta name=\"twitter:data1\" content=\"Ricardo\" \/>\n\t<meta name=\"twitter:label2\" content=\"Est. tempo de leitura\" \/>\n\t<meta name=\"twitter:data2\" content=\"1 minuto\" \/>\n<script type=\"application\/ld+json\" class=\"yoast-schema-graph\">{\"@context\":\"https:\/\/schema.org\",\"@graph\":[{\"@type\":\"Article\",\"@id\":\"https:\/\/www.abesata.org\/br\/mais-avioes-e-passageiros-no-aeroporto-de-viracoposcampinas\/#article\",\"isPartOf\":{\"@id\":\"https:\/\/www.abesata.org\/br\/mais-avioes-e-passageiros-no-aeroporto-de-viracoposcampinas\/\"},\"author\":{\"name\":\"Ricardo\",\"@id\":\"https:\/\/www.abesata.org\/br\/#\/schema\/person\/1f1295145bee68e42ffe39157320456b\"},\"headline\":\"Mais avi\u00f5es e passageiros no Aeroporto de Viracopos\/Campinas\",\"datePublished\":\"2014-11-14T13:00:06+00:00\",\"dateModified\":\"2014-11-17T16:54:47+00:00\",\"mainEntityOfPage\":{\"@id\":\"https:\/\/www.abesata.org\/br\/mais-avioes-e-passageiros-no-aeroporto-de-viracoposcampinas\/\"},\"wordCount\":217,\"publisher\":{\"@id\":\"https:\/\/www.abesata.org\/br\/#organization\"},\"image\":{\"@id\":\"https:\/\/www.abesata.org\/br\/mais-avioes-e-passageiros-no-aeroporto-de-viracoposcampinas\/#primaryimage\"},\"thumbnailUrl\":\"https:\/\/www.abesata.org\/br\/wp-content\/uploads\/2014\/11\/47.png\",\"inLanguage\":\"pt-BR\"},{\"@type\":\"WebPage\",\"@id\":\"https:\/\/www.abesata.org\/br\/mais-avioes-e-passageiros-no-aeroporto-de-viracoposcampinas\/\",\"url\":\"https:\/\/www.abesata.org\/br\/mais-avioes-e-passageiros-no-aeroporto-de-viracoposcampinas\/\",\"name\":\"Mais avi\u00f5es e passageiros no Aeroporto de Viracopos\/Campinas - Abesata\",\"isPartOf\":{\"@id\":\"https:\/\/www.abesata.org\/br\/#website\"},\"primaryImageOfPage\":{\"@id\":\"https:\/\/www.abesata.org\/br\/mais-avioes-e-passageiros-no-aeroporto-de-viracoposcampinas\/#primaryimage\"},\"image\":{\"@id\":\"https:\/\/www.abesata.org\/br\/mais-avioes-e-passageiros-no-aeroporto-de-viracoposcampinas\/#primaryimage\"},\"thumbnailUrl\":\"https:\/\/www.abesata.org\/br\/wp-content\/uploads\/2014\/11\/47.png\",\"datePublished\":\"2014-11-14T13:00:06+00:00\",\"dateModified\":\"2014-11-17T16:54:47+00:00\",\"breadcrumb\":{\"@id\":\"https:\/\/www.abesata.org\/br\/mais-avioes-e-passageiros-no-aeroporto-de-viracoposcampinas\/#breadcrumb\"},\"inLanguage\":\"pt-BR\",\"potentialAction\":[{\"@type\":\"ReadAction\",\"target\":[\"https:\/\/www.abesata.org\/br\/mais-avioes-e-passageiros-no-aeroporto-de-viracoposcampinas\/\"]}]},{\"@type\":\"ImageObject\",\"inLanguage\":\"pt-BR\",\"@id\":\"https:\/\/www.abesata.org\/br\/mais-avioes-e-passageiros-no-aeroporto-de-viracoposcampinas\/#primaryimage\",\"url\":\"https:\/\/www.abesata.org\/br\/wp-content\/uploads\/2014\/11\/47.png\",\"contentUrl\":\"https:\/\/www.abesata.org\/br\/wp-content\/uploads\/2014\/11\/47.png\",\"width\":1710,\"height\":560},{\"@type\":\"BreadcrumbList\",\"@id\":\"https:\/\/www.abesata.org\/br\/mais-avioes-e-passageiros-no-aeroporto-de-viracoposcampinas\/#breadcrumb\",\"itemListElement\":[{\"@type\":\"ListItem\",\"position\":1,\"name\":\"In\u00edcio\",\"item\":\"https:\/\/www.abesata.org\/br\/\"},{\"@type\":\"ListItem\",\"position\":2,\"name\":\"Mais avi\u00f5es e passageiros no Aeroporto de Viracopos\/Campinas\"}]},{\"@type\":\"WebSite\",\"@id\":\"https:\/\/www.abesata.org\/br\/#website\",\"url\":\"https:\/\/www.abesata.org\/br\/\",\"name\":\"Abesata\",\"description\":\"Associa\u00e7\u00e3o Brasileira das Empresas de Servi\u00e7os Auxiliares de Transporte A\u00e9reo\",\"publisher\":{\"@id\":\"https:\/\/www.abesata.org\/br\/#organization\"},\"potentialAction\":[{\"@type\":\"SearchAction\",\"target\":{\"@type\":\"EntryPoint\",\"urlTemplate\":\"https:\/\/www.abesata.org\/br\/?s={search_term_string}\"},\"query-input\":{\"@type\":\"PropertyValueSpecification\",\"valueRequired\":true,\"valueName\":\"search_term_string\"}}],\"inLanguage\":\"pt-BR\"},{\"@type\":\"Organization\",\"@id\":\"https:\/\/www.abesata.org\/br\/#organization\",\"name\":\"Associa\u00e7\u00e3o Brasileira das Empresas de Servi\u00e7os Auxiliares de Transporte A\u00e9reo\",\"alternateName\":\"Abesata\",\"url\":\"https:\/\/www.abesata.org\/br\/\",\"logo\":{\"@type\":\"ImageObject\",\"inLanguage\":\"pt-BR\",\"@id\":\"https:\/\/www.abesata.org\/br\/#\/schema\/logo\/image\/\",\"url\":\"https:\/\/www.abesata.org\/br\/wp-content\/uploads\/2023\/10\/Abesata.png\",\"contentUrl\":\"https:\/\/www.abesata.org\/br\/wp-content\/uploads\/2023\/10\/Abesata.png\",\"width\":1063,\"height\":591,\"caption\":\"Associa\u00e7\u00e3o Brasileira das Empresas de Servi\u00e7os Auxiliares de Transporte A\u00e9reo\"},\"image\":{\"@id\":\"https:\/\/www.abesata.org\/br\/#\/schema\/logo\/image\/\"},\"sameAs\":[\"https:\/\/www.facebook.com\/abesata.org\/\",\"https:\/\/www.instagram.com\/abesata_gh\/\",\"https:\/\/br.linkedin.com\/company\/abesata\"]},{\"@type\":\"Person\",\"@id\":\"https:\/\/www.abesata.org\/br\/#\/schema\/person\/1f1295145bee68e42ffe39157320456b\",\"name\":\"Ricardo\",\"image\":{\"@type\":\"ImageObject\",\"inLanguage\":\"pt-BR\",\"@id\":\"https:\/\/www.abesata.org\/br\/#\/schema\/person\/image\/\",\"url\":\"https:\/\/secure.gravatar.com\/avatar\/1d856797eb89513dee321f840c1a6bbcec15beb178c003e50adcf59323b3a8a9?s=96&d=mm&r=g\",\"contentUrl\":\"https:\/\/secure.gravatar.com\/avatar\/1d856797eb89513dee321f840c1a6bbcec15beb178c003e50adcf59323b3a8a9?s=96&d=mm&r=g\",\"caption\":\"Ricardo\"},\"url\":\"https:\/\/www.abesata.org\/br\/author\/ricardo-baroni\/\"}]}<\/script>\n<!-- \/ Yoast SEO plugin. -->","yoast_head_json":{"title":"Mais avi\u00f5es e passageiros no Aeroporto de Viracopos\/Campinas - Abesata","robots":{"index":"index","follow":"follow","max-snippet":"max-snippet:-1","max-image-preview":"max-image-preview:large","max-video-preview":"max-video-preview:-1"},"canonical":"https:\/\/www.abesata.org\/br\/mais-avioes-e-passageiros-no-aeroporto-de-viracoposcampinas\/","og_locale":"pt_BR","og_type":"article","og_title":"Mais avi\u00f5es e passageiros no Aeroporto de Viracopos\/Campinas - Abesata","og_description":"O m\u00eas de Outubro passado marcou o recorde de passageiros em um \u00fanico m\u00eas no Aeroporto Internacional de Viracopos, em Campinas, Estado de S\u00e3o Paulo. Foram registados 873.065 passageiros contra 867.253 em Janeiro deste ano, m\u00eas que obtinha o recorde anterior. Em rela\u00e7\u00e3o a Outubro de 2013, o crescimento foi de 6,19%, quando 822.153 pessoas [&hellip;]","og_url":"https:\/\/www.abesata.org\/br\/mais-avioes-e-passageiros-no-aeroporto-de-viracoposcampinas\/","og_site_name":"Abesata","article_publisher":"https:\/\/www.facebook.com\/abesata.org\/","article_published_time":"2014-11-14T13:00:06+00:00","article_modified_time":"2014-11-17T16:54:47+00:00","og_image":[{"width":1710,"height":560,"url":"https:\/\/www.abesata.org\/br\/wp-content\/uploads\/2014\/11\/47.png","type":"image\/png"}],"author":"Ricardo","twitter_card":"summary_large_image","twitter_misc":{"Escrito por":"Ricardo","Est. tempo de leitura":"1 minuto"},"schema":{"@context":"https:\/\/schema.org","@graph":[{"@type":"Article","@id":"https:\/\/www.abesata.org\/br\/mais-avioes-e-passageiros-no-aeroporto-de-viracoposcampinas\/#article","isPartOf":{"@id":"https:\/\/www.abesata.org\/br\/mais-avioes-e-passageiros-no-aeroporto-de-viracoposcampinas\/"},"author":{"name":"Ricardo","@id":"https:\/\/www.abesata.org\/br\/#\/schema\/person\/1f1295145bee68e42ffe39157320456b"},"headline":"Mais avi\u00f5es e passageiros no Aeroporto de Viracopos\/Campinas","datePublished":"2014-11-14T13:00:06+00:00","dateModified":"2014-11-17T16:54:47+00:00","mainEntityOfPage":{"@id":"https:\/\/www.abesata.org\/br\/mais-avioes-e-passageiros-no-aeroporto-de-viracoposcampinas\/"},"wordCount":217,"publisher":{"@id":"https:\/\/www.abesata.org\/br\/#organization"},"image":{"@id":"https:\/\/www.abesata.org\/br\/mais-avioes-e-passageiros-no-aeroporto-de-viracoposcampinas\/#primaryimage"},"thumbnailUrl":"https:\/\/www.abesata.org\/br\/wp-content\/uploads\/2014\/11\/47.png","inLanguage":"pt-BR"},{"@type":"WebPage","@id":"https:\/\/www.abesata.org\/br\/mais-avioes-e-passageiros-no-aeroporto-de-viracoposcampinas\/","url":"https:\/\/www.abesata.org\/br\/mais-avioes-e-passageiros-no-aeroporto-de-viracoposcampinas\/","name":"Mais avi\u00f5es e passageiros no Aeroporto de Viracopos\/Campinas - Abesata","isPartOf":{"@id":"https:\/\/www.abesata.org\/br\/#website"},"primaryImageOfPage":{"@id":"https:\/\/www.abesata.org\/br\/mais-avioes-e-passageiros-no-aeroporto-de-viracoposcampinas\/#primaryimage"},"image":{"@id":"https:\/\/www.abesata.org\/br\/mais-avioes-e-passageiros-no-aeroporto-de-viracoposcampinas\/#primaryimage"},"thumbnailUrl":"https:\/\/www.abesata.org\/br\/wp-content\/uploads\/2014\/11\/47.png","datePublished":"2014-11-14T13:00:06+00:00","dateModified":"2014-11-17T16:54:47+00:00","breadcrumb":{"@id":"https:\/\/www.abesata.org\/br\/mais-avioes-e-passageiros-no-aeroporto-de-viracoposcampinas\/#breadcrumb"},"inLanguage":"pt-BR","potentialAction":[{"@type":"ReadAction","target":["https:\/\/www.abesata.org\/br\/mais-avioes-e-passageiros-no-aeroporto-de-viracoposcampinas\/"]}]},{"@type":"ImageObject","inLanguage":"pt-BR","@id":"https:\/\/www.abesata.org\/br\/mais-avioes-e-passageiros-no-aeroporto-de-viracoposcampinas\/#primaryimage","url":"https:\/\/www.abesata.org\/br\/wp-content\/uploads\/2014\/11\/47.png","contentUrl":"https:\/\/www.abesata.org\/br\/wp-content\/uploads\/2014\/11\/47.png","width":1710,"height":560},{"@type":"BreadcrumbList","@id":"https:\/\/www.abesata.org\/br\/mais-avioes-e-passageiros-no-aeroporto-de-viracoposcampinas\/#breadcrumb","itemListElement":[{"@type":"ListItem","position":1,"name":"In\u00edcio","item":"https:\/\/www.abesata.org\/br\/"},{"@type":"ListItem","position":2,"name":"Mais avi\u00f5es e passageiros no Aeroporto de Viracopos\/Campinas"}]},{"@type":"WebSite","@id":"https:\/\/www.abesata.org\/br\/#website","url":"https:\/\/www.abesata.org\/br\/","name":"Abesata","description":"Associa\u00e7\u00e3o Brasileira das Empresas de Servi\u00e7os Auxiliares de Transporte A\u00e9reo","publisher":{"@id":"https:\/\/www.abesata.org\/br\/#organization"},"potentialAction":[{"@type":"SearchAction","target":{"@type":"EntryPoint","urlTemplate":"https:\/\/www.abesata.org\/br\/?s={search_term_string}"},"query-input":{"@type":"PropertyValueSpecification","valueRequired":true,"valueName":"search_term_string"}}],"inLanguage":"pt-BR"},{"@type":"Organization","@id":"https:\/\/www.abesata.org\/br\/#organization","name":"Associa\u00e7\u00e3o Brasileira das Empresas de Servi\u00e7os Auxiliares de Transporte A\u00e9reo","alternateName":"Abesata","url":"https:\/\/www.abesata.org\/br\/","logo":{"@type":"ImageObject","inLanguage":"pt-BR","@id":"https:\/\/www.abesata.org\/br\/#\/schema\/logo\/image\/","url":"https:\/\/www.abesata.org\/br\/wp-content\/uploads\/2023\/10\/Abesata.png","contentUrl":"https:\/\/www.abesata.org\/br\/wp-content\/uploads\/2023\/10\/Abesata.png","width":1063,"height":591,"caption":"Associa\u00e7\u00e3o Brasileira das Empresas de Servi\u00e7os Auxiliares de Transporte A\u00e9reo"},"image":{"@id":"https:\/\/www.abesata.org\/br\/#\/schema\/logo\/image\/"},"sameAs":["https:\/\/www.facebook.com\/abesata.org\/","https:\/\/www.instagram.com\/abesata_gh\/","https:\/\/br.linkedin.com\/company\/abesata"]},{"@type":"Person","@id":"https:\/\/www.abesata.org\/br\/#\/schema\/person\/1f1295145bee68e42ffe39157320456b","name":"Ricardo","image":{"@type":"ImageObject","inLanguage":"pt-BR","@id":"https:\/\/www.abesata.org\/br\/#\/schema\/person\/image\/","url":"https:\/\/secure.gravatar.com\/avatar\/1d856797eb89513dee321f840c1a6bbcec15beb178c003e50adcf59323b3a8a9?s=96&d=mm&r=g","contentUrl":"https:\/\/secure.gravatar.com\/avatar\/1d856797eb89513dee321f840c1a6bbcec15beb178c003e50adcf59323b3a8a9?s=96&d=mm&r=g","caption":"Ricardo"},"url":"https:\/\/www.abesata.org\/br\/author\/ricardo-baroni\/"}]}},"_links":{"self":[{"href":"https:\/\/www.abesata.org\/br\/wp-json\/wp\/v2\/posts\/1845","targetHints":{"allow":["GET"]}}],"collection":[{"href":"https:\/\/www.abesata.org\/br\/wp-json\/wp\/v2\/posts"}],"about":[{"href":"https:\/\/www.abesata.org\/br\/wp-json\/wp\/v2\/types\/post"}],"author":[{"embeddable":true,"href":"https:\/\/www.abesata.org\/br\/wp-json\/wp\/v2\/users\/18"}],"replies":[{"embeddable":true,"href":"https:\/\/www.abesata.org\/br\/wp-json\/wp\/v2\/comments?post=1845"}],"version-history":[{"count":0,"href":"https:\/\/www.abesata.org\/br\/wp-json\/wp\/v2\/posts\/1845\/revisions"}],"wp:featuredmedia":[{"embeddable":true,"href":"https:\/\/www.abesata.org\/br\/wp-json\/wp\/v2\/media\/1846"}],"wp:attachment":[{"href":"https:\/\/www.abesata.org\/br\/wp-json\/wp\/v2\/media?parent=1845"}],"wp:term":[{"taxonomy":"category","embeddable":true,"href":"https:\/\/www.abesata.org\/br\/wp-json\/wp\/v2\/categories?post=1845"},{"taxonomy":"post_tag","embeddable":true,"href":"https:\/\/www.abesata.org\/br\/wp-json\/wp\/v2\/tags?post=1845"}],"curies":[{"name":"wp","href":"https:\/\/api.w.org\/{rel}","templated":true}]}}