{"id":1848,"date":"2014-11-14T11:04:09","date_gmt":"2014-11-14T13:04:09","guid":{"rendered":"http:\/\/www.abesata.org\/?p=1848"},"modified":"2014-11-14T11:04:09","modified_gmt":"2014-11-14T13:04:09","slug":"anac-abre-consulta-publica-sobre-condicoes-gerais-do-transporte-aereo","status":"publish","type":"post","link":"https:\/\/www.abesata.org\/br\/anac-abre-consulta-publica-sobre-condicoes-gerais-do-transporte-aereo\/","title":{"rendered":"Anac abre consulta p\u00fablica sobre condi\u00e7\u00f5es gerais do transporte a\u00e9reo"},"content":{"rendered":"<p>Como previsto na Agenda Regulat\u00f3ria da Anac (Ag\u00eancia Nacional de Avia\u00e7\u00e3o Civil) para 2014, foi instaurada uma consulta p\u00fablica para revis\u00e3o das Condi\u00e7\u00f5es Gerais de Transporte A\u00e9reo (Portaria n\u00ba. 676\/2000 do Departamento de Avia\u00e7\u00e3o Civil-DAC).<\/p>\n<p>Um dos objetivos da Ag\u00eancia \u00e9 atualizar o regulamento e\u00a0aproxim\u00e1-lo\u00a0das caracter\u00edsticas do transporte a\u00e9reo brasileiro observado na \u00faltima d\u00e9cada e tamb\u00e9m dos C\u00f3digos Civil e de Defesa do Consumidor.<\/p>\n<p>De acordo com a Anac, o processo de consulta p\u00fablica \u00e9 uma oportunidade para que os interessados participem de forma ativa da elabora\u00e7\u00e3o da nova norma que dever\u00e1 considerar as transforma\u00e7\u00f5es do transporte a\u00e9reo na \u00faltima d\u00e9cada, como a vig\u00eancia da liberdade tarif\u00e1ria e a expans\u00e3o da demanda, que triplicou nos \u00faltimos 10 anos.<\/p>\n<p>Os documentos referentes ao processo de revis\u00e3o podem ser acessados<strong>\u00a0<\/strong><a href=\"http:\/\/www2.anac.gov.br\/transparencia\/consultasPublicas.asp\"><strong>aqui<\/strong>.<\/a><\/p>\n<p><strong>Como participar<\/strong><\/p>\n<p>Os interessados devem fazer\u00a0inscri\u00e7\u00e3o por meio de envio de mensagem para o endere\u00e7o eletr\u00f4nico\u00a0<a href=\"mailto:cp.cgta@anac.gov.br\">cp.cgta@anac.gov.br<\/a>, com o assunto \u201cConsulta P\u00fablica &#8211; Revis\u00e3o das CGTA\u201d, contendo o nome completo do interessado e a empresa ou entidade que representa, se for o caso.<\/p>\n<p style=\"text-align: right;\">Fonte: Thays Puzzi \/ Ag\u00eancia CNT de Not\u00edcias<br \/>\n12\/11\/2014<\/p>\n","protected":false},"excerpt":{"rendered":"<p>Como previsto na Agenda Regulat\u00f3ria da Anac (Ag\u00eancia Nacional de Avia\u00e7\u00e3o Civil) para 2014, foi instaurada uma consulta p\u00fablica para revis\u00e3o das Condi\u00e7\u00f5es Gerais de Transporte A\u00e9reo (Portaria n\u00ba. 676\/2000 do Departamento de Avia\u00e7\u00e3o Civil-DAC). Um dos objetivos da Ag\u00eancia \u00e9 atualizar o regulamento e\u00a0aproxim\u00e1-lo\u00a0das caracter\u00edsticas do transporte a\u00e9reo brasileiro observado na \u00faltima d\u00e9cada e [&hellip;]<\/p>\n","protected":false},"author":18,"featured_media":1701,"comment_status":"closed","ping_status":"closed","sticky":false,"template":"","format":"standard","meta":{"footnotes":""},"categories":[],"tags":[],"class_list":["post-1848","post","type-post","status-publish","format-standard","has-post-thumbnail","hentry"],"yoast_head":"<!-- This site is optimized with the Yoast SEO plugin v26.5 - https:\/\/yoast.com\/wordpress\/plugins\/seo\/ -->\n<title>Anac abre consulta p\u00fablica sobre condi\u00e7\u00f5es gerais do transporte a\u00e9reo - Abesata<\/title>\n<meta name=\"robots\" content=\"index, follow, max-snippet:-1, max-image-preview:large, max-video-preview:-1\" \/>\n<link rel=\"canonical\" href=\"https:\/\/www.abesata.org\/br\/anac-abre-consulta-publica-sobre-condicoes-gerais-do-transporte-aereo\/\" \/>\n<meta property=\"og:locale\" content=\"pt_BR\" \/>\n<meta property=\"og:type\" content=\"article\" \/>\n<meta property=\"og:title\" content=\"Anac abre consulta p\u00fablica sobre condi\u00e7\u00f5es gerais do transporte a\u00e9reo - Abesata\" \/>\n<meta property=\"og:description\" content=\"Como previsto na Agenda Regulat\u00f3ria da Anac (Ag\u00eancia Nacional de Avia\u00e7\u00e3o Civil) para 2014, foi instaurada uma consulta p\u00fablica para revis\u00e3o das Condi\u00e7\u00f5es Gerais de Transporte A\u00e9reo (Portaria n\u00ba. 676\/2000 do Departamento de Avia\u00e7\u00e3o Civil-DAC). Um dos objetivos da Ag\u00eancia \u00e9 atualizar o regulamento e\u00a0aproxim\u00e1-lo\u00a0das caracter\u00edsticas do transporte a\u00e9reo brasileiro observado na \u00faltima d\u00e9cada e [&hellip;]\" \/>\n<meta property=\"og:url\" content=\"https:\/\/www.abesata.org\/br\/anac-abre-consulta-publica-sobre-condicoes-gerais-do-transporte-aereo\/\" \/>\n<meta property=\"og:site_name\" content=\"Abesata\" \/>\n<meta property=\"article:publisher\" content=\"https:\/\/www.facebook.com\/abesata.org\/\" \/>\n<meta property=\"article:published_time\" content=\"2014-11-14T13:04:09+00:00\" \/>\n<meta property=\"og:image\" content=\"https:\/\/www.abesata.org\/br\/wp-content\/uploads\/2014\/10\/29.png\" \/>\n\t<meta property=\"og:image:width\" content=\"1707\" \/>\n\t<meta property=\"og:image:height\" content=\"560\" \/>\n\t<meta property=\"og:image:type\" content=\"image\/png\" \/>\n<meta name=\"author\" content=\"Ricardo\" \/>\n<meta name=\"twitter:card\" content=\"summary_large_image\" \/>\n<meta name=\"twitter:label1\" content=\"Escrito por\" \/>\n\t<meta name=\"twitter:data1\" content=\"Ricardo\" \/>\n\t<meta name=\"twitter:label2\" content=\"Est. tempo de leitura\" \/>\n\t<meta name=\"twitter:data2\" content=\"1 minuto\" \/>\n<script type=\"application\/ld+json\" class=\"yoast-schema-graph\">{\"@context\":\"https:\/\/schema.org\",\"@graph\":[{\"@type\":\"Article\",\"@id\":\"https:\/\/www.abesata.org\/br\/anac-abre-consulta-publica-sobre-condicoes-gerais-do-transporte-aereo\/#article\",\"isPartOf\":{\"@id\":\"https:\/\/www.abesata.org\/br\/anac-abre-consulta-publica-sobre-condicoes-gerais-do-transporte-aereo\/\"},\"author\":{\"name\":\"Ricardo\",\"@id\":\"https:\/\/www.abesata.org\/br\/#\/schema\/person\/1f1295145bee68e42ffe39157320456b\"},\"headline\":\"Anac abre consulta p\u00fablica sobre condi\u00e7\u00f5es gerais do transporte a\u00e9reo\",\"datePublished\":\"2014-11-14T13:04:09+00:00\",\"mainEntityOfPage\":{\"@id\":\"https:\/\/www.abesata.org\/br\/anac-abre-consulta-publica-sobre-condicoes-gerais-do-transporte-aereo\/\"},\"wordCount\":225,\"publisher\":{\"@id\":\"https:\/\/www.abesata.org\/br\/#organization\"},\"image\":{\"@id\":\"https:\/\/www.abesata.org\/br\/anac-abre-consulta-publica-sobre-condicoes-gerais-do-transporte-aereo\/#primaryimage\"},\"thumbnailUrl\":\"https:\/\/www.abesata.org\/br\/wp-content\/uploads\/2014\/10\/29.png\",\"inLanguage\":\"pt-BR\"},{\"@type\":\"WebPage\",\"@id\":\"https:\/\/www.abesata.org\/br\/anac-abre-consulta-publica-sobre-condicoes-gerais-do-transporte-aereo\/\",\"url\":\"https:\/\/www.abesata.org\/br\/anac-abre-consulta-publica-sobre-condicoes-gerais-do-transporte-aereo\/\",\"name\":\"Anac abre consulta p\u00fablica sobre condi\u00e7\u00f5es gerais do transporte a\u00e9reo - Abesata\",\"isPartOf\":{\"@id\":\"https:\/\/www.abesata.org\/br\/#website\"},\"primaryImageOfPage\":{\"@id\":\"https:\/\/www.abesata.org\/br\/anac-abre-consulta-publica-sobre-condicoes-gerais-do-transporte-aereo\/#primaryimage\"},\"image\":{\"@id\":\"https:\/\/www.abesata.org\/br\/anac-abre-consulta-publica-sobre-condicoes-gerais-do-transporte-aereo\/#primaryimage\"},\"thumbnailUrl\":\"https:\/\/www.abesata.org\/br\/wp-content\/uploads\/2014\/10\/29.png\",\"datePublished\":\"2014-11-14T13:04:09+00:00\",\"breadcrumb\":{\"@id\":\"https:\/\/www.abesata.org\/br\/anac-abre-consulta-publica-sobre-condicoes-gerais-do-transporte-aereo\/#breadcrumb\"},\"inLanguage\":\"pt-BR\",\"potentialAction\":[{\"@type\":\"ReadAction\",\"target\":[\"https:\/\/www.abesata.org\/br\/anac-abre-consulta-publica-sobre-condicoes-gerais-do-transporte-aereo\/\"]}]},{\"@type\":\"ImageObject\",\"inLanguage\":\"pt-BR\",\"@id\":\"https:\/\/www.abesata.org\/br\/anac-abre-consulta-publica-sobre-condicoes-gerais-do-transporte-aereo\/#primaryimage\",\"url\":\"https:\/\/www.abesata.org\/br\/wp-content\/uploads\/2014\/10\/29.png\",\"contentUrl\":\"https:\/\/www.abesata.org\/br\/wp-content\/uploads\/2014\/10\/29.png\",\"width\":1707,\"height\":560},{\"@type\":\"BreadcrumbList\",\"@id\":\"https:\/\/www.abesata.org\/br\/anac-abre-consulta-publica-sobre-condicoes-gerais-do-transporte-aereo\/#breadcrumb\",\"itemListElement\":[{\"@type\":\"ListItem\",\"position\":1,\"name\":\"In\u00edcio\",\"item\":\"https:\/\/www.abesata.org\/br\/\"},{\"@type\":\"ListItem\",\"position\":2,\"name\":\"Anac abre consulta p\u00fablica sobre condi\u00e7\u00f5es gerais do transporte a\u00e9reo\"}]},{\"@type\":\"WebSite\",\"@id\":\"https:\/\/www.abesata.org\/br\/#website\",\"url\":\"https:\/\/www.abesata.org\/br\/\",\"name\":\"Abesata\",\"description\":\"Associa\u00e7\u00e3o Brasileira das Empresas de Servi\u00e7os Auxiliares de Transporte A\u00e9reo\",\"publisher\":{\"@id\":\"https:\/\/www.abesata.org\/br\/#organization\"},\"potentialAction\":[{\"@type\":\"SearchAction\",\"target\":{\"@type\":\"EntryPoint\",\"urlTemplate\":\"https:\/\/www.abesata.org\/br\/?s={search_term_string}\"},\"query-input\":{\"@type\":\"PropertyValueSpecification\",\"valueRequired\":true,\"valueName\":\"search_term_string\"}}],\"inLanguage\":\"pt-BR\"},{\"@type\":\"Organization\",\"@id\":\"https:\/\/www.abesata.org\/br\/#organization\",\"name\":\"Associa\u00e7\u00e3o Brasileira das Empresas de Servi\u00e7os Auxiliares de Transporte A\u00e9reo\",\"alternateName\":\"Abesata\",\"url\":\"https:\/\/www.abesata.org\/br\/\",\"logo\":{\"@type\":\"ImageObject\",\"inLanguage\":\"pt-BR\",\"@id\":\"https:\/\/www.abesata.org\/br\/#\/schema\/logo\/image\/\",\"url\":\"https:\/\/www.abesata.org\/br\/wp-content\/uploads\/2023\/10\/Abesata.png\",\"contentUrl\":\"https:\/\/www.abesata.org\/br\/wp-content\/uploads\/2023\/10\/Abesata.png\",\"width\":1063,\"height\":591,\"caption\":\"Associa\u00e7\u00e3o Brasileira das Empresas de Servi\u00e7os Auxiliares de Transporte A\u00e9reo\"},\"image\":{\"@id\":\"https:\/\/www.abesata.org\/br\/#\/schema\/logo\/image\/\"},\"sameAs\":[\"https:\/\/www.facebook.com\/abesata.org\/\",\"https:\/\/www.instagram.com\/abesata_gh\/\",\"https:\/\/br.linkedin.com\/company\/abesata\"]},{\"@type\":\"Person\",\"@id\":\"https:\/\/www.abesata.org\/br\/#\/schema\/person\/1f1295145bee68e42ffe39157320456b\",\"name\":\"Ricardo\",\"image\":{\"@type\":\"ImageObject\",\"inLanguage\":\"pt-BR\",\"@id\":\"https:\/\/www.abesata.org\/br\/#\/schema\/person\/image\/\",\"url\":\"https:\/\/secure.gravatar.com\/avatar\/1d856797eb89513dee321f840c1a6bbcec15beb178c003e50adcf59323b3a8a9?s=96&d=mm&r=g\",\"contentUrl\":\"https:\/\/secure.gravatar.com\/avatar\/1d856797eb89513dee321f840c1a6bbcec15beb178c003e50adcf59323b3a8a9?s=96&d=mm&r=g\",\"caption\":\"Ricardo\"},\"url\":\"https:\/\/www.abesata.org\/br\/author\/ricardo-baroni\/\"}]}<\/script>\n<!-- \/ Yoast SEO plugin. -->","yoast_head_json":{"title":"Anac abre consulta p\u00fablica sobre condi\u00e7\u00f5es gerais do transporte a\u00e9reo - Abesata","robots":{"index":"index","follow":"follow","max-snippet":"max-snippet:-1","max-image-preview":"max-image-preview:large","max-video-preview":"max-video-preview:-1"},"canonical":"https:\/\/www.abesata.org\/br\/anac-abre-consulta-publica-sobre-condicoes-gerais-do-transporte-aereo\/","og_locale":"pt_BR","og_type":"article","og_title":"Anac abre consulta p\u00fablica sobre condi\u00e7\u00f5es gerais do transporte a\u00e9reo - Abesata","og_description":"Como previsto na Agenda Regulat\u00f3ria da Anac (Ag\u00eancia Nacional de Avia\u00e7\u00e3o Civil) para 2014, foi instaurada uma consulta p\u00fablica para revis\u00e3o das Condi\u00e7\u00f5es Gerais de Transporte A\u00e9reo (Portaria n\u00ba. 676\/2000 do Departamento de Avia\u00e7\u00e3o Civil-DAC). Um dos objetivos da Ag\u00eancia \u00e9 atualizar o regulamento e\u00a0aproxim\u00e1-lo\u00a0das caracter\u00edsticas do transporte a\u00e9reo brasileiro observado na \u00faltima d\u00e9cada e [&hellip;]","og_url":"https:\/\/www.abesata.org\/br\/anac-abre-consulta-publica-sobre-condicoes-gerais-do-transporte-aereo\/","og_site_name":"Abesata","article_publisher":"https:\/\/www.facebook.com\/abesata.org\/","article_published_time":"2014-11-14T13:04:09+00:00","og_image":[{"width":1707,"height":560,"url":"https:\/\/www.abesata.org\/br\/wp-content\/uploads\/2014\/10\/29.png","type":"image\/png"}],"author":"Ricardo","twitter_card":"summary_large_image","twitter_misc":{"Escrito por":"Ricardo","Est. tempo de leitura":"1 minuto"},"schema":{"@context":"https:\/\/schema.org","@graph":[{"@type":"Article","@id":"https:\/\/www.abesata.org\/br\/anac-abre-consulta-publica-sobre-condicoes-gerais-do-transporte-aereo\/#article","isPartOf":{"@id":"https:\/\/www.abesata.org\/br\/anac-abre-consulta-publica-sobre-condicoes-gerais-do-transporte-aereo\/"},"author":{"name":"Ricardo","@id":"https:\/\/www.abesata.org\/br\/#\/schema\/person\/1f1295145bee68e42ffe39157320456b"},"headline":"Anac abre consulta p\u00fablica sobre condi\u00e7\u00f5es gerais do transporte a\u00e9reo","datePublished":"2014-11-14T13:04:09+00:00","mainEntityOfPage":{"@id":"https:\/\/www.abesata.org\/br\/anac-abre-consulta-publica-sobre-condicoes-gerais-do-transporte-aereo\/"},"wordCount":225,"publisher":{"@id":"https:\/\/www.abesata.org\/br\/#organization"},"image":{"@id":"https:\/\/www.abesata.org\/br\/anac-abre-consulta-publica-sobre-condicoes-gerais-do-transporte-aereo\/#primaryimage"},"thumbnailUrl":"https:\/\/www.abesata.org\/br\/wp-content\/uploads\/2014\/10\/29.png","inLanguage":"pt-BR"},{"@type":"WebPage","@id":"https:\/\/www.abesata.org\/br\/anac-abre-consulta-publica-sobre-condicoes-gerais-do-transporte-aereo\/","url":"https:\/\/www.abesata.org\/br\/anac-abre-consulta-publica-sobre-condicoes-gerais-do-transporte-aereo\/","name":"Anac abre consulta p\u00fablica sobre condi\u00e7\u00f5es gerais do transporte a\u00e9reo - Abesata","isPartOf":{"@id":"https:\/\/www.abesata.org\/br\/#website"},"primaryImageOfPage":{"@id":"https:\/\/www.abesata.org\/br\/anac-abre-consulta-publica-sobre-condicoes-gerais-do-transporte-aereo\/#primaryimage"},"image":{"@id":"https:\/\/www.abesata.org\/br\/anac-abre-consulta-publica-sobre-condicoes-gerais-do-transporte-aereo\/#primaryimage"},"thumbnailUrl":"https:\/\/www.abesata.org\/br\/wp-content\/uploads\/2014\/10\/29.png","datePublished":"2014-11-14T13:04:09+00:00","breadcrumb":{"@id":"https:\/\/www.abesata.org\/br\/anac-abre-consulta-publica-sobre-condicoes-gerais-do-transporte-aereo\/#breadcrumb"},"inLanguage":"pt-BR","potentialAction":[{"@type":"ReadAction","target":["https:\/\/www.abesata.org\/br\/anac-abre-consulta-publica-sobre-condicoes-gerais-do-transporte-aereo\/"]}]},{"@type":"ImageObject","inLanguage":"pt-BR","@id":"https:\/\/www.abesata.org\/br\/anac-abre-consulta-publica-sobre-condicoes-gerais-do-transporte-aereo\/#primaryimage","url":"https:\/\/www.abesata.org\/br\/wp-content\/uploads\/2014\/10\/29.png","contentUrl":"https:\/\/www.abesata.org\/br\/wp-content\/uploads\/2014\/10\/29.png","width":1707,"height":560},{"@type":"BreadcrumbList","@id":"https:\/\/www.abesata.org\/br\/anac-abre-consulta-publica-sobre-condicoes-gerais-do-transporte-aereo\/#breadcrumb","itemListElement":[{"@type":"ListItem","position":1,"name":"In\u00edcio","item":"https:\/\/www.abesata.org\/br\/"},{"@type":"ListItem","position":2,"name":"Anac abre consulta p\u00fablica sobre condi\u00e7\u00f5es gerais do transporte a\u00e9reo"}]},{"@type":"WebSite","@id":"https:\/\/www.abesata.org\/br\/#website","url":"https:\/\/www.abesata.org\/br\/","name":"Abesata","description":"Associa\u00e7\u00e3o Brasileira das Empresas de Servi\u00e7os Auxiliares de Transporte A\u00e9reo","publisher":{"@id":"https:\/\/www.abesata.org\/br\/#organization"},"potentialAction":[{"@type":"SearchAction","target":{"@type":"EntryPoint","urlTemplate":"https:\/\/www.abesata.org\/br\/?s={search_term_string}"},"query-input":{"@type":"PropertyValueSpecification","valueRequired":true,"valueName":"search_term_string"}}],"inLanguage":"pt-BR"},{"@type":"Organization","@id":"https:\/\/www.abesata.org\/br\/#organization","name":"Associa\u00e7\u00e3o Brasileira das Empresas de Servi\u00e7os Auxiliares de Transporte A\u00e9reo","alternateName":"Abesata","url":"https:\/\/www.abesata.org\/br\/","logo":{"@type":"ImageObject","inLanguage":"pt-BR","@id":"https:\/\/www.abesata.org\/br\/#\/schema\/logo\/image\/","url":"https:\/\/www.abesata.org\/br\/wp-content\/uploads\/2023\/10\/Abesata.png","contentUrl":"https:\/\/www.abesata.org\/br\/wp-content\/uploads\/2023\/10\/Abesata.png","width":1063,"height":591,"caption":"Associa\u00e7\u00e3o Brasileira das Empresas de Servi\u00e7os Auxiliares de Transporte A\u00e9reo"},"image":{"@id":"https:\/\/www.abesata.org\/br\/#\/schema\/logo\/image\/"},"sameAs":["https:\/\/www.facebook.com\/abesata.org\/","https:\/\/www.instagram.com\/abesata_gh\/","https:\/\/br.linkedin.com\/company\/abesata"]},{"@type":"Person","@id":"https:\/\/www.abesata.org\/br\/#\/schema\/person\/1f1295145bee68e42ffe39157320456b","name":"Ricardo","image":{"@type":"ImageObject","inLanguage":"pt-BR","@id":"https:\/\/www.abesata.org\/br\/#\/schema\/person\/image\/","url":"https:\/\/secure.gravatar.com\/avatar\/1d856797eb89513dee321f840c1a6bbcec15beb178c003e50adcf59323b3a8a9?s=96&d=mm&r=g","contentUrl":"https:\/\/secure.gravatar.com\/avatar\/1d856797eb89513dee321f840c1a6bbcec15beb178c003e50adcf59323b3a8a9?s=96&d=mm&r=g","caption":"Ricardo"},"url":"https:\/\/www.abesata.org\/br\/author\/ricardo-baroni\/"}]}},"_links":{"self":[{"href":"https:\/\/www.abesata.org\/br\/wp-json\/wp\/v2\/posts\/1848","targetHints":{"allow":["GET"]}}],"collection":[{"href":"https:\/\/www.abesata.org\/br\/wp-json\/wp\/v2\/posts"}],"about":[{"href":"https:\/\/www.abesata.org\/br\/wp-json\/wp\/v2\/types\/post"}],"author":[{"embeddable":true,"href":"https:\/\/www.abesata.org\/br\/wp-json\/wp\/v2\/users\/18"}],"replies":[{"embeddable":true,"href":"https:\/\/www.abesata.org\/br\/wp-json\/wp\/v2\/comments?post=1848"}],"version-history":[{"count":0,"href":"https:\/\/www.abesata.org\/br\/wp-json\/wp\/v2\/posts\/1848\/revisions"}],"wp:featuredmedia":[{"embeddable":true,"href":"https:\/\/www.abesata.org\/br\/wp-json\/wp\/v2\/media\/1701"}],"wp:attachment":[{"href":"https:\/\/www.abesata.org\/br\/wp-json\/wp\/v2\/media?parent=1848"}],"wp:term":[{"taxonomy":"category","embeddable":true,"href":"https:\/\/www.abesata.org\/br\/wp-json\/wp\/v2\/categories?post=1848"},{"taxonomy":"post_tag","embeddable":true,"href":"https:\/\/www.abesata.org\/br\/wp-json\/wp\/v2\/tags?post=1848"}],"curies":[{"name":"wp","href":"https:\/\/api.w.org\/{rel}","templated":true}]}}