{"id":1851,"date":"2014-11-17T14:51:14","date_gmt":"2014-11-17T16:51:14","guid":{"rendered":"http:\/\/www.abesata.org\/?p=1851"},"modified":"2014-11-17T14:51:14","modified_gmt":"2014-11-17T16:51:14","slug":"conheca-os-indicados-para-o-2o-premio-abear-de-jornalismo","status":"publish","type":"post","link":"https:\/\/www.abesata.org\/br\/conheca-os-indicados-para-o-2o-premio-abear-de-jornalismo\/","title":{"rendered":"Conhe\u00e7a os indicados para o 2\u00ba Pr\u00eamio ABEAR de Jornalismo"},"content":{"rendered":"<p><i>Sele\u00e7\u00e3o de reportagens tem o apoio da ABESATA (<\/i>Associa\u00e7\u00e3o Brasileira das Empresas de Servi\u00e7os Auxiliares de Transporte A\u00e9reo)<i><\/i><\/p>\n<p>No pr\u00f3ximo dia 19 de novembro, ser\u00e3o conhecidos os vencedores do 2.\u00b0 Pr\u00eamio ABEAR de Jornalismo. Os ganhadores ser\u00e3o anunciados a partir dos 30 finalistas pr\u00e9-selecionados por um j\u00fari composto pela entidade. Na segunda edi\u00e7\u00e3o, o pr\u00eamio recebeu 82% mais inscritos, totalizando 118 mat\u00e9rias. As categorias s\u00e3o Competitividade, Cargas, Experi\u00eancia de Voo, Sustentabilidade, Avia\u00e7\u00e3o na Copa e Jovens Jornalistas (categoria especial). Veja quais s\u00e3o os finalistas e as reportagens que est\u00e3o concorrendo:<\/p>\n<p>\u2022 Joana Calmon (GloboNews) \u2013 \u201cVai Voando\u201d;<br \/>\n\u2022 Graziele Martins (Revista \u00c9poca) \u2013 \u201cO voo da mulher \u00e0 frente da TAM\u201d;<br \/>\n\u2022 Marina Gazzoni (jornal O Estado de S. Paulo) \u2013 \u201cObras adiadas pela Infraero causam preju\u00edzos \u00e0s companhias a\u00e9reas\u201d;<br \/>\n\u2022 Marina Gazzoni (jornal O Estado de S. Paulo) \u2013 \u201cPor que as milhas valem tanto?\u201d;<br \/>\n\u2022 Erica Ribeiro (jornal Brasil Econ\u00f4mico) \u2013 \u201cCarga a\u00e9rea al\u00e9m do hor\u00e1rio comercial j\u00e1 apresenta resultados\u201d;<br \/>\n\u2022 Carlos de Lannoy e equipe (TV Globo) \u2013 \u201cLibera\u00e7\u00e3o de cargas importadas em portos e aeroportos brasileiros ainda \u00e9 demorada;<br \/>\n\u2022 Mariana Barbosa (jornal Folha de S. Paulo) \u2013 \u201cEx-executivos da Azul e Jetblue se unem para criar rival da FedEx\u201d;<br \/>\n\u2022 Lucas Sampaio (site da Folha) \u2013 \u201cViracopos anuncia mais de R$ 30 milh\u00f5es em melhorias\u201d;<br \/>\n\u2022 Solange Galante (Blog Caixa Preta da Solange) \u2013 \u201cVoando de MD 11 Freighter\u201d;<br \/>\n\u2022 Monica Reolom (jornal O Estado de S. Paulo) \u2013 \u201cTaxa de atrasos de voo cai, mas tempo de voo aumenta\u201d;<br \/>\n\u2022 Bruno Garattoni e equipe (Revista Superinteressante) \u2013 \u201cO voo mais longo do pa\u00eds\u201d;<br \/>\n\u2022 Ricardo Gallo (jornal Folha de S. Paulo) \u2013 \u201cQue barulho \u00e9 esse?\u201d;<br \/>\n\u2022 Carlos Bighetti (TV Cultura) \u2013 \u201cFlashback \u2013 A\u00e9reas antigas\u201d;<br \/>\n\u2022 Rafael Sette e equipe (site 360 Meridianos) \u2013 \u201c7 coisas (verdadeiras) que voc\u00ea n\u00e3o sabia sobre avi\u00f5es\u201d;<br \/>\n\u2022 Andr\u00e9 Trigueiro e equipe (GloboNews) \u2013 \u201cFalcoaria: uma for\u00e7a-tarefa na seguran\u00e7a dos aeroportos\u201d;<br \/>\n\u2022 Yael Peretz e equipe (TV Globo) \u2013 \u201cJato com tecnologia brasileira entra com for\u00e7a competitiva no mercado mundial\u201d;<br \/>\n\u2022 Aiana Oliveira (UOL) \u2013 \u201cBrasil pode ser 1\u00ba a explorar biocombust\u00edvel de avi\u00e3o, dizem executivos\u201d;<br \/>\n\u2022 Rafael Daguano (Rede TV) \u2013 \u201cAirbus lan\u00e7a novo modelo de aeronave\u201d;<br \/>\n\u2022 Bruno Moreno (jornal Hoje em Dia) \u2013 \u201cConfins ter\u00e1 refinaria de bioquerosene em 2015\u201d;<br \/>\n\u2022 Mariana Barbosa (Jornal Folha de S. Paulo) \u2013 \u201c#NAOVAITERCOPO\u201d;<br \/>\n\u2022 Lucas Sampaio (site da Folha) \u2013 \u201cCom arquibancada, aeroporto tem clima de est\u00e1dio\u201d;<br \/>\n\u2022 Bruno Rosa (O Globo) \u2013 \u201cHangares a c\u00e9u aberto\u201d;<br \/>\n\u2022 Edmundo Ubiratan (Revista Aeromagazine) \u2013 \u201cO legado da Copa\u201d;<br \/>\n\u2022 Erica Ribeiro (jornal Brasil Econ\u00f4mico) \u2013 \u201cC\u00e9u de brigadeiro para a avia\u00e7\u00e3o durante a Copa\u201d.<\/p>\n<p>Mais informa\u00e7\u00f5es em\u00a0<a href=\"http:\/\/www.abear.com.br\/\">www.abear.com.br<\/a><\/p>\n","protected":false},"excerpt":{"rendered":"<p>Sele\u00e7\u00e3o de reportagens tem o apoio da ABESATA (Associa\u00e7\u00e3o Brasileira das Empresas de Servi\u00e7os Auxiliares de Transporte A\u00e9reo) No pr\u00f3ximo dia 19 de novembro, ser\u00e3o conhecidos os vencedores do 2.\u00b0 Pr\u00eamio ABEAR de Jornalismo. Os ganhadores ser\u00e3o anunciados a partir dos 30 finalistas pr\u00e9-selecionados por um j\u00fari composto pela entidade. Na segunda edi\u00e7\u00e3o, o pr\u00eamio [&hellip;]<\/p>\n","protected":false},"author":18,"featured_media":0,"comment_status":"closed","ping_status":"closed","sticky":false,"template":"","format":"standard","meta":{"footnotes":""},"categories":[],"tags":[],"class_list":["post-1851","post","type-post","status-publish","format-standard","hentry"],"yoast_head":"<!-- This site is optimized with the Yoast SEO plugin v26.5 - https:\/\/yoast.com\/wordpress\/plugins\/seo\/ -->\n<title>Conhe\u00e7a os indicados para o 2\u00ba Pr\u00eamio ABEAR de Jornalismo - Abesata<\/title>\n<meta name=\"robots\" content=\"index, follow, max-snippet:-1, max-image-preview:large, max-video-preview:-1\" \/>\n<link rel=\"canonical\" href=\"https:\/\/www.abesata.org\/br\/conheca-os-indicados-para-o-2o-premio-abear-de-jornalismo\/\" \/>\n<meta property=\"og:locale\" content=\"pt_BR\" \/>\n<meta property=\"og:type\" content=\"article\" \/>\n<meta property=\"og:title\" content=\"Conhe\u00e7a os indicados para o 2\u00ba Pr\u00eamio ABEAR de Jornalismo - Abesata\" \/>\n<meta property=\"og:description\" content=\"Sele\u00e7\u00e3o de reportagens tem o apoio da ABESATA (Associa\u00e7\u00e3o Brasileira das Empresas de Servi\u00e7os Auxiliares de Transporte A\u00e9reo) No pr\u00f3ximo dia 19 de novembro, ser\u00e3o conhecidos os vencedores do 2.\u00b0 Pr\u00eamio ABEAR de Jornalismo. Os ganhadores ser\u00e3o anunciados a partir dos 30 finalistas pr\u00e9-selecionados por um j\u00fari composto pela entidade. Na segunda edi\u00e7\u00e3o, o pr\u00eamio [&hellip;]\" \/>\n<meta property=\"og:url\" content=\"https:\/\/www.abesata.org\/br\/conheca-os-indicados-para-o-2o-premio-abear-de-jornalismo\/\" \/>\n<meta property=\"og:site_name\" content=\"Abesata\" \/>\n<meta property=\"article:publisher\" content=\"https:\/\/www.facebook.com\/abesata.org\/\" \/>\n<meta property=\"article:published_time\" content=\"2014-11-17T16:51:14+00:00\" \/>\n<meta name=\"author\" content=\"Ricardo\" \/>\n<meta name=\"twitter:card\" content=\"summary_large_image\" \/>\n<meta name=\"twitter:label1\" content=\"Escrito por\" \/>\n\t<meta name=\"twitter:data1\" content=\"Ricardo\" \/>\n\t<meta name=\"twitter:label2\" content=\"Est. tempo de leitura\" \/>\n\t<meta name=\"twitter:data2\" content=\"2 minutos\" \/>\n<script type=\"application\/ld+json\" class=\"yoast-schema-graph\">{\"@context\":\"https:\/\/schema.org\",\"@graph\":[{\"@type\":\"Article\",\"@id\":\"https:\/\/www.abesata.org\/br\/conheca-os-indicados-para-o-2o-premio-abear-de-jornalismo\/#article\",\"isPartOf\":{\"@id\":\"https:\/\/www.abesata.org\/br\/conheca-os-indicados-para-o-2o-premio-abear-de-jornalismo\/\"},\"author\":{\"name\":\"Ricardo\",\"@id\":\"https:\/\/www.abesata.org\/br\/#\/schema\/person\/1f1295145bee68e42ffe39157320456b\"},\"headline\":\"Conhe\u00e7a os indicados para o 2\u00ba Pr\u00eamio ABEAR de Jornalismo\",\"datePublished\":\"2014-11-17T16:51:14+00:00\",\"mainEntityOfPage\":{\"@id\":\"https:\/\/www.abesata.org\/br\/conheca-os-indicados-para-o-2o-premio-abear-de-jornalismo\/\"},\"wordCount\":443,\"publisher\":{\"@id\":\"https:\/\/www.abesata.org\/br\/#organization\"},\"inLanguage\":\"pt-BR\"},{\"@type\":\"WebPage\",\"@id\":\"https:\/\/www.abesata.org\/br\/conheca-os-indicados-para-o-2o-premio-abear-de-jornalismo\/\",\"url\":\"https:\/\/www.abesata.org\/br\/conheca-os-indicados-para-o-2o-premio-abear-de-jornalismo\/\",\"name\":\"Conhe\u00e7a os indicados para o 2\u00ba Pr\u00eamio ABEAR de Jornalismo - Abesata\",\"isPartOf\":{\"@id\":\"https:\/\/www.abesata.org\/br\/#website\"},\"datePublished\":\"2014-11-17T16:51:14+00:00\",\"breadcrumb\":{\"@id\":\"https:\/\/www.abesata.org\/br\/conheca-os-indicados-para-o-2o-premio-abear-de-jornalismo\/#breadcrumb\"},\"inLanguage\":\"pt-BR\",\"potentialAction\":[{\"@type\":\"ReadAction\",\"target\":[\"https:\/\/www.abesata.org\/br\/conheca-os-indicados-para-o-2o-premio-abear-de-jornalismo\/\"]}]},{\"@type\":\"BreadcrumbList\",\"@id\":\"https:\/\/www.abesata.org\/br\/conheca-os-indicados-para-o-2o-premio-abear-de-jornalismo\/#breadcrumb\",\"itemListElement\":[{\"@type\":\"ListItem\",\"position\":1,\"name\":\"In\u00edcio\",\"item\":\"https:\/\/www.abesata.org\/br\/\"},{\"@type\":\"ListItem\",\"position\":2,\"name\":\"Conhe\u00e7a os indicados para o 2\u00ba Pr\u00eamio ABEAR de Jornalismo\"}]},{\"@type\":\"WebSite\",\"@id\":\"https:\/\/www.abesata.org\/br\/#website\",\"url\":\"https:\/\/www.abesata.org\/br\/\",\"name\":\"Abesata\",\"description\":\"Associa\u00e7\u00e3o Brasileira das Empresas de Servi\u00e7os Auxiliares de Transporte A\u00e9reo\",\"publisher\":{\"@id\":\"https:\/\/www.abesata.org\/br\/#organization\"},\"potentialAction\":[{\"@type\":\"SearchAction\",\"target\":{\"@type\":\"EntryPoint\",\"urlTemplate\":\"https:\/\/www.abesata.org\/br\/?s={search_term_string}\"},\"query-input\":{\"@type\":\"PropertyValueSpecification\",\"valueRequired\":true,\"valueName\":\"search_term_string\"}}],\"inLanguage\":\"pt-BR\"},{\"@type\":\"Organization\",\"@id\":\"https:\/\/www.abesata.org\/br\/#organization\",\"name\":\"Associa\u00e7\u00e3o Brasileira das Empresas de Servi\u00e7os Auxiliares de Transporte A\u00e9reo\",\"alternateName\":\"Abesata\",\"url\":\"https:\/\/www.abesata.org\/br\/\",\"logo\":{\"@type\":\"ImageObject\",\"inLanguage\":\"pt-BR\",\"@id\":\"https:\/\/www.abesata.org\/br\/#\/schema\/logo\/image\/\",\"url\":\"https:\/\/www.abesata.org\/br\/wp-content\/uploads\/2023\/10\/Abesata.png\",\"contentUrl\":\"https:\/\/www.abesata.org\/br\/wp-content\/uploads\/2023\/10\/Abesata.png\",\"width\":1063,\"height\":591,\"caption\":\"Associa\u00e7\u00e3o Brasileira das Empresas de Servi\u00e7os Auxiliares de Transporte A\u00e9reo\"},\"image\":{\"@id\":\"https:\/\/www.abesata.org\/br\/#\/schema\/logo\/image\/\"},\"sameAs\":[\"https:\/\/www.facebook.com\/abesata.org\/\",\"https:\/\/www.instagram.com\/abesata_gh\/\",\"https:\/\/br.linkedin.com\/company\/abesata\"]},{\"@type\":\"Person\",\"@id\":\"https:\/\/www.abesata.org\/br\/#\/schema\/person\/1f1295145bee68e42ffe39157320456b\",\"name\":\"Ricardo\",\"image\":{\"@type\":\"ImageObject\",\"inLanguage\":\"pt-BR\",\"@id\":\"https:\/\/www.abesata.org\/br\/#\/schema\/person\/image\/\",\"url\":\"https:\/\/secure.gravatar.com\/avatar\/1d856797eb89513dee321f840c1a6bbcec15beb178c003e50adcf59323b3a8a9?s=96&d=mm&r=g\",\"contentUrl\":\"https:\/\/secure.gravatar.com\/avatar\/1d856797eb89513dee321f840c1a6bbcec15beb178c003e50adcf59323b3a8a9?s=96&d=mm&r=g\",\"caption\":\"Ricardo\"},\"url\":\"https:\/\/www.abesata.org\/br\/author\/ricardo-baroni\/\"}]}<\/script>\n<!-- \/ Yoast SEO plugin. -->","yoast_head_json":{"title":"Conhe\u00e7a os indicados para o 2\u00ba Pr\u00eamio ABEAR de Jornalismo - Abesata","robots":{"index":"index","follow":"follow","max-snippet":"max-snippet:-1","max-image-preview":"max-image-preview:large","max-video-preview":"max-video-preview:-1"},"canonical":"https:\/\/www.abesata.org\/br\/conheca-os-indicados-para-o-2o-premio-abear-de-jornalismo\/","og_locale":"pt_BR","og_type":"article","og_title":"Conhe\u00e7a os indicados para o 2\u00ba Pr\u00eamio ABEAR de Jornalismo - Abesata","og_description":"Sele\u00e7\u00e3o de reportagens tem o apoio da ABESATA (Associa\u00e7\u00e3o Brasileira das Empresas de Servi\u00e7os Auxiliares de Transporte A\u00e9reo) No pr\u00f3ximo dia 19 de novembro, ser\u00e3o conhecidos os vencedores do 2.\u00b0 Pr\u00eamio ABEAR de Jornalismo. Os ganhadores ser\u00e3o anunciados a partir dos 30 finalistas pr\u00e9-selecionados por um j\u00fari composto pela entidade. Na segunda edi\u00e7\u00e3o, o pr\u00eamio [&hellip;]","og_url":"https:\/\/www.abesata.org\/br\/conheca-os-indicados-para-o-2o-premio-abear-de-jornalismo\/","og_site_name":"Abesata","article_publisher":"https:\/\/www.facebook.com\/abesata.org\/","article_published_time":"2014-11-17T16:51:14+00:00","author":"Ricardo","twitter_card":"summary_large_image","twitter_misc":{"Escrito por":"Ricardo","Est. tempo de leitura":"2 minutos"},"schema":{"@context":"https:\/\/schema.org","@graph":[{"@type":"Article","@id":"https:\/\/www.abesata.org\/br\/conheca-os-indicados-para-o-2o-premio-abear-de-jornalismo\/#article","isPartOf":{"@id":"https:\/\/www.abesata.org\/br\/conheca-os-indicados-para-o-2o-premio-abear-de-jornalismo\/"},"author":{"name":"Ricardo","@id":"https:\/\/www.abesata.org\/br\/#\/schema\/person\/1f1295145bee68e42ffe39157320456b"},"headline":"Conhe\u00e7a os indicados para o 2\u00ba Pr\u00eamio ABEAR de Jornalismo","datePublished":"2014-11-17T16:51:14+00:00","mainEntityOfPage":{"@id":"https:\/\/www.abesata.org\/br\/conheca-os-indicados-para-o-2o-premio-abear-de-jornalismo\/"},"wordCount":443,"publisher":{"@id":"https:\/\/www.abesata.org\/br\/#organization"},"inLanguage":"pt-BR"},{"@type":"WebPage","@id":"https:\/\/www.abesata.org\/br\/conheca-os-indicados-para-o-2o-premio-abear-de-jornalismo\/","url":"https:\/\/www.abesata.org\/br\/conheca-os-indicados-para-o-2o-premio-abear-de-jornalismo\/","name":"Conhe\u00e7a os indicados para o 2\u00ba Pr\u00eamio ABEAR de Jornalismo - Abesata","isPartOf":{"@id":"https:\/\/www.abesata.org\/br\/#website"},"datePublished":"2014-11-17T16:51:14+00:00","breadcrumb":{"@id":"https:\/\/www.abesata.org\/br\/conheca-os-indicados-para-o-2o-premio-abear-de-jornalismo\/#breadcrumb"},"inLanguage":"pt-BR","potentialAction":[{"@type":"ReadAction","target":["https:\/\/www.abesata.org\/br\/conheca-os-indicados-para-o-2o-premio-abear-de-jornalismo\/"]}]},{"@type":"BreadcrumbList","@id":"https:\/\/www.abesata.org\/br\/conheca-os-indicados-para-o-2o-premio-abear-de-jornalismo\/#breadcrumb","itemListElement":[{"@type":"ListItem","position":1,"name":"In\u00edcio","item":"https:\/\/www.abesata.org\/br\/"},{"@type":"ListItem","position":2,"name":"Conhe\u00e7a os indicados para o 2\u00ba Pr\u00eamio ABEAR de Jornalismo"}]},{"@type":"WebSite","@id":"https:\/\/www.abesata.org\/br\/#website","url":"https:\/\/www.abesata.org\/br\/","name":"Abesata","description":"Associa\u00e7\u00e3o Brasileira das Empresas de Servi\u00e7os Auxiliares de Transporte A\u00e9reo","publisher":{"@id":"https:\/\/www.abesata.org\/br\/#organization"},"potentialAction":[{"@type":"SearchAction","target":{"@type":"EntryPoint","urlTemplate":"https:\/\/www.abesata.org\/br\/?s={search_term_string}"},"query-input":{"@type":"PropertyValueSpecification","valueRequired":true,"valueName":"search_term_string"}}],"inLanguage":"pt-BR"},{"@type":"Organization","@id":"https:\/\/www.abesata.org\/br\/#organization","name":"Associa\u00e7\u00e3o Brasileira das Empresas de Servi\u00e7os Auxiliares de Transporte A\u00e9reo","alternateName":"Abesata","url":"https:\/\/www.abesata.org\/br\/","logo":{"@type":"ImageObject","inLanguage":"pt-BR","@id":"https:\/\/www.abesata.org\/br\/#\/schema\/logo\/image\/","url":"https:\/\/www.abesata.org\/br\/wp-content\/uploads\/2023\/10\/Abesata.png","contentUrl":"https:\/\/www.abesata.org\/br\/wp-content\/uploads\/2023\/10\/Abesata.png","width":1063,"height":591,"caption":"Associa\u00e7\u00e3o Brasileira das Empresas de Servi\u00e7os Auxiliares de Transporte A\u00e9reo"},"image":{"@id":"https:\/\/www.abesata.org\/br\/#\/schema\/logo\/image\/"},"sameAs":["https:\/\/www.facebook.com\/abesata.org\/","https:\/\/www.instagram.com\/abesata_gh\/","https:\/\/br.linkedin.com\/company\/abesata"]},{"@type":"Person","@id":"https:\/\/www.abesata.org\/br\/#\/schema\/person\/1f1295145bee68e42ffe39157320456b","name":"Ricardo","image":{"@type":"ImageObject","inLanguage":"pt-BR","@id":"https:\/\/www.abesata.org\/br\/#\/schema\/person\/image\/","url":"https:\/\/secure.gravatar.com\/avatar\/1d856797eb89513dee321f840c1a6bbcec15beb178c003e50adcf59323b3a8a9?s=96&d=mm&r=g","contentUrl":"https:\/\/secure.gravatar.com\/avatar\/1d856797eb89513dee321f840c1a6bbcec15beb178c003e50adcf59323b3a8a9?s=96&d=mm&r=g","caption":"Ricardo"},"url":"https:\/\/www.abesata.org\/br\/author\/ricardo-baroni\/"}]}},"_links":{"self":[{"href":"https:\/\/www.abesata.org\/br\/wp-json\/wp\/v2\/posts\/1851","targetHints":{"allow":["GET"]}}],"collection":[{"href":"https:\/\/www.abesata.org\/br\/wp-json\/wp\/v2\/posts"}],"about":[{"href":"https:\/\/www.abesata.org\/br\/wp-json\/wp\/v2\/types\/post"}],"author":[{"embeddable":true,"href":"https:\/\/www.abesata.org\/br\/wp-json\/wp\/v2\/users\/18"}],"replies":[{"embeddable":true,"href":"https:\/\/www.abesata.org\/br\/wp-json\/wp\/v2\/comments?post=1851"}],"version-history":[{"count":0,"href":"https:\/\/www.abesata.org\/br\/wp-json\/wp\/v2\/posts\/1851\/revisions"}],"wp:attachment":[{"href":"https:\/\/www.abesata.org\/br\/wp-json\/wp\/v2\/media?parent=1851"}],"wp:term":[{"taxonomy":"category","embeddable":true,"href":"https:\/\/www.abesata.org\/br\/wp-json\/wp\/v2\/categories?post=1851"},{"taxonomy":"post_tag","embeddable":true,"href":"https:\/\/www.abesata.org\/br\/wp-json\/wp\/v2\/tags?post=1851"}],"curies":[{"name":"wp","href":"https:\/\/api.w.org\/{rel}","templated":true}]}}