{"id":18572,"date":"2026-03-12T19:21:38","date_gmt":"2026-03-12T22:21:38","guid":{"rendered":"https:\/\/www.abesata.org\/br\/?p=18572"},"modified":"2026-03-12T19:21:42","modified_gmt":"2026-03-12T22:21:42","slug":"abesata-participa-do-experience-day-sest-senat","status":"publish","type":"post","link":"https:\/\/www.abesata.org\/br\/abesata-participa-do-experience-day-sest-senat\/","title":{"rendered":"ABESATA participa do Experience Day \u2013 SEST SENAT\u00a0"},"content":{"rendered":"\n<p>Na \u00faltima semana, a ABESATA participou do Experience Day \u2013 SEST SENAT, realizado em Guarulhos, encontro que reuniu empres\u00e1rios e gestores para discutir os principais desafios e oportunidades do setor de transportes.<\/p>\n\n\n\n<p>Entre os destaques da programa\u00e7\u00e3o, merece men\u00e7\u00e3o a palestra de Urubatan Helou, da Braspress Air Cargo, que trouxe reflex\u00f5es relevantes sobre a log\u00edstica e o futuro do setor no Brasil.<\/p>\n\n\n\n<p>O evento contou com a anfitri\u00e3 de Carlos Panzan, presidente da FETCESP \u2013 Federa\u00e7\u00e3o das Empresas de Transporte de Cargas do Estado de S\u00e3o Paulo e do Conselho do SEST SENAT do Estado de S\u00e3o Paulo, que, sempre atento \u00e0s pautas da ABESATA e do transporte a\u00e9reo, abriu espa\u00e7o para uma conversa, em petit comit\u00e9, com o prefeito de Guarulhos, Lucas Sanches, e com o secret\u00e1rio de Mobilidade Urbana, Jo\u00e3o Ara\u00fajo.<\/p>\n\n\n\n<p>A reuni\u00e3o marcou o in\u00edcio de um di\u00e1logo importante em busca de solu\u00e7\u00e3o para uma demanda antiga nos terminais do GRU Airport \u2013 Aeroporto Internacional de S\u00e3o Paulo: a oferta de \u00f4nibus urbanos para atender os trabalhadores dos turnos da madrugada.<\/p>\n\n\n\n<p>Durante sua palestra, o prefeito destacou que a frota de \u00f4nibus que atende o munic\u00edpio dever\u00e1 passar, nos pr\u00f3ximos meses, de 350 para 700 unidades, sinalizando uma perspectiva positiva para o avan\u00e7o dessa pauta t\u00e3o relevante para a mobilidade dos profissionais que atuam no aeroporto.<\/p>\n\n\n\n<p>A ABESATA recebe essa sinaliza\u00e7\u00e3o com otimismo e entende que a medida poder\u00e1 representar um avan\u00e7o significativo para os trabalhadores e para a opera\u00e7\u00e3o do setor.<\/p>\n\n\n\n<p>A entidade tamb\u00e9m parabeniza toda a equipe do SEST SENAT de Guarulhos, na pessoa de seu diretor, Luis Fernando Arzamendia, pela organiza\u00e7\u00e3o do encontro.<\/p>\n\n\n\n<p>Ao longo de 2026, a ABESATA pretende ampliar o di\u00e1logo e desenvolver novas pautas em parceria com o SEST SENAT, entre elas iniciativas ligadas ao Jovem Aprendiz e ao simulador para pushback de aeronaves.<\/p>\n","protected":false},"excerpt":{"rendered":"<p>Na \u00faltima semana, a ABESATA participou do Experience Day \u2013 SEST SENAT, realizado em Guarulhos, encontro que reuniu empres\u00e1rios e gestores para discutir os principais desafios e oportunidades do setor de transportes. Entre os destaques da programa\u00e7\u00e3o, merece men\u00e7\u00e3o a palestra de Urubatan Helou, da Braspress Air Cargo, que trouxe reflex\u00f5es relevantes sobre a log\u00edstica [&hellip;]<\/p>\n","protected":false},"author":135,"featured_media":18553,"comment_status":"closed","ping_status":"0","sticky":false,"template":"","format":"standard","meta":{"footnotes":""},"categories":[1],"tags":[],"class_list":["post-18572","post","type-post","status-publish","format-standard","has-post-thumbnail","hentry","category-uncategorized"],"yoast_head":"<!-- This site is optimized with the Yoast SEO plugin v26.5 - https:\/\/yoast.com\/wordpress\/plugins\/seo\/ -->\n<title>ABESATA participa do Experience Day \u2013 SEST SENAT\u00a0 - Abesata<\/title>\n<meta name=\"robots\" content=\"index, follow, max-snippet:-1, max-image-preview:large, max-video-preview:-1\" \/>\n<link rel=\"canonical\" href=\"https:\/\/www.abesata.org\/br\/abesata-participa-do-experience-day-sest-senat\/\" \/>\n<meta property=\"og:locale\" content=\"pt_BR\" \/>\n<meta property=\"og:type\" content=\"article\" \/>\n<meta property=\"og:title\" content=\"ABESATA participa do Experience Day \u2013 SEST SENAT\u00a0 - Abesata\" \/>\n<meta property=\"og:description\" content=\"Na \u00faltima semana, a ABESATA participou do Experience Day \u2013 SEST SENAT, realizado em Guarulhos, encontro que reuniu empres\u00e1rios e gestores para discutir os principais desafios e oportunidades do setor de transportes. Entre os destaques da programa\u00e7\u00e3o, merece men\u00e7\u00e3o a palestra de Urubatan Helou, da Braspress Air Cargo, que trouxe reflex\u00f5es relevantes sobre a log\u00edstica [&hellip;]\" \/>\n<meta property=\"og:url\" content=\"https:\/\/www.abesata.org\/br\/abesata-participa-do-experience-day-sest-senat\/\" \/>\n<meta property=\"og:site_name\" content=\"Abesata\" \/>\n<meta property=\"article:publisher\" content=\"https:\/\/www.facebook.com\/abesata.org\/\" \/>\n<meta property=\"article:published_time\" content=\"2026-03-12T22:21:38+00:00\" \/>\n<meta property=\"article:modified_time\" content=\"2026-03-12T22:21:42+00:00\" \/>\n<meta property=\"og:image\" content=\"https:\/\/www.abesata.org\/br\/wp-content\/uploads\/2026\/03\/IMG_0189-scaled.jpeg\" \/>\n\t<meta property=\"og:image:width\" content=\"1920\" \/>\n\t<meta property=\"og:image:height\" content=\"2560\" \/>\n\t<meta property=\"og:image:type\" content=\"image\/jpeg\" \/>\n<meta name=\"author\" content=\"Henrique Santana\" \/>\n<meta name=\"twitter:card\" content=\"summary_large_image\" \/>\n<meta name=\"twitter:label1\" content=\"Escrito por\" \/>\n\t<meta name=\"twitter:data1\" content=\"Henrique Santana\" \/>\n\t<meta name=\"twitter:label2\" content=\"Est. tempo de leitura\" \/>\n\t<meta name=\"twitter:data2\" content=\"2 minutos\" \/>\n<script type=\"application\/ld+json\" class=\"yoast-schema-graph\">{\"@context\":\"https:\/\/schema.org\",\"@graph\":[{\"@type\":\"Article\",\"@id\":\"https:\/\/www.abesata.org\/br\/abesata-participa-do-experience-day-sest-senat\/#article\",\"isPartOf\":{\"@id\":\"https:\/\/www.abesata.org\/br\/abesata-participa-do-experience-day-sest-senat\/\"},\"author\":{\"name\":\"Henrique Santana\",\"@id\":\"https:\/\/www.abesata.org\/br\/#\/schema\/person\/9ea6d4cad1253eb9fd0f7cc28c4306da\"},\"headline\":\"ABESATA participa do Experience Day \u2013 SEST SENAT\u00a0\",\"datePublished\":\"2026-03-12T22:21:38+00:00\",\"dateModified\":\"2026-03-12T22:21:42+00:00\",\"mainEntityOfPage\":{\"@id\":\"https:\/\/www.abesata.org\/br\/abesata-participa-do-experience-day-sest-senat\/\"},\"wordCount\":332,\"publisher\":{\"@id\":\"https:\/\/www.abesata.org\/br\/#organization\"},\"image\":{\"@id\":\"https:\/\/www.abesata.org\/br\/abesata-participa-do-experience-day-sest-senat\/#primaryimage\"},\"thumbnailUrl\":\"https:\/\/www.abesata.org\/br\/wp-content\/uploads\/2026\/03\/IMG_0189-scaled.jpeg\",\"articleSection\":[\"Uncategorized\"],\"inLanguage\":\"pt-BR\"},{\"@type\":\"WebPage\",\"@id\":\"https:\/\/www.abesata.org\/br\/abesata-participa-do-experience-day-sest-senat\/\",\"url\":\"https:\/\/www.abesata.org\/br\/abesata-participa-do-experience-day-sest-senat\/\",\"name\":\"ABESATA participa do Experience Day \u2013 SEST SENAT\u00a0 - Abesata\",\"isPartOf\":{\"@id\":\"https:\/\/www.abesata.org\/br\/#website\"},\"primaryImageOfPage\":{\"@id\":\"https:\/\/www.abesata.org\/br\/abesata-participa-do-experience-day-sest-senat\/#primaryimage\"},\"image\":{\"@id\":\"https:\/\/www.abesata.org\/br\/abesata-participa-do-experience-day-sest-senat\/#primaryimage\"},\"thumbnailUrl\":\"https:\/\/www.abesata.org\/br\/wp-content\/uploads\/2026\/03\/IMG_0189-scaled.jpeg\",\"datePublished\":\"2026-03-12T22:21:38+00:00\",\"dateModified\":\"2026-03-12T22:21:42+00:00\",\"breadcrumb\":{\"@id\":\"https:\/\/www.abesata.org\/br\/abesata-participa-do-experience-day-sest-senat\/#breadcrumb\"},\"inLanguage\":\"pt-BR\",\"potentialAction\":[{\"@type\":\"ReadAction\",\"target\":[\"https:\/\/www.abesata.org\/br\/abesata-participa-do-experience-day-sest-senat\/\"]}]},{\"@type\":\"ImageObject\",\"inLanguage\":\"pt-BR\",\"@id\":\"https:\/\/www.abesata.org\/br\/abesata-participa-do-experience-day-sest-senat\/#primaryimage\",\"url\":\"https:\/\/www.abesata.org\/br\/wp-content\/uploads\/2026\/03\/IMG_0189-scaled.jpeg\",\"contentUrl\":\"https:\/\/www.abesata.org\/br\/wp-content\/uploads\/2026\/03\/IMG_0189-scaled.jpeg\",\"width\":1920,\"height\":2560},{\"@type\":\"BreadcrumbList\",\"@id\":\"https:\/\/www.abesata.org\/br\/abesata-participa-do-experience-day-sest-senat\/#breadcrumb\",\"itemListElement\":[{\"@type\":\"ListItem\",\"position\":1,\"name\":\"In\u00edcio\",\"item\":\"https:\/\/www.abesata.org\/br\/\"},{\"@type\":\"ListItem\",\"position\":2,\"name\":\"ABESATA participa do Experience Day \u2013 SEST SENAT\u00a0\"}]},{\"@type\":\"WebSite\",\"@id\":\"https:\/\/www.abesata.org\/br\/#website\",\"url\":\"https:\/\/www.abesata.org\/br\/\",\"name\":\"Abesata\",\"description\":\"Associa\u00e7\u00e3o Brasileira das Empresas de Servi\u00e7os Auxiliares de Transporte A\u00e9reo\",\"publisher\":{\"@id\":\"https:\/\/www.abesata.org\/br\/#organization\"},\"potentialAction\":[{\"@type\":\"SearchAction\",\"target\":{\"@type\":\"EntryPoint\",\"urlTemplate\":\"https:\/\/www.abesata.org\/br\/?s={search_term_string}\"},\"query-input\":{\"@type\":\"PropertyValueSpecification\",\"valueRequired\":true,\"valueName\":\"search_term_string\"}}],\"inLanguage\":\"pt-BR\"},{\"@type\":\"Organization\",\"@id\":\"https:\/\/www.abesata.org\/br\/#organization\",\"name\":\"Associa\u00e7\u00e3o Brasileira das Empresas de Servi\u00e7os Auxiliares de Transporte A\u00e9reo\",\"alternateName\":\"Abesata\",\"url\":\"https:\/\/www.abesata.org\/br\/\",\"logo\":{\"@type\":\"ImageObject\",\"inLanguage\":\"pt-BR\",\"@id\":\"https:\/\/www.abesata.org\/br\/#\/schema\/logo\/image\/\",\"url\":\"https:\/\/www.abesata.org\/br\/wp-content\/uploads\/2023\/10\/Abesata.png\",\"contentUrl\":\"https:\/\/www.abesata.org\/br\/wp-content\/uploads\/2023\/10\/Abesata.png\",\"width\":1063,\"height\":591,\"caption\":\"Associa\u00e7\u00e3o Brasileira das Empresas de Servi\u00e7os Auxiliares de Transporte A\u00e9reo\"},\"image\":{\"@id\":\"https:\/\/www.abesata.org\/br\/#\/schema\/logo\/image\/\"},\"sameAs\":[\"https:\/\/www.facebook.com\/abesata.org\/\",\"https:\/\/www.instagram.com\/abesata_gh\/\",\"https:\/\/br.linkedin.com\/company\/abesata\"]},{\"@type\":\"Person\",\"@id\":\"https:\/\/www.abesata.org\/br\/#\/schema\/person\/9ea6d4cad1253eb9fd0f7cc28c4306da\",\"name\":\"Henrique Santana\",\"image\":{\"@type\":\"ImageObject\",\"inLanguage\":\"pt-BR\",\"@id\":\"https:\/\/www.abesata.org\/br\/#\/schema\/person\/image\/\",\"url\":\"https:\/\/secure.gravatar.com\/avatar\/d38ee0ca5c04b216d163c4ecd115e6174ba1c9174252c48fc8d30cf2dc7f0b25?s=96&d=mm&r=g\",\"contentUrl\":\"https:\/\/secure.gravatar.com\/avatar\/d38ee0ca5c04b216d163c4ecd115e6174ba1c9174252c48fc8d30cf2dc7f0b25?s=96&d=mm&r=g\",\"caption\":\"Henrique Santana\"},\"url\":\"https:\/\/www.abesata.org\/br\/author\/henrique-santana\/\"}]}<\/script>\n<!-- \/ Yoast SEO plugin. -->","yoast_head_json":{"title":"ABESATA participa do Experience Day \u2013 SEST SENAT\u00a0 - Abesata","robots":{"index":"index","follow":"follow","max-snippet":"max-snippet:-1","max-image-preview":"max-image-preview:large","max-video-preview":"max-video-preview:-1"},"canonical":"https:\/\/www.abesata.org\/br\/abesata-participa-do-experience-day-sest-senat\/","og_locale":"pt_BR","og_type":"article","og_title":"ABESATA participa do Experience Day \u2013 SEST SENAT\u00a0 - Abesata","og_description":"Na \u00faltima semana, a ABESATA participou do Experience Day \u2013 SEST SENAT, realizado em Guarulhos, encontro que reuniu empres\u00e1rios e gestores para discutir os principais desafios e oportunidades do setor de transportes. Entre os destaques da programa\u00e7\u00e3o, merece men\u00e7\u00e3o a palestra de Urubatan Helou, da Braspress Air Cargo, que trouxe reflex\u00f5es relevantes sobre a log\u00edstica [&hellip;]","og_url":"https:\/\/www.abesata.org\/br\/abesata-participa-do-experience-day-sest-senat\/","og_site_name":"Abesata","article_publisher":"https:\/\/www.facebook.com\/abesata.org\/","article_published_time":"2026-03-12T22:21:38+00:00","article_modified_time":"2026-03-12T22:21:42+00:00","og_image":[{"width":1920,"height":2560,"url":"https:\/\/www.abesata.org\/br\/wp-content\/uploads\/2026\/03\/IMG_0189-scaled.jpeg","type":"image\/jpeg"}],"author":"Henrique Santana","twitter_card":"summary_large_image","twitter_misc":{"Escrito por":"Henrique Santana","Est. tempo de leitura":"2 minutos"},"schema":{"@context":"https:\/\/schema.org","@graph":[{"@type":"Article","@id":"https:\/\/www.abesata.org\/br\/abesata-participa-do-experience-day-sest-senat\/#article","isPartOf":{"@id":"https:\/\/www.abesata.org\/br\/abesata-participa-do-experience-day-sest-senat\/"},"author":{"name":"Henrique Santana","@id":"https:\/\/www.abesata.org\/br\/#\/schema\/person\/9ea6d4cad1253eb9fd0f7cc28c4306da"},"headline":"ABESATA participa do Experience Day \u2013 SEST SENAT\u00a0","datePublished":"2026-03-12T22:21:38+00:00","dateModified":"2026-03-12T22:21:42+00:00","mainEntityOfPage":{"@id":"https:\/\/www.abesata.org\/br\/abesata-participa-do-experience-day-sest-senat\/"},"wordCount":332,"publisher":{"@id":"https:\/\/www.abesata.org\/br\/#organization"},"image":{"@id":"https:\/\/www.abesata.org\/br\/abesata-participa-do-experience-day-sest-senat\/#primaryimage"},"thumbnailUrl":"https:\/\/www.abesata.org\/br\/wp-content\/uploads\/2026\/03\/IMG_0189-scaled.jpeg","articleSection":["Uncategorized"],"inLanguage":"pt-BR"},{"@type":"WebPage","@id":"https:\/\/www.abesata.org\/br\/abesata-participa-do-experience-day-sest-senat\/","url":"https:\/\/www.abesata.org\/br\/abesata-participa-do-experience-day-sest-senat\/","name":"ABESATA participa do Experience Day \u2013 SEST SENAT\u00a0 - Abesata","isPartOf":{"@id":"https:\/\/www.abesata.org\/br\/#website"},"primaryImageOfPage":{"@id":"https:\/\/www.abesata.org\/br\/abesata-participa-do-experience-day-sest-senat\/#primaryimage"},"image":{"@id":"https:\/\/www.abesata.org\/br\/abesata-participa-do-experience-day-sest-senat\/#primaryimage"},"thumbnailUrl":"https:\/\/www.abesata.org\/br\/wp-content\/uploads\/2026\/03\/IMG_0189-scaled.jpeg","datePublished":"2026-03-12T22:21:38+00:00","dateModified":"2026-03-12T22:21:42+00:00","breadcrumb":{"@id":"https:\/\/www.abesata.org\/br\/abesata-participa-do-experience-day-sest-senat\/#breadcrumb"},"inLanguage":"pt-BR","potentialAction":[{"@type":"ReadAction","target":["https:\/\/www.abesata.org\/br\/abesata-participa-do-experience-day-sest-senat\/"]}]},{"@type":"ImageObject","inLanguage":"pt-BR","@id":"https:\/\/www.abesata.org\/br\/abesata-participa-do-experience-day-sest-senat\/#primaryimage","url":"https:\/\/www.abesata.org\/br\/wp-content\/uploads\/2026\/03\/IMG_0189-scaled.jpeg","contentUrl":"https:\/\/www.abesata.org\/br\/wp-content\/uploads\/2026\/03\/IMG_0189-scaled.jpeg","width":1920,"height":2560},{"@type":"BreadcrumbList","@id":"https:\/\/www.abesata.org\/br\/abesata-participa-do-experience-day-sest-senat\/#breadcrumb","itemListElement":[{"@type":"ListItem","position":1,"name":"In\u00edcio","item":"https:\/\/www.abesata.org\/br\/"},{"@type":"ListItem","position":2,"name":"ABESATA participa do Experience Day \u2013 SEST SENAT\u00a0"}]},{"@type":"WebSite","@id":"https:\/\/www.abesata.org\/br\/#website","url":"https:\/\/www.abesata.org\/br\/","name":"Abesata","description":"Associa\u00e7\u00e3o Brasileira das Empresas de Servi\u00e7os Auxiliares de Transporte A\u00e9reo","publisher":{"@id":"https:\/\/www.abesata.org\/br\/#organization"},"potentialAction":[{"@type":"SearchAction","target":{"@type":"EntryPoint","urlTemplate":"https:\/\/www.abesata.org\/br\/?s={search_term_string}"},"query-input":{"@type":"PropertyValueSpecification","valueRequired":true,"valueName":"search_term_string"}}],"inLanguage":"pt-BR"},{"@type":"Organization","@id":"https:\/\/www.abesata.org\/br\/#organization","name":"Associa\u00e7\u00e3o Brasileira das Empresas de Servi\u00e7os Auxiliares de Transporte A\u00e9reo","alternateName":"Abesata","url":"https:\/\/www.abesata.org\/br\/","logo":{"@type":"ImageObject","inLanguage":"pt-BR","@id":"https:\/\/www.abesata.org\/br\/#\/schema\/logo\/image\/","url":"https:\/\/www.abesata.org\/br\/wp-content\/uploads\/2023\/10\/Abesata.png","contentUrl":"https:\/\/www.abesata.org\/br\/wp-content\/uploads\/2023\/10\/Abesata.png","width":1063,"height":591,"caption":"Associa\u00e7\u00e3o Brasileira das Empresas de Servi\u00e7os Auxiliares de Transporte A\u00e9reo"},"image":{"@id":"https:\/\/www.abesata.org\/br\/#\/schema\/logo\/image\/"},"sameAs":["https:\/\/www.facebook.com\/abesata.org\/","https:\/\/www.instagram.com\/abesata_gh\/","https:\/\/br.linkedin.com\/company\/abesata"]},{"@type":"Person","@id":"https:\/\/www.abesata.org\/br\/#\/schema\/person\/9ea6d4cad1253eb9fd0f7cc28c4306da","name":"Henrique Santana","image":{"@type":"ImageObject","inLanguage":"pt-BR","@id":"https:\/\/www.abesata.org\/br\/#\/schema\/person\/image\/","url":"https:\/\/secure.gravatar.com\/avatar\/d38ee0ca5c04b216d163c4ecd115e6174ba1c9174252c48fc8d30cf2dc7f0b25?s=96&d=mm&r=g","contentUrl":"https:\/\/secure.gravatar.com\/avatar\/d38ee0ca5c04b216d163c4ecd115e6174ba1c9174252c48fc8d30cf2dc7f0b25?s=96&d=mm&r=g","caption":"Henrique Santana"},"url":"https:\/\/www.abesata.org\/br\/author\/henrique-santana\/"}]}},"_links":{"self":[{"href":"https:\/\/www.abesata.org\/br\/wp-json\/wp\/v2\/posts\/18572","targetHints":{"allow":["GET"]}}],"collection":[{"href":"https:\/\/www.abesata.org\/br\/wp-json\/wp\/v2\/posts"}],"about":[{"href":"https:\/\/www.abesata.org\/br\/wp-json\/wp\/v2\/types\/post"}],"author":[{"embeddable":true,"href":"https:\/\/www.abesata.org\/br\/wp-json\/wp\/v2\/users\/135"}],"replies":[{"embeddable":true,"href":"https:\/\/www.abesata.org\/br\/wp-json\/wp\/v2\/comments?post=18572"}],"version-history":[{"count":1,"href":"https:\/\/www.abesata.org\/br\/wp-json\/wp\/v2\/posts\/18572\/revisions"}],"predecessor-version":[{"id":18573,"href":"https:\/\/www.abesata.org\/br\/wp-json\/wp\/v2\/posts\/18572\/revisions\/18573"}],"wp:featuredmedia":[{"embeddable":true,"href":"https:\/\/www.abesata.org\/br\/wp-json\/wp\/v2\/media\/18553"}],"wp:attachment":[{"href":"https:\/\/www.abesata.org\/br\/wp-json\/wp\/v2\/media?parent=18572"}],"wp:term":[{"taxonomy":"category","embeddable":true,"href":"https:\/\/www.abesata.org\/br\/wp-json\/wp\/v2\/categories?post=18572"},{"taxonomy":"post_tag","embeddable":true,"href":"https:\/\/www.abesata.org\/br\/wp-json\/wp\/v2\/tags?post=18572"}],"curies":[{"name":"wp","href":"https:\/\/api.w.org\/{rel}","templated":true}]}}