{"id":1862,"date":"2014-11-18T15:18:36","date_gmt":"2014-11-18T17:18:36","guid":{"rendered":"http:\/\/www.abesata.org\/?p=1862"},"modified":"2014-11-18T15:18:36","modified_gmt":"2014-11-18T17:18:36","slug":"cinco-aeroportos-pedem-internacionalizacao","status":"publish","type":"post","link":"https:\/\/www.abesata.org\/br\/cinco-aeroportos-pedem-internacionalizacao\/","title":{"rendered":"Cinco aeroportos pedem internacionaliza\u00e7\u00e3o"},"content":{"rendered":"<p><em>Grupo de trabalho formado por comiss\u00e3o de autoridades aeroportu\u00e1rias analisar\u00e1 pedidos e definir\u00e1 diretrizes.<\/em><\/p>\n<p>Um grupo de trabalho criado pelas autoridades aeroportu\u00e1rias brasileiras definir\u00e1 as diretrizes para a internacionaliza\u00e7\u00e3o de aeroportos no pa\u00eds. A decis\u00e3o foi tomada pela Conaero (Comiss\u00e3o Nacional das Autoridades Aeroportu\u00e1rias), ao constatar que h\u00e1 hoje cinco aeroportos pedindo internacionaliza\u00e7\u00e3o e um pedindo \u201cdesinternacionaliza\u00e7\u00e3o\u201d \u2013 e nenhuma regra geral para a an\u00e1lise dos pedidos.<\/p>\n<p>O objetivo da Conaero \u00e9 discutir e estipular as pol\u00edticas p\u00fablicas e estrat\u00e9gias para condu\u00e7\u00e3o do processo. O grupo j\u00e1 est\u00e1 analisando as solicita\u00e7\u00f5es dos aeroportos de Sorocaba (SP), Porto Velho (RO), Rio Branco (AC), Cabo Frio (RJ) e do futuro aeroporto Catarina, em S\u00e3o Roque (SP).<\/p>\n<p>Coordenado pela Secretaria de Avia\u00e7\u00e3o Civil, o grupo de trabalho \u00e9 integrado pela Ag\u00eancia Nacional de Avia\u00e7\u00e3o Civil (Anac), Infraero, Minist\u00e9rio da Aeron\u00e1utica, Ibama, Pol\u00edcia Federal, Receita Federal, Anvisa (ligada ao Minist\u00e9rio da Sa\u00fade) e Vigiagro (ligada e Minist\u00e9rio da Agricultura).<\/p>\n<p>Segundo os integrantes do grupo, a situa\u00e7\u00e3o desejada \u00e9 a defini\u00e7\u00e3o de uma pol\u00edtica de internacionaliza\u00e7\u00e3o de aeroportos como estrat\u00e9gia de desenvolvimento regional e nacional; o fortalecimento das estruturas dos \u00f3rg\u00e3os p\u00fablicos voltadas ao apoio das opera\u00e7\u00f5es de tr\u00e1fego a\u00e9reo internacional; e a manuten\u00e7\u00e3o do atual processo t\u00e9cnico para internacionaliza\u00e7\u00e3o.<\/p>\n<p>Hoje, a situa\u00e7\u00e3o \u00e9 a seguinte: o operador aeroportu\u00e1rio solicita aos \u00f3rg\u00e3os p\u00fablicos (Receita, PF, Anvisa e Vigiagro) um atestado da capacidade de atendimento \u00e0s opera\u00e7\u00f5es de tr\u00e1fego a\u00e9reo internacional; na sequ\u00eancia, a Anac analisa os referidos atestados e demais documenta\u00e7\u00f5es e, caso o operador cumpra as exig\u00eancias legais, a Anac reconhece o aeroporto como internacional. Os \u00f3rg\u00e3os se queixam da grande quantidade de pedidos e da insufici\u00eancia de recursos humanos e log\u00edsticos para o atendimento de todos eles.<\/p>\n<p>\u201cA Pol\u00edcia Federal est\u00e1 em processo de padroniza\u00e7\u00e3o de an\u00e1lise dos pedidos e dos pareceres. Quesitos como inspe\u00e7\u00e3o, crit\u00e9rios, requisitos e modelo de instru\u00e7\u00e3o normativa ainda est\u00e3o sendo estudados. Precisamos, tamb\u00e9m, discutir se a gente aprova o projeto do aeroporto em fase inicial o quando ele estiver quase pronto. Uma vez aprovada a diretriz, vamos ter recursos assegurados para fazer nosso trabalho em aeroportos estrat\u00e9gicos\u201d, afirmou Andr\u00e9 Zaca Furquim, representante da Pol\u00edcia Federal no Grupo de Trabalho.<\/p>\n<p>O representante da Anac, Lu\u00eds Gustavo Carneiro, afirmou que \u00e9 importante que os \u00f3rg\u00e3os saibam como funciona um aeroporto. \u201cAfinal, temos mais de 30 aeroportos com voos internacionais no Brasil. Precisamos para tratar caso a caso e definir quais as portas de entrada e sa\u00edda do Pa\u00eds\u201d, afirmou.<\/p>\n<p>\u00c0 Receita compete \u201calfandegar\u201d os aeroportos, ou seja, colocar fiscaliza\u00e7\u00e3o aduaneira. \u201cH\u00e1 aeroportos, por\u00e9m, que n\u00e3o justificam o alfandegamento 24 horas por dia\u201d, explicou Ant\u00f4nio Braga Sobrinho, representante do \u00f3rg\u00e3o no grupo da Conaero. O aeroporto de Uruguaiana, no Rio Grande do Sul, por exemplo, foi desalfandegado. O mesmo aconteceu com Porto Velho. \u201cAlguns aeroportos pedem a internacionaliza\u00e7\u00e3o, mas n\u00e3o d\u00e3o condi\u00e7\u00f5es para o trabalho. Acredito que est\u00e3o desvirtuando os pedidos de internacionaliza\u00e7\u00e3o. \u00c0s vezes, chegam quatro pedidos referentes ao mesmo aeroporto, ao mesmo tempo\u201d, explicou. Outro problema \u00e9 como atender a um pedido de internacionaliza\u00e7\u00e3o de um aeroporto que est\u00e1 pr\u00f3ximo de outro que j\u00e1 \u00e9 internacional.<\/p>\n<p>Segundo Paulo Possas, diretor de Gest\u00e3o Aeroportu\u00e1ria da SAC, uma possibilidade que est\u00e1 sendo discutida \u00e9 alfandegar os aeroportos \u201csob demanda\u201d \u2013 as equipes seriam mobilizadas apenas quando houvesse voos internacionais. Foi o que aconteceu, por exemplo, com o aeroporto de Cuiab\u00e1 durante a Copa do Mundo.<\/p>\n<p>Ricardo Rocha, tamb\u00e9m da SAC, afirmou que a ideia \u00e9, no primeiro momento, tentar identificar os problemas de cada \u00f3rg\u00e3o. \u201cPrecisamos saber se os \u00f3rg\u00e3os t\u00eam pessoal suficiente para atender \u00e0s demandas. E se n\u00e3o t\u00eam, como \u00e9 poss\u00edvel atender mesmo assim\u201d, considerou. \u201cSe recebemos a demanda, se h\u00e1 carga para ser transportada e passageiro querendo voar, por que eu n\u00e3o vou atender? Que barreiras que impedem o atendimento?\u201d<\/p>\n<p>O grupo deve se reunir novamente no dia 24 de novembro, em Bras\u00edlia, para debater as seguintes quest\u00f5es: O que se deve levar em conta para retirar a internacionaliza\u00e7\u00e3o de um aeroporto? Quais as pol\u00edticas dos \u00f3rg\u00e3os p\u00fablicos para atender solicita\u00e7\u00f5es de internacionaliza\u00e7\u00e3o? H\u00e1 regi\u00f5es\/aeroportos que devem ser privilegiadas? E quais as garantias dadas pelos \u00f3rg\u00e3os p\u00fablicos para uma futura internacionaliza\u00e7\u00e3o de um aeroporto?<\/p>\n<p style=\"text-align: right;\">Fonte: SAC\/PR<br \/>\n18\/11\/2014<\/p>\n","protected":false},"excerpt":{"rendered":"<p>Grupo de trabalho formado por comiss\u00e3o de autoridades aeroportu\u00e1rias analisar\u00e1 pedidos e definir\u00e1 diretrizes. Um grupo de trabalho criado pelas autoridades aeroportu\u00e1rias brasileiras definir\u00e1 as diretrizes para a internacionaliza\u00e7\u00e3o de aeroportos no pa\u00eds. A decis\u00e3o foi tomada pela Conaero (Comiss\u00e3o Nacional das Autoridades Aeroportu\u00e1rias), ao constatar que h\u00e1 hoje cinco aeroportos pedindo internacionaliza\u00e7\u00e3o e um [&hellip;]<\/p>\n","protected":false},"author":18,"featured_media":1625,"comment_status":"closed","ping_status":"closed","sticky":false,"template":"","format":"standard","meta":{"footnotes":""},"categories":[],"tags":[],"class_list":["post-1862","post","type-post","status-publish","format-standard","has-post-thumbnail","hentry"],"yoast_head":"<!-- This site is optimized with the Yoast SEO plugin v26.5 - https:\/\/yoast.com\/wordpress\/plugins\/seo\/ -->\n<title>Cinco aeroportos pedem internacionaliza\u00e7\u00e3o - Abesata<\/title>\n<meta name=\"robots\" content=\"index, follow, max-snippet:-1, max-image-preview:large, max-video-preview:-1\" \/>\n<link rel=\"canonical\" href=\"https:\/\/www.abesata.org\/br\/cinco-aeroportos-pedem-internacionalizacao\/\" \/>\n<meta property=\"og:locale\" content=\"pt_BR\" \/>\n<meta property=\"og:type\" content=\"article\" \/>\n<meta property=\"og:title\" content=\"Cinco aeroportos pedem internacionaliza\u00e7\u00e3o - Abesata\" \/>\n<meta property=\"og:description\" content=\"Grupo de trabalho formado por comiss\u00e3o de autoridades aeroportu\u00e1rias analisar\u00e1 pedidos e definir\u00e1 diretrizes. Um grupo de trabalho criado pelas autoridades aeroportu\u00e1rias brasileiras definir\u00e1 as diretrizes para a internacionaliza\u00e7\u00e3o de aeroportos no pa\u00eds. A decis\u00e3o foi tomada pela Conaero (Comiss\u00e3o Nacional das Autoridades Aeroportu\u00e1rias), ao constatar que h\u00e1 hoje cinco aeroportos pedindo internacionaliza\u00e7\u00e3o e um [&hellip;]\" \/>\n<meta property=\"og:url\" content=\"https:\/\/www.abesata.org\/br\/cinco-aeroportos-pedem-internacionalizacao\/\" \/>\n<meta property=\"og:site_name\" content=\"Abesata\" \/>\n<meta property=\"article:publisher\" content=\"https:\/\/www.facebook.com\/abesata.org\/\" \/>\n<meta property=\"article:published_time\" content=\"2014-11-18T17:18:36+00:00\" \/>\n<meta property=\"og:image\" content=\"https:\/\/www.abesata.org\/br\/wp-content\/uploads\/2014\/10\/22.png\" \/>\n\t<meta property=\"og:image:width\" content=\"1707\" \/>\n\t<meta property=\"og:image:height\" content=\"560\" \/>\n\t<meta property=\"og:image:type\" content=\"image\/png\" \/>\n<meta name=\"author\" content=\"Ricardo\" \/>\n<meta name=\"twitter:card\" content=\"summary_large_image\" \/>\n<meta name=\"twitter:label1\" content=\"Escrito por\" \/>\n\t<meta name=\"twitter:data1\" content=\"Ricardo\" \/>\n\t<meta name=\"twitter:label2\" content=\"Est. tempo de leitura\" \/>\n\t<meta name=\"twitter:data2\" content=\"4 minutos\" \/>\n<script type=\"application\/ld+json\" class=\"yoast-schema-graph\">{\"@context\":\"https:\/\/schema.org\",\"@graph\":[{\"@type\":\"Article\",\"@id\":\"https:\/\/www.abesata.org\/br\/cinco-aeroportos-pedem-internacionalizacao\/#article\",\"isPartOf\":{\"@id\":\"https:\/\/www.abesata.org\/br\/cinco-aeroportos-pedem-internacionalizacao\/\"},\"author\":{\"name\":\"Ricardo\",\"@id\":\"https:\/\/www.abesata.org\/br\/#\/schema\/person\/1f1295145bee68e42ffe39157320456b\"},\"headline\":\"Cinco aeroportos pedem internacionaliza\u00e7\u00e3o\",\"datePublished\":\"2014-11-18T17:18:36+00:00\",\"mainEntityOfPage\":{\"@id\":\"https:\/\/www.abesata.org\/br\/cinco-aeroportos-pedem-internacionalizacao\/\"},\"wordCount\":791,\"publisher\":{\"@id\":\"https:\/\/www.abesata.org\/br\/#organization\"},\"image\":{\"@id\":\"https:\/\/www.abesata.org\/br\/cinco-aeroportos-pedem-internacionalizacao\/#primaryimage\"},\"thumbnailUrl\":\"https:\/\/www.abesata.org\/br\/wp-content\/uploads\/2014\/10\/22.png\",\"inLanguage\":\"pt-BR\"},{\"@type\":\"WebPage\",\"@id\":\"https:\/\/www.abesata.org\/br\/cinco-aeroportos-pedem-internacionalizacao\/\",\"url\":\"https:\/\/www.abesata.org\/br\/cinco-aeroportos-pedem-internacionalizacao\/\",\"name\":\"Cinco aeroportos pedem internacionaliza\u00e7\u00e3o - Abesata\",\"isPartOf\":{\"@id\":\"https:\/\/www.abesata.org\/br\/#website\"},\"primaryImageOfPage\":{\"@id\":\"https:\/\/www.abesata.org\/br\/cinco-aeroportos-pedem-internacionalizacao\/#primaryimage\"},\"image\":{\"@id\":\"https:\/\/www.abesata.org\/br\/cinco-aeroportos-pedem-internacionalizacao\/#primaryimage\"},\"thumbnailUrl\":\"https:\/\/www.abesata.org\/br\/wp-content\/uploads\/2014\/10\/22.png\",\"datePublished\":\"2014-11-18T17:18:36+00:00\",\"breadcrumb\":{\"@id\":\"https:\/\/www.abesata.org\/br\/cinco-aeroportos-pedem-internacionalizacao\/#breadcrumb\"},\"inLanguage\":\"pt-BR\",\"potentialAction\":[{\"@type\":\"ReadAction\",\"target\":[\"https:\/\/www.abesata.org\/br\/cinco-aeroportos-pedem-internacionalizacao\/\"]}]},{\"@type\":\"ImageObject\",\"inLanguage\":\"pt-BR\",\"@id\":\"https:\/\/www.abesata.org\/br\/cinco-aeroportos-pedem-internacionalizacao\/#primaryimage\",\"url\":\"https:\/\/www.abesata.org\/br\/wp-content\/uploads\/2014\/10\/22.png\",\"contentUrl\":\"https:\/\/www.abesata.org\/br\/wp-content\/uploads\/2014\/10\/22.png\",\"width\":1707,\"height\":560},{\"@type\":\"BreadcrumbList\",\"@id\":\"https:\/\/www.abesata.org\/br\/cinco-aeroportos-pedem-internacionalizacao\/#breadcrumb\",\"itemListElement\":[{\"@type\":\"ListItem\",\"position\":1,\"name\":\"In\u00edcio\",\"item\":\"https:\/\/www.abesata.org\/br\/\"},{\"@type\":\"ListItem\",\"position\":2,\"name\":\"Cinco aeroportos pedem internacionaliza\u00e7\u00e3o\"}]},{\"@type\":\"WebSite\",\"@id\":\"https:\/\/www.abesata.org\/br\/#website\",\"url\":\"https:\/\/www.abesata.org\/br\/\",\"name\":\"Abesata\",\"description\":\"Associa\u00e7\u00e3o Brasileira das Empresas de Servi\u00e7os Auxiliares de Transporte A\u00e9reo\",\"publisher\":{\"@id\":\"https:\/\/www.abesata.org\/br\/#organization\"},\"potentialAction\":[{\"@type\":\"SearchAction\",\"target\":{\"@type\":\"EntryPoint\",\"urlTemplate\":\"https:\/\/www.abesata.org\/br\/?s={search_term_string}\"},\"query-input\":{\"@type\":\"PropertyValueSpecification\",\"valueRequired\":true,\"valueName\":\"search_term_string\"}}],\"inLanguage\":\"pt-BR\"},{\"@type\":\"Organization\",\"@id\":\"https:\/\/www.abesata.org\/br\/#organization\",\"name\":\"Associa\u00e7\u00e3o Brasileira das Empresas de Servi\u00e7os Auxiliares de Transporte A\u00e9reo\",\"alternateName\":\"Abesata\",\"url\":\"https:\/\/www.abesata.org\/br\/\",\"logo\":{\"@type\":\"ImageObject\",\"inLanguage\":\"pt-BR\",\"@id\":\"https:\/\/www.abesata.org\/br\/#\/schema\/logo\/image\/\",\"url\":\"https:\/\/www.abesata.org\/br\/wp-content\/uploads\/2023\/10\/Abesata.png\",\"contentUrl\":\"https:\/\/www.abesata.org\/br\/wp-content\/uploads\/2023\/10\/Abesata.png\",\"width\":1063,\"height\":591,\"caption\":\"Associa\u00e7\u00e3o Brasileira das Empresas de Servi\u00e7os Auxiliares de Transporte A\u00e9reo\"},\"image\":{\"@id\":\"https:\/\/www.abesata.org\/br\/#\/schema\/logo\/image\/\"},\"sameAs\":[\"https:\/\/www.facebook.com\/abesata.org\/\",\"https:\/\/www.instagram.com\/abesata_gh\/\",\"https:\/\/br.linkedin.com\/company\/abesata\"]},{\"@type\":\"Person\",\"@id\":\"https:\/\/www.abesata.org\/br\/#\/schema\/person\/1f1295145bee68e42ffe39157320456b\",\"name\":\"Ricardo\",\"image\":{\"@type\":\"ImageObject\",\"inLanguage\":\"pt-BR\",\"@id\":\"https:\/\/www.abesata.org\/br\/#\/schema\/person\/image\/\",\"url\":\"https:\/\/secure.gravatar.com\/avatar\/1d856797eb89513dee321f840c1a6bbcec15beb178c003e50adcf59323b3a8a9?s=96&d=mm&r=g\",\"contentUrl\":\"https:\/\/secure.gravatar.com\/avatar\/1d856797eb89513dee321f840c1a6bbcec15beb178c003e50adcf59323b3a8a9?s=96&d=mm&r=g\",\"caption\":\"Ricardo\"},\"url\":\"https:\/\/www.abesata.org\/br\/author\/ricardo-baroni\/\"}]}<\/script>\n<!-- \/ Yoast SEO plugin. -->","yoast_head_json":{"title":"Cinco aeroportos pedem internacionaliza\u00e7\u00e3o - Abesata","robots":{"index":"index","follow":"follow","max-snippet":"max-snippet:-1","max-image-preview":"max-image-preview:large","max-video-preview":"max-video-preview:-1"},"canonical":"https:\/\/www.abesata.org\/br\/cinco-aeroportos-pedem-internacionalizacao\/","og_locale":"pt_BR","og_type":"article","og_title":"Cinco aeroportos pedem internacionaliza\u00e7\u00e3o - Abesata","og_description":"Grupo de trabalho formado por comiss\u00e3o de autoridades aeroportu\u00e1rias analisar\u00e1 pedidos e definir\u00e1 diretrizes. Um grupo de trabalho criado pelas autoridades aeroportu\u00e1rias brasileiras definir\u00e1 as diretrizes para a internacionaliza\u00e7\u00e3o de aeroportos no pa\u00eds. A decis\u00e3o foi tomada pela Conaero (Comiss\u00e3o Nacional das Autoridades Aeroportu\u00e1rias), ao constatar que h\u00e1 hoje cinco aeroportos pedindo internacionaliza\u00e7\u00e3o e um [&hellip;]","og_url":"https:\/\/www.abesata.org\/br\/cinco-aeroportos-pedem-internacionalizacao\/","og_site_name":"Abesata","article_publisher":"https:\/\/www.facebook.com\/abesata.org\/","article_published_time":"2014-11-18T17:18:36+00:00","og_image":[{"width":1707,"height":560,"url":"https:\/\/www.abesata.org\/br\/wp-content\/uploads\/2014\/10\/22.png","type":"image\/png"}],"author":"Ricardo","twitter_card":"summary_large_image","twitter_misc":{"Escrito por":"Ricardo","Est. tempo de leitura":"4 minutos"},"schema":{"@context":"https:\/\/schema.org","@graph":[{"@type":"Article","@id":"https:\/\/www.abesata.org\/br\/cinco-aeroportos-pedem-internacionalizacao\/#article","isPartOf":{"@id":"https:\/\/www.abesata.org\/br\/cinco-aeroportos-pedem-internacionalizacao\/"},"author":{"name":"Ricardo","@id":"https:\/\/www.abesata.org\/br\/#\/schema\/person\/1f1295145bee68e42ffe39157320456b"},"headline":"Cinco aeroportos pedem internacionaliza\u00e7\u00e3o","datePublished":"2014-11-18T17:18:36+00:00","mainEntityOfPage":{"@id":"https:\/\/www.abesata.org\/br\/cinco-aeroportos-pedem-internacionalizacao\/"},"wordCount":791,"publisher":{"@id":"https:\/\/www.abesata.org\/br\/#organization"},"image":{"@id":"https:\/\/www.abesata.org\/br\/cinco-aeroportos-pedem-internacionalizacao\/#primaryimage"},"thumbnailUrl":"https:\/\/www.abesata.org\/br\/wp-content\/uploads\/2014\/10\/22.png","inLanguage":"pt-BR"},{"@type":"WebPage","@id":"https:\/\/www.abesata.org\/br\/cinco-aeroportos-pedem-internacionalizacao\/","url":"https:\/\/www.abesata.org\/br\/cinco-aeroportos-pedem-internacionalizacao\/","name":"Cinco aeroportos pedem internacionaliza\u00e7\u00e3o - Abesata","isPartOf":{"@id":"https:\/\/www.abesata.org\/br\/#website"},"primaryImageOfPage":{"@id":"https:\/\/www.abesata.org\/br\/cinco-aeroportos-pedem-internacionalizacao\/#primaryimage"},"image":{"@id":"https:\/\/www.abesata.org\/br\/cinco-aeroportos-pedem-internacionalizacao\/#primaryimage"},"thumbnailUrl":"https:\/\/www.abesata.org\/br\/wp-content\/uploads\/2014\/10\/22.png","datePublished":"2014-11-18T17:18:36+00:00","breadcrumb":{"@id":"https:\/\/www.abesata.org\/br\/cinco-aeroportos-pedem-internacionalizacao\/#breadcrumb"},"inLanguage":"pt-BR","potentialAction":[{"@type":"ReadAction","target":["https:\/\/www.abesata.org\/br\/cinco-aeroportos-pedem-internacionalizacao\/"]}]},{"@type":"ImageObject","inLanguage":"pt-BR","@id":"https:\/\/www.abesata.org\/br\/cinco-aeroportos-pedem-internacionalizacao\/#primaryimage","url":"https:\/\/www.abesata.org\/br\/wp-content\/uploads\/2014\/10\/22.png","contentUrl":"https:\/\/www.abesata.org\/br\/wp-content\/uploads\/2014\/10\/22.png","width":1707,"height":560},{"@type":"BreadcrumbList","@id":"https:\/\/www.abesata.org\/br\/cinco-aeroportos-pedem-internacionalizacao\/#breadcrumb","itemListElement":[{"@type":"ListItem","position":1,"name":"In\u00edcio","item":"https:\/\/www.abesata.org\/br\/"},{"@type":"ListItem","position":2,"name":"Cinco aeroportos pedem internacionaliza\u00e7\u00e3o"}]},{"@type":"WebSite","@id":"https:\/\/www.abesata.org\/br\/#website","url":"https:\/\/www.abesata.org\/br\/","name":"Abesata","description":"Associa\u00e7\u00e3o Brasileira das Empresas de Servi\u00e7os Auxiliares de Transporte A\u00e9reo","publisher":{"@id":"https:\/\/www.abesata.org\/br\/#organization"},"potentialAction":[{"@type":"SearchAction","target":{"@type":"EntryPoint","urlTemplate":"https:\/\/www.abesata.org\/br\/?s={search_term_string}"},"query-input":{"@type":"PropertyValueSpecification","valueRequired":true,"valueName":"search_term_string"}}],"inLanguage":"pt-BR"},{"@type":"Organization","@id":"https:\/\/www.abesata.org\/br\/#organization","name":"Associa\u00e7\u00e3o Brasileira das Empresas de Servi\u00e7os Auxiliares de Transporte A\u00e9reo","alternateName":"Abesata","url":"https:\/\/www.abesata.org\/br\/","logo":{"@type":"ImageObject","inLanguage":"pt-BR","@id":"https:\/\/www.abesata.org\/br\/#\/schema\/logo\/image\/","url":"https:\/\/www.abesata.org\/br\/wp-content\/uploads\/2023\/10\/Abesata.png","contentUrl":"https:\/\/www.abesata.org\/br\/wp-content\/uploads\/2023\/10\/Abesata.png","width":1063,"height":591,"caption":"Associa\u00e7\u00e3o Brasileira das Empresas de Servi\u00e7os Auxiliares de Transporte A\u00e9reo"},"image":{"@id":"https:\/\/www.abesata.org\/br\/#\/schema\/logo\/image\/"},"sameAs":["https:\/\/www.facebook.com\/abesata.org\/","https:\/\/www.instagram.com\/abesata_gh\/","https:\/\/br.linkedin.com\/company\/abesata"]},{"@type":"Person","@id":"https:\/\/www.abesata.org\/br\/#\/schema\/person\/1f1295145bee68e42ffe39157320456b","name":"Ricardo","image":{"@type":"ImageObject","inLanguage":"pt-BR","@id":"https:\/\/www.abesata.org\/br\/#\/schema\/person\/image\/","url":"https:\/\/secure.gravatar.com\/avatar\/1d856797eb89513dee321f840c1a6bbcec15beb178c003e50adcf59323b3a8a9?s=96&d=mm&r=g","contentUrl":"https:\/\/secure.gravatar.com\/avatar\/1d856797eb89513dee321f840c1a6bbcec15beb178c003e50adcf59323b3a8a9?s=96&d=mm&r=g","caption":"Ricardo"},"url":"https:\/\/www.abesata.org\/br\/author\/ricardo-baroni\/"}]}},"_links":{"self":[{"href":"https:\/\/www.abesata.org\/br\/wp-json\/wp\/v2\/posts\/1862","targetHints":{"allow":["GET"]}}],"collection":[{"href":"https:\/\/www.abesata.org\/br\/wp-json\/wp\/v2\/posts"}],"about":[{"href":"https:\/\/www.abesata.org\/br\/wp-json\/wp\/v2\/types\/post"}],"author":[{"embeddable":true,"href":"https:\/\/www.abesata.org\/br\/wp-json\/wp\/v2\/users\/18"}],"replies":[{"embeddable":true,"href":"https:\/\/www.abesata.org\/br\/wp-json\/wp\/v2\/comments?post=1862"}],"version-history":[{"count":0,"href":"https:\/\/www.abesata.org\/br\/wp-json\/wp\/v2\/posts\/1862\/revisions"}],"wp:featuredmedia":[{"embeddable":true,"href":"https:\/\/www.abesata.org\/br\/wp-json\/wp\/v2\/media\/1625"}],"wp:attachment":[{"href":"https:\/\/www.abesata.org\/br\/wp-json\/wp\/v2\/media?parent=1862"}],"wp:term":[{"taxonomy":"category","embeddable":true,"href":"https:\/\/www.abesata.org\/br\/wp-json\/wp\/v2\/categories?post=1862"},{"taxonomy":"post_tag","embeddable":true,"href":"https:\/\/www.abesata.org\/br\/wp-json\/wp\/v2\/tags?post=1862"}],"curies":[{"name":"wp","href":"https:\/\/api.w.org\/{rel}","templated":true}]}}