{"id":1864,"date":"2014-11-18T15:17:12","date_gmt":"2014-11-18T17:17:12","guid":{"rendered":"http:\/\/www.abesata.org\/?p=1864"},"modified":"2014-11-18T15:17:12","modified_gmt":"2014-11-18T17:17:12","slug":"abesata-participa-do-balanco-conaero","status":"publish","type":"post","link":"https:\/\/www.abesata.org\/br\/abesata-participa-do-balanco-conaero\/","title":{"rendered":"ABESATA participa do Balan\u00e7o Conaero"},"content":{"rendered":"<p><em>Evento acontece dia 19 em Bras\u00edlia e re\u00fane autoridades do Brasil e exterior<\/em><\/p>\n<p>A ABESATA (Associa\u00e7\u00e3o Brasileira das Empresas de Servi\u00e7os Auxiliares de Transporte A\u00e9reo) participa na pr\u00f3xima quarta (19) do Balan\u00e7o Conaero (Comiss\u00e3o Nacional de Autoridades Aeroportu\u00e1rias). O evento acontece em Bras\u00edlia e o espa\u00e7o reservado para o segmento de ground handling est\u00e1 com o tema \u201cA a\u00e7\u00e3o da Conaero em conjunto com os operadores a\u00e9reos e as empresas de servi\u00e7os auxiliares\u201d.<\/p>\n<p>Ao lado de Ricardo Aparecido Miguel, presidente da Abesata, estar\u00e3o Carlos Ebner, diretor da IATA (Associa\u00e7\u00e3o Internacional de Transporte International) no Brasil, e mais o presidente da Jurcaib (Junta de Representantes das Companhias A\u00e9reas Internacionais), Robson Bertolossi, e o diretor de Rela\u00e7\u00f5es Internacionais da Abear (Associa\u00e7\u00e3o Brasileira das Empresas A\u00e9reas), Guilherme de Almeida Freire. As seguintes organiza\u00e7\u00f5es p\u00fablicas estar\u00e3o tamb\u00e9m no evento:\u00a0 Secretaria de Avia\u00e7\u00e3o Civil, ANAC (Ag\u00eancia Nacional de Avia\u00e7\u00e3o Civil), Pol\u00edcia Federal, Receita Federal, Anvisa, Infaero e ANEAA (Associa\u00e7\u00e3o Nacional das Empresas Administradoras de Aeroportos).<\/p>\n<p>\u201cPara a avia\u00e7\u00e3o brasileira \u00e9 fundamental envolver o segmento espec\u00edfico dos servi\u00e7os auxiliares nos foruns de debates como este. Sempre surgem solu\u00e7\u00f5es equilibradas e toda a ind\u00fastria do transporte a\u00e9reo sai ganhando\u201d, disse Ricardo Miguel, presidente da Abesata.\u00a0 Para ele, mesmo sendo necess\u00e1rio para a avia\u00e7\u00e3o, o segmento de ground handling era pouco conhecido no Brasil, mas agora come\u00e7a a ganhar for\u00e7a e prest\u00edgio.<\/p>\n<p>As Esatas (Empresas de\u00a0 Servi\u00e7os Auxiliares de Transporte A\u00e9reo) est\u00e3o presentes em 70% das opera\u00e7\u00f5es da avia\u00e7\u00e3o comercial, seja na realiza\u00e7\u00e3o de servi\u00e7os operacionais (abastecimento de \u00e1gua, catering, carregamento de bagagem etc), servi\u00e7os de prote\u00e7\u00e3o, servi\u00e7os de emerg\u00eancia\u00a0 e servi\u00e7os comerciais.\u00a0 Os dados fazem parte do levantamento do 1\u00b0 Anu\u00e1rio Brasileiro de Servi\u00e7os Auxiliares de Transportes A\u00e9reos, lan\u00e7ado este ano.<\/p>\n<p>Ao todo existem hoje 211 empresas de Esatas no Brasil, sendo que a maior parte est\u00e1 em S\u00e3o Paulo, 70 companhias, seguido de Minas Gerais, com 45, Rio de Janeiro, 36, e Rio Grande do Sul, com 31 empresas do setor. A maioria se concentra na presta\u00e7\u00e3o de servi\u00e7os operacionais para as companhias a\u00e9reas, 147 empresas, mas muitas est\u00e3o envolvidas com outros servi\u00e7os, tais como atendimento de aeronaves (60), limpeza de aeronaves (50), movimenta\u00e7\u00e3o de carga (50), atendimento e controle de embarque de passageiros (38), entre outros.<\/p>\n<p style=\"text-align: right;\">Fonte: Aero Magazine<br \/>\n17\/11\/2014<\/p>\n","protected":false},"excerpt":{"rendered":"<p>Evento acontece dia 19 em Bras\u00edlia e re\u00fane autoridades do Brasil e exterior A ABESATA (Associa\u00e7\u00e3o Brasileira das Empresas de Servi\u00e7os Auxiliares de Transporte A\u00e9reo) participa na pr\u00f3xima quarta (19) do Balan\u00e7o Conaero (Comiss\u00e3o Nacional de Autoridades Aeroportu\u00e1rias). O evento acontece em Bras\u00edlia e o espa\u00e7o reservado para o segmento de ground handling est\u00e1 com [&hellip;]<\/p>\n","protected":false},"author":18,"featured_media":545,"comment_status":"closed","ping_status":"closed","sticky":false,"template":"","format":"standard","meta":{"footnotes":""},"categories":[],"tags":[],"class_list":["post-1864","post","type-post","status-publish","format-standard","has-post-thumbnail","hentry"],"yoast_head":"<!-- This site is optimized with the Yoast SEO plugin v26.5 - https:\/\/yoast.com\/wordpress\/plugins\/seo\/ -->\n<title>ABESATA participa do Balan\u00e7o Conaero - Abesata<\/title>\n<meta name=\"robots\" content=\"index, follow, max-snippet:-1, max-image-preview:large, max-video-preview:-1\" \/>\n<link rel=\"canonical\" href=\"https:\/\/www.abesata.org\/br\/abesata-participa-do-balanco-conaero\/\" \/>\n<meta property=\"og:locale\" content=\"pt_BR\" \/>\n<meta property=\"og:type\" content=\"article\" \/>\n<meta property=\"og:title\" content=\"ABESATA participa do Balan\u00e7o Conaero - Abesata\" \/>\n<meta property=\"og:description\" content=\"Evento acontece dia 19 em Bras\u00edlia e re\u00fane autoridades do Brasil e exterior A ABESATA (Associa\u00e7\u00e3o Brasileira das Empresas de Servi\u00e7os Auxiliares de Transporte A\u00e9reo) participa na pr\u00f3xima quarta (19) do Balan\u00e7o Conaero (Comiss\u00e3o Nacional de Autoridades Aeroportu\u00e1rias). O evento acontece em Bras\u00edlia e o espa\u00e7o reservado para o segmento de ground handling est\u00e1 com [&hellip;]\" \/>\n<meta property=\"og:url\" content=\"https:\/\/www.abesata.org\/br\/abesata-participa-do-balanco-conaero\/\" \/>\n<meta property=\"og:site_name\" content=\"Abesata\" \/>\n<meta property=\"article:publisher\" content=\"https:\/\/www.facebook.com\/abesata.org\/\" \/>\n<meta property=\"article:published_time\" content=\"2014-11-18T17:17:12+00:00\" \/>\n<meta property=\"og:image\" content=\"https:\/\/www.abesata.org\/br\/wp-content\/uploads\/2014\/03\/15.png\" \/>\n\t<meta property=\"og:image:width\" content=\"1022\" \/>\n\t<meta property=\"og:image:height\" content=\"336\" \/>\n\t<meta property=\"og:image:type\" content=\"image\/png\" \/>\n<meta name=\"author\" content=\"Ricardo\" \/>\n<meta name=\"twitter:card\" content=\"summary_large_image\" \/>\n<meta name=\"twitter:label1\" content=\"Escrito por\" \/>\n\t<meta name=\"twitter:data1\" content=\"Ricardo\" \/>\n\t<meta name=\"twitter:label2\" content=\"Est. tempo de leitura\" \/>\n\t<meta name=\"twitter:data2\" content=\"2 minutos\" \/>\n<script type=\"application\/ld+json\" class=\"yoast-schema-graph\">{\"@context\":\"https:\/\/schema.org\",\"@graph\":[{\"@type\":\"Article\",\"@id\":\"https:\/\/www.abesata.org\/br\/abesata-participa-do-balanco-conaero\/#article\",\"isPartOf\":{\"@id\":\"https:\/\/www.abesata.org\/br\/abesata-participa-do-balanco-conaero\/\"},\"author\":{\"name\":\"Ricardo\",\"@id\":\"https:\/\/www.abesata.org\/br\/#\/schema\/person\/1f1295145bee68e42ffe39157320456b\"},\"headline\":\"ABESATA participa do Balan\u00e7o Conaero\",\"datePublished\":\"2014-11-18T17:17:12+00:00\",\"mainEntityOfPage\":{\"@id\":\"https:\/\/www.abesata.org\/br\/abesata-participa-do-balanco-conaero\/\"},\"wordCount\":428,\"publisher\":{\"@id\":\"https:\/\/www.abesata.org\/br\/#organization\"},\"image\":{\"@id\":\"https:\/\/www.abesata.org\/br\/abesata-participa-do-balanco-conaero\/#primaryimage\"},\"thumbnailUrl\":\"https:\/\/www.abesata.org\/br\/wp-content\/uploads\/2014\/03\/15.png\",\"inLanguage\":\"pt-BR\"},{\"@type\":\"WebPage\",\"@id\":\"https:\/\/www.abesata.org\/br\/abesata-participa-do-balanco-conaero\/\",\"url\":\"https:\/\/www.abesata.org\/br\/abesata-participa-do-balanco-conaero\/\",\"name\":\"ABESATA participa do Balan\u00e7o Conaero - Abesata\",\"isPartOf\":{\"@id\":\"https:\/\/www.abesata.org\/br\/#website\"},\"primaryImageOfPage\":{\"@id\":\"https:\/\/www.abesata.org\/br\/abesata-participa-do-balanco-conaero\/#primaryimage\"},\"image\":{\"@id\":\"https:\/\/www.abesata.org\/br\/abesata-participa-do-balanco-conaero\/#primaryimage\"},\"thumbnailUrl\":\"https:\/\/www.abesata.org\/br\/wp-content\/uploads\/2014\/03\/15.png\",\"datePublished\":\"2014-11-18T17:17:12+00:00\",\"breadcrumb\":{\"@id\":\"https:\/\/www.abesata.org\/br\/abesata-participa-do-balanco-conaero\/#breadcrumb\"},\"inLanguage\":\"pt-BR\",\"potentialAction\":[{\"@type\":\"ReadAction\",\"target\":[\"https:\/\/www.abesata.org\/br\/abesata-participa-do-balanco-conaero\/\"]}]},{\"@type\":\"ImageObject\",\"inLanguage\":\"pt-BR\",\"@id\":\"https:\/\/www.abesata.org\/br\/abesata-participa-do-balanco-conaero\/#primaryimage\",\"url\":\"https:\/\/www.abesata.org\/br\/wp-content\/uploads\/2014\/03\/15.png\",\"contentUrl\":\"https:\/\/www.abesata.org\/br\/wp-content\/uploads\/2014\/03\/15.png\",\"width\":1022,\"height\":336},{\"@type\":\"BreadcrumbList\",\"@id\":\"https:\/\/www.abesata.org\/br\/abesata-participa-do-balanco-conaero\/#breadcrumb\",\"itemListElement\":[{\"@type\":\"ListItem\",\"position\":1,\"name\":\"In\u00edcio\",\"item\":\"https:\/\/www.abesata.org\/br\/\"},{\"@type\":\"ListItem\",\"position\":2,\"name\":\"ABESATA participa do Balan\u00e7o Conaero\"}]},{\"@type\":\"WebSite\",\"@id\":\"https:\/\/www.abesata.org\/br\/#website\",\"url\":\"https:\/\/www.abesata.org\/br\/\",\"name\":\"Abesata\",\"description\":\"Associa\u00e7\u00e3o Brasileira das Empresas de Servi\u00e7os Auxiliares de Transporte A\u00e9reo\",\"publisher\":{\"@id\":\"https:\/\/www.abesata.org\/br\/#organization\"},\"potentialAction\":[{\"@type\":\"SearchAction\",\"target\":{\"@type\":\"EntryPoint\",\"urlTemplate\":\"https:\/\/www.abesata.org\/br\/?s={search_term_string}\"},\"query-input\":{\"@type\":\"PropertyValueSpecification\",\"valueRequired\":true,\"valueName\":\"search_term_string\"}}],\"inLanguage\":\"pt-BR\"},{\"@type\":\"Organization\",\"@id\":\"https:\/\/www.abesata.org\/br\/#organization\",\"name\":\"Associa\u00e7\u00e3o Brasileira das Empresas de Servi\u00e7os Auxiliares de Transporte A\u00e9reo\",\"alternateName\":\"Abesata\",\"url\":\"https:\/\/www.abesata.org\/br\/\",\"logo\":{\"@type\":\"ImageObject\",\"inLanguage\":\"pt-BR\",\"@id\":\"https:\/\/www.abesata.org\/br\/#\/schema\/logo\/image\/\",\"url\":\"https:\/\/www.abesata.org\/br\/wp-content\/uploads\/2023\/10\/Abesata.png\",\"contentUrl\":\"https:\/\/www.abesata.org\/br\/wp-content\/uploads\/2023\/10\/Abesata.png\",\"width\":1063,\"height\":591,\"caption\":\"Associa\u00e7\u00e3o Brasileira das Empresas de Servi\u00e7os Auxiliares de Transporte A\u00e9reo\"},\"image\":{\"@id\":\"https:\/\/www.abesata.org\/br\/#\/schema\/logo\/image\/\"},\"sameAs\":[\"https:\/\/www.facebook.com\/abesata.org\/\",\"https:\/\/www.instagram.com\/abesata_gh\/\",\"https:\/\/br.linkedin.com\/company\/abesata\"]},{\"@type\":\"Person\",\"@id\":\"https:\/\/www.abesata.org\/br\/#\/schema\/person\/1f1295145bee68e42ffe39157320456b\",\"name\":\"Ricardo\",\"image\":{\"@type\":\"ImageObject\",\"inLanguage\":\"pt-BR\",\"@id\":\"https:\/\/www.abesata.org\/br\/#\/schema\/person\/image\/\",\"url\":\"https:\/\/secure.gravatar.com\/avatar\/1d856797eb89513dee321f840c1a6bbcec15beb178c003e50adcf59323b3a8a9?s=96&d=mm&r=g\",\"contentUrl\":\"https:\/\/secure.gravatar.com\/avatar\/1d856797eb89513dee321f840c1a6bbcec15beb178c003e50adcf59323b3a8a9?s=96&d=mm&r=g\",\"caption\":\"Ricardo\"},\"url\":\"https:\/\/www.abesata.org\/br\/author\/ricardo-baroni\/\"}]}<\/script>\n<!-- \/ Yoast SEO plugin. -->","yoast_head_json":{"title":"ABESATA participa do Balan\u00e7o Conaero - Abesata","robots":{"index":"index","follow":"follow","max-snippet":"max-snippet:-1","max-image-preview":"max-image-preview:large","max-video-preview":"max-video-preview:-1"},"canonical":"https:\/\/www.abesata.org\/br\/abesata-participa-do-balanco-conaero\/","og_locale":"pt_BR","og_type":"article","og_title":"ABESATA participa do Balan\u00e7o Conaero - Abesata","og_description":"Evento acontece dia 19 em Bras\u00edlia e re\u00fane autoridades do Brasil e exterior A ABESATA (Associa\u00e7\u00e3o Brasileira das Empresas de Servi\u00e7os Auxiliares de Transporte A\u00e9reo) participa na pr\u00f3xima quarta (19) do Balan\u00e7o Conaero (Comiss\u00e3o Nacional de Autoridades Aeroportu\u00e1rias). O evento acontece em Bras\u00edlia e o espa\u00e7o reservado para o segmento de ground handling est\u00e1 com [&hellip;]","og_url":"https:\/\/www.abesata.org\/br\/abesata-participa-do-balanco-conaero\/","og_site_name":"Abesata","article_publisher":"https:\/\/www.facebook.com\/abesata.org\/","article_published_time":"2014-11-18T17:17:12+00:00","og_image":[{"width":1022,"height":336,"url":"https:\/\/www.abesata.org\/br\/wp-content\/uploads\/2014\/03\/15.png","type":"image\/png"}],"author":"Ricardo","twitter_card":"summary_large_image","twitter_misc":{"Escrito por":"Ricardo","Est. tempo de leitura":"2 minutos"},"schema":{"@context":"https:\/\/schema.org","@graph":[{"@type":"Article","@id":"https:\/\/www.abesata.org\/br\/abesata-participa-do-balanco-conaero\/#article","isPartOf":{"@id":"https:\/\/www.abesata.org\/br\/abesata-participa-do-balanco-conaero\/"},"author":{"name":"Ricardo","@id":"https:\/\/www.abesata.org\/br\/#\/schema\/person\/1f1295145bee68e42ffe39157320456b"},"headline":"ABESATA participa do Balan\u00e7o Conaero","datePublished":"2014-11-18T17:17:12+00:00","mainEntityOfPage":{"@id":"https:\/\/www.abesata.org\/br\/abesata-participa-do-balanco-conaero\/"},"wordCount":428,"publisher":{"@id":"https:\/\/www.abesata.org\/br\/#organization"},"image":{"@id":"https:\/\/www.abesata.org\/br\/abesata-participa-do-balanco-conaero\/#primaryimage"},"thumbnailUrl":"https:\/\/www.abesata.org\/br\/wp-content\/uploads\/2014\/03\/15.png","inLanguage":"pt-BR"},{"@type":"WebPage","@id":"https:\/\/www.abesata.org\/br\/abesata-participa-do-balanco-conaero\/","url":"https:\/\/www.abesata.org\/br\/abesata-participa-do-balanco-conaero\/","name":"ABESATA participa do Balan\u00e7o Conaero - Abesata","isPartOf":{"@id":"https:\/\/www.abesata.org\/br\/#website"},"primaryImageOfPage":{"@id":"https:\/\/www.abesata.org\/br\/abesata-participa-do-balanco-conaero\/#primaryimage"},"image":{"@id":"https:\/\/www.abesata.org\/br\/abesata-participa-do-balanco-conaero\/#primaryimage"},"thumbnailUrl":"https:\/\/www.abesata.org\/br\/wp-content\/uploads\/2014\/03\/15.png","datePublished":"2014-11-18T17:17:12+00:00","breadcrumb":{"@id":"https:\/\/www.abesata.org\/br\/abesata-participa-do-balanco-conaero\/#breadcrumb"},"inLanguage":"pt-BR","potentialAction":[{"@type":"ReadAction","target":["https:\/\/www.abesata.org\/br\/abesata-participa-do-balanco-conaero\/"]}]},{"@type":"ImageObject","inLanguage":"pt-BR","@id":"https:\/\/www.abesata.org\/br\/abesata-participa-do-balanco-conaero\/#primaryimage","url":"https:\/\/www.abesata.org\/br\/wp-content\/uploads\/2014\/03\/15.png","contentUrl":"https:\/\/www.abesata.org\/br\/wp-content\/uploads\/2014\/03\/15.png","width":1022,"height":336},{"@type":"BreadcrumbList","@id":"https:\/\/www.abesata.org\/br\/abesata-participa-do-balanco-conaero\/#breadcrumb","itemListElement":[{"@type":"ListItem","position":1,"name":"In\u00edcio","item":"https:\/\/www.abesata.org\/br\/"},{"@type":"ListItem","position":2,"name":"ABESATA participa do Balan\u00e7o Conaero"}]},{"@type":"WebSite","@id":"https:\/\/www.abesata.org\/br\/#website","url":"https:\/\/www.abesata.org\/br\/","name":"Abesata","description":"Associa\u00e7\u00e3o Brasileira das Empresas de Servi\u00e7os Auxiliares de Transporte A\u00e9reo","publisher":{"@id":"https:\/\/www.abesata.org\/br\/#organization"},"potentialAction":[{"@type":"SearchAction","target":{"@type":"EntryPoint","urlTemplate":"https:\/\/www.abesata.org\/br\/?s={search_term_string}"},"query-input":{"@type":"PropertyValueSpecification","valueRequired":true,"valueName":"search_term_string"}}],"inLanguage":"pt-BR"},{"@type":"Organization","@id":"https:\/\/www.abesata.org\/br\/#organization","name":"Associa\u00e7\u00e3o Brasileira das Empresas de Servi\u00e7os Auxiliares de Transporte A\u00e9reo","alternateName":"Abesata","url":"https:\/\/www.abesata.org\/br\/","logo":{"@type":"ImageObject","inLanguage":"pt-BR","@id":"https:\/\/www.abesata.org\/br\/#\/schema\/logo\/image\/","url":"https:\/\/www.abesata.org\/br\/wp-content\/uploads\/2023\/10\/Abesata.png","contentUrl":"https:\/\/www.abesata.org\/br\/wp-content\/uploads\/2023\/10\/Abesata.png","width":1063,"height":591,"caption":"Associa\u00e7\u00e3o Brasileira das Empresas de Servi\u00e7os Auxiliares de Transporte A\u00e9reo"},"image":{"@id":"https:\/\/www.abesata.org\/br\/#\/schema\/logo\/image\/"},"sameAs":["https:\/\/www.facebook.com\/abesata.org\/","https:\/\/www.instagram.com\/abesata_gh\/","https:\/\/br.linkedin.com\/company\/abesata"]},{"@type":"Person","@id":"https:\/\/www.abesata.org\/br\/#\/schema\/person\/1f1295145bee68e42ffe39157320456b","name":"Ricardo","image":{"@type":"ImageObject","inLanguage":"pt-BR","@id":"https:\/\/www.abesata.org\/br\/#\/schema\/person\/image\/","url":"https:\/\/secure.gravatar.com\/avatar\/1d856797eb89513dee321f840c1a6bbcec15beb178c003e50adcf59323b3a8a9?s=96&d=mm&r=g","contentUrl":"https:\/\/secure.gravatar.com\/avatar\/1d856797eb89513dee321f840c1a6bbcec15beb178c003e50adcf59323b3a8a9?s=96&d=mm&r=g","caption":"Ricardo"},"url":"https:\/\/www.abesata.org\/br\/author\/ricardo-baroni\/"}]}},"_links":{"self":[{"href":"https:\/\/www.abesata.org\/br\/wp-json\/wp\/v2\/posts\/1864","targetHints":{"allow":["GET"]}}],"collection":[{"href":"https:\/\/www.abesata.org\/br\/wp-json\/wp\/v2\/posts"}],"about":[{"href":"https:\/\/www.abesata.org\/br\/wp-json\/wp\/v2\/types\/post"}],"author":[{"embeddable":true,"href":"https:\/\/www.abesata.org\/br\/wp-json\/wp\/v2\/users\/18"}],"replies":[{"embeddable":true,"href":"https:\/\/www.abesata.org\/br\/wp-json\/wp\/v2\/comments?post=1864"}],"version-history":[{"count":0,"href":"https:\/\/www.abesata.org\/br\/wp-json\/wp\/v2\/posts\/1864\/revisions"}],"wp:featuredmedia":[{"embeddable":true,"href":"https:\/\/www.abesata.org\/br\/wp-json\/wp\/v2\/media\/545"}],"wp:attachment":[{"href":"https:\/\/www.abesata.org\/br\/wp-json\/wp\/v2\/media?parent=1864"}],"wp:term":[{"taxonomy":"category","embeddable":true,"href":"https:\/\/www.abesata.org\/br\/wp-json\/wp\/v2\/categories?post=1864"},{"taxonomy":"post_tag","embeddable":true,"href":"https:\/\/www.abesata.org\/br\/wp-json\/wp\/v2\/tags?post=1864"}],"curies":[{"name":"wp","href":"https:\/\/api.w.org\/{rel}","templated":true}]}}