{"id":1867,"date":"2014-11-19T16:08:10","date_gmt":"2014-11-19T18:08:10","guid":{"rendered":"http:\/\/www.abesata.org\/?p=1867"},"modified":"2014-11-19T16:08:10","modified_gmt":"2014-11-19T18:08:10","slug":"boletim-estatistico-trimestral-no-23-jul-set-2014","status":"publish","type":"post","link":"https:\/\/www.abesata.org\/br\/boletim-estatistico-trimestral-no-23-jul-set-2014\/","title":{"rendered":"Boletim estat\u00edstico trimestral n\u00ba 23 \u2013 Jul-Set 2014"},"content":{"rendered":"<p>O terceiro trimestre de 2014 apresentou um crescimento hom\u00f3logo de 6% no total de\u00a0movimentos realizados no conjunto dos aeroportos nacionais. Os principais aeroportos\u00a0acompanharam este crescimento, destacando-se a infraestrutura aeroportu\u00e1ria de Lisboa, com\u00a0um crescimento de 9%, seguido da de Ponta Delgada (6%), Porto (5%) e Faro (2%).<\/p>\n<p>O crescimento da procura excedeu o crescimento da oferta de<a href=\"http:\/\/www.pista73.com\/placa\/\" target=\"_blank\">\u00a0movimentos<\/a>, e atingiu os 9%\u00a0tamb\u00e9m no conjunto das infraestruturas nacionais. O aeroporto de Lisboa foi o que\u00a0apresentou a varia\u00e7\u00e3o hom\u00f3loga mais expressiva deste indicador (15%). Para este crescimento,\u00a0foram determinantes as opera\u00e7\u00f5es da TAP Portugal (que transportaram mais 12% de\u00a0passageiros que no per\u00edodo hom\u00f3logo), bem assim como a entrada da low cost \u2013 Ryanair \u2013 no\u00a0segmento regular deste aeroporto.<br \/>\nOs aeroportos de Faro e Porto acompanharam esta tend\u00eancia, com um crescimento total de\u00a0passageiros transportados na ordem dos 6% e 2% respetivamente.<br \/>\nO segmento internacional regular (passageiros) continuou a ser o grande impulsionador do\u00a0crescimento global do tr\u00e1fego de e para as infraestruturas aeroportu\u00e1rias nacionais, com um\u00a0incremento hom\u00f3logo de 11%. O espa\u00e7o UE N\u00e3o Schengen apresentou uma varia\u00e7\u00e3o\u00a0hom\u00f3loga de de 10%, com o contributo das companhias a\u00e9reas low cost \u2013 Easyjet e Ryanair &#8211;\u00a0nas rotas para o Reino Unido.<br \/>\nO espa\u00e7o Schengen tamb\u00e9m cresceu globalmente 7%, sublinhando-se as rotas para o mercado\u00a0belga (42%), bem assim como as rotas dom\u00e9sticas (4%).<br \/>\nAs liga\u00e7\u00f5es aos pa\u00edses terceiros apresentaram o crescimento hom\u00f3logo mais expressivo (13%).\u00a0Brasil, Estados Unidos da Am\u00e9rica e Angola foram os mercados mais din\u00e2micos, nos quais se\u00a0destacam as opera\u00e7\u00f5es das companhias a\u00e9reas nacionais \u2013 TAP Portugal e a SATA\u00a0Internacional.<br \/>\nO segmento dom\u00e9stico tamb\u00e9m cresceu aproximadamente 4%, em n\u00famero de passageiros, e\u00a02%, em n\u00famero de movimentos realizados. Este incremento centrou-se, fundamentalmente,\u00a0nas opera\u00e7\u00f5es \u00e0 partida do aeroporto de Lisboa, quer para Faro e Porto, quer para os\u00a0aeroportos das Regi\u00f5es Aut\u00f3nomas da Madeira e dos A\u00e7ores.<br \/>\nNo que se refere \u00e0s principais altera\u00e7\u00f5es de rotas e operadoras face ao per\u00edodo hom\u00f3logo\u00a0destacam-se as entradas no segmento regular do aeroporto de Lisboa, designadamente, da Air\u00a0Canada, na liga\u00e7\u00e3o a Toronto, e da Air Algeria, na liga\u00e7\u00e3o a Algiers. No aeroporto de Lisboa, h\u00e1\u00a0ainda a registar a sa\u00edda da Air Berlim da rota regular para Palma Son Sant Joan, sa\u00edda esta\u00a0tamb\u00e9m verificada no aeroporto do Porto.<br \/>\nNo aeroporto do Porto sublinha-se a entrada da White Airways em v\u00e1rias liga\u00e7\u00f5es n\u00e3o\u00a0regulares para o mercado espanhol, bem como a entrada da Flybe na rota regular para\u00a0Heathrow.<br \/>\nRegistam-se ainda duas importantes entradas no aeroporto de Faro, concretamente da\u00a0Thomas Cook Belgium nas liga\u00e7\u00f5es regulares para Lille e M\u00e1laga e, ainda, da Jet Time na\u00a0liga\u00e7\u00e3o n\u00e3o regular a Estocolmo.<br \/>\nPor \u00faltimo, a sa\u00edda da Sata Air A\u00e7ores da rota Funchal\/Porto Santo, compensada pela entrada\u00a0da Aerovip na mesma liga\u00e7\u00e3o, constituem as altera\u00e7\u00f5es de maior representatividade na\u00a0infraestrutura aeroportu\u00e1ria da Madeira.<\/p>\n<p><a href=\"http:\/\/cdn.pista73.com\/media\/2014\/11\/INAC_Boletim_Terceiro_Trimestre_2014.pdf\" target=\"_blank\">INAC Boletim Estat\u00edstico do Terceiro Trimestre de 2014<\/a>\u00a0(PDF)<\/p>\n<p style=\"text-align: right;\">Fonte: Pista 73<br \/>\n15\/11\/2014<\/p>\n","protected":false},"excerpt":{"rendered":"<p>O terceiro trimestre de 2014 apresentou um crescimento hom\u00f3logo de 6% no total de\u00a0movimentos realizados no conjunto dos aeroportos nacionais. Os principais aeroportos\u00a0acompanharam este crescimento, destacando-se a infraestrutura aeroportu\u00e1ria de Lisboa, com\u00a0um crescimento de 9%, seguido da de Ponta Delgada (6%), Porto (5%) e Faro (2%). O crescimento da procura excedeu o crescimento da oferta [&hellip;]<\/p>\n","protected":false},"author":18,"featured_media":0,"comment_status":"closed","ping_status":"closed","sticky":false,"template":"","format":"standard","meta":{"footnotes":""},"categories":[],"tags":[],"class_list":["post-1867","post","type-post","status-publish","format-standard","hentry"],"yoast_head":"<!-- This site is optimized with the Yoast SEO plugin v26.5 - https:\/\/yoast.com\/wordpress\/plugins\/seo\/ -->\n<title>Boletim estat\u00edstico trimestral n\u00ba 23 \u2013 Jul-Set 2014 - Abesata<\/title>\n<meta name=\"robots\" content=\"index, follow, max-snippet:-1, max-image-preview:large, max-video-preview:-1\" \/>\n<link rel=\"canonical\" href=\"https:\/\/www.abesata.org\/br\/boletim-estatistico-trimestral-no-23-jul-set-2014\/\" \/>\n<meta property=\"og:locale\" content=\"pt_BR\" \/>\n<meta property=\"og:type\" content=\"article\" \/>\n<meta property=\"og:title\" content=\"Boletim estat\u00edstico trimestral n\u00ba 23 \u2013 Jul-Set 2014 - Abesata\" \/>\n<meta property=\"og:description\" content=\"O terceiro trimestre de 2014 apresentou um crescimento hom\u00f3logo de 6% no total de\u00a0movimentos realizados no conjunto dos aeroportos nacionais. Os principais aeroportos\u00a0acompanharam este crescimento, destacando-se a infraestrutura aeroportu\u00e1ria de Lisboa, com\u00a0um crescimento de 9%, seguido da de Ponta Delgada (6%), Porto (5%) e Faro (2%). O crescimento da procura excedeu o crescimento da oferta [&hellip;]\" \/>\n<meta property=\"og:url\" content=\"https:\/\/www.abesata.org\/br\/boletim-estatistico-trimestral-no-23-jul-set-2014\/\" \/>\n<meta property=\"og:site_name\" content=\"Abesata\" \/>\n<meta property=\"article:publisher\" content=\"https:\/\/www.facebook.com\/abesata.org\/\" \/>\n<meta property=\"article:published_time\" content=\"2014-11-19T18:08:10+00:00\" \/>\n<meta name=\"author\" content=\"Ricardo\" \/>\n<meta name=\"twitter:card\" content=\"summary_large_image\" \/>\n<meta name=\"twitter:label1\" content=\"Escrito por\" \/>\n\t<meta name=\"twitter:data1\" content=\"Ricardo\" \/>\n\t<meta name=\"twitter:label2\" content=\"Est. tempo de leitura\" \/>\n\t<meta name=\"twitter:data2\" content=\"3 minutos\" \/>\n<script type=\"application\/ld+json\" class=\"yoast-schema-graph\">{\"@context\":\"https:\/\/schema.org\",\"@graph\":[{\"@type\":\"Article\",\"@id\":\"https:\/\/www.abesata.org\/br\/boletim-estatistico-trimestral-no-23-jul-set-2014\/#article\",\"isPartOf\":{\"@id\":\"https:\/\/www.abesata.org\/br\/boletim-estatistico-trimestral-no-23-jul-set-2014\/\"},\"author\":{\"name\":\"Ricardo\",\"@id\":\"https:\/\/www.abesata.org\/br\/#\/schema\/person\/1f1295145bee68e42ffe39157320456b\"},\"headline\":\"Boletim estat\u00edstico trimestral n\u00ba 23 \u2013 Jul-Set 2014\",\"datePublished\":\"2014-11-19T18:08:10+00:00\",\"mainEntityOfPage\":{\"@id\":\"https:\/\/www.abesata.org\/br\/boletim-estatistico-trimestral-no-23-jul-set-2014\/\"},\"wordCount\":527,\"publisher\":{\"@id\":\"https:\/\/www.abesata.org\/br\/#organization\"},\"inLanguage\":\"pt-BR\"},{\"@type\":\"WebPage\",\"@id\":\"https:\/\/www.abesata.org\/br\/boletim-estatistico-trimestral-no-23-jul-set-2014\/\",\"url\":\"https:\/\/www.abesata.org\/br\/boletim-estatistico-trimestral-no-23-jul-set-2014\/\",\"name\":\"Boletim estat\u00edstico trimestral n\u00ba 23 \u2013 Jul-Set 2014 - Abesata\",\"isPartOf\":{\"@id\":\"https:\/\/www.abesata.org\/br\/#website\"},\"datePublished\":\"2014-11-19T18:08:10+00:00\",\"breadcrumb\":{\"@id\":\"https:\/\/www.abesata.org\/br\/boletim-estatistico-trimestral-no-23-jul-set-2014\/#breadcrumb\"},\"inLanguage\":\"pt-BR\",\"potentialAction\":[{\"@type\":\"ReadAction\",\"target\":[\"https:\/\/www.abesata.org\/br\/boletim-estatistico-trimestral-no-23-jul-set-2014\/\"]}]},{\"@type\":\"BreadcrumbList\",\"@id\":\"https:\/\/www.abesata.org\/br\/boletim-estatistico-trimestral-no-23-jul-set-2014\/#breadcrumb\",\"itemListElement\":[{\"@type\":\"ListItem\",\"position\":1,\"name\":\"In\u00edcio\",\"item\":\"https:\/\/www.abesata.org\/br\/\"},{\"@type\":\"ListItem\",\"position\":2,\"name\":\"Boletim estat\u00edstico trimestral n\u00ba 23 \u2013 Jul-Set 2014\"}]},{\"@type\":\"WebSite\",\"@id\":\"https:\/\/www.abesata.org\/br\/#website\",\"url\":\"https:\/\/www.abesata.org\/br\/\",\"name\":\"Abesata\",\"description\":\"Associa\u00e7\u00e3o Brasileira das Empresas de Servi\u00e7os Auxiliares de Transporte A\u00e9reo\",\"publisher\":{\"@id\":\"https:\/\/www.abesata.org\/br\/#organization\"},\"potentialAction\":[{\"@type\":\"SearchAction\",\"target\":{\"@type\":\"EntryPoint\",\"urlTemplate\":\"https:\/\/www.abesata.org\/br\/?s={search_term_string}\"},\"query-input\":{\"@type\":\"PropertyValueSpecification\",\"valueRequired\":true,\"valueName\":\"search_term_string\"}}],\"inLanguage\":\"pt-BR\"},{\"@type\":\"Organization\",\"@id\":\"https:\/\/www.abesata.org\/br\/#organization\",\"name\":\"Associa\u00e7\u00e3o Brasileira das Empresas de Servi\u00e7os Auxiliares de Transporte A\u00e9reo\",\"alternateName\":\"Abesata\",\"url\":\"https:\/\/www.abesata.org\/br\/\",\"logo\":{\"@type\":\"ImageObject\",\"inLanguage\":\"pt-BR\",\"@id\":\"https:\/\/www.abesata.org\/br\/#\/schema\/logo\/image\/\",\"url\":\"https:\/\/www.abesata.org\/br\/wp-content\/uploads\/2023\/10\/Abesata.png\",\"contentUrl\":\"https:\/\/www.abesata.org\/br\/wp-content\/uploads\/2023\/10\/Abesata.png\",\"width\":1063,\"height\":591,\"caption\":\"Associa\u00e7\u00e3o Brasileira das Empresas de Servi\u00e7os Auxiliares de Transporte A\u00e9reo\"},\"image\":{\"@id\":\"https:\/\/www.abesata.org\/br\/#\/schema\/logo\/image\/\"},\"sameAs\":[\"https:\/\/www.facebook.com\/abesata.org\/\",\"https:\/\/www.instagram.com\/abesata_gh\/\",\"https:\/\/br.linkedin.com\/company\/abesata\"]},{\"@type\":\"Person\",\"@id\":\"https:\/\/www.abesata.org\/br\/#\/schema\/person\/1f1295145bee68e42ffe39157320456b\",\"name\":\"Ricardo\",\"image\":{\"@type\":\"ImageObject\",\"inLanguage\":\"pt-BR\",\"@id\":\"https:\/\/www.abesata.org\/br\/#\/schema\/person\/image\/\",\"url\":\"https:\/\/secure.gravatar.com\/avatar\/1d856797eb89513dee321f840c1a6bbcec15beb178c003e50adcf59323b3a8a9?s=96&d=mm&r=g\",\"contentUrl\":\"https:\/\/secure.gravatar.com\/avatar\/1d856797eb89513dee321f840c1a6bbcec15beb178c003e50adcf59323b3a8a9?s=96&d=mm&r=g\",\"caption\":\"Ricardo\"},\"url\":\"https:\/\/www.abesata.org\/br\/author\/ricardo-baroni\/\"}]}<\/script>\n<!-- \/ Yoast SEO plugin. -->","yoast_head_json":{"title":"Boletim estat\u00edstico trimestral n\u00ba 23 \u2013 Jul-Set 2014 - Abesata","robots":{"index":"index","follow":"follow","max-snippet":"max-snippet:-1","max-image-preview":"max-image-preview:large","max-video-preview":"max-video-preview:-1"},"canonical":"https:\/\/www.abesata.org\/br\/boletim-estatistico-trimestral-no-23-jul-set-2014\/","og_locale":"pt_BR","og_type":"article","og_title":"Boletim estat\u00edstico trimestral n\u00ba 23 \u2013 Jul-Set 2014 - Abesata","og_description":"O terceiro trimestre de 2014 apresentou um crescimento hom\u00f3logo de 6% no total de\u00a0movimentos realizados no conjunto dos aeroportos nacionais. Os principais aeroportos\u00a0acompanharam este crescimento, destacando-se a infraestrutura aeroportu\u00e1ria de Lisboa, com\u00a0um crescimento de 9%, seguido da de Ponta Delgada (6%), Porto (5%) e Faro (2%). O crescimento da procura excedeu o crescimento da oferta [&hellip;]","og_url":"https:\/\/www.abesata.org\/br\/boletim-estatistico-trimestral-no-23-jul-set-2014\/","og_site_name":"Abesata","article_publisher":"https:\/\/www.facebook.com\/abesata.org\/","article_published_time":"2014-11-19T18:08:10+00:00","author":"Ricardo","twitter_card":"summary_large_image","twitter_misc":{"Escrito por":"Ricardo","Est. tempo de leitura":"3 minutos"},"schema":{"@context":"https:\/\/schema.org","@graph":[{"@type":"Article","@id":"https:\/\/www.abesata.org\/br\/boletim-estatistico-trimestral-no-23-jul-set-2014\/#article","isPartOf":{"@id":"https:\/\/www.abesata.org\/br\/boletim-estatistico-trimestral-no-23-jul-set-2014\/"},"author":{"name":"Ricardo","@id":"https:\/\/www.abesata.org\/br\/#\/schema\/person\/1f1295145bee68e42ffe39157320456b"},"headline":"Boletim estat\u00edstico trimestral n\u00ba 23 \u2013 Jul-Set 2014","datePublished":"2014-11-19T18:08:10+00:00","mainEntityOfPage":{"@id":"https:\/\/www.abesata.org\/br\/boletim-estatistico-trimestral-no-23-jul-set-2014\/"},"wordCount":527,"publisher":{"@id":"https:\/\/www.abesata.org\/br\/#organization"},"inLanguage":"pt-BR"},{"@type":"WebPage","@id":"https:\/\/www.abesata.org\/br\/boletim-estatistico-trimestral-no-23-jul-set-2014\/","url":"https:\/\/www.abesata.org\/br\/boletim-estatistico-trimestral-no-23-jul-set-2014\/","name":"Boletim estat\u00edstico trimestral n\u00ba 23 \u2013 Jul-Set 2014 - Abesata","isPartOf":{"@id":"https:\/\/www.abesata.org\/br\/#website"},"datePublished":"2014-11-19T18:08:10+00:00","breadcrumb":{"@id":"https:\/\/www.abesata.org\/br\/boletim-estatistico-trimestral-no-23-jul-set-2014\/#breadcrumb"},"inLanguage":"pt-BR","potentialAction":[{"@type":"ReadAction","target":["https:\/\/www.abesata.org\/br\/boletim-estatistico-trimestral-no-23-jul-set-2014\/"]}]},{"@type":"BreadcrumbList","@id":"https:\/\/www.abesata.org\/br\/boletim-estatistico-trimestral-no-23-jul-set-2014\/#breadcrumb","itemListElement":[{"@type":"ListItem","position":1,"name":"In\u00edcio","item":"https:\/\/www.abesata.org\/br\/"},{"@type":"ListItem","position":2,"name":"Boletim estat\u00edstico trimestral n\u00ba 23 \u2013 Jul-Set 2014"}]},{"@type":"WebSite","@id":"https:\/\/www.abesata.org\/br\/#website","url":"https:\/\/www.abesata.org\/br\/","name":"Abesata","description":"Associa\u00e7\u00e3o Brasileira das Empresas de Servi\u00e7os Auxiliares de Transporte A\u00e9reo","publisher":{"@id":"https:\/\/www.abesata.org\/br\/#organization"},"potentialAction":[{"@type":"SearchAction","target":{"@type":"EntryPoint","urlTemplate":"https:\/\/www.abesata.org\/br\/?s={search_term_string}"},"query-input":{"@type":"PropertyValueSpecification","valueRequired":true,"valueName":"search_term_string"}}],"inLanguage":"pt-BR"},{"@type":"Organization","@id":"https:\/\/www.abesata.org\/br\/#organization","name":"Associa\u00e7\u00e3o Brasileira das Empresas de Servi\u00e7os Auxiliares de Transporte A\u00e9reo","alternateName":"Abesata","url":"https:\/\/www.abesata.org\/br\/","logo":{"@type":"ImageObject","inLanguage":"pt-BR","@id":"https:\/\/www.abesata.org\/br\/#\/schema\/logo\/image\/","url":"https:\/\/www.abesata.org\/br\/wp-content\/uploads\/2023\/10\/Abesata.png","contentUrl":"https:\/\/www.abesata.org\/br\/wp-content\/uploads\/2023\/10\/Abesata.png","width":1063,"height":591,"caption":"Associa\u00e7\u00e3o Brasileira das Empresas de Servi\u00e7os Auxiliares de Transporte A\u00e9reo"},"image":{"@id":"https:\/\/www.abesata.org\/br\/#\/schema\/logo\/image\/"},"sameAs":["https:\/\/www.facebook.com\/abesata.org\/","https:\/\/www.instagram.com\/abesata_gh\/","https:\/\/br.linkedin.com\/company\/abesata"]},{"@type":"Person","@id":"https:\/\/www.abesata.org\/br\/#\/schema\/person\/1f1295145bee68e42ffe39157320456b","name":"Ricardo","image":{"@type":"ImageObject","inLanguage":"pt-BR","@id":"https:\/\/www.abesata.org\/br\/#\/schema\/person\/image\/","url":"https:\/\/secure.gravatar.com\/avatar\/1d856797eb89513dee321f840c1a6bbcec15beb178c003e50adcf59323b3a8a9?s=96&d=mm&r=g","contentUrl":"https:\/\/secure.gravatar.com\/avatar\/1d856797eb89513dee321f840c1a6bbcec15beb178c003e50adcf59323b3a8a9?s=96&d=mm&r=g","caption":"Ricardo"},"url":"https:\/\/www.abesata.org\/br\/author\/ricardo-baroni\/"}]}},"_links":{"self":[{"href":"https:\/\/www.abesata.org\/br\/wp-json\/wp\/v2\/posts\/1867","targetHints":{"allow":["GET"]}}],"collection":[{"href":"https:\/\/www.abesata.org\/br\/wp-json\/wp\/v2\/posts"}],"about":[{"href":"https:\/\/www.abesata.org\/br\/wp-json\/wp\/v2\/types\/post"}],"author":[{"embeddable":true,"href":"https:\/\/www.abesata.org\/br\/wp-json\/wp\/v2\/users\/18"}],"replies":[{"embeddable":true,"href":"https:\/\/www.abesata.org\/br\/wp-json\/wp\/v2\/comments?post=1867"}],"version-history":[{"count":0,"href":"https:\/\/www.abesata.org\/br\/wp-json\/wp\/v2\/posts\/1867\/revisions"}],"wp:attachment":[{"href":"https:\/\/www.abesata.org\/br\/wp-json\/wp\/v2\/media?parent=1867"}],"wp:term":[{"taxonomy":"category","embeddable":true,"href":"https:\/\/www.abesata.org\/br\/wp-json\/wp\/v2\/categories?post=1867"},{"taxonomy":"post_tag","embeddable":true,"href":"https:\/\/www.abesata.org\/br\/wp-json\/wp\/v2\/tags?post=1867"}],"curies":[{"name":"wp","href":"https:\/\/api.w.org\/{rel}","templated":true}]}}