{"id":1874,"date":"2014-11-21T14:40:37","date_gmt":"2014-11-21T16:40:37","guid":{"rendered":"http:\/\/www.abesata.org\/?p=1874"},"modified":"2014-11-21T14:40:37","modified_gmt":"2014-11-21T16:40:37","slug":"conaero-debate-avancos-apos-tres-anos-de-trabalho","status":"publish","type":"post","link":"https:\/\/www.abesata.org\/br\/conaero-debate-avancos-apos-tres-anos-de-trabalho\/","title":{"rendered":"Conaero debate avan\u00e7os ap\u00f3s tr\u00eas anos de trabalho"},"content":{"rendered":"<p><em>Planejamento da Copa e redu\u00e7\u00e3o de 35% em tempo de filas nos aeroportos est\u00e3o entre as principais conquistas<\/em><\/p>\n<p>A implanta\u00e7\u00e3o de um projeto de efici\u00eancia que reduziu em 35% o tempo de espera em filas nos 12 principais aeroportos do pa\u00eds \u00e9 uma das principais conquistas da Comiss\u00e3o Nacional de Autoridades Aeroportu\u00e1rias (Conaero), criada em 2011. Uma oficina de balan\u00e7o das atividades da comiss\u00e3o reuniu 15 \u00f3rg\u00e3os p\u00fablicos e privados em Bras\u00edlia nesta ter\u00e7a e quarta-feira (18 e 19), com a participa\u00e7\u00e3o do ministro da Avia\u00e7\u00e3o Civil, Moreira Franco.<\/p>\n<p>A comiss\u00e3o tamb\u00e9m comemorou o sucesso do planejamento para a Copa do mundo e a Copa das Confedera\u00e7\u00f5es, que ajudou a derrubar o \u00edndice m\u00e9dio de atrasos nos principais aeroportos brasileiros de 20,74% em dezembro de 2010 para 6,8% durante a Copa.<\/p>\n<p>O Projeto Efici\u00eancia Operacional nos Aeroportos come\u00e7ou em Guarulhos, Confins, Gale\u00e3o e Congonhas, em 2012. Seu objetivo era implementar medidas simples e de custo baixo ou nulo que aumentassem a velocidade e a efic\u00e1cia de v\u00e1rias atividades nos aeroportos.<\/p>\n<p>No caso dos check-ins, por exemplo, foram avaliados o tempo de espera em fila e os procedimentos de movimenta\u00e7\u00e3o do passageiro para o balc\u00e3o ou os totens de autoatendimento. J\u00e1 na restitui\u00e7\u00e3o de bagagens analisou-se o descarregamento das aeronaves; a separa\u00e7\u00e3o, o armazenamento e o transporte das malas; e o lan\u00e7amento das bagagens na esteira. Na restitui\u00e7\u00e3o, o per\u00edodo de medi\u00e7\u00e3o considerou o tempo desde o cal\u00e7o da aeronave no p\u00e1tio at\u00e9 a chegada da \u00faltima bagagem na esteira de restitui\u00e7\u00e3o. Desde o projeto piloto em Guarulhos, identificou-se como uma das mais importantes melhorias o aumento na integra\u00e7\u00e3o e coopera\u00e7\u00e3o nas a\u00e7\u00f5es dos entes que atuam no aeroporto.<\/p>\n<p>\u201cN\u00e3o tenho d\u00favida que avan\u00e7amos muito. Temos uma outra face, com a melhoria do ambiente e a boa presta\u00e7\u00e3o de servi\u00e7os dos agentes p\u00fablicos e privados que d\u00e3o vida a esse esfor\u00e7o. A pesquisa que a Secretaria de Avia\u00e7\u00e3o Civil patrocina percebe isso, a partir da opini\u00e3o dos passageiros em 41 itens\u201d, afirmou o ministro Moreira Franco.<br \/>\nSegundo ele, hoje h\u00e1 um cuidado cada vez maior com os passageiros. \u201cNisso a Conaero \u00e9 importante. Precisamos come\u00e7ar a enfrentar a quest\u00e3o regulat\u00f3ria. O objetivo \u00e9 facilitar a vida das pessoas que querem voar. A concorr\u00eancia e a competi\u00e7\u00e3o ajudam a manter bons pre\u00e7os e bons servi\u00e7os\u201d, definiu o ministro.<\/p>\n<p><strong>Integra\u00e7\u00e3o<\/strong><\/p>\n<p>\u201cA palavra-chave da Conaero \u00e9 integra\u00e7\u00e3o. Com o Comit\u00ea de Integra\u00e7\u00e3o de Sistemas come\u00e7amos a ter avan\u00e7os importantes como a integra\u00e7\u00e3o de dados dos \u00f3rg\u00e3os p\u00fablicos. A tecnologia \u00e9 a chave do neg\u00f3cio, voltada para a melhoria dos processos e para o bom atendimento ao cidad\u00e3o\u201d, afirmou o secret\u00e1rio-executivo da Secretaria de Avia\u00e7\u00e3o Civil (SAC), Guilherme Ramalho.<br \/>\nSegundo Ramalho, todas as pesquisas feitas com brasileiros e turistas estrangeiros mostram que o aeroporto foi o item melhor avaliado e possivelmente o grande vencedor da Copa do Mundo. \u201cEssa foi uma tarefa do Comit\u00ea de Opera\u00e7\u00f5es Especiais, o que mostrou que temos condi\u00e7\u00e3o de operar aeroportos com alta qualidade. Houve uma mudan\u00e7a de paradigma na opera\u00e7\u00e3o de aeroportos\u201d, definiu o secret\u00e1rio-executivo.<\/p>\n<p>\u201cA pesquisa de satisfa\u00e7\u00e3o dos usu\u00e1rios come\u00e7ou a ser feita nos \u00faltimos dois anos, em janeiro de 2013. Ela tornou p\u00fablica e come\u00e7ou a fomentar uma cultura de busca de excel\u00eancia no setor ao dar transpar\u00eancia a todas as empresas e \u00f3rg\u00e3os p\u00fablicos que prestam servi\u00e7os nos aeroportos. O levantamento dessas informa\u00e7\u00f5es tem fomentado uma cultura de atendimento ao passageiro.\u201d<\/p>\n<p>De acordo com o secret\u00e1rio-executivo, o desafio para a Conaero nos pr\u00f3ximos anos \u00e9 manter os padr\u00f5es obtidos at\u00e9 agora. \u201cMelhoramos a percep\u00e7\u00e3o coletiva dos passageiros sobre os nossos aeroportos, melhoramos as taxas de pontualidade. A grande t\u00f4nica foi a promo\u00e7\u00e3o de opera\u00e7\u00e3o conjunta dos \u00f3rg\u00e3os p\u00fablicos nos aeroportos. Precisamos intensificar isso com as empresas terceiradas, com as companhias a\u00e9reas. Talvez esse seja o nosso grande desafio\u201d, confessou Guilherme Ramalho. \u201cOs Jogos Ol\u00edmpicos s\u00e3o um evento de complexidade muito diferente do que a Copa do Mundo de futebol. N\u00e3o adianta nada o que fizemos, se o pr\u00f3ximo erro significar uma cat\u00e1strofe geral. N\u00e3o temos espa\u00e7o para errar.\u201d<\/p>\n<p>O subchefe adjunto da Subchefia de Articula\u00e7\u00e3o e Monitoramento da Casa Civil da Presid\u00eancia da Rep\u00fablica, Pedro Helena Pontual Machado, afirmou, por sua vez, que o pr\u00f3ximo desafio \u00e9 trabalhar para atender \u00e0s necessidades espec\u00edficas dos usu\u00e1rios. \u201cO aeroporto n\u00e3o \u00e9 mais um lugar elitizado. Uma percep\u00e7\u00e3o de sucesso \u00e9: n\u00e3o houve desastre. Mas devemos pensar muito al\u00e9m disso\u201d, considerou.<\/p>\n<p><strong>Informa\u00e7\u00e3o<\/strong><\/p>\n<p>Para o representante da Ag\u00eancia Nacional de Avia\u00e7\u00e3o Civil (Anac), Ricardo S\u00e9rgio Maia Bezerra, \u00e9 preciso \u201crodar o Brasil\u201d e fazer reuni\u00f5es nos pr\u00f3prios aeroportos para que a informa\u00e7\u00e3o chegue at\u00e9 os lugares mais long\u00ednquos do Pa\u00eds. \u201cDefendo o refor\u00e7o na atua\u00e7\u00e3o das autoridades aeroportu\u00e1rias e o nivelamento de conhecimento com os aeroportos, com mais rapidez na informa\u00e7\u00e3o\u201d, falou.<\/p>\n<p>Representante do Departamento de Controle de Espa\u00e7o A\u00e9reo (Decea), o coronel-aviador Luiz Ricardo de Sousa Nascimento contou que a Central de Transporte de \u00d3rg\u00e3os Vivos, ativada em dezembro de 2013, foi um grande avan\u00e7o da Conaero. \u201cN\u00e3o perdemos nenhum \u00f3rg\u00e3o durante a Copa do Mundo. Parece pouco, mas \u00e9 muito para a fam\u00edlia de um paciente que recebe um \u00f3rg\u00e3o, como um pulm\u00e3o\u201d, disse.<\/p>\n<p>O coronel Nascimento afirmou, durante a oficina, que o Decea atuou em grandes eventos desde a cria\u00e7\u00e3o da Conaero, sem problemas, tais como a Confer\u00eancia Rio + 20 (2012), a Copa das Confedera\u00e7\u00f5es (2013), a Jornada Mundial da Juventude (2013) e Copa do Mundo (2014).<\/p>\n<p>Segundo ele, os resultados positivos levaram um tempo de preparo e planejamento do Decea e dos \u00f3rg\u00e3os envolvidos, como a Infraero. \u201cO planejamento da Copa do Mundo 2014 foi finalizado em mar\u00e7o de 2014 e a malha das empresas a\u00e9reas entregue em junho de 2014. Temos a necessidade de finalizar o planejamento para os Jogos Ol\u00edmpicos de 2016 em outubro de 2015. Temos certeza que com a expertise da SAC poderemos antecipar essa medida. N\u00e3o adianta a gente chegar com o avi\u00e3o e n\u00e3o ter a escada ou o \u00f4nibus e a gente culpar um ente p\u00fablico\u201d, explicou.<\/p>\n<p>Veja mais fotos\u00a0<a title=\"\" href=\"https:\/\/www.flickr.com\/photos\/aviacaogovbr\" target=\"_self\">aqui<\/a>.<\/p>\n<p style=\"text-align: right;\">Fonte: SAC\/PR<br \/>\n19\/11\/2014<br \/>\nFoto:\u00a0Elio Sales\/SAC-PR<\/p>\n","protected":false},"excerpt":{"rendered":"<p>Planejamento da Copa e redu\u00e7\u00e3o de 35% em tempo de filas nos aeroportos est\u00e3o entre as principais conquistas A implanta\u00e7\u00e3o de um projeto de efici\u00eancia que reduziu em 35% o tempo de espera em filas nos 12 principais aeroportos do pa\u00eds \u00e9 uma das principais conquistas da Comiss\u00e3o Nacional de Autoridades Aeroportu\u00e1rias (Conaero), criada em [&hellip;]<\/p>\n","protected":false},"author":18,"featured_media":1875,"comment_status":"closed","ping_status":"closed","sticky":false,"template":"","format":"standard","meta":{"footnotes":""},"categories":[],"tags":[],"class_list":["post-1874","post","type-post","status-publish","format-standard","has-post-thumbnail","hentry"],"yoast_head":"<!-- This site is optimized with the Yoast SEO plugin v26.5 - https:\/\/yoast.com\/wordpress\/plugins\/seo\/ -->\n<title>Conaero debate avan\u00e7os ap\u00f3s tr\u00eas anos de trabalho - Abesata<\/title>\n<meta name=\"robots\" content=\"index, follow, max-snippet:-1, max-image-preview:large, max-video-preview:-1\" \/>\n<link rel=\"canonical\" href=\"https:\/\/www.abesata.org\/br\/conaero-debate-avancos-apos-tres-anos-de-trabalho\/\" \/>\n<meta property=\"og:locale\" content=\"pt_BR\" \/>\n<meta property=\"og:type\" content=\"article\" \/>\n<meta property=\"og:title\" content=\"Conaero debate avan\u00e7os ap\u00f3s tr\u00eas anos de trabalho - Abesata\" \/>\n<meta property=\"og:description\" content=\"Planejamento da Copa e redu\u00e7\u00e3o de 35% em tempo de filas nos aeroportos est\u00e3o entre as principais conquistas A implanta\u00e7\u00e3o de um projeto de efici\u00eancia que reduziu em 35% o tempo de espera em filas nos 12 principais aeroportos do pa\u00eds \u00e9 uma das principais conquistas da Comiss\u00e3o Nacional de Autoridades Aeroportu\u00e1rias (Conaero), criada em [&hellip;]\" \/>\n<meta property=\"og:url\" content=\"https:\/\/www.abesata.org\/br\/conaero-debate-avancos-apos-tres-anos-de-trabalho\/\" \/>\n<meta property=\"og:site_name\" content=\"Abesata\" \/>\n<meta property=\"article:publisher\" content=\"https:\/\/www.facebook.com\/abesata.org\/\" \/>\n<meta property=\"article:published_time\" content=\"2014-11-21T16:40:37+00:00\" \/>\n<meta property=\"og:image\" content=\"https:\/\/www.abesata.org\/br\/wp-content\/uploads\/2014\/11\/50.png\" \/>\n\t<meta property=\"og:image:width\" content=\"1707\" \/>\n\t<meta property=\"og:image:height\" content=\"560\" \/>\n\t<meta property=\"og:image:type\" content=\"image\/png\" \/>\n<meta name=\"author\" content=\"Ricardo\" \/>\n<meta name=\"twitter:card\" content=\"summary_large_image\" \/>\n<meta name=\"twitter:label1\" content=\"Escrito por\" \/>\n\t<meta name=\"twitter:data1\" content=\"Ricardo\" \/>\n\t<meta name=\"twitter:label2\" content=\"Est. tempo de leitura\" \/>\n\t<meta name=\"twitter:data2\" content=\"6 minutos\" \/>\n<script type=\"application\/ld+json\" class=\"yoast-schema-graph\">{\"@context\":\"https:\/\/schema.org\",\"@graph\":[{\"@type\":\"Article\",\"@id\":\"https:\/\/www.abesata.org\/br\/conaero-debate-avancos-apos-tres-anos-de-trabalho\/#article\",\"isPartOf\":{\"@id\":\"https:\/\/www.abesata.org\/br\/conaero-debate-avancos-apos-tres-anos-de-trabalho\/\"},\"author\":{\"name\":\"Ricardo\",\"@id\":\"https:\/\/www.abesata.org\/br\/#\/schema\/person\/1f1295145bee68e42ffe39157320456b\"},\"headline\":\"Conaero debate avan\u00e7os ap\u00f3s tr\u00eas anos de trabalho\",\"datePublished\":\"2014-11-21T16:40:37+00:00\",\"mainEntityOfPage\":{\"@id\":\"https:\/\/www.abesata.org\/br\/conaero-debate-avancos-apos-tres-anos-de-trabalho\/\"},\"wordCount\":1129,\"publisher\":{\"@id\":\"https:\/\/www.abesata.org\/br\/#organization\"},\"image\":{\"@id\":\"https:\/\/www.abesata.org\/br\/conaero-debate-avancos-apos-tres-anos-de-trabalho\/#primaryimage\"},\"thumbnailUrl\":\"https:\/\/www.abesata.org\/br\/wp-content\/uploads\/2014\/11\/50.png\",\"inLanguage\":\"pt-BR\"},{\"@type\":\"WebPage\",\"@id\":\"https:\/\/www.abesata.org\/br\/conaero-debate-avancos-apos-tres-anos-de-trabalho\/\",\"url\":\"https:\/\/www.abesata.org\/br\/conaero-debate-avancos-apos-tres-anos-de-trabalho\/\",\"name\":\"Conaero debate avan\u00e7os ap\u00f3s tr\u00eas anos de trabalho - Abesata\",\"isPartOf\":{\"@id\":\"https:\/\/www.abesata.org\/br\/#website\"},\"primaryImageOfPage\":{\"@id\":\"https:\/\/www.abesata.org\/br\/conaero-debate-avancos-apos-tres-anos-de-trabalho\/#primaryimage\"},\"image\":{\"@id\":\"https:\/\/www.abesata.org\/br\/conaero-debate-avancos-apos-tres-anos-de-trabalho\/#primaryimage\"},\"thumbnailUrl\":\"https:\/\/www.abesata.org\/br\/wp-content\/uploads\/2014\/11\/50.png\",\"datePublished\":\"2014-11-21T16:40:37+00:00\",\"breadcrumb\":{\"@id\":\"https:\/\/www.abesata.org\/br\/conaero-debate-avancos-apos-tres-anos-de-trabalho\/#breadcrumb\"},\"inLanguage\":\"pt-BR\",\"potentialAction\":[{\"@type\":\"ReadAction\",\"target\":[\"https:\/\/www.abesata.org\/br\/conaero-debate-avancos-apos-tres-anos-de-trabalho\/\"]}]},{\"@type\":\"ImageObject\",\"inLanguage\":\"pt-BR\",\"@id\":\"https:\/\/www.abesata.org\/br\/conaero-debate-avancos-apos-tres-anos-de-trabalho\/#primaryimage\",\"url\":\"https:\/\/www.abesata.org\/br\/wp-content\/uploads\/2014\/11\/50.png\",\"contentUrl\":\"https:\/\/www.abesata.org\/br\/wp-content\/uploads\/2014\/11\/50.png\",\"width\":1707,\"height\":560},{\"@type\":\"BreadcrumbList\",\"@id\":\"https:\/\/www.abesata.org\/br\/conaero-debate-avancos-apos-tres-anos-de-trabalho\/#breadcrumb\",\"itemListElement\":[{\"@type\":\"ListItem\",\"position\":1,\"name\":\"In\u00edcio\",\"item\":\"https:\/\/www.abesata.org\/br\/\"},{\"@type\":\"ListItem\",\"position\":2,\"name\":\"Conaero debate avan\u00e7os ap\u00f3s tr\u00eas anos de trabalho\"}]},{\"@type\":\"WebSite\",\"@id\":\"https:\/\/www.abesata.org\/br\/#website\",\"url\":\"https:\/\/www.abesata.org\/br\/\",\"name\":\"Abesata\",\"description\":\"Associa\u00e7\u00e3o Brasileira das Empresas de Servi\u00e7os Auxiliares de Transporte A\u00e9reo\",\"publisher\":{\"@id\":\"https:\/\/www.abesata.org\/br\/#organization\"},\"potentialAction\":[{\"@type\":\"SearchAction\",\"target\":{\"@type\":\"EntryPoint\",\"urlTemplate\":\"https:\/\/www.abesata.org\/br\/?s={search_term_string}\"},\"query-input\":{\"@type\":\"PropertyValueSpecification\",\"valueRequired\":true,\"valueName\":\"search_term_string\"}}],\"inLanguage\":\"pt-BR\"},{\"@type\":\"Organization\",\"@id\":\"https:\/\/www.abesata.org\/br\/#organization\",\"name\":\"Associa\u00e7\u00e3o Brasileira das Empresas de Servi\u00e7os Auxiliares de Transporte A\u00e9reo\",\"alternateName\":\"Abesata\",\"url\":\"https:\/\/www.abesata.org\/br\/\",\"logo\":{\"@type\":\"ImageObject\",\"inLanguage\":\"pt-BR\",\"@id\":\"https:\/\/www.abesata.org\/br\/#\/schema\/logo\/image\/\",\"url\":\"https:\/\/www.abesata.org\/br\/wp-content\/uploads\/2023\/10\/Abesata.png\",\"contentUrl\":\"https:\/\/www.abesata.org\/br\/wp-content\/uploads\/2023\/10\/Abesata.png\",\"width\":1063,\"height\":591,\"caption\":\"Associa\u00e7\u00e3o Brasileira das Empresas de Servi\u00e7os Auxiliares de Transporte A\u00e9reo\"},\"image\":{\"@id\":\"https:\/\/www.abesata.org\/br\/#\/schema\/logo\/image\/\"},\"sameAs\":[\"https:\/\/www.facebook.com\/abesata.org\/\",\"https:\/\/www.instagram.com\/abesata_gh\/\",\"https:\/\/br.linkedin.com\/company\/abesata\"]},{\"@type\":\"Person\",\"@id\":\"https:\/\/www.abesata.org\/br\/#\/schema\/person\/1f1295145bee68e42ffe39157320456b\",\"name\":\"Ricardo\",\"image\":{\"@type\":\"ImageObject\",\"inLanguage\":\"pt-BR\",\"@id\":\"https:\/\/www.abesata.org\/br\/#\/schema\/person\/image\/\",\"url\":\"https:\/\/secure.gravatar.com\/avatar\/1d856797eb89513dee321f840c1a6bbcec15beb178c003e50adcf59323b3a8a9?s=96&d=mm&r=g\",\"contentUrl\":\"https:\/\/secure.gravatar.com\/avatar\/1d856797eb89513dee321f840c1a6bbcec15beb178c003e50adcf59323b3a8a9?s=96&d=mm&r=g\",\"caption\":\"Ricardo\"},\"url\":\"https:\/\/www.abesata.org\/br\/author\/ricardo-baroni\/\"}]}<\/script>\n<!-- \/ Yoast SEO plugin. -->","yoast_head_json":{"title":"Conaero debate avan\u00e7os ap\u00f3s tr\u00eas anos de trabalho - Abesata","robots":{"index":"index","follow":"follow","max-snippet":"max-snippet:-1","max-image-preview":"max-image-preview:large","max-video-preview":"max-video-preview:-1"},"canonical":"https:\/\/www.abesata.org\/br\/conaero-debate-avancos-apos-tres-anos-de-trabalho\/","og_locale":"pt_BR","og_type":"article","og_title":"Conaero debate avan\u00e7os ap\u00f3s tr\u00eas anos de trabalho - Abesata","og_description":"Planejamento da Copa e redu\u00e7\u00e3o de 35% em tempo de filas nos aeroportos est\u00e3o entre as principais conquistas A implanta\u00e7\u00e3o de um projeto de efici\u00eancia que reduziu em 35% o tempo de espera em filas nos 12 principais aeroportos do pa\u00eds \u00e9 uma das principais conquistas da Comiss\u00e3o Nacional de Autoridades Aeroportu\u00e1rias (Conaero), criada em [&hellip;]","og_url":"https:\/\/www.abesata.org\/br\/conaero-debate-avancos-apos-tres-anos-de-trabalho\/","og_site_name":"Abesata","article_publisher":"https:\/\/www.facebook.com\/abesata.org\/","article_published_time":"2014-11-21T16:40:37+00:00","og_image":[{"width":1707,"height":560,"url":"https:\/\/www.abesata.org\/br\/wp-content\/uploads\/2014\/11\/50.png","type":"image\/png"}],"author":"Ricardo","twitter_card":"summary_large_image","twitter_misc":{"Escrito por":"Ricardo","Est. tempo de leitura":"6 minutos"},"schema":{"@context":"https:\/\/schema.org","@graph":[{"@type":"Article","@id":"https:\/\/www.abesata.org\/br\/conaero-debate-avancos-apos-tres-anos-de-trabalho\/#article","isPartOf":{"@id":"https:\/\/www.abesata.org\/br\/conaero-debate-avancos-apos-tres-anos-de-trabalho\/"},"author":{"name":"Ricardo","@id":"https:\/\/www.abesata.org\/br\/#\/schema\/person\/1f1295145bee68e42ffe39157320456b"},"headline":"Conaero debate avan\u00e7os ap\u00f3s tr\u00eas anos de trabalho","datePublished":"2014-11-21T16:40:37+00:00","mainEntityOfPage":{"@id":"https:\/\/www.abesata.org\/br\/conaero-debate-avancos-apos-tres-anos-de-trabalho\/"},"wordCount":1129,"publisher":{"@id":"https:\/\/www.abesata.org\/br\/#organization"},"image":{"@id":"https:\/\/www.abesata.org\/br\/conaero-debate-avancos-apos-tres-anos-de-trabalho\/#primaryimage"},"thumbnailUrl":"https:\/\/www.abesata.org\/br\/wp-content\/uploads\/2014\/11\/50.png","inLanguage":"pt-BR"},{"@type":"WebPage","@id":"https:\/\/www.abesata.org\/br\/conaero-debate-avancos-apos-tres-anos-de-trabalho\/","url":"https:\/\/www.abesata.org\/br\/conaero-debate-avancos-apos-tres-anos-de-trabalho\/","name":"Conaero debate avan\u00e7os ap\u00f3s tr\u00eas anos de trabalho - Abesata","isPartOf":{"@id":"https:\/\/www.abesata.org\/br\/#website"},"primaryImageOfPage":{"@id":"https:\/\/www.abesata.org\/br\/conaero-debate-avancos-apos-tres-anos-de-trabalho\/#primaryimage"},"image":{"@id":"https:\/\/www.abesata.org\/br\/conaero-debate-avancos-apos-tres-anos-de-trabalho\/#primaryimage"},"thumbnailUrl":"https:\/\/www.abesata.org\/br\/wp-content\/uploads\/2014\/11\/50.png","datePublished":"2014-11-21T16:40:37+00:00","breadcrumb":{"@id":"https:\/\/www.abesata.org\/br\/conaero-debate-avancos-apos-tres-anos-de-trabalho\/#breadcrumb"},"inLanguage":"pt-BR","potentialAction":[{"@type":"ReadAction","target":["https:\/\/www.abesata.org\/br\/conaero-debate-avancos-apos-tres-anos-de-trabalho\/"]}]},{"@type":"ImageObject","inLanguage":"pt-BR","@id":"https:\/\/www.abesata.org\/br\/conaero-debate-avancos-apos-tres-anos-de-trabalho\/#primaryimage","url":"https:\/\/www.abesata.org\/br\/wp-content\/uploads\/2014\/11\/50.png","contentUrl":"https:\/\/www.abesata.org\/br\/wp-content\/uploads\/2014\/11\/50.png","width":1707,"height":560},{"@type":"BreadcrumbList","@id":"https:\/\/www.abesata.org\/br\/conaero-debate-avancos-apos-tres-anos-de-trabalho\/#breadcrumb","itemListElement":[{"@type":"ListItem","position":1,"name":"In\u00edcio","item":"https:\/\/www.abesata.org\/br\/"},{"@type":"ListItem","position":2,"name":"Conaero debate avan\u00e7os ap\u00f3s tr\u00eas anos de trabalho"}]},{"@type":"WebSite","@id":"https:\/\/www.abesata.org\/br\/#website","url":"https:\/\/www.abesata.org\/br\/","name":"Abesata","description":"Associa\u00e7\u00e3o Brasileira das Empresas de Servi\u00e7os Auxiliares de Transporte A\u00e9reo","publisher":{"@id":"https:\/\/www.abesata.org\/br\/#organization"},"potentialAction":[{"@type":"SearchAction","target":{"@type":"EntryPoint","urlTemplate":"https:\/\/www.abesata.org\/br\/?s={search_term_string}"},"query-input":{"@type":"PropertyValueSpecification","valueRequired":true,"valueName":"search_term_string"}}],"inLanguage":"pt-BR"},{"@type":"Organization","@id":"https:\/\/www.abesata.org\/br\/#organization","name":"Associa\u00e7\u00e3o Brasileira das Empresas de Servi\u00e7os Auxiliares de Transporte A\u00e9reo","alternateName":"Abesata","url":"https:\/\/www.abesata.org\/br\/","logo":{"@type":"ImageObject","inLanguage":"pt-BR","@id":"https:\/\/www.abesata.org\/br\/#\/schema\/logo\/image\/","url":"https:\/\/www.abesata.org\/br\/wp-content\/uploads\/2023\/10\/Abesata.png","contentUrl":"https:\/\/www.abesata.org\/br\/wp-content\/uploads\/2023\/10\/Abesata.png","width":1063,"height":591,"caption":"Associa\u00e7\u00e3o Brasileira das Empresas de Servi\u00e7os Auxiliares de Transporte A\u00e9reo"},"image":{"@id":"https:\/\/www.abesata.org\/br\/#\/schema\/logo\/image\/"},"sameAs":["https:\/\/www.facebook.com\/abesata.org\/","https:\/\/www.instagram.com\/abesata_gh\/","https:\/\/br.linkedin.com\/company\/abesata"]},{"@type":"Person","@id":"https:\/\/www.abesata.org\/br\/#\/schema\/person\/1f1295145bee68e42ffe39157320456b","name":"Ricardo","image":{"@type":"ImageObject","inLanguage":"pt-BR","@id":"https:\/\/www.abesata.org\/br\/#\/schema\/person\/image\/","url":"https:\/\/secure.gravatar.com\/avatar\/1d856797eb89513dee321f840c1a6bbcec15beb178c003e50adcf59323b3a8a9?s=96&d=mm&r=g","contentUrl":"https:\/\/secure.gravatar.com\/avatar\/1d856797eb89513dee321f840c1a6bbcec15beb178c003e50adcf59323b3a8a9?s=96&d=mm&r=g","caption":"Ricardo"},"url":"https:\/\/www.abesata.org\/br\/author\/ricardo-baroni\/"}]}},"_links":{"self":[{"href":"https:\/\/www.abesata.org\/br\/wp-json\/wp\/v2\/posts\/1874","targetHints":{"allow":["GET"]}}],"collection":[{"href":"https:\/\/www.abesata.org\/br\/wp-json\/wp\/v2\/posts"}],"about":[{"href":"https:\/\/www.abesata.org\/br\/wp-json\/wp\/v2\/types\/post"}],"author":[{"embeddable":true,"href":"https:\/\/www.abesata.org\/br\/wp-json\/wp\/v2\/users\/18"}],"replies":[{"embeddable":true,"href":"https:\/\/www.abesata.org\/br\/wp-json\/wp\/v2\/comments?post=1874"}],"version-history":[{"count":0,"href":"https:\/\/www.abesata.org\/br\/wp-json\/wp\/v2\/posts\/1874\/revisions"}],"wp:featuredmedia":[{"embeddable":true,"href":"https:\/\/www.abesata.org\/br\/wp-json\/wp\/v2\/media\/1875"}],"wp:attachment":[{"href":"https:\/\/www.abesata.org\/br\/wp-json\/wp\/v2\/media?parent=1874"}],"wp:term":[{"taxonomy":"category","embeddable":true,"href":"https:\/\/www.abesata.org\/br\/wp-json\/wp\/v2\/categories?post=1874"},{"taxonomy":"post_tag","embeddable":true,"href":"https:\/\/www.abesata.org\/br\/wp-json\/wp\/v2\/tags?post=1874"}],"curies":[{"name":"wp","href":"https:\/\/api.w.org\/{rel}","templated":true}]}}