{"id":1878,"date":"2014-11-21T14:48:41","date_gmt":"2014-11-21T16:48:41","guid":{"rendered":"http:\/\/www.abesata.org\/?p=1878"},"modified":"2014-11-21T14:48:41","modified_gmt":"2014-11-21T16:48:41","slug":"subsidio-esta-mantido-para-2015-garante-ministro","status":"publish","type":"post","link":"https:\/\/www.abesata.org\/br\/subsidio-esta-mantido-para-2015-garante-ministro\/","title":{"rendered":"Subs\u00eddio est\u00e1 mantido para 2015, garante ministro"},"content":{"rendered":"<p><em>Moreira Franco afirmou que caso o texto n\u00e3o passe pelo Legislativo, o governo vai editar nova MP para manter o cronograma de barateamento de passagens<\/em><\/p>\n<p>O ministro da Avia\u00e7\u00e3o Civil, Moreira Franco, garantiu nesta quarta-feira (19) que os subs\u00eddios para a avia\u00e7\u00e3o regional est\u00e3o mantidos para o ano que vem, mesmo se o Congresso Nacional n\u00e3o votar a Medida Provis\u00f3ria 652, que regula o tema. A MP perde validade se n\u00e3o for aprovada na C\u00e2mara e no Senado at\u00e9 o pr\u00f3ximo dia 24. De acordo com a Secretaria de Avia\u00e7\u00e3o Civil (SAC), caso o texto n\u00e3o passe pelo Legislativo, o governo vai editar uma nova MP no dia 1\u00ba de janeiro de 2015 para manter o cronograma de barateamento de passagens j\u00e1 no in\u00edcio do ano.<\/p>\n<p>A MP, que prev\u00ea incentivos como o pagamento de at\u00e9 60 assentos de aeronaves que atendam munic\u00edpios pequenos e m\u00e9dios, ainda n\u00e3o havia sido votada no plen\u00e1rio da C\u00e2mara dos Deputados at\u00e9 o final da tarde desta quarta-feira (19). De acordo com Moreira Franco, o fato de a atual MP ter sido aprovada numa Comiss\u00e3o Mista do Congresso Nacional deve acelerar o processo. Al\u00e9m de passagens, o plano do governo prev\u00ea a constru\u00e7\u00e3o, amplia\u00e7\u00e3o e reforma de aeroportos regionais.<\/p>\n<p>A meta tamb\u00e9m \u00e9 criar uma rede nacional de aeroportos regionais, de forma que 96% da popula\u00e7\u00e3o brasileira esteja a at\u00e9 100 quil\u00f4metros de dist\u00e2ncia de algum aeroporto com v\u00f4o regular. Se aprovadas, as medidas ter\u00e3o validade de cinco anos, podendo ser prorrogadas para mais cinco.<\/p>\n<p>\u201cTemos de viver a realidade do Parlamento brasileiro. O ideal seria que o pa\u00eds j\u00e1 estivesse com essa medida provis\u00f3ria aprovada, mas, infelizmente, a vida do Parlamento tem uma din\u00e2mica pr\u00f3pria. Se n\u00e3o der para aprovar este ano, inevitavelmente no dia 1\u00ba de janeiro a presidenta Dilma ir\u00e1 reeditar a MP\u201d, afirmou Moreira Franco. Com isso, seria poss\u00edvel manter o cronograma de barateamento de passagens no in\u00edcio do ano at\u00e9 que a proposta seja votada.<\/p>\n<p>O programa de avia\u00e7\u00e3o regional prev\u00ea a amplia\u00e7\u00e3o do uso do Fundo Nacional de Avia\u00e7\u00e3o Civil (Fnac) de 20% para 30% em subs\u00eddios para a avia\u00e7\u00e3o. Com a mudan\u00e7a a previs\u00e3o de recursos do fundo para 2015 \u00e9 de R$ 4,3 bilh\u00f5es.<\/p>\n<p style=\"text-align: right;\">Fonte: SAC\/PR<br \/>\n19\/11\/2014<br \/>\nFoto: Elio Sales\/SAC<\/p>\n","protected":false},"excerpt":{"rendered":"<p>Moreira Franco afirmou que caso o texto n\u00e3o passe pelo Legislativo, o governo vai editar nova MP para manter o cronograma de barateamento de passagens O ministro da Avia\u00e7\u00e3o Civil, Moreira Franco, garantiu nesta quarta-feira (19) que os subs\u00eddios para a avia\u00e7\u00e3o regional est\u00e3o mantidos para o ano que vem, mesmo se o Congresso Nacional [&hellip;]<\/p>\n","protected":false},"author":18,"featured_media":1879,"comment_status":"closed","ping_status":"closed","sticky":false,"template":"","format":"standard","meta":{"footnotes":""},"categories":[],"tags":[],"class_list":["post-1878","post","type-post","status-publish","format-standard","has-post-thumbnail","hentry"],"yoast_head":"<!-- This site is optimized with the Yoast SEO plugin v26.5 - https:\/\/yoast.com\/wordpress\/plugins\/seo\/ -->\n<title>Subs\u00eddio est\u00e1 mantido para 2015, garante ministro - Abesata<\/title>\n<meta name=\"robots\" content=\"index, follow, max-snippet:-1, max-image-preview:large, max-video-preview:-1\" \/>\n<link rel=\"canonical\" href=\"https:\/\/www.abesata.org\/br\/subsidio-esta-mantido-para-2015-garante-ministro\/\" \/>\n<meta property=\"og:locale\" content=\"pt_BR\" \/>\n<meta property=\"og:type\" content=\"article\" \/>\n<meta property=\"og:title\" content=\"Subs\u00eddio est\u00e1 mantido para 2015, garante ministro - Abesata\" \/>\n<meta property=\"og:description\" content=\"Moreira Franco afirmou que caso o texto n\u00e3o passe pelo Legislativo, o governo vai editar nova MP para manter o cronograma de barateamento de passagens O ministro da Avia\u00e7\u00e3o Civil, Moreira Franco, garantiu nesta quarta-feira (19) que os subs\u00eddios para a avia\u00e7\u00e3o regional est\u00e3o mantidos para o ano que vem, mesmo se o Congresso Nacional [&hellip;]\" \/>\n<meta property=\"og:url\" content=\"https:\/\/www.abesata.org\/br\/subsidio-esta-mantido-para-2015-garante-ministro\/\" \/>\n<meta property=\"og:site_name\" content=\"Abesata\" \/>\n<meta property=\"article:publisher\" content=\"https:\/\/www.facebook.com\/abesata.org\/\" \/>\n<meta property=\"article:published_time\" content=\"2014-11-21T16:48:41+00:00\" \/>\n<meta property=\"og:image\" content=\"https:\/\/www.abesata.org\/br\/wp-content\/uploads\/2014\/11\/51.png\" \/>\n\t<meta property=\"og:image:width\" content=\"1710\" \/>\n\t<meta property=\"og:image:height\" content=\"560\" \/>\n\t<meta property=\"og:image:type\" content=\"image\/png\" \/>\n<meta name=\"author\" content=\"Ricardo\" \/>\n<meta name=\"twitter:card\" content=\"summary_large_image\" \/>\n<meta name=\"twitter:label1\" content=\"Escrito por\" \/>\n\t<meta name=\"twitter:data1\" content=\"Ricardo\" \/>\n\t<meta name=\"twitter:label2\" content=\"Est. tempo de leitura\" \/>\n\t<meta name=\"twitter:data2\" content=\"2 minutos\" \/>\n<script type=\"application\/ld+json\" class=\"yoast-schema-graph\">{\"@context\":\"https:\/\/schema.org\",\"@graph\":[{\"@type\":\"Article\",\"@id\":\"https:\/\/www.abesata.org\/br\/subsidio-esta-mantido-para-2015-garante-ministro\/#article\",\"isPartOf\":{\"@id\":\"https:\/\/www.abesata.org\/br\/subsidio-esta-mantido-para-2015-garante-ministro\/\"},\"author\":{\"name\":\"Ricardo\",\"@id\":\"https:\/\/www.abesata.org\/br\/#\/schema\/person\/1f1295145bee68e42ffe39157320456b\"},\"headline\":\"Subs\u00eddio est\u00e1 mantido para 2015, garante ministro\",\"datePublished\":\"2014-11-21T16:48:41+00:00\",\"mainEntityOfPage\":{\"@id\":\"https:\/\/www.abesata.org\/br\/subsidio-esta-mantido-para-2015-garante-ministro\/\"},\"wordCount\":409,\"publisher\":{\"@id\":\"https:\/\/www.abesata.org\/br\/#organization\"},\"image\":{\"@id\":\"https:\/\/www.abesata.org\/br\/subsidio-esta-mantido-para-2015-garante-ministro\/#primaryimage\"},\"thumbnailUrl\":\"https:\/\/www.abesata.org\/br\/wp-content\/uploads\/2014\/11\/51.png\",\"inLanguage\":\"pt-BR\"},{\"@type\":\"WebPage\",\"@id\":\"https:\/\/www.abesata.org\/br\/subsidio-esta-mantido-para-2015-garante-ministro\/\",\"url\":\"https:\/\/www.abesata.org\/br\/subsidio-esta-mantido-para-2015-garante-ministro\/\",\"name\":\"Subs\u00eddio est\u00e1 mantido para 2015, garante ministro - Abesata\",\"isPartOf\":{\"@id\":\"https:\/\/www.abesata.org\/br\/#website\"},\"primaryImageOfPage\":{\"@id\":\"https:\/\/www.abesata.org\/br\/subsidio-esta-mantido-para-2015-garante-ministro\/#primaryimage\"},\"image\":{\"@id\":\"https:\/\/www.abesata.org\/br\/subsidio-esta-mantido-para-2015-garante-ministro\/#primaryimage\"},\"thumbnailUrl\":\"https:\/\/www.abesata.org\/br\/wp-content\/uploads\/2014\/11\/51.png\",\"datePublished\":\"2014-11-21T16:48:41+00:00\",\"breadcrumb\":{\"@id\":\"https:\/\/www.abesata.org\/br\/subsidio-esta-mantido-para-2015-garante-ministro\/#breadcrumb\"},\"inLanguage\":\"pt-BR\",\"potentialAction\":[{\"@type\":\"ReadAction\",\"target\":[\"https:\/\/www.abesata.org\/br\/subsidio-esta-mantido-para-2015-garante-ministro\/\"]}]},{\"@type\":\"ImageObject\",\"inLanguage\":\"pt-BR\",\"@id\":\"https:\/\/www.abesata.org\/br\/subsidio-esta-mantido-para-2015-garante-ministro\/#primaryimage\",\"url\":\"https:\/\/www.abesata.org\/br\/wp-content\/uploads\/2014\/11\/51.png\",\"contentUrl\":\"https:\/\/www.abesata.org\/br\/wp-content\/uploads\/2014\/11\/51.png\",\"width\":1710,\"height\":560},{\"@type\":\"BreadcrumbList\",\"@id\":\"https:\/\/www.abesata.org\/br\/subsidio-esta-mantido-para-2015-garante-ministro\/#breadcrumb\",\"itemListElement\":[{\"@type\":\"ListItem\",\"position\":1,\"name\":\"In\u00edcio\",\"item\":\"https:\/\/www.abesata.org\/br\/\"},{\"@type\":\"ListItem\",\"position\":2,\"name\":\"Subs\u00eddio est\u00e1 mantido para 2015, garante ministro\"}]},{\"@type\":\"WebSite\",\"@id\":\"https:\/\/www.abesata.org\/br\/#website\",\"url\":\"https:\/\/www.abesata.org\/br\/\",\"name\":\"Abesata\",\"description\":\"Associa\u00e7\u00e3o Brasileira das Empresas de Servi\u00e7os Auxiliares de Transporte A\u00e9reo\",\"publisher\":{\"@id\":\"https:\/\/www.abesata.org\/br\/#organization\"},\"potentialAction\":[{\"@type\":\"SearchAction\",\"target\":{\"@type\":\"EntryPoint\",\"urlTemplate\":\"https:\/\/www.abesata.org\/br\/?s={search_term_string}\"},\"query-input\":{\"@type\":\"PropertyValueSpecification\",\"valueRequired\":true,\"valueName\":\"search_term_string\"}}],\"inLanguage\":\"pt-BR\"},{\"@type\":\"Organization\",\"@id\":\"https:\/\/www.abesata.org\/br\/#organization\",\"name\":\"Associa\u00e7\u00e3o Brasileira das Empresas de Servi\u00e7os Auxiliares de Transporte A\u00e9reo\",\"alternateName\":\"Abesata\",\"url\":\"https:\/\/www.abesata.org\/br\/\",\"logo\":{\"@type\":\"ImageObject\",\"inLanguage\":\"pt-BR\",\"@id\":\"https:\/\/www.abesata.org\/br\/#\/schema\/logo\/image\/\",\"url\":\"https:\/\/www.abesata.org\/br\/wp-content\/uploads\/2023\/10\/Abesata.png\",\"contentUrl\":\"https:\/\/www.abesata.org\/br\/wp-content\/uploads\/2023\/10\/Abesata.png\",\"width\":1063,\"height\":591,\"caption\":\"Associa\u00e7\u00e3o Brasileira das Empresas de Servi\u00e7os Auxiliares de Transporte A\u00e9reo\"},\"image\":{\"@id\":\"https:\/\/www.abesata.org\/br\/#\/schema\/logo\/image\/\"},\"sameAs\":[\"https:\/\/www.facebook.com\/abesata.org\/\",\"https:\/\/www.instagram.com\/abesata_gh\/\",\"https:\/\/br.linkedin.com\/company\/abesata\"]},{\"@type\":\"Person\",\"@id\":\"https:\/\/www.abesata.org\/br\/#\/schema\/person\/1f1295145bee68e42ffe39157320456b\",\"name\":\"Ricardo\",\"image\":{\"@type\":\"ImageObject\",\"inLanguage\":\"pt-BR\",\"@id\":\"https:\/\/www.abesata.org\/br\/#\/schema\/person\/image\/\",\"url\":\"https:\/\/secure.gravatar.com\/avatar\/1d856797eb89513dee321f840c1a6bbcec15beb178c003e50adcf59323b3a8a9?s=96&d=mm&r=g\",\"contentUrl\":\"https:\/\/secure.gravatar.com\/avatar\/1d856797eb89513dee321f840c1a6bbcec15beb178c003e50adcf59323b3a8a9?s=96&d=mm&r=g\",\"caption\":\"Ricardo\"},\"url\":\"https:\/\/www.abesata.org\/br\/author\/ricardo-baroni\/\"}]}<\/script>\n<!-- \/ Yoast SEO plugin. -->","yoast_head_json":{"title":"Subs\u00eddio est\u00e1 mantido para 2015, garante ministro - Abesata","robots":{"index":"index","follow":"follow","max-snippet":"max-snippet:-1","max-image-preview":"max-image-preview:large","max-video-preview":"max-video-preview:-1"},"canonical":"https:\/\/www.abesata.org\/br\/subsidio-esta-mantido-para-2015-garante-ministro\/","og_locale":"pt_BR","og_type":"article","og_title":"Subs\u00eddio est\u00e1 mantido para 2015, garante ministro - Abesata","og_description":"Moreira Franco afirmou que caso o texto n\u00e3o passe pelo Legislativo, o governo vai editar nova MP para manter o cronograma de barateamento de passagens O ministro da Avia\u00e7\u00e3o Civil, Moreira Franco, garantiu nesta quarta-feira (19) que os subs\u00eddios para a avia\u00e7\u00e3o regional est\u00e3o mantidos para o ano que vem, mesmo se o Congresso Nacional [&hellip;]","og_url":"https:\/\/www.abesata.org\/br\/subsidio-esta-mantido-para-2015-garante-ministro\/","og_site_name":"Abesata","article_publisher":"https:\/\/www.facebook.com\/abesata.org\/","article_published_time":"2014-11-21T16:48:41+00:00","og_image":[{"width":1710,"height":560,"url":"https:\/\/www.abesata.org\/br\/wp-content\/uploads\/2014\/11\/51.png","type":"image\/png"}],"author":"Ricardo","twitter_card":"summary_large_image","twitter_misc":{"Escrito por":"Ricardo","Est. tempo de leitura":"2 minutos"},"schema":{"@context":"https:\/\/schema.org","@graph":[{"@type":"Article","@id":"https:\/\/www.abesata.org\/br\/subsidio-esta-mantido-para-2015-garante-ministro\/#article","isPartOf":{"@id":"https:\/\/www.abesata.org\/br\/subsidio-esta-mantido-para-2015-garante-ministro\/"},"author":{"name":"Ricardo","@id":"https:\/\/www.abesata.org\/br\/#\/schema\/person\/1f1295145bee68e42ffe39157320456b"},"headline":"Subs\u00eddio est\u00e1 mantido para 2015, garante ministro","datePublished":"2014-11-21T16:48:41+00:00","mainEntityOfPage":{"@id":"https:\/\/www.abesata.org\/br\/subsidio-esta-mantido-para-2015-garante-ministro\/"},"wordCount":409,"publisher":{"@id":"https:\/\/www.abesata.org\/br\/#organization"},"image":{"@id":"https:\/\/www.abesata.org\/br\/subsidio-esta-mantido-para-2015-garante-ministro\/#primaryimage"},"thumbnailUrl":"https:\/\/www.abesata.org\/br\/wp-content\/uploads\/2014\/11\/51.png","inLanguage":"pt-BR"},{"@type":"WebPage","@id":"https:\/\/www.abesata.org\/br\/subsidio-esta-mantido-para-2015-garante-ministro\/","url":"https:\/\/www.abesata.org\/br\/subsidio-esta-mantido-para-2015-garante-ministro\/","name":"Subs\u00eddio est\u00e1 mantido para 2015, garante ministro - Abesata","isPartOf":{"@id":"https:\/\/www.abesata.org\/br\/#website"},"primaryImageOfPage":{"@id":"https:\/\/www.abesata.org\/br\/subsidio-esta-mantido-para-2015-garante-ministro\/#primaryimage"},"image":{"@id":"https:\/\/www.abesata.org\/br\/subsidio-esta-mantido-para-2015-garante-ministro\/#primaryimage"},"thumbnailUrl":"https:\/\/www.abesata.org\/br\/wp-content\/uploads\/2014\/11\/51.png","datePublished":"2014-11-21T16:48:41+00:00","breadcrumb":{"@id":"https:\/\/www.abesata.org\/br\/subsidio-esta-mantido-para-2015-garante-ministro\/#breadcrumb"},"inLanguage":"pt-BR","potentialAction":[{"@type":"ReadAction","target":["https:\/\/www.abesata.org\/br\/subsidio-esta-mantido-para-2015-garante-ministro\/"]}]},{"@type":"ImageObject","inLanguage":"pt-BR","@id":"https:\/\/www.abesata.org\/br\/subsidio-esta-mantido-para-2015-garante-ministro\/#primaryimage","url":"https:\/\/www.abesata.org\/br\/wp-content\/uploads\/2014\/11\/51.png","contentUrl":"https:\/\/www.abesata.org\/br\/wp-content\/uploads\/2014\/11\/51.png","width":1710,"height":560},{"@type":"BreadcrumbList","@id":"https:\/\/www.abesata.org\/br\/subsidio-esta-mantido-para-2015-garante-ministro\/#breadcrumb","itemListElement":[{"@type":"ListItem","position":1,"name":"In\u00edcio","item":"https:\/\/www.abesata.org\/br\/"},{"@type":"ListItem","position":2,"name":"Subs\u00eddio est\u00e1 mantido para 2015, garante ministro"}]},{"@type":"WebSite","@id":"https:\/\/www.abesata.org\/br\/#website","url":"https:\/\/www.abesata.org\/br\/","name":"Abesata","description":"Associa\u00e7\u00e3o Brasileira das Empresas de Servi\u00e7os Auxiliares de Transporte A\u00e9reo","publisher":{"@id":"https:\/\/www.abesata.org\/br\/#organization"},"potentialAction":[{"@type":"SearchAction","target":{"@type":"EntryPoint","urlTemplate":"https:\/\/www.abesata.org\/br\/?s={search_term_string}"},"query-input":{"@type":"PropertyValueSpecification","valueRequired":true,"valueName":"search_term_string"}}],"inLanguage":"pt-BR"},{"@type":"Organization","@id":"https:\/\/www.abesata.org\/br\/#organization","name":"Associa\u00e7\u00e3o Brasileira das Empresas de Servi\u00e7os Auxiliares de Transporte A\u00e9reo","alternateName":"Abesata","url":"https:\/\/www.abesata.org\/br\/","logo":{"@type":"ImageObject","inLanguage":"pt-BR","@id":"https:\/\/www.abesata.org\/br\/#\/schema\/logo\/image\/","url":"https:\/\/www.abesata.org\/br\/wp-content\/uploads\/2023\/10\/Abesata.png","contentUrl":"https:\/\/www.abesata.org\/br\/wp-content\/uploads\/2023\/10\/Abesata.png","width":1063,"height":591,"caption":"Associa\u00e7\u00e3o Brasileira das Empresas de Servi\u00e7os Auxiliares de Transporte A\u00e9reo"},"image":{"@id":"https:\/\/www.abesata.org\/br\/#\/schema\/logo\/image\/"},"sameAs":["https:\/\/www.facebook.com\/abesata.org\/","https:\/\/www.instagram.com\/abesata_gh\/","https:\/\/br.linkedin.com\/company\/abesata"]},{"@type":"Person","@id":"https:\/\/www.abesata.org\/br\/#\/schema\/person\/1f1295145bee68e42ffe39157320456b","name":"Ricardo","image":{"@type":"ImageObject","inLanguage":"pt-BR","@id":"https:\/\/www.abesata.org\/br\/#\/schema\/person\/image\/","url":"https:\/\/secure.gravatar.com\/avatar\/1d856797eb89513dee321f840c1a6bbcec15beb178c003e50adcf59323b3a8a9?s=96&d=mm&r=g","contentUrl":"https:\/\/secure.gravatar.com\/avatar\/1d856797eb89513dee321f840c1a6bbcec15beb178c003e50adcf59323b3a8a9?s=96&d=mm&r=g","caption":"Ricardo"},"url":"https:\/\/www.abesata.org\/br\/author\/ricardo-baroni\/"}]}},"_links":{"self":[{"href":"https:\/\/www.abesata.org\/br\/wp-json\/wp\/v2\/posts\/1878","targetHints":{"allow":["GET"]}}],"collection":[{"href":"https:\/\/www.abesata.org\/br\/wp-json\/wp\/v2\/posts"}],"about":[{"href":"https:\/\/www.abesata.org\/br\/wp-json\/wp\/v2\/types\/post"}],"author":[{"embeddable":true,"href":"https:\/\/www.abesata.org\/br\/wp-json\/wp\/v2\/users\/18"}],"replies":[{"embeddable":true,"href":"https:\/\/www.abesata.org\/br\/wp-json\/wp\/v2\/comments?post=1878"}],"version-history":[{"count":0,"href":"https:\/\/www.abesata.org\/br\/wp-json\/wp\/v2\/posts\/1878\/revisions"}],"wp:featuredmedia":[{"embeddable":true,"href":"https:\/\/www.abesata.org\/br\/wp-json\/wp\/v2\/media\/1879"}],"wp:attachment":[{"href":"https:\/\/www.abesata.org\/br\/wp-json\/wp\/v2\/media?parent=1878"}],"wp:term":[{"taxonomy":"category","embeddable":true,"href":"https:\/\/www.abesata.org\/br\/wp-json\/wp\/v2\/categories?post=1878"},{"taxonomy":"post_tag","embeddable":true,"href":"https:\/\/www.abesata.org\/br\/wp-json\/wp\/v2\/tags?post=1878"}],"curies":[{"name":"wp","href":"https:\/\/api.w.org\/{rel}","templated":true}]}}