{"id":1888,"date":"2014-11-25T23:11:30","date_gmt":"2014-11-26T01:11:30","guid":{"rendered":"http:\/\/www.abesata.org\/?p=1888"},"modified":"2014-11-25T23:11:30","modified_gmt":"2014-11-26T01:11:30","slug":"abesata-debate-problemas-no-aeroporto-de-gru","status":"publish","type":"post","link":"https:\/\/www.abesata.org\/br\/abesata-debate-problemas-no-aeroporto-de-gru\/","title":{"rendered":"ABESATA debate problemas no Aeroporto de GRU"},"content":{"rendered":"<p>Na \u00faltima semana, foi realizada reuni\u00e3o na Associa\u00e7\u00e3o Brasileira de Empresas de Servi\u00e7os Auxiliares de Transporte A\u00e9reo (ABESATA) para discutir os principais problemas operacionais do Aeroporto de Guarulhos, em S\u00e3o Paulo. Esteve presente na reuni\u00e3o, al\u00e9m de toda a diretoria da entidade, o diretor de Opera\u00e7\u00f5es de GRU Airport, Miguel Dau.<\/p>\n<p>O objetivo foi debater os principais problemas operacionais verificados pelas empresas auxiliares de transporte a\u00e9reo hoje no Aeroporto de Guarulhos e buscar solu\u00e7\u00f5es em conjunto. \u201cSabemos das dificuldades do Aeroporto de Guarulhos, o que vi de novo foi a ideia de buscar a colabora\u00e7\u00e3o de todos os setores, incluindo, sem sombra de d\u00favida, o ground handling, pois \u00e9 um segmento de destaque pela quantidade de equipamentos, \u00e1rea ocupada e recursos humanos num aeroporto, al\u00e9m da import\u00e2ncia para o funcionamento da infraestrutura aeron\u00e1utica\u201d, disse o presidente da Abesata, Ricardo Aparecido Miguel.<\/p>\n<p style=\"text-align: right;\">Fonte: PANROTAS<br \/>\n24\/11\/2014<\/p>\n","protected":false},"excerpt":{"rendered":"<p>Na \u00faltima semana, foi realizada reuni\u00e3o na Associa\u00e7\u00e3o Brasileira de Empresas de Servi\u00e7os Auxiliares de Transporte A\u00e9reo (ABESATA) para discutir os principais problemas operacionais do Aeroporto de Guarulhos, em S\u00e3o Paulo. Esteve presente na reuni\u00e3o, al\u00e9m de toda a diretoria da entidade, o diretor de Opera\u00e7\u00f5es de GRU Airport, Miguel Dau. O objetivo foi debater [&hellip;]<\/p>\n","protected":false},"author":18,"featured_media":1648,"comment_status":"closed","ping_status":"closed","sticky":false,"template":"","format":"standard","meta":{"footnotes":""},"categories":[],"tags":[],"class_list":["post-1888","post","type-post","status-publish","format-standard","has-post-thumbnail","hentry"],"yoast_head":"<!-- This site is optimized with the Yoast SEO plugin v26.5 - https:\/\/yoast.com\/wordpress\/plugins\/seo\/ -->\n<title>ABESATA debate problemas no Aeroporto de GRU - Abesata<\/title>\n<meta name=\"robots\" content=\"index, follow, max-snippet:-1, max-image-preview:large, max-video-preview:-1\" \/>\n<link rel=\"canonical\" href=\"https:\/\/www.abesata.org\/br\/abesata-debate-problemas-no-aeroporto-de-gru\/\" \/>\n<meta property=\"og:locale\" content=\"pt_BR\" \/>\n<meta property=\"og:type\" content=\"article\" \/>\n<meta property=\"og:title\" content=\"ABESATA debate problemas no Aeroporto de GRU - Abesata\" \/>\n<meta property=\"og:description\" content=\"Na \u00faltima semana, foi realizada reuni\u00e3o na Associa\u00e7\u00e3o Brasileira de Empresas de Servi\u00e7os Auxiliares de Transporte A\u00e9reo (ABESATA) para discutir os principais problemas operacionais do Aeroporto de Guarulhos, em S\u00e3o Paulo. Esteve presente na reuni\u00e3o, al\u00e9m de toda a diretoria da entidade, o diretor de Opera\u00e7\u00f5es de GRU Airport, Miguel Dau. O objetivo foi debater [&hellip;]\" \/>\n<meta property=\"og:url\" content=\"https:\/\/www.abesata.org\/br\/abesata-debate-problemas-no-aeroporto-de-gru\/\" \/>\n<meta property=\"og:site_name\" content=\"Abesata\" \/>\n<meta property=\"article:publisher\" content=\"https:\/\/www.facebook.com\/abesata.org\/\" \/>\n<meta property=\"article:published_time\" content=\"2014-11-26T01:11:30+00:00\" \/>\n<meta property=\"og:image\" content=\"https:\/\/www.abesata.org\/br\/wp-content\/uploads\/2014\/10\/24.png\" \/>\n\t<meta property=\"og:image:width\" content=\"2047\" \/>\n\t<meta property=\"og:image:height\" content=\"672\" \/>\n\t<meta property=\"og:image:type\" content=\"image\/png\" \/>\n<meta name=\"author\" content=\"Ricardo\" \/>\n<meta name=\"twitter:card\" content=\"summary_large_image\" \/>\n<meta name=\"twitter:label1\" content=\"Escrito por\" \/>\n\t<meta name=\"twitter:data1\" content=\"Ricardo\" \/>\n\t<meta name=\"twitter:label2\" content=\"Est. tempo de leitura\" \/>\n\t<meta name=\"twitter:data2\" content=\"1 minuto\" \/>\n<script type=\"application\/ld+json\" class=\"yoast-schema-graph\">{\"@context\":\"https:\/\/schema.org\",\"@graph\":[{\"@type\":\"Article\",\"@id\":\"https:\/\/www.abesata.org\/br\/abesata-debate-problemas-no-aeroporto-de-gru\/#article\",\"isPartOf\":{\"@id\":\"https:\/\/www.abesata.org\/br\/abesata-debate-problemas-no-aeroporto-de-gru\/\"},\"author\":{\"name\":\"Ricardo\",\"@id\":\"https:\/\/www.abesata.org\/br\/#\/schema\/person\/1f1295145bee68e42ffe39157320456b\"},\"headline\":\"ABESATA debate problemas no Aeroporto de GRU\",\"datePublished\":\"2014-11-26T01:11:30+00:00\",\"mainEntityOfPage\":{\"@id\":\"https:\/\/www.abesata.org\/br\/abesata-debate-problemas-no-aeroporto-de-gru\/\"},\"wordCount\":164,\"publisher\":{\"@id\":\"https:\/\/www.abesata.org\/br\/#organization\"},\"image\":{\"@id\":\"https:\/\/www.abesata.org\/br\/abesata-debate-problemas-no-aeroporto-de-gru\/#primaryimage\"},\"thumbnailUrl\":\"https:\/\/www.abesata.org\/br\/wp-content\/uploads\/2014\/10\/24.png\",\"inLanguage\":\"pt-BR\"},{\"@type\":\"WebPage\",\"@id\":\"https:\/\/www.abesata.org\/br\/abesata-debate-problemas-no-aeroporto-de-gru\/\",\"url\":\"https:\/\/www.abesata.org\/br\/abesata-debate-problemas-no-aeroporto-de-gru\/\",\"name\":\"ABESATA debate problemas no Aeroporto de GRU - Abesata\",\"isPartOf\":{\"@id\":\"https:\/\/www.abesata.org\/br\/#website\"},\"primaryImageOfPage\":{\"@id\":\"https:\/\/www.abesata.org\/br\/abesata-debate-problemas-no-aeroporto-de-gru\/#primaryimage\"},\"image\":{\"@id\":\"https:\/\/www.abesata.org\/br\/abesata-debate-problemas-no-aeroporto-de-gru\/#primaryimage\"},\"thumbnailUrl\":\"https:\/\/www.abesata.org\/br\/wp-content\/uploads\/2014\/10\/24.png\",\"datePublished\":\"2014-11-26T01:11:30+00:00\",\"breadcrumb\":{\"@id\":\"https:\/\/www.abesata.org\/br\/abesata-debate-problemas-no-aeroporto-de-gru\/#breadcrumb\"},\"inLanguage\":\"pt-BR\",\"potentialAction\":[{\"@type\":\"ReadAction\",\"target\":[\"https:\/\/www.abesata.org\/br\/abesata-debate-problemas-no-aeroporto-de-gru\/\"]}]},{\"@type\":\"ImageObject\",\"inLanguage\":\"pt-BR\",\"@id\":\"https:\/\/www.abesata.org\/br\/abesata-debate-problemas-no-aeroporto-de-gru\/#primaryimage\",\"url\":\"https:\/\/www.abesata.org\/br\/wp-content\/uploads\/2014\/10\/24.png\",\"contentUrl\":\"https:\/\/www.abesata.org\/br\/wp-content\/uploads\/2014\/10\/24.png\",\"width\":2047,\"height\":672},{\"@type\":\"BreadcrumbList\",\"@id\":\"https:\/\/www.abesata.org\/br\/abesata-debate-problemas-no-aeroporto-de-gru\/#breadcrumb\",\"itemListElement\":[{\"@type\":\"ListItem\",\"position\":1,\"name\":\"In\u00edcio\",\"item\":\"https:\/\/www.abesata.org\/br\/\"},{\"@type\":\"ListItem\",\"position\":2,\"name\":\"ABESATA debate problemas no Aeroporto de GRU\"}]},{\"@type\":\"WebSite\",\"@id\":\"https:\/\/www.abesata.org\/br\/#website\",\"url\":\"https:\/\/www.abesata.org\/br\/\",\"name\":\"Abesata\",\"description\":\"Associa\u00e7\u00e3o Brasileira das Empresas de Servi\u00e7os Auxiliares de Transporte A\u00e9reo\",\"publisher\":{\"@id\":\"https:\/\/www.abesata.org\/br\/#organization\"},\"potentialAction\":[{\"@type\":\"SearchAction\",\"target\":{\"@type\":\"EntryPoint\",\"urlTemplate\":\"https:\/\/www.abesata.org\/br\/?s={search_term_string}\"},\"query-input\":{\"@type\":\"PropertyValueSpecification\",\"valueRequired\":true,\"valueName\":\"search_term_string\"}}],\"inLanguage\":\"pt-BR\"},{\"@type\":\"Organization\",\"@id\":\"https:\/\/www.abesata.org\/br\/#organization\",\"name\":\"Associa\u00e7\u00e3o Brasileira das Empresas de Servi\u00e7os Auxiliares de Transporte A\u00e9reo\",\"alternateName\":\"Abesata\",\"url\":\"https:\/\/www.abesata.org\/br\/\",\"logo\":{\"@type\":\"ImageObject\",\"inLanguage\":\"pt-BR\",\"@id\":\"https:\/\/www.abesata.org\/br\/#\/schema\/logo\/image\/\",\"url\":\"https:\/\/www.abesata.org\/br\/wp-content\/uploads\/2023\/10\/Abesata.png\",\"contentUrl\":\"https:\/\/www.abesata.org\/br\/wp-content\/uploads\/2023\/10\/Abesata.png\",\"width\":1063,\"height\":591,\"caption\":\"Associa\u00e7\u00e3o Brasileira das Empresas de Servi\u00e7os Auxiliares de Transporte A\u00e9reo\"},\"image\":{\"@id\":\"https:\/\/www.abesata.org\/br\/#\/schema\/logo\/image\/\"},\"sameAs\":[\"https:\/\/www.facebook.com\/abesata.org\/\",\"https:\/\/www.instagram.com\/abesata_gh\/\",\"https:\/\/br.linkedin.com\/company\/abesata\"]},{\"@type\":\"Person\",\"@id\":\"https:\/\/www.abesata.org\/br\/#\/schema\/person\/1f1295145bee68e42ffe39157320456b\",\"name\":\"Ricardo\",\"image\":{\"@type\":\"ImageObject\",\"inLanguage\":\"pt-BR\",\"@id\":\"https:\/\/www.abesata.org\/br\/#\/schema\/person\/image\/\",\"url\":\"https:\/\/secure.gravatar.com\/avatar\/1d856797eb89513dee321f840c1a6bbcec15beb178c003e50adcf59323b3a8a9?s=96&d=mm&r=g\",\"contentUrl\":\"https:\/\/secure.gravatar.com\/avatar\/1d856797eb89513dee321f840c1a6bbcec15beb178c003e50adcf59323b3a8a9?s=96&d=mm&r=g\",\"caption\":\"Ricardo\"},\"url\":\"https:\/\/www.abesata.org\/br\/author\/ricardo-baroni\/\"}]}<\/script>\n<!-- \/ Yoast SEO plugin. -->","yoast_head_json":{"title":"ABESATA debate problemas no Aeroporto de GRU - Abesata","robots":{"index":"index","follow":"follow","max-snippet":"max-snippet:-1","max-image-preview":"max-image-preview:large","max-video-preview":"max-video-preview:-1"},"canonical":"https:\/\/www.abesata.org\/br\/abesata-debate-problemas-no-aeroporto-de-gru\/","og_locale":"pt_BR","og_type":"article","og_title":"ABESATA debate problemas no Aeroporto de GRU - Abesata","og_description":"Na \u00faltima semana, foi realizada reuni\u00e3o na Associa\u00e7\u00e3o Brasileira de Empresas de Servi\u00e7os Auxiliares de Transporte A\u00e9reo (ABESATA) para discutir os principais problemas operacionais do Aeroporto de Guarulhos, em S\u00e3o Paulo. Esteve presente na reuni\u00e3o, al\u00e9m de toda a diretoria da entidade, o diretor de Opera\u00e7\u00f5es de GRU Airport, Miguel Dau. O objetivo foi debater [&hellip;]","og_url":"https:\/\/www.abesata.org\/br\/abesata-debate-problemas-no-aeroporto-de-gru\/","og_site_name":"Abesata","article_publisher":"https:\/\/www.facebook.com\/abesata.org\/","article_published_time":"2014-11-26T01:11:30+00:00","og_image":[{"width":2047,"height":672,"url":"https:\/\/www.abesata.org\/br\/wp-content\/uploads\/2014\/10\/24.png","type":"image\/png"}],"author":"Ricardo","twitter_card":"summary_large_image","twitter_misc":{"Escrito por":"Ricardo","Est. tempo de leitura":"1 minuto"},"schema":{"@context":"https:\/\/schema.org","@graph":[{"@type":"Article","@id":"https:\/\/www.abesata.org\/br\/abesata-debate-problemas-no-aeroporto-de-gru\/#article","isPartOf":{"@id":"https:\/\/www.abesata.org\/br\/abesata-debate-problemas-no-aeroporto-de-gru\/"},"author":{"name":"Ricardo","@id":"https:\/\/www.abesata.org\/br\/#\/schema\/person\/1f1295145bee68e42ffe39157320456b"},"headline":"ABESATA debate problemas no Aeroporto de GRU","datePublished":"2014-11-26T01:11:30+00:00","mainEntityOfPage":{"@id":"https:\/\/www.abesata.org\/br\/abesata-debate-problemas-no-aeroporto-de-gru\/"},"wordCount":164,"publisher":{"@id":"https:\/\/www.abesata.org\/br\/#organization"},"image":{"@id":"https:\/\/www.abesata.org\/br\/abesata-debate-problemas-no-aeroporto-de-gru\/#primaryimage"},"thumbnailUrl":"https:\/\/www.abesata.org\/br\/wp-content\/uploads\/2014\/10\/24.png","inLanguage":"pt-BR"},{"@type":"WebPage","@id":"https:\/\/www.abesata.org\/br\/abesata-debate-problemas-no-aeroporto-de-gru\/","url":"https:\/\/www.abesata.org\/br\/abesata-debate-problemas-no-aeroporto-de-gru\/","name":"ABESATA debate problemas no Aeroporto de GRU - Abesata","isPartOf":{"@id":"https:\/\/www.abesata.org\/br\/#website"},"primaryImageOfPage":{"@id":"https:\/\/www.abesata.org\/br\/abesata-debate-problemas-no-aeroporto-de-gru\/#primaryimage"},"image":{"@id":"https:\/\/www.abesata.org\/br\/abesata-debate-problemas-no-aeroporto-de-gru\/#primaryimage"},"thumbnailUrl":"https:\/\/www.abesata.org\/br\/wp-content\/uploads\/2014\/10\/24.png","datePublished":"2014-11-26T01:11:30+00:00","breadcrumb":{"@id":"https:\/\/www.abesata.org\/br\/abesata-debate-problemas-no-aeroporto-de-gru\/#breadcrumb"},"inLanguage":"pt-BR","potentialAction":[{"@type":"ReadAction","target":["https:\/\/www.abesata.org\/br\/abesata-debate-problemas-no-aeroporto-de-gru\/"]}]},{"@type":"ImageObject","inLanguage":"pt-BR","@id":"https:\/\/www.abesata.org\/br\/abesata-debate-problemas-no-aeroporto-de-gru\/#primaryimage","url":"https:\/\/www.abesata.org\/br\/wp-content\/uploads\/2014\/10\/24.png","contentUrl":"https:\/\/www.abesata.org\/br\/wp-content\/uploads\/2014\/10\/24.png","width":2047,"height":672},{"@type":"BreadcrumbList","@id":"https:\/\/www.abesata.org\/br\/abesata-debate-problemas-no-aeroporto-de-gru\/#breadcrumb","itemListElement":[{"@type":"ListItem","position":1,"name":"In\u00edcio","item":"https:\/\/www.abesata.org\/br\/"},{"@type":"ListItem","position":2,"name":"ABESATA debate problemas no Aeroporto de GRU"}]},{"@type":"WebSite","@id":"https:\/\/www.abesata.org\/br\/#website","url":"https:\/\/www.abesata.org\/br\/","name":"Abesata","description":"Associa\u00e7\u00e3o Brasileira das Empresas de Servi\u00e7os Auxiliares de Transporte A\u00e9reo","publisher":{"@id":"https:\/\/www.abesata.org\/br\/#organization"},"potentialAction":[{"@type":"SearchAction","target":{"@type":"EntryPoint","urlTemplate":"https:\/\/www.abesata.org\/br\/?s={search_term_string}"},"query-input":{"@type":"PropertyValueSpecification","valueRequired":true,"valueName":"search_term_string"}}],"inLanguage":"pt-BR"},{"@type":"Organization","@id":"https:\/\/www.abesata.org\/br\/#organization","name":"Associa\u00e7\u00e3o Brasileira das Empresas de Servi\u00e7os Auxiliares de Transporte A\u00e9reo","alternateName":"Abesata","url":"https:\/\/www.abesata.org\/br\/","logo":{"@type":"ImageObject","inLanguage":"pt-BR","@id":"https:\/\/www.abesata.org\/br\/#\/schema\/logo\/image\/","url":"https:\/\/www.abesata.org\/br\/wp-content\/uploads\/2023\/10\/Abesata.png","contentUrl":"https:\/\/www.abesata.org\/br\/wp-content\/uploads\/2023\/10\/Abesata.png","width":1063,"height":591,"caption":"Associa\u00e7\u00e3o Brasileira das Empresas de Servi\u00e7os Auxiliares de Transporte A\u00e9reo"},"image":{"@id":"https:\/\/www.abesata.org\/br\/#\/schema\/logo\/image\/"},"sameAs":["https:\/\/www.facebook.com\/abesata.org\/","https:\/\/www.instagram.com\/abesata_gh\/","https:\/\/br.linkedin.com\/company\/abesata"]},{"@type":"Person","@id":"https:\/\/www.abesata.org\/br\/#\/schema\/person\/1f1295145bee68e42ffe39157320456b","name":"Ricardo","image":{"@type":"ImageObject","inLanguage":"pt-BR","@id":"https:\/\/www.abesata.org\/br\/#\/schema\/person\/image\/","url":"https:\/\/secure.gravatar.com\/avatar\/1d856797eb89513dee321f840c1a6bbcec15beb178c003e50adcf59323b3a8a9?s=96&d=mm&r=g","contentUrl":"https:\/\/secure.gravatar.com\/avatar\/1d856797eb89513dee321f840c1a6bbcec15beb178c003e50adcf59323b3a8a9?s=96&d=mm&r=g","caption":"Ricardo"},"url":"https:\/\/www.abesata.org\/br\/author\/ricardo-baroni\/"}]}},"_links":{"self":[{"href":"https:\/\/www.abesata.org\/br\/wp-json\/wp\/v2\/posts\/1888","targetHints":{"allow":["GET"]}}],"collection":[{"href":"https:\/\/www.abesata.org\/br\/wp-json\/wp\/v2\/posts"}],"about":[{"href":"https:\/\/www.abesata.org\/br\/wp-json\/wp\/v2\/types\/post"}],"author":[{"embeddable":true,"href":"https:\/\/www.abesata.org\/br\/wp-json\/wp\/v2\/users\/18"}],"replies":[{"embeddable":true,"href":"https:\/\/www.abesata.org\/br\/wp-json\/wp\/v2\/comments?post=1888"}],"version-history":[{"count":0,"href":"https:\/\/www.abesata.org\/br\/wp-json\/wp\/v2\/posts\/1888\/revisions"}],"wp:featuredmedia":[{"embeddable":true,"href":"https:\/\/www.abesata.org\/br\/wp-json\/wp\/v2\/media\/1648"}],"wp:attachment":[{"href":"https:\/\/www.abesata.org\/br\/wp-json\/wp\/v2\/media?parent=1888"}],"wp:term":[{"taxonomy":"category","embeddable":true,"href":"https:\/\/www.abesata.org\/br\/wp-json\/wp\/v2\/categories?post=1888"},{"taxonomy":"post_tag","embeddable":true,"href":"https:\/\/www.abesata.org\/br\/wp-json\/wp\/v2\/tags?post=1888"}],"curies":[{"name":"wp","href":"https:\/\/api.w.org\/{rel}","templated":true}]}}