{"id":1890,"date":"2014-11-25T23:10:38","date_gmt":"2014-11-26T01:10:38","guid":{"rendered":"http:\/\/www.abesata.org\/?p=1890"},"modified":"2014-11-25T23:10:38","modified_gmt":"2014-11-26T01:10:38","slug":"aeroporto-de-londrina-se-prepara-para-receber-2-milhoes-de-passageiros-por-ano","status":"publish","type":"post","link":"https:\/\/www.abesata.org\/br\/aeroporto-de-londrina-se-prepara-para-receber-2-milhoes-de-passageiros-por-ano\/","title":{"rendered":"Aeroporto de Londrina se prepara para receber 2 milh\u00f5es de passageiros por ano"},"content":{"rendered":"<p>Pelo terceiro ano consecutivo, o Aeroporto Jos\u00e9 Richa ultrapassou a marca de 1 milh\u00e3o de passageiros por ano, o que foi confirmado na semana passada entre quarta-feira (19\/11) e quinta-feira (20\/11). A expectativa da\u00a0Empresa\u00a0Brasileira de Infraestrutura Aeroportu\u00e1ria (Infraero) \u00e9 fechar 2014 com mais de 1,15 milh\u00f5es de passageiros, o que significa crescimento de 11% em rela\u00e7\u00e3o ao ano passado e um novo recorde na hist\u00f3ria do aeroporto.<\/p>\n<p>Al\u00e9m disso, segundo a proje\u00e7\u00e3o da Infraero, o terminal de Londrina tem potencial para receber o dobro de passageiros, com mais de 2 milh\u00f5es de usu\u00e1rios por ano. N\u00e3o seria a primeira\u00a0vez, j\u00e1 que comparado com 2009, quando aeroporto teve 572 mil passageiros, o crescimento \u00e9 de 100% em seis anos.<\/p>\n<p>Em\u00a0entrevista\u00a0ao portal\u00a0<b>Bonde<\/b>, o superintendente da Infraero, Marcus Vin\u00edcius Pio, afirmou que o movimento de passageiros e a capacidade do aeroporto \u00e9 um reflexo econ\u00f4mico da regi\u00e3o. &#8220;O terminal est\u00e1 localizado em Londrina, mas atende toda a regi\u00e3o Norte do Estado. Al\u00e9m disso, a popula\u00e7\u00e3o descobriu os\u00a0benef\u00edcios\u00a0do transporte a\u00e9reo, que continua com um pre\u00e7o acess\u00edvel&#8221;, avaliou.<\/p>\n<p>Questionado sobre a possibilidade de dobrar a capacidade, Pio explicou que a Infraero trabalha para fornecer a infraestrutura necess\u00e1ria, mas o mercado e a demanda determinam o n\u00famero de voos. &#8220;Trabalhamos para n\u00e3o sermos um obst\u00e1culo no crescimento do aeroporto. Ao inv\u00e9s disso, o nosso objetivo \u00e9 ser um agente facilitador para a implanta\u00e7\u00e3o de novos voos com melhorias, principalmente, no conforto e na seguran\u00e7a dos usu\u00e1rios&#8221;, ressaltou.<\/p>\n<p>Atualmente, o aeroporto de Londrina tem aproximadamente 40 voos di\u00e1rios.<\/p>\n<p><b>Obras no terminal<\/b><\/p>\n<p>A nova sala de embarque do aeroporto de Londrina ser\u00e1 tr\u00eas vezes maior do que a atual e deve ser inaugurado at\u00e9 o m\u00eas de mar\u00e7o. O local com 1,2 mil metros quadrado contar\u00e1 com quatro port\u00f5es de embarque, tr\u00eas canais de inspe\u00e7\u00e3o, espa\u00e7os para estabelecimentos comerciais e novos assentos. Al\u00e9m disso, ser\u00e3o instalados novos banheiros tanto na \u00e1rea de embarque quanto no sagu\u00e3o, que incluir\u00e3o tamb\u00e9m adapta\u00e7\u00f5es para a acessibilidade e frald\u00e1rio.<\/p>\n<p>O superintendente tamb\u00e9m adiantou que o projeto para a nova sala de desembarque ser\u00e1 contratado no ano que vem e que a obra deve ser executado em 2016.<\/p>\n<p>J\u00e1 a instala\u00e7\u00e3o do ILS e amplia\u00e7\u00e3o da pista de taxiamento e de pouso e decolagem dependem do processo de desapropria\u00e7\u00e3o da face norte do aeroporto, coordenado pela Prefeitura de Londrina.<\/p>\n<p>Um novo pr\u00e9dio de navega\u00e7\u00e3o tamb\u00e9m \u00e9 previsto para instala\u00e7\u00e3o dos equipamentos do radar de controle de aproxima\u00e7\u00e3o e para o aumento do efetivo. A parte administrativa da Infraero tamb\u00e9m ser\u00e1 ampliada no aeroporto. O resultado da licita\u00e7\u00e3o foi divulgado no in\u00edcio de novembro. A empresa londrinense Regional Planejamento e Constru\u00e7\u00f5es Civis ficar\u00e1 respons\u00e1vel pelas obras.<\/p>\n<p><a href=\"http:\/\/www.abesata.org\/wp-content\/uploads\/2014\/11\/londrina-11.jpg\"><img fetchpriority=\"high\" decoding=\"async\" class=\"aligncenter size-full wp-image-1891\" alt=\"londrina 11\" src=\"https:\/\/www.abesata.org\/br\/wp-content\/uploads\/2014\/11\/londrina-11.jpg\" width=\"500\" height=\"345\" srcset=\"https:\/\/www.abesata.org\/br\/wp-content\/uploads\/2014\/11\/londrina-11.jpg 500w, https:\/\/www.abesata.org\/br\/wp-content\/uploads\/2014\/11\/londrina-11-300x207.jpg 300w, https:\/\/www.abesata.org\/br\/wp-content\/uploads\/2014\/11\/londrina-11-217x150.jpg 217w, https:\/\/www.abesata.org\/br\/wp-content\/uploads\/2014\/11\/londrina-11-150x103.jpg 150w\" sizes=\"(max-width: 500px) 100vw, 500px\" \/><\/a><\/p>\n<p style=\"text-align: right;\">Fonte: Bonde<br \/>\n25\/11\/2014<br \/>\nFotos: Bonde<\/p>\n","protected":false},"excerpt":{"rendered":"<p>Pelo terceiro ano consecutivo, o Aeroporto Jos\u00e9 Richa ultrapassou a marca de 1 milh\u00e3o de passageiros por ano, o que foi confirmado na semana passada entre quarta-feira (19\/11) e quinta-feira (20\/11). A expectativa da\u00a0Empresa\u00a0Brasileira de Infraestrutura Aeroportu\u00e1ria (Infraero) \u00e9 fechar 2014 com mais de 1,15 milh\u00f5es de passageiros, o que significa crescimento de 11% em [&hellip;]<\/p>\n","protected":false},"author":18,"featured_media":1892,"comment_status":"closed","ping_status":"closed","sticky":false,"template":"","format":"standard","meta":{"footnotes":""},"categories":[],"tags":[],"class_list":["post-1890","post","type-post","status-publish","format-standard","has-post-thumbnail","hentry"],"yoast_head":"<!-- This site is optimized with the Yoast SEO plugin v26.5 - https:\/\/yoast.com\/wordpress\/plugins\/seo\/ -->\n<title>Aeroporto de Londrina se prepara para receber 2 milh\u00f5es de passageiros por ano - Abesata<\/title>\n<meta name=\"robots\" content=\"index, follow, max-snippet:-1, max-image-preview:large, max-video-preview:-1\" \/>\n<link rel=\"canonical\" href=\"https:\/\/www.abesata.org\/br\/aeroporto-de-londrina-se-prepara-para-receber-2-milhoes-de-passageiros-por-ano\/\" \/>\n<meta property=\"og:locale\" content=\"pt_BR\" \/>\n<meta property=\"og:type\" content=\"article\" \/>\n<meta property=\"og:title\" content=\"Aeroporto de Londrina se prepara para receber 2 milh\u00f5es de passageiros por ano - Abesata\" \/>\n<meta property=\"og:description\" content=\"Pelo terceiro ano consecutivo, o Aeroporto Jos\u00e9 Richa ultrapassou a marca de 1 milh\u00e3o de passageiros por ano, o que foi confirmado na semana passada entre quarta-feira (19\/11) e quinta-feira (20\/11). A expectativa da\u00a0Empresa\u00a0Brasileira de Infraestrutura Aeroportu\u00e1ria (Infraero) \u00e9 fechar 2014 com mais de 1,15 milh\u00f5es de passageiros, o que significa crescimento de 11% em [&hellip;]\" \/>\n<meta property=\"og:url\" content=\"https:\/\/www.abesata.org\/br\/aeroporto-de-londrina-se-prepara-para-receber-2-milhoes-de-passageiros-por-ano\/\" \/>\n<meta property=\"og:site_name\" content=\"Abesata\" \/>\n<meta property=\"article:publisher\" content=\"https:\/\/www.facebook.com\/abesata.org\/\" \/>\n<meta property=\"article:published_time\" content=\"2014-11-26T01:10:38+00:00\" \/>\n<meta property=\"og:image\" content=\"https:\/\/www.abesata.org\/br\/wp-content\/uploads\/2014\/11\/53.png\" \/>\n\t<meta property=\"og:image:width\" content=\"1710\" \/>\n\t<meta property=\"og:image:height\" content=\"560\" \/>\n\t<meta property=\"og:image:type\" content=\"image\/png\" \/>\n<meta name=\"author\" content=\"Ricardo\" \/>\n<meta name=\"twitter:card\" content=\"summary_large_image\" \/>\n<meta name=\"twitter:label1\" content=\"Escrito por\" \/>\n\t<meta name=\"twitter:data1\" content=\"Ricardo\" \/>\n\t<meta name=\"twitter:label2\" content=\"Est. tempo de leitura\" \/>\n\t<meta name=\"twitter:data2\" content=\"2 minutos\" \/>\n<script type=\"application\/ld+json\" class=\"yoast-schema-graph\">{\"@context\":\"https:\/\/schema.org\",\"@graph\":[{\"@type\":\"Article\",\"@id\":\"https:\/\/www.abesata.org\/br\/aeroporto-de-londrina-se-prepara-para-receber-2-milhoes-de-passageiros-por-ano\/#article\",\"isPartOf\":{\"@id\":\"https:\/\/www.abesata.org\/br\/aeroporto-de-londrina-se-prepara-para-receber-2-milhoes-de-passageiros-por-ano\/\"},\"author\":{\"name\":\"Ricardo\",\"@id\":\"https:\/\/www.abesata.org\/br\/#\/schema\/person\/1f1295145bee68e42ffe39157320456b\"},\"headline\":\"Aeroporto de Londrina se prepara para receber 2 milh\u00f5es de passageiros por ano\",\"datePublished\":\"2014-11-26T01:10:38+00:00\",\"mainEntityOfPage\":{\"@id\":\"https:\/\/www.abesata.org\/br\/aeroporto-de-londrina-se-prepara-para-receber-2-milhoes-de-passageiros-por-ano\/\"},\"wordCount\":506,\"publisher\":{\"@id\":\"https:\/\/www.abesata.org\/br\/#organization\"},\"image\":{\"@id\":\"https:\/\/www.abesata.org\/br\/aeroporto-de-londrina-se-prepara-para-receber-2-milhoes-de-passageiros-por-ano\/#primaryimage\"},\"thumbnailUrl\":\"https:\/\/www.abesata.org\/br\/wp-content\/uploads\/2014\/11\/53.png\",\"inLanguage\":\"pt-BR\"},{\"@type\":\"WebPage\",\"@id\":\"https:\/\/www.abesata.org\/br\/aeroporto-de-londrina-se-prepara-para-receber-2-milhoes-de-passageiros-por-ano\/\",\"url\":\"https:\/\/www.abesata.org\/br\/aeroporto-de-londrina-se-prepara-para-receber-2-milhoes-de-passageiros-por-ano\/\",\"name\":\"Aeroporto de Londrina se prepara para receber 2 milh\u00f5es de passageiros por ano - Abesata\",\"isPartOf\":{\"@id\":\"https:\/\/www.abesata.org\/br\/#website\"},\"primaryImageOfPage\":{\"@id\":\"https:\/\/www.abesata.org\/br\/aeroporto-de-londrina-se-prepara-para-receber-2-milhoes-de-passageiros-por-ano\/#primaryimage\"},\"image\":{\"@id\":\"https:\/\/www.abesata.org\/br\/aeroporto-de-londrina-se-prepara-para-receber-2-milhoes-de-passageiros-por-ano\/#primaryimage\"},\"thumbnailUrl\":\"https:\/\/www.abesata.org\/br\/wp-content\/uploads\/2014\/11\/53.png\",\"datePublished\":\"2014-11-26T01:10:38+00:00\",\"breadcrumb\":{\"@id\":\"https:\/\/www.abesata.org\/br\/aeroporto-de-londrina-se-prepara-para-receber-2-milhoes-de-passageiros-por-ano\/#breadcrumb\"},\"inLanguage\":\"pt-BR\",\"potentialAction\":[{\"@type\":\"ReadAction\",\"target\":[\"https:\/\/www.abesata.org\/br\/aeroporto-de-londrina-se-prepara-para-receber-2-milhoes-de-passageiros-por-ano\/\"]}]},{\"@type\":\"ImageObject\",\"inLanguage\":\"pt-BR\",\"@id\":\"https:\/\/www.abesata.org\/br\/aeroporto-de-londrina-se-prepara-para-receber-2-milhoes-de-passageiros-por-ano\/#primaryimage\",\"url\":\"https:\/\/www.abesata.org\/br\/wp-content\/uploads\/2014\/11\/53.png\",\"contentUrl\":\"https:\/\/www.abesata.org\/br\/wp-content\/uploads\/2014\/11\/53.png\",\"width\":1710,\"height\":560},{\"@type\":\"BreadcrumbList\",\"@id\":\"https:\/\/www.abesata.org\/br\/aeroporto-de-londrina-se-prepara-para-receber-2-milhoes-de-passageiros-por-ano\/#breadcrumb\",\"itemListElement\":[{\"@type\":\"ListItem\",\"position\":1,\"name\":\"In\u00edcio\",\"item\":\"https:\/\/www.abesata.org\/br\/\"},{\"@type\":\"ListItem\",\"position\":2,\"name\":\"Aeroporto de Londrina se prepara para receber 2 milh\u00f5es de passageiros por ano\"}]},{\"@type\":\"WebSite\",\"@id\":\"https:\/\/www.abesata.org\/br\/#website\",\"url\":\"https:\/\/www.abesata.org\/br\/\",\"name\":\"Abesata\",\"description\":\"Associa\u00e7\u00e3o Brasileira das Empresas de Servi\u00e7os Auxiliares de Transporte A\u00e9reo\",\"publisher\":{\"@id\":\"https:\/\/www.abesata.org\/br\/#organization\"},\"potentialAction\":[{\"@type\":\"SearchAction\",\"target\":{\"@type\":\"EntryPoint\",\"urlTemplate\":\"https:\/\/www.abesata.org\/br\/?s={search_term_string}\"},\"query-input\":{\"@type\":\"PropertyValueSpecification\",\"valueRequired\":true,\"valueName\":\"search_term_string\"}}],\"inLanguage\":\"pt-BR\"},{\"@type\":\"Organization\",\"@id\":\"https:\/\/www.abesata.org\/br\/#organization\",\"name\":\"Associa\u00e7\u00e3o Brasileira das Empresas de Servi\u00e7os Auxiliares de Transporte A\u00e9reo\",\"alternateName\":\"Abesata\",\"url\":\"https:\/\/www.abesata.org\/br\/\",\"logo\":{\"@type\":\"ImageObject\",\"inLanguage\":\"pt-BR\",\"@id\":\"https:\/\/www.abesata.org\/br\/#\/schema\/logo\/image\/\",\"url\":\"https:\/\/www.abesata.org\/br\/wp-content\/uploads\/2023\/10\/Abesata.png\",\"contentUrl\":\"https:\/\/www.abesata.org\/br\/wp-content\/uploads\/2023\/10\/Abesata.png\",\"width\":1063,\"height\":591,\"caption\":\"Associa\u00e7\u00e3o Brasileira das Empresas de Servi\u00e7os Auxiliares de Transporte A\u00e9reo\"},\"image\":{\"@id\":\"https:\/\/www.abesata.org\/br\/#\/schema\/logo\/image\/\"},\"sameAs\":[\"https:\/\/www.facebook.com\/abesata.org\/\",\"https:\/\/www.instagram.com\/abesata_gh\/\",\"https:\/\/br.linkedin.com\/company\/abesata\"]},{\"@type\":\"Person\",\"@id\":\"https:\/\/www.abesata.org\/br\/#\/schema\/person\/1f1295145bee68e42ffe39157320456b\",\"name\":\"Ricardo\",\"image\":{\"@type\":\"ImageObject\",\"inLanguage\":\"pt-BR\",\"@id\":\"https:\/\/www.abesata.org\/br\/#\/schema\/person\/image\/\",\"url\":\"https:\/\/secure.gravatar.com\/avatar\/1d856797eb89513dee321f840c1a6bbcec15beb178c003e50adcf59323b3a8a9?s=96&d=mm&r=g\",\"contentUrl\":\"https:\/\/secure.gravatar.com\/avatar\/1d856797eb89513dee321f840c1a6bbcec15beb178c003e50adcf59323b3a8a9?s=96&d=mm&r=g\",\"caption\":\"Ricardo\"},\"url\":\"https:\/\/www.abesata.org\/br\/author\/ricardo-baroni\/\"}]}<\/script>\n<!-- \/ Yoast SEO plugin. -->","yoast_head_json":{"title":"Aeroporto de Londrina se prepara para receber 2 milh\u00f5es de passageiros por ano - Abesata","robots":{"index":"index","follow":"follow","max-snippet":"max-snippet:-1","max-image-preview":"max-image-preview:large","max-video-preview":"max-video-preview:-1"},"canonical":"https:\/\/www.abesata.org\/br\/aeroporto-de-londrina-se-prepara-para-receber-2-milhoes-de-passageiros-por-ano\/","og_locale":"pt_BR","og_type":"article","og_title":"Aeroporto de Londrina se prepara para receber 2 milh\u00f5es de passageiros por ano - Abesata","og_description":"Pelo terceiro ano consecutivo, o Aeroporto Jos\u00e9 Richa ultrapassou a marca de 1 milh\u00e3o de passageiros por ano, o que foi confirmado na semana passada entre quarta-feira (19\/11) e quinta-feira (20\/11). A expectativa da\u00a0Empresa\u00a0Brasileira de Infraestrutura Aeroportu\u00e1ria (Infraero) \u00e9 fechar 2014 com mais de 1,15 milh\u00f5es de passageiros, o que significa crescimento de 11% em [&hellip;]","og_url":"https:\/\/www.abesata.org\/br\/aeroporto-de-londrina-se-prepara-para-receber-2-milhoes-de-passageiros-por-ano\/","og_site_name":"Abesata","article_publisher":"https:\/\/www.facebook.com\/abesata.org\/","article_published_time":"2014-11-26T01:10:38+00:00","og_image":[{"width":1710,"height":560,"url":"https:\/\/www.abesata.org\/br\/wp-content\/uploads\/2014\/11\/53.png","type":"image\/png"}],"author":"Ricardo","twitter_card":"summary_large_image","twitter_misc":{"Escrito por":"Ricardo","Est. tempo de leitura":"2 minutos"},"schema":{"@context":"https:\/\/schema.org","@graph":[{"@type":"Article","@id":"https:\/\/www.abesata.org\/br\/aeroporto-de-londrina-se-prepara-para-receber-2-milhoes-de-passageiros-por-ano\/#article","isPartOf":{"@id":"https:\/\/www.abesata.org\/br\/aeroporto-de-londrina-se-prepara-para-receber-2-milhoes-de-passageiros-por-ano\/"},"author":{"name":"Ricardo","@id":"https:\/\/www.abesata.org\/br\/#\/schema\/person\/1f1295145bee68e42ffe39157320456b"},"headline":"Aeroporto de Londrina se prepara para receber 2 milh\u00f5es de passageiros por ano","datePublished":"2014-11-26T01:10:38+00:00","mainEntityOfPage":{"@id":"https:\/\/www.abesata.org\/br\/aeroporto-de-londrina-se-prepara-para-receber-2-milhoes-de-passageiros-por-ano\/"},"wordCount":506,"publisher":{"@id":"https:\/\/www.abesata.org\/br\/#organization"},"image":{"@id":"https:\/\/www.abesata.org\/br\/aeroporto-de-londrina-se-prepara-para-receber-2-milhoes-de-passageiros-por-ano\/#primaryimage"},"thumbnailUrl":"https:\/\/www.abesata.org\/br\/wp-content\/uploads\/2014\/11\/53.png","inLanguage":"pt-BR"},{"@type":"WebPage","@id":"https:\/\/www.abesata.org\/br\/aeroporto-de-londrina-se-prepara-para-receber-2-milhoes-de-passageiros-por-ano\/","url":"https:\/\/www.abesata.org\/br\/aeroporto-de-londrina-se-prepara-para-receber-2-milhoes-de-passageiros-por-ano\/","name":"Aeroporto de Londrina se prepara para receber 2 milh\u00f5es de passageiros por ano - Abesata","isPartOf":{"@id":"https:\/\/www.abesata.org\/br\/#website"},"primaryImageOfPage":{"@id":"https:\/\/www.abesata.org\/br\/aeroporto-de-londrina-se-prepara-para-receber-2-milhoes-de-passageiros-por-ano\/#primaryimage"},"image":{"@id":"https:\/\/www.abesata.org\/br\/aeroporto-de-londrina-se-prepara-para-receber-2-milhoes-de-passageiros-por-ano\/#primaryimage"},"thumbnailUrl":"https:\/\/www.abesata.org\/br\/wp-content\/uploads\/2014\/11\/53.png","datePublished":"2014-11-26T01:10:38+00:00","breadcrumb":{"@id":"https:\/\/www.abesata.org\/br\/aeroporto-de-londrina-se-prepara-para-receber-2-milhoes-de-passageiros-por-ano\/#breadcrumb"},"inLanguage":"pt-BR","potentialAction":[{"@type":"ReadAction","target":["https:\/\/www.abesata.org\/br\/aeroporto-de-londrina-se-prepara-para-receber-2-milhoes-de-passageiros-por-ano\/"]}]},{"@type":"ImageObject","inLanguage":"pt-BR","@id":"https:\/\/www.abesata.org\/br\/aeroporto-de-londrina-se-prepara-para-receber-2-milhoes-de-passageiros-por-ano\/#primaryimage","url":"https:\/\/www.abesata.org\/br\/wp-content\/uploads\/2014\/11\/53.png","contentUrl":"https:\/\/www.abesata.org\/br\/wp-content\/uploads\/2014\/11\/53.png","width":1710,"height":560},{"@type":"BreadcrumbList","@id":"https:\/\/www.abesata.org\/br\/aeroporto-de-londrina-se-prepara-para-receber-2-milhoes-de-passageiros-por-ano\/#breadcrumb","itemListElement":[{"@type":"ListItem","position":1,"name":"In\u00edcio","item":"https:\/\/www.abesata.org\/br\/"},{"@type":"ListItem","position":2,"name":"Aeroporto de Londrina se prepara para receber 2 milh\u00f5es de passageiros por ano"}]},{"@type":"WebSite","@id":"https:\/\/www.abesata.org\/br\/#website","url":"https:\/\/www.abesata.org\/br\/","name":"Abesata","description":"Associa\u00e7\u00e3o Brasileira das Empresas de Servi\u00e7os Auxiliares de Transporte A\u00e9reo","publisher":{"@id":"https:\/\/www.abesata.org\/br\/#organization"},"potentialAction":[{"@type":"SearchAction","target":{"@type":"EntryPoint","urlTemplate":"https:\/\/www.abesata.org\/br\/?s={search_term_string}"},"query-input":{"@type":"PropertyValueSpecification","valueRequired":true,"valueName":"search_term_string"}}],"inLanguage":"pt-BR"},{"@type":"Organization","@id":"https:\/\/www.abesata.org\/br\/#organization","name":"Associa\u00e7\u00e3o Brasileira das Empresas de Servi\u00e7os Auxiliares de Transporte A\u00e9reo","alternateName":"Abesata","url":"https:\/\/www.abesata.org\/br\/","logo":{"@type":"ImageObject","inLanguage":"pt-BR","@id":"https:\/\/www.abesata.org\/br\/#\/schema\/logo\/image\/","url":"https:\/\/www.abesata.org\/br\/wp-content\/uploads\/2023\/10\/Abesata.png","contentUrl":"https:\/\/www.abesata.org\/br\/wp-content\/uploads\/2023\/10\/Abesata.png","width":1063,"height":591,"caption":"Associa\u00e7\u00e3o Brasileira das Empresas de Servi\u00e7os Auxiliares de Transporte A\u00e9reo"},"image":{"@id":"https:\/\/www.abesata.org\/br\/#\/schema\/logo\/image\/"},"sameAs":["https:\/\/www.facebook.com\/abesata.org\/","https:\/\/www.instagram.com\/abesata_gh\/","https:\/\/br.linkedin.com\/company\/abesata"]},{"@type":"Person","@id":"https:\/\/www.abesata.org\/br\/#\/schema\/person\/1f1295145bee68e42ffe39157320456b","name":"Ricardo","image":{"@type":"ImageObject","inLanguage":"pt-BR","@id":"https:\/\/www.abesata.org\/br\/#\/schema\/person\/image\/","url":"https:\/\/secure.gravatar.com\/avatar\/1d856797eb89513dee321f840c1a6bbcec15beb178c003e50adcf59323b3a8a9?s=96&d=mm&r=g","contentUrl":"https:\/\/secure.gravatar.com\/avatar\/1d856797eb89513dee321f840c1a6bbcec15beb178c003e50adcf59323b3a8a9?s=96&d=mm&r=g","caption":"Ricardo"},"url":"https:\/\/www.abesata.org\/br\/author\/ricardo-baroni\/"}]}},"_links":{"self":[{"href":"https:\/\/www.abesata.org\/br\/wp-json\/wp\/v2\/posts\/1890","targetHints":{"allow":["GET"]}}],"collection":[{"href":"https:\/\/www.abesata.org\/br\/wp-json\/wp\/v2\/posts"}],"about":[{"href":"https:\/\/www.abesata.org\/br\/wp-json\/wp\/v2\/types\/post"}],"author":[{"embeddable":true,"href":"https:\/\/www.abesata.org\/br\/wp-json\/wp\/v2\/users\/18"}],"replies":[{"embeddable":true,"href":"https:\/\/www.abesata.org\/br\/wp-json\/wp\/v2\/comments?post=1890"}],"version-history":[{"count":0,"href":"https:\/\/www.abesata.org\/br\/wp-json\/wp\/v2\/posts\/1890\/revisions"}],"wp:featuredmedia":[{"embeddable":true,"href":"https:\/\/www.abesata.org\/br\/wp-json\/wp\/v2\/media\/1892"}],"wp:attachment":[{"href":"https:\/\/www.abesata.org\/br\/wp-json\/wp\/v2\/media?parent=1890"}],"wp:term":[{"taxonomy":"category","embeddable":true,"href":"https:\/\/www.abesata.org\/br\/wp-json\/wp\/v2\/categories?post=1890"},{"taxonomy":"post_tag","embeddable":true,"href":"https:\/\/www.abesata.org\/br\/wp-json\/wp\/v2\/tags?post=1890"}],"curies":[{"name":"wp","href":"https:\/\/api.w.org\/{rel}","templated":true}]}}