{"id":1899,"date":"2014-11-26T15:45:06","date_gmt":"2014-11-26T17:45:06","guid":{"rendered":"http:\/\/www.abesata.org\/?p=1899"},"modified":"2014-11-26T20:48:16","modified_gmt":"2014-11-26T22:48:16","slug":"entidade-promove-assembleia-anual-e-discute-criacao-de-codigo-de-etica","status":"publish","type":"post","link":"https:\/\/www.abesata.org\/br\/entidade-promove-assembleia-anual-e-discute-criacao-de-codigo-de-etica\/","title":{"rendered":"Entidade promove assembleia anual e aprova o c\u00f3digo de \u00e9tica"},"content":{"rendered":"<p>A Abesata realizou ontem (25\/11) a assembleia geral ordin\u00e1ria da entidade. Na sede, em S\u00e3o Paulo, estiveram presentes os presidentes das empresas associadas e toda a diretoria da associa\u00e7\u00e3o. Na pauta, uma an\u00e1lise das perspectivas para o pr\u00f3ximo ano, assim como um balan\u00e7o do ano que termina com os desafios j\u00e1 conhecidos: a luta pela isonomia de tratamento na incid\u00eancia das contribui\u00e7\u00f5es previdenci\u00e1rias, o trabalho conjunto com a Anvisa, com a Pol\u00edcia Federal e com a Secretaria de Avia\u00e7\u00e3o Civil. Para 2015, a entidade trabalha na implementa\u00e7\u00e3o da Comiss\u00e3o de \u00c9tica que vai ajudar a nortear a atua\u00e7\u00e3o das Esatas no mercado, nos elos do sistema de avia\u00e7\u00e3o civil e no fiel cumprimento das diversas leis que regem a atividade.<\/p>\n<p>&nbsp;<\/p>\n","protected":false},"excerpt":{"rendered":"<p>A Abesata realizou ontem (25\/11) a assembleia geral ordin\u00e1ria da entidade. Na sede, em S\u00e3o Paulo, estiveram presentes os presidentes das empresas associadas e toda a diretoria da associa\u00e7\u00e3o. Na pauta, uma an\u00e1lise das perspectivas para o pr\u00f3ximo ano, assim como um balan\u00e7o do ano que termina com os desafios j\u00e1 conhecidos: a luta pela [&hellip;]<\/p>\n","protected":false},"author":18,"featured_media":1673,"comment_status":"closed","ping_status":"closed","sticky":false,"template":"","format":"standard","meta":{"footnotes":""},"categories":[],"tags":[],"class_list":["post-1899","post","type-post","status-publish","format-standard","has-post-thumbnail","hentry"],"yoast_head":"<!-- This site is optimized with the Yoast SEO plugin v26.5 - https:\/\/yoast.com\/wordpress\/plugins\/seo\/ -->\n<title>Entidade promove assembleia anual e aprova o c\u00f3digo de \u00e9tica - Abesata<\/title>\n<meta name=\"robots\" content=\"index, follow, max-snippet:-1, max-image-preview:large, max-video-preview:-1\" \/>\n<link rel=\"canonical\" href=\"https:\/\/www.abesata.org\/br\/entidade-promove-assembleia-anual-e-discute-criacao-de-codigo-de-etica\/\" \/>\n<meta property=\"og:locale\" content=\"pt_BR\" \/>\n<meta property=\"og:type\" content=\"article\" \/>\n<meta property=\"og:title\" content=\"Entidade promove assembleia anual e aprova o c\u00f3digo de \u00e9tica - Abesata\" \/>\n<meta property=\"og:description\" content=\"A Abesata realizou ontem (25\/11) a assembleia geral ordin\u00e1ria da entidade. Na sede, em S\u00e3o Paulo, estiveram presentes os presidentes das empresas associadas e toda a diretoria da associa\u00e7\u00e3o. Na pauta, uma an\u00e1lise das perspectivas para o pr\u00f3ximo ano, assim como um balan\u00e7o do ano que termina com os desafios j\u00e1 conhecidos: a luta pela [&hellip;]\" \/>\n<meta property=\"og:url\" content=\"https:\/\/www.abesata.org\/br\/entidade-promove-assembleia-anual-e-discute-criacao-de-codigo-de-etica\/\" \/>\n<meta property=\"og:site_name\" content=\"Abesata\" \/>\n<meta property=\"article:publisher\" content=\"https:\/\/www.facebook.com\/abesata.org\/\" \/>\n<meta property=\"article:published_time\" content=\"2014-11-26T17:45:06+00:00\" \/>\n<meta property=\"article:modified_time\" content=\"2014-11-26T22:48:16+00:00\" \/>\n<meta property=\"og:image\" content=\"https:\/\/www.abesata.org\/br\/wp-content\/uploads\/2014\/10\/27.png\" \/>\n\t<meta property=\"og:image:width\" content=\"1026\" \/>\n\t<meta property=\"og:image:height\" content=\"336\" \/>\n\t<meta property=\"og:image:type\" content=\"image\/png\" \/>\n<meta name=\"author\" content=\"Ricardo\" \/>\n<meta name=\"twitter:card\" content=\"summary_large_image\" \/>\n<meta name=\"twitter:label1\" content=\"Escrito por\" \/>\n\t<meta name=\"twitter:data1\" content=\"Ricardo\" \/>\n\t<meta name=\"twitter:label2\" content=\"Est. tempo de leitura\" \/>\n\t<meta name=\"twitter:data2\" content=\"1 minuto\" \/>\n<script type=\"application\/ld+json\" class=\"yoast-schema-graph\">{\"@context\":\"https:\/\/schema.org\",\"@graph\":[{\"@type\":\"Article\",\"@id\":\"https:\/\/www.abesata.org\/br\/entidade-promove-assembleia-anual-e-discute-criacao-de-codigo-de-etica\/#article\",\"isPartOf\":{\"@id\":\"https:\/\/www.abesata.org\/br\/entidade-promove-assembleia-anual-e-discute-criacao-de-codigo-de-etica\/\"},\"author\":{\"name\":\"Ricardo\",\"@id\":\"https:\/\/www.abesata.org\/br\/#\/schema\/person\/1f1295145bee68e42ffe39157320456b\"},\"headline\":\"Entidade promove assembleia anual e aprova o c\u00f3digo de \u00e9tica\",\"datePublished\":\"2014-11-26T17:45:06+00:00\",\"dateModified\":\"2014-11-26T22:48:16+00:00\",\"mainEntityOfPage\":{\"@id\":\"https:\/\/www.abesata.org\/br\/entidade-promove-assembleia-anual-e-discute-criacao-de-codigo-de-etica\/\"},\"wordCount\":145,\"publisher\":{\"@id\":\"https:\/\/www.abesata.org\/br\/#organization\"},\"image\":{\"@id\":\"https:\/\/www.abesata.org\/br\/entidade-promove-assembleia-anual-e-discute-criacao-de-codigo-de-etica\/#primaryimage\"},\"thumbnailUrl\":\"https:\/\/www.abesata.org\/br\/wp-content\/uploads\/2014\/10\/27.png\",\"inLanguage\":\"pt-BR\"},{\"@type\":\"WebPage\",\"@id\":\"https:\/\/www.abesata.org\/br\/entidade-promove-assembleia-anual-e-discute-criacao-de-codigo-de-etica\/\",\"url\":\"https:\/\/www.abesata.org\/br\/entidade-promove-assembleia-anual-e-discute-criacao-de-codigo-de-etica\/\",\"name\":\"Entidade promove assembleia anual e aprova o c\u00f3digo de \u00e9tica - Abesata\",\"isPartOf\":{\"@id\":\"https:\/\/www.abesata.org\/br\/#website\"},\"primaryImageOfPage\":{\"@id\":\"https:\/\/www.abesata.org\/br\/entidade-promove-assembleia-anual-e-discute-criacao-de-codigo-de-etica\/#primaryimage\"},\"image\":{\"@id\":\"https:\/\/www.abesata.org\/br\/entidade-promove-assembleia-anual-e-discute-criacao-de-codigo-de-etica\/#primaryimage\"},\"thumbnailUrl\":\"https:\/\/www.abesata.org\/br\/wp-content\/uploads\/2014\/10\/27.png\",\"datePublished\":\"2014-11-26T17:45:06+00:00\",\"dateModified\":\"2014-11-26T22:48:16+00:00\",\"breadcrumb\":{\"@id\":\"https:\/\/www.abesata.org\/br\/entidade-promove-assembleia-anual-e-discute-criacao-de-codigo-de-etica\/#breadcrumb\"},\"inLanguage\":\"pt-BR\",\"potentialAction\":[{\"@type\":\"ReadAction\",\"target\":[\"https:\/\/www.abesata.org\/br\/entidade-promove-assembleia-anual-e-discute-criacao-de-codigo-de-etica\/\"]}]},{\"@type\":\"ImageObject\",\"inLanguage\":\"pt-BR\",\"@id\":\"https:\/\/www.abesata.org\/br\/entidade-promove-assembleia-anual-e-discute-criacao-de-codigo-de-etica\/#primaryimage\",\"url\":\"https:\/\/www.abesata.org\/br\/wp-content\/uploads\/2014\/10\/27.png\",\"contentUrl\":\"https:\/\/www.abesata.org\/br\/wp-content\/uploads\/2014\/10\/27.png\",\"width\":1026,\"height\":336},{\"@type\":\"BreadcrumbList\",\"@id\":\"https:\/\/www.abesata.org\/br\/entidade-promove-assembleia-anual-e-discute-criacao-de-codigo-de-etica\/#breadcrumb\",\"itemListElement\":[{\"@type\":\"ListItem\",\"position\":1,\"name\":\"In\u00edcio\",\"item\":\"https:\/\/www.abesata.org\/br\/\"},{\"@type\":\"ListItem\",\"position\":2,\"name\":\"Entidade promove assembleia anual e aprova o c\u00f3digo de \u00e9tica\"}]},{\"@type\":\"WebSite\",\"@id\":\"https:\/\/www.abesata.org\/br\/#website\",\"url\":\"https:\/\/www.abesata.org\/br\/\",\"name\":\"Abesata\",\"description\":\"Associa\u00e7\u00e3o Brasileira das Empresas de Servi\u00e7os Auxiliares de Transporte A\u00e9reo\",\"publisher\":{\"@id\":\"https:\/\/www.abesata.org\/br\/#organization\"},\"potentialAction\":[{\"@type\":\"SearchAction\",\"target\":{\"@type\":\"EntryPoint\",\"urlTemplate\":\"https:\/\/www.abesata.org\/br\/?s={search_term_string}\"},\"query-input\":{\"@type\":\"PropertyValueSpecification\",\"valueRequired\":true,\"valueName\":\"search_term_string\"}}],\"inLanguage\":\"pt-BR\"},{\"@type\":\"Organization\",\"@id\":\"https:\/\/www.abesata.org\/br\/#organization\",\"name\":\"Associa\u00e7\u00e3o Brasileira das Empresas de Servi\u00e7os Auxiliares de Transporte A\u00e9reo\",\"alternateName\":\"Abesata\",\"url\":\"https:\/\/www.abesata.org\/br\/\",\"logo\":{\"@type\":\"ImageObject\",\"inLanguage\":\"pt-BR\",\"@id\":\"https:\/\/www.abesata.org\/br\/#\/schema\/logo\/image\/\",\"url\":\"https:\/\/www.abesata.org\/br\/wp-content\/uploads\/2023\/10\/Abesata.png\",\"contentUrl\":\"https:\/\/www.abesata.org\/br\/wp-content\/uploads\/2023\/10\/Abesata.png\",\"width\":1063,\"height\":591,\"caption\":\"Associa\u00e7\u00e3o Brasileira das Empresas de Servi\u00e7os Auxiliares de Transporte A\u00e9reo\"},\"image\":{\"@id\":\"https:\/\/www.abesata.org\/br\/#\/schema\/logo\/image\/\"},\"sameAs\":[\"https:\/\/www.facebook.com\/abesata.org\/\",\"https:\/\/www.instagram.com\/abesata_gh\/\",\"https:\/\/br.linkedin.com\/company\/abesata\"]},{\"@type\":\"Person\",\"@id\":\"https:\/\/www.abesata.org\/br\/#\/schema\/person\/1f1295145bee68e42ffe39157320456b\",\"name\":\"Ricardo\",\"image\":{\"@type\":\"ImageObject\",\"inLanguage\":\"pt-BR\",\"@id\":\"https:\/\/www.abesata.org\/br\/#\/schema\/person\/image\/\",\"url\":\"https:\/\/secure.gravatar.com\/avatar\/1d856797eb89513dee321f840c1a6bbcec15beb178c003e50adcf59323b3a8a9?s=96&d=mm&r=g\",\"contentUrl\":\"https:\/\/secure.gravatar.com\/avatar\/1d856797eb89513dee321f840c1a6bbcec15beb178c003e50adcf59323b3a8a9?s=96&d=mm&r=g\",\"caption\":\"Ricardo\"},\"url\":\"https:\/\/www.abesata.org\/br\/author\/ricardo-baroni\/\"}]}<\/script>\n<!-- \/ Yoast SEO plugin. -->","yoast_head_json":{"title":"Entidade promove assembleia anual e aprova o c\u00f3digo de \u00e9tica - Abesata","robots":{"index":"index","follow":"follow","max-snippet":"max-snippet:-1","max-image-preview":"max-image-preview:large","max-video-preview":"max-video-preview:-1"},"canonical":"https:\/\/www.abesata.org\/br\/entidade-promove-assembleia-anual-e-discute-criacao-de-codigo-de-etica\/","og_locale":"pt_BR","og_type":"article","og_title":"Entidade promove assembleia anual e aprova o c\u00f3digo de \u00e9tica - Abesata","og_description":"A Abesata realizou ontem (25\/11) a assembleia geral ordin\u00e1ria da entidade. Na sede, em S\u00e3o Paulo, estiveram presentes os presidentes das empresas associadas e toda a diretoria da associa\u00e7\u00e3o. Na pauta, uma an\u00e1lise das perspectivas para o pr\u00f3ximo ano, assim como um balan\u00e7o do ano que termina com os desafios j\u00e1 conhecidos: a luta pela [&hellip;]","og_url":"https:\/\/www.abesata.org\/br\/entidade-promove-assembleia-anual-e-discute-criacao-de-codigo-de-etica\/","og_site_name":"Abesata","article_publisher":"https:\/\/www.facebook.com\/abesata.org\/","article_published_time":"2014-11-26T17:45:06+00:00","article_modified_time":"2014-11-26T22:48:16+00:00","og_image":[{"width":1026,"height":336,"url":"https:\/\/www.abesata.org\/br\/wp-content\/uploads\/2014\/10\/27.png","type":"image\/png"}],"author":"Ricardo","twitter_card":"summary_large_image","twitter_misc":{"Escrito por":"Ricardo","Est. tempo de leitura":"1 minuto"},"schema":{"@context":"https:\/\/schema.org","@graph":[{"@type":"Article","@id":"https:\/\/www.abesata.org\/br\/entidade-promove-assembleia-anual-e-discute-criacao-de-codigo-de-etica\/#article","isPartOf":{"@id":"https:\/\/www.abesata.org\/br\/entidade-promove-assembleia-anual-e-discute-criacao-de-codigo-de-etica\/"},"author":{"name":"Ricardo","@id":"https:\/\/www.abesata.org\/br\/#\/schema\/person\/1f1295145bee68e42ffe39157320456b"},"headline":"Entidade promove assembleia anual e aprova o c\u00f3digo de \u00e9tica","datePublished":"2014-11-26T17:45:06+00:00","dateModified":"2014-11-26T22:48:16+00:00","mainEntityOfPage":{"@id":"https:\/\/www.abesata.org\/br\/entidade-promove-assembleia-anual-e-discute-criacao-de-codigo-de-etica\/"},"wordCount":145,"publisher":{"@id":"https:\/\/www.abesata.org\/br\/#organization"},"image":{"@id":"https:\/\/www.abesata.org\/br\/entidade-promove-assembleia-anual-e-discute-criacao-de-codigo-de-etica\/#primaryimage"},"thumbnailUrl":"https:\/\/www.abesata.org\/br\/wp-content\/uploads\/2014\/10\/27.png","inLanguage":"pt-BR"},{"@type":"WebPage","@id":"https:\/\/www.abesata.org\/br\/entidade-promove-assembleia-anual-e-discute-criacao-de-codigo-de-etica\/","url":"https:\/\/www.abesata.org\/br\/entidade-promove-assembleia-anual-e-discute-criacao-de-codigo-de-etica\/","name":"Entidade promove assembleia anual e aprova o c\u00f3digo de \u00e9tica - Abesata","isPartOf":{"@id":"https:\/\/www.abesata.org\/br\/#website"},"primaryImageOfPage":{"@id":"https:\/\/www.abesata.org\/br\/entidade-promove-assembleia-anual-e-discute-criacao-de-codigo-de-etica\/#primaryimage"},"image":{"@id":"https:\/\/www.abesata.org\/br\/entidade-promove-assembleia-anual-e-discute-criacao-de-codigo-de-etica\/#primaryimage"},"thumbnailUrl":"https:\/\/www.abesata.org\/br\/wp-content\/uploads\/2014\/10\/27.png","datePublished":"2014-11-26T17:45:06+00:00","dateModified":"2014-11-26T22:48:16+00:00","breadcrumb":{"@id":"https:\/\/www.abesata.org\/br\/entidade-promove-assembleia-anual-e-discute-criacao-de-codigo-de-etica\/#breadcrumb"},"inLanguage":"pt-BR","potentialAction":[{"@type":"ReadAction","target":["https:\/\/www.abesata.org\/br\/entidade-promove-assembleia-anual-e-discute-criacao-de-codigo-de-etica\/"]}]},{"@type":"ImageObject","inLanguage":"pt-BR","@id":"https:\/\/www.abesata.org\/br\/entidade-promove-assembleia-anual-e-discute-criacao-de-codigo-de-etica\/#primaryimage","url":"https:\/\/www.abesata.org\/br\/wp-content\/uploads\/2014\/10\/27.png","contentUrl":"https:\/\/www.abesata.org\/br\/wp-content\/uploads\/2014\/10\/27.png","width":1026,"height":336},{"@type":"BreadcrumbList","@id":"https:\/\/www.abesata.org\/br\/entidade-promove-assembleia-anual-e-discute-criacao-de-codigo-de-etica\/#breadcrumb","itemListElement":[{"@type":"ListItem","position":1,"name":"In\u00edcio","item":"https:\/\/www.abesata.org\/br\/"},{"@type":"ListItem","position":2,"name":"Entidade promove assembleia anual e aprova o c\u00f3digo de \u00e9tica"}]},{"@type":"WebSite","@id":"https:\/\/www.abesata.org\/br\/#website","url":"https:\/\/www.abesata.org\/br\/","name":"Abesata","description":"Associa\u00e7\u00e3o Brasileira das Empresas de Servi\u00e7os Auxiliares de Transporte A\u00e9reo","publisher":{"@id":"https:\/\/www.abesata.org\/br\/#organization"},"potentialAction":[{"@type":"SearchAction","target":{"@type":"EntryPoint","urlTemplate":"https:\/\/www.abesata.org\/br\/?s={search_term_string}"},"query-input":{"@type":"PropertyValueSpecification","valueRequired":true,"valueName":"search_term_string"}}],"inLanguage":"pt-BR"},{"@type":"Organization","@id":"https:\/\/www.abesata.org\/br\/#organization","name":"Associa\u00e7\u00e3o Brasileira das Empresas de Servi\u00e7os Auxiliares de Transporte A\u00e9reo","alternateName":"Abesata","url":"https:\/\/www.abesata.org\/br\/","logo":{"@type":"ImageObject","inLanguage":"pt-BR","@id":"https:\/\/www.abesata.org\/br\/#\/schema\/logo\/image\/","url":"https:\/\/www.abesata.org\/br\/wp-content\/uploads\/2023\/10\/Abesata.png","contentUrl":"https:\/\/www.abesata.org\/br\/wp-content\/uploads\/2023\/10\/Abesata.png","width":1063,"height":591,"caption":"Associa\u00e7\u00e3o Brasileira das Empresas de Servi\u00e7os Auxiliares de Transporte A\u00e9reo"},"image":{"@id":"https:\/\/www.abesata.org\/br\/#\/schema\/logo\/image\/"},"sameAs":["https:\/\/www.facebook.com\/abesata.org\/","https:\/\/www.instagram.com\/abesata_gh\/","https:\/\/br.linkedin.com\/company\/abesata"]},{"@type":"Person","@id":"https:\/\/www.abesata.org\/br\/#\/schema\/person\/1f1295145bee68e42ffe39157320456b","name":"Ricardo","image":{"@type":"ImageObject","inLanguage":"pt-BR","@id":"https:\/\/www.abesata.org\/br\/#\/schema\/person\/image\/","url":"https:\/\/secure.gravatar.com\/avatar\/1d856797eb89513dee321f840c1a6bbcec15beb178c003e50adcf59323b3a8a9?s=96&d=mm&r=g","contentUrl":"https:\/\/secure.gravatar.com\/avatar\/1d856797eb89513dee321f840c1a6bbcec15beb178c003e50adcf59323b3a8a9?s=96&d=mm&r=g","caption":"Ricardo"},"url":"https:\/\/www.abesata.org\/br\/author\/ricardo-baroni\/"}]}},"_links":{"self":[{"href":"https:\/\/www.abesata.org\/br\/wp-json\/wp\/v2\/posts\/1899","targetHints":{"allow":["GET"]}}],"collection":[{"href":"https:\/\/www.abesata.org\/br\/wp-json\/wp\/v2\/posts"}],"about":[{"href":"https:\/\/www.abesata.org\/br\/wp-json\/wp\/v2\/types\/post"}],"author":[{"embeddable":true,"href":"https:\/\/www.abesata.org\/br\/wp-json\/wp\/v2\/users\/18"}],"replies":[{"embeddable":true,"href":"https:\/\/www.abesata.org\/br\/wp-json\/wp\/v2\/comments?post=1899"}],"version-history":[{"count":0,"href":"https:\/\/www.abesata.org\/br\/wp-json\/wp\/v2\/posts\/1899\/revisions"}],"wp:featuredmedia":[{"embeddable":true,"href":"https:\/\/www.abesata.org\/br\/wp-json\/wp\/v2\/media\/1673"}],"wp:attachment":[{"href":"https:\/\/www.abesata.org\/br\/wp-json\/wp\/v2\/media?parent=1899"}],"wp:term":[{"taxonomy":"category","embeddable":true,"href":"https:\/\/www.abesata.org\/br\/wp-json\/wp\/v2\/categories?post=1899"},{"taxonomy":"post_tag","embeddable":true,"href":"https:\/\/www.abesata.org\/br\/wp-json\/wp\/v2\/tags?post=1899"}],"curies":[{"name":"wp","href":"https:\/\/api.w.org\/{rel}","templated":true}]}}